{"id":73403,"date":"2021-01-27T18:41:33","date_gmt":"2021-01-27T18:41:33","guid":{"rendered":"https:\/\/quehacerpolitico.mx\/?p=73403"},"modified":"2021-01-27T18:41:33","modified_gmt":"2021-01-27T18:41:33","slug":"festival-de-cannes-2021-retrasa-su-edicion-julio-por-pandemia-de-covid-19","status":"publish","type":"post","link":"https:\/\/quehacerpolitico.mx\/?p=73403","title":{"rendered":"Festival de Cannes 2021 retrasa su edici\u00f3n a julio por pandemia de COVID-19"},"content":{"rendered":"<h1>Festival de Cannes 2021 retrasa su edici\u00f3n a julio por pandemia de COVID-19<br \/>\nPor Redacci\u00f3n QP<\/h1>\n<p>En 2020 se tuvo que anular la edici\u00f3n presencial del Festival de Cannes y ahora se retrasa a julio por la pandemia<\/p>\n<p>El <strong>Festival de Cannes 2021<\/strong> anunci\u00f3 que su 74 edici\u00f3n, prevista inicialmente entre los pr\u00f3ximos 11 y 22 de mayo, se celebrar\u00e1 en<strong> julio<\/strong> debido a la <strong>pandemia<\/strong> de <strong>COVID-19<\/strong>.<\/p>\n<p>El certamen se dio el pasado oto\u00f1o la posibilidad de modificar sus fechas en funci\u00f3n de la evoluci\u00f3n de la situaci\u00f3n sanitaria y ha decidido que su celebraci\u00f3n tenga lugar ahora entre el 6 y el 17 de julio.<\/p>\n<p>El a\u00f1o pasado tuvo que anular su <strong>edici\u00f3n<\/strong>presencial debido a las restricciones impuestas por la situaci\u00f3n sanitaria y cre\u00f3 en su lugar un sello que ha acompa\u00f1ado a las pel\u00edculas seleccionadas en sus estrenos en las salas o en otros <strong>festivales<\/strong>.<\/p>\n<p>Entre el 27 y el 29 de octubre, no obstante, ofreci\u00f3 una edici\u00f3n simb\u00f3lica con la proyecci\u00f3n de los cortometrajes en competici\u00f3n y de cuatro preestrenos de la selecci\u00f3n oficial, en la que no hubo palmar\u00e9s.<\/p>\n<h2>Alternativas del Festival de Cannes<\/h2>\n<p>El presidente del festival, Pierre Lescure, se\u00f1al\u00f3 entonces que esa alternativa ef\u00edmera era una manera de estar presente junto a la poblaci\u00f3n de esa localidad de la Costa Azul francesa y a los profesionales del sector con los que trabajan cada a\u00f1o \u201cmano a mano\u201d.<\/p>\n<p>Los dos \u00fanicos premios que se entregaron el a\u00f1o pasado fueron la Palma de Oro al mejor cortometraje, atribuida a la producci\u00f3n egipcia \u201cI am afraid to forget your face\u201d, de Sameh Alaa, y la recompensa de su secci\u00f3n dedicada a las escuelas cinematogr\u00e1ficas, la Cinefundaci\u00f3n, que distingui\u00f3 a la india Ashmita Guha Neogi por \u201cCatdog\u201d.<\/p>\n<p>Antes de decantarse el a\u00f1o pasado por la anulaci\u00f3n de la cita presencial, sus organizadores barajaron tambi\u00e9n un cambio de fechas, pero el avance de la pandemia y las limitaciones a los viajes hizo imposible finalmente el aplazamiento.<\/p>\n<p>No fue la primera vez en su historia que su celebraci\u00f3n se vio truncada: la que hubiera sido su primera edici\u00f3n, en 1939, fue anulada por la irrupci\u00f3n de la<strong> II Guerra Mundial<\/strong>, y en 1968 se suspendi\u00f3 cinco d\u00edas antes de su final con las revueltas de Mayo como tel\u00f3n de fondo.<\/p>\n<p>Entre las pel\u00edculas que formaron parte de esa at\u00edpica 73 edici\u00f3n, en la que no hubo distinci\u00f3n por secciones, estuvieron \u201cEl olvido que seremos\u201d, del espa\u00f1ol Fernando Trueba; \u201cThe French Dispatch\u201d, del estadounidense Wes Anderson, o \u201cDrunk\u201d, del dan\u00e9s Thomas Vinterberg.<\/p>\n<p>La nueva fecha de este a\u00f1o se anuncia en un momento de recrudecimiento de la epidemia en <strong>Francia<\/strong>, donde el toque de queda vigente desde mediados de enero se ha revelado insuficiente para ralentizar la circulaci\u00f3n del virus y ha hecho que el Gobierno baraje mayores restricciones, como un nuevo confinamiento.<\/p>\n<p><em>Con informaci\u00f3n de EFE<\/em><\/p>\n","protected":false},"excerpt":{"rendered":"<p>Festival de Cannes 2021 retrasa su edici\u00f3n a julio por pandemia de COVID-19 Por Redacci\u00f3n&#8230;<\/p>\n","protected":false},"author":2,"featured_media":73406,"comment_status":"open","ping_status":"open","sticky":false,"template":"","format":"standard","meta":{"_monsterinsights_skip_tracking":false,"_monsterinsights_sitenote_active":false,"_monsterinsights_sitenote_note":"","_monsterinsights_sitenote_category":0,"footnotes":""},"categories":[58],"tags":[],"class_list":["post-73403","post","type-post","status-publish","format-standard","has-post-thumbnail","hentry","category-cultura"],"yoast_head":"<!-- This site is optimized with the Yoast SEO plugin v27.3 - https:\/\/yoast.com\/product\/yoast-seo-wordpress\/ -->\n<title>Festival de Cannes 2021 retrasa su edici\u00f3n a julio por pandemia de COVID-19 -<\/title>\n<meta name=\"robots\" content=\"index, follow, max-snippet:-1, max-image-preview:large, max-video-preview:-1\" \/>\n<link rel=\"canonical\" href=\"https:\/\/quehacerpolitico.mx\/?p=73403\" \/>\n<meta property=\"og:locale\" content=\"es_MX\" \/>\n<meta property=\"og:type\" content=\"article\" \/>\n<meta property=\"og:title\" content=\"Festival de Cannes 2021 retrasa su edici\u00f3n a julio por pandemia de COVID-19 -\" \/>\n<meta property=\"og:description\" content=\"Festival de Cannes 2021 retrasa su edici\u00f3n a julio por pandemia de COVID-19 Por Redacci\u00f3n...\" \/>\n<meta property=\"og:url\" content=\"https:\/\/quehacerpolitico.mx\/?p=73403\" \/>\n<meta property=\"article:published_time\" content=\"2021-01-27T18:41:33+00:00\" \/>\n<meta property=\"og:image\" content=\"https:\/\/quehacerpolitico.mx\/wp-content\/uploads\/2021\/01\/089FF7D6-3DBF-43E6-B59D-42FC18078F5F.jpeg\" \/>\n\t<meta property=\"og:image:width\" content=\"701\" \/>\n\t<meta property=\"og:image:height\" content=\"438\" \/>\n\t<meta property=\"og:image:type\" content=\"image\/jpeg\" \/>\n<meta name=\"author\" content=\"Redacci\u00f3n QP\" \/>\n<meta name=\"twitter:card\" content=\"summary_large_image\" \/>\n<meta name=\"twitter:label1\" content=\"Escrito por\" \/>\n\t<meta name=\"twitter:data1\" content=\"Redacci\u00f3n QP\" \/>\n\t<meta name=\"twitter:label2\" content=\"Tiempo de lectura\" \/>\n\t<meta name=\"twitter:data2\" content=\"3 minutos\" \/>\n<script type=\"application\/ld+json\" class=\"yoast-schema-graph\">{\"@context\":\"https:\\\/\\\/schema.org\",\"@graph\":[{\"@type\":\"Article\",\"@id\":\"https:\\\/\\\/quehacerpolitico.mx\\\/?p=73403#article\",\"isPartOf\":{\"@id\":\"https:\\\/\\\/quehacerpolitico.mx\\\/?p=73403\"},\"author\":{\"name\":\"Redacci\u00f3n QP\",\"@id\":\"https:\\\/\\\/quehacerpolitico.mx\\\/#\\\/schema\\\/person\\\/496d8ad2d1d3f8036101dca7ee39e585\"},\"headline\":\"Festival de Cannes 2021 retrasa su edici\u00f3n a julio por pandemia de COVID-19\",\"datePublished\":\"2021-01-27T18:41:33+00:00\",\"mainEntityOfPage\":{\"@id\":\"https:\\\/\\\/quehacerpolitico.mx\\\/?p=73403\"},\"wordCount\":524,\"commentCount\":0,\"image\":{\"@id\":\"https:\\\/\\\/quehacerpolitico.mx\\\/?p=73403#primaryimage\"},\"thumbnailUrl\":\"https:\\\/\\\/quehacerpolitico.mx\\\/wp-content\\\/uploads\\\/2021\\\/01\\\/089FF7D6-3DBF-43E6-B59D-42FC18078F5F.jpeg\",\"articleSection\":[\"Cultura y Entretenimiento\"],\"inLanguage\":\"es\",\"potentialAction\":[{\"@type\":\"CommentAction\",\"name\":\"Comment\",\"target\":[\"https:\\\/\\\/quehacerpolitico.mx\\\/?p=73403#respond\"]}]},{\"@type\":\"WebPage\",\"@id\":\"https:\\\/\\\/quehacerpolitico.mx\\\/?p=73403\",\"url\":\"https:\\\/\\\/quehacerpolitico.mx\\\/?p=73403\",\"name\":\"Festival de Cannes 2021 retrasa su edici\u00f3n a julio por pandemia de COVID-19 -\",\"isPartOf\":{\"@id\":\"https:\\\/\\\/quehacerpolitico.mx\\\/#website\"},\"primaryImageOfPage\":{\"@id\":\"https:\\\/\\\/quehacerpolitico.mx\\\/?p=73403#primaryimage\"},\"image\":{\"@id\":\"https:\\\/\\\/quehacerpolitico.mx\\\/?p=73403#primaryimage\"},\"thumbnailUrl\":\"https:\\\/\\\/quehacerpolitico.mx\\\/wp-content\\\/uploads\\\/2021\\\/01\\\/089FF7D6-3DBF-43E6-B59D-42FC18078F5F.jpeg\",\"datePublished\":\"2021-01-27T18:41:33+00:00\",\"author\":{\"@id\":\"https:\\\/\\\/quehacerpolitico.mx\\\/#\\\/schema\\\/person\\\/496d8ad2d1d3f8036101dca7ee39e585\"},\"breadcrumb\":{\"@id\":\"https:\\\/\\\/quehacerpolitico.mx\\\/?p=73403#breadcrumb\"},\"inLanguage\":\"es\",\"potentialAction\":[{\"@type\":\"ReadAction\",\"target\":[\"https:\\\/\\\/quehacerpolitico.mx\\\/?p=73403\"]}]},{\"@type\":\"ImageObject\",\"inLanguage\":\"es\",\"@id\":\"https:\\\/\\\/quehacerpolitico.mx\\\/?p=73403#primaryimage\",\"url\":\"https:\\\/\\\/quehacerpolitico.mx\\\/wp-content\\\/uploads\\\/2021\\\/01\\\/089FF7D6-3DBF-43E6-B59D-42FC18078F5F.jpeg\",\"contentUrl\":\"https:\\\/\\\/quehacerpolitico.mx\\\/wp-content\\\/uploads\\\/2021\\\/01\\\/089FF7D6-3DBF-43E6-B59D-42FC18078F5F.jpeg\",\"width\":701,\"height\":438},{\"@type\":\"BreadcrumbList\",\"@id\":\"https:\\\/\\\/quehacerpolitico.mx\\\/?p=73403#breadcrumb\",\"itemListElement\":[{\"@type\":\"ListItem\",\"position\":1,\"name\":\"Inicio\",\"item\":\"https:\\\/\\\/quehacerpolitico.mx\\\/\"},{\"@type\":\"ListItem\",\"position\":2,\"name\":\"Festival de Cannes 2021 retrasa su edici\u00f3n a julio por pandemia de COVID-19\"}]},{\"@type\":\"WebSite\",\"@id\":\"https:\\\/\\\/quehacerpolitico.mx\\\/#website\",\"url\":\"https:\\\/\\\/quehacerpolitico.mx\\\/\",\"name\":\"\",\"description\":\"\",\"potentialAction\":[{\"@type\":\"SearchAction\",\"target\":{\"@type\":\"EntryPoint\",\"urlTemplate\":\"https:\\\/\\\/quehacerpolitico.mx\\\/?s={search_term_string}\"},\"query-input\":{\"@type\":\"PropertyValueSpecification\",\"valueRequired\":true,\"valueName\":\"search_term_string\"}}],\"inLanguage\":\"es\"},{\"@type\":\"Person\",\"@id\":\"https:\\\/\\\/quehacerpolitico.mx\\\/#\\\/schema\\\/person\\\/496d8ad2d1d3f8036101dca7ee39e585\",\"name\":\"Redacci\u00f3n QP\",\"image\":{\"@type\":\"ImageObject\",\"inLanguage\":\"es\",\"@id\":\"https:\\\/\\\/secure.gravatar.com\\\/avatar\\\/c7164ed6fdec453195284ad24a5ae5b6e1eed2b848477fa2a4787ba9adf39a41?s=96&d=mm&r=g\",\"url\":\"https:\\\/\\\/secure.gravatar.com\\\/avatar\\\/c7164ed6fdec453195284ad24a5ae5b6e1eed2b848477fa2a4787ba9adf39a41?s=96&d=mm&r=g\",\"contentUrl\":\"https:\\\/\\\/secure.gravatar.com\\\/avatar\\\/c7164ed6fdec453195284ad24a5ae5b6e1eed2b848477fa2a4787ba9adf39a41?s=96&d=mm&r=g\",\"caption\":\"Redacci\u00f3n QP\"},\"url\":\"https:\\\/\\\/quehacerpolitico.mx\\\/?author=2\"}]}<\/script>\n<!-- \/ Yoast SEO plugin. -->","yoast_head_json":{"title":"Festival de Cannes 2021 retrasa su edici\u00f3n a julio por pandemia de COVID-19 -","robots":{"index":"index","follow":"follow","max-snippet":"max-snippet:-1","max-image-preview":"max-image-preview:large","max-video-preview":"max-video-preview:-1"},"canonical":"https:\/\/quehacerpolitico.mx\/?p=73403","og_locale":"es_MX","og_type":"article","og_title":"Festival de Cannes 2021 retrasa su edici\u00f3n a julio por pandemia de COVID-19 -","og_description":"Festival de Cannes 2021 retrasa su edici\u00f3n a julio por pandemia de COVID-19 Por Redacci\u00f3n...","og_url":"https:\/\/quehacerpolitico.mx\/?p=73403","article_published_time":"2021-01-27T18:41:33+00:00","og_image":[{"width":701,"height":438,"url":"https:\/\/quehacerpolitico.mx\/wp-content\/uploads\/2021\/01\/089FF7D6-3DBF-43E6-B59D-42FC18078F5F.jpeg","type":"image\/jpeg"}],"author":"Redacci\u00f3n QP","twitter_card":"summary_large_image","twitter_misc":{"Escrito por":"Redacci\u00f3n QP","Tiempo de lectura":"3 minutos"},"schema":{"@context":"https:\/\/schema.org","@graph":[{"@type":"Article","@id":"https:\/\/quehacerpolitico.mx\/?p=73403#article","isPartOf":{"@id":"https:\/\/quehacerpolitico.mx\/?p=73403"},"author":{"name":"Redacci\u00f3n QP","@id":"https:\/\/quehacerpolitico.mx\/#\/schema\/person\/496d8ad2d1d3f8036101dca7ee39e585"},"headline":"Festival de Cannes 2021 retrasa su edici\u00f3n a julio por pandemia de COVID-19","datePublished":"2021-01-27T18:41:33+00:00","mainEntityOfPage":{"@id":"https:\/\/quehacerpolitico.mx\/?p=73403"},"wordCount":524,"commentCount":0,"image":{"@id":"https:\/\/quehacerpolitico.mx\/?p=73403#primaryimage"},"thumbnailUrl":"https:\/\/quehacerpolitico.mx\/wp-content\/uploads\/2021\/01\/089FF7D6-3DBF-43E6-B59D-42FC18078F5F.jpeg","articleSection":["Cultura y Entretenimiento"],"inLanguage":"es","potentialAction":[{"@type":"CommentAction","name":"Comment","target":["https:\/\/quehacerpolitico.mx\/?p=73403#respond"]}]},{"@type":"WebPage","@id":"https:\/\/quehacerpolitico.mx\/?p=73403","url":"https:\/\/quehacerpolitico.mx\/?p=73403","name":"Festival de Cannes 2021 retrasa su edici\u00f3n a julio por pandemia de COVID-19 -","isPartOf":{"@id":"https:\/\/quehacerpolitico.mx\/#website"},"primaryImageOfPage":{"@id":"https:\/\/quehacerpolitico.mx\/?p=73403#primaryimage"},"image":{"@id":"https:\/\/quehacerpolitico.mx\/?p=73403#primaryimage"},"thumbnailUrl":"https:\/\/quehacerpolitico.mx\/wp-content\/uploads\/2021\/01\/089FF7D6-3DBF-43E6-B59D-42FC18078F5F.jpeg","datePublished":"2021-01-27T18:41:33+00:00","author":{"@id":"https:\/\/quehacerpolitico.mx\/#\/schema\/person\/496d8ad2d1d3f8036101dca7ee39e585"},"breadcrumb":{"@id":"https:\/\/quehacerpolitico.mx\/?p=73403#breadcrumb"},"inLanguage":"es","potentialAction":[{"@type":"ReadAction","target":["https:\/\/quehacerpolitico.mx\/?p=73403"]}]},{"@type":"ImageObject","inLanguage":"es","@id":"https:\/\/quehacerpolitico.mx\/?p=73403#primaryimage","url":"https:\/\/quehacerpolitico.mx\/wp-content\/uploads\/2021\/01\/089FF7D6-3DBF-43E6-B59D-42FC18078F5F.jpeg","contentUrl":"https:\/\/quehacerpolitico.mx\/wp-content\/uploads\/2021\/01\/089FF7D6-3DBF-43E6-B59D-42FC18078F5F.jpeg","width":701,"height":438},{"@type":"BreadcrumbList","@id":"https:\/\/quehacerpolitico.mx\/?p=73403#breadcrumb","itemListElement":[{"@type":"ListItem","position":1,"name":"Inicio","item":"https:\/\/quehacerpolitico.mx\/"},{"@type":"ListItem","position":2,"name":"Festival de Cannes 2021 retrasa su edici\u00f3n a julio por pandemia de COVID-19"}]},{"@type":"WebSite","@id":"https:\/\/quehacerpolitico.mx\/#website","url":"https:\/\/quehacerpolitico.mx\/","name":"","description":"","potentialAction":[{"@type":"SearchAction","target":{"@type":"EntryPoint","urlTemplate":"https:\/\/quehacerpolitico.mx\/?s={search_term_string}"},"query-input":{"@type":"PropertyValueSpecification","valueRequired":true,"valueName":"search_term_string"}}],"inLanguage":"es"},{"@type":"Person","@id":"https:\/\/quehacerpolitico.mx\/#\/schema\/person\/496d8ad2d1d3f8036101dca7ee39e585","name":"Redacci\u00f3n QP","image":{"@type":"ImageObject","inLanguage":"es","@id":"https:\/\/secure.gravatar.com\/avatar\/c7164ed6fdec453195284ad24a5ae5b6e1eed2b848477fa2a4787ba9adf39a41?s=96&d=mm&r=g","url":"https:\/\/secure.gravatar.com\/avatar\/c7164ed6fdec453195284ad24a5ae5b6e1eed2b848477fa2a4787ba9adf39a41?s=96&d=mm&r=g","contentUrl":"https:\/\/secure.gravatar.com\/avatar\/c7164ed6fdec453195284ad24a5ae5b6e1eed2b848477fa2a4787ba9adf39a41?s=96&d=mm&r=g","caption":"Redacci\u00f3n QP"},"url":"https:\/\/quehacerpolitico.mx\/?author=2"}]}},"featured_image_urls":{"full":["https:\/\/quehacerpolitico.mx\/wp-content\/uploads\/2021\/01\/089FF7D6-3DBF-43E6-B59D-42FC18078F5F.jpeg",701,438,false],"thumbnail":["https:\/\/quehacerpolitico.mx\/wp-content\/uploads\/2021\/01\/089FF7D6-3DBF-43E6-B59D-42FC18078F5F-150x150.jpeg",150,150,true],"medium":["https:\/\/quehacerpolitico.mx\/wp-content\/uploads\/2021\/01\/089FF7D6-3DBF-43E6-B59D-42FC18078F5F-300x187.jpeg",300,187,true],"medium_large":["https:\/\/quehacerpolitico.mx\/wp-content\/uploads\/2021\/01\/089FF7D6-3DBF-43E6-B59D-42FC18078F5F.jpeg",640,400,false],"large":["https:\/\/quehacerpolitico.mx\/wp-content\/uploads\/2021\/01\/089FF7D6-3DBF-43E6-B59D-42FC18078F5F.jpeg",640,400,false],"1536x1536":["https:\/\/quehacerpolitico.mx\/wp-content\/uploads\/2021\/01\/089FF7D6-3DBF-43E6-B59D-42FC18078F5F.jpeg",701,438,false],"2048x2048":["https:\/\/quehacerpolitico.mx\/wp-content\/uploads\/2021\/01\/089FF7D6-3DBF-43E6-B59D-42FC18078F5F.jpeg",701,438,false],"covernews-featured":["https:\/\/quehacerpolitico.mx\/wp-content\/uploads\/2021\/01\/089FF7D6-3DBF-43E6-B59D-42FC18078F5F.jpeg",701,438,false],"covernews-medium":["https:\/\/quehacerpolitico.mx\/wp-content\/uploads\/2021\/01\/089FF7D6-3DBF-43E6-B59D-42FC18078F5F.jpeg",540,337,false]},"author_info":{"display_name":"Redacci\u00f3n QP","author_link":"https:\/\/quehacerpolitico.mx\/?author=2"},"category_info":"<a href=\"https:\/\/quehacerpolitico.mx\/?cat=58\" rel=\"category\">Cultura y Entretenimiento<\/a>","tag_info":"Cultura y Entretenimiento","comment_count":"0","_links":{"self":[{"href":"https:\/\/quehacerpolitico.mx\/index.php?rest_route=\/wp\/v2\/posts\/73403","targetHints":{"allow":["GET"]}}],"collection":[{"href":"https:\/\/quehacerpolitico.mx\/index.php?rest_route=\/wp\/v2\/posts"}],"about":[{"href":"https:\/\/quehacerpolitico.mx\/index.php?rest_route=\/wp\/v2\/types\/post"}],"author":[{"embeddable":true,"href":"https:\/\/quehacerpolitico.mx\/index.php?rest_route=\/wp\/v2\/users\/2"}],"replies":[{"embeddable":true,"href":"https:\/\/quehacerpolitico.mx\/index.php?rest_route=%2Fwp%2Fv2%2Fcomments&post=73403"}],"version-history":[{"count":0,"href":"https:\/\/quehacerpolitico.mx\/index.php?rest_route=\/wp\/v2\/posts\/73403\/revisions"}],"wp:featuredmedia":[{"embeddable":true,"href":"https:\/\/quehacerpolitico.mx\/index.php?rest_route=\/wp\/v2\/media\/73406"}],"wp:attachment":[{"href":"https:\/\/quehacerpolitico.mx\/index.php?rest_route=%2Fwp%2Fv2%2Fmedia&parent=73403"}],"wp:term":[{"taxonomy":"category","embeddable":true,"href":"https:\/\/quehacerpolitico.mx\/index.php?rest_route=%2Fwp%2Fv2%2Fcategories&post=73403"},{"taxonomy":"post_tag","embeddable":true,"href":"https:\/\/quehacerpolitico.mx\/index.php?rest_route=%2Fwp%2Fv2%2Ftags&post=73403"}],"curies":[{"name":"wp","href":"https:\/\/api.w.org\/{rel}","templated":true}]}}