{"id":73387,"date":"2021-01-27T17:50:41","date_gmt":"2021-01-27T17:50:41","guid":{"rendered":"https:\/\/quehacerpolitico.mx\/?p=73387"},"modified":"2021-01-27T17:50:41","modified_gmt":"2021-01-27T17:50:41","slug":"la-escritora-maria-duenas-publicara-sira-continuacion-de-el-tiempo-entre-costuras","status":"publish","type":"post","link":"https:\/\/quehacerpolitico.mx\/?p=73387","title":{"rendered":"La escritora Mar\u00eda Due\u00f1as publicar\u00e1 \u201cSira\u201d, continuaci\u00f3n de \u201cEl tiempo entre costuras\u201d"},"content":{"rendered":"<h1 class=\"amp-wp-title\">La escritora Mar\u00eda Due\u00f1as publicar\u00e1 \u201cSira\u201d, continuaci\u00f3n de \u201cEl tiempo entre costuras\u201d<br \/>\nPor Redacci\u00f3n QP<\/h1>\n<p class=\"p1\">La escritora espa\u00f1ola <strong>Mar\u00eda Due\u00f1as<\/strong> publicar\u00e1 el pr\u00f3ximo 14 de abril la novela \u201cSira\u201d, la segunda parte de \u201cEl tiempo entre costuras\u201d, anunci\u00f3 la editorial Planeta.<\/p>\n<p class=\"p1\">\u201cCasi doce a\u00f1os despu\u00e9s de su llegada a las librer\u00edas, vuelve Sira. Recuperarla para esta novela ha sido fascinante, juntas hemos recorrido escenarios, intrigas y momentos que marcaron una \u00e9poca\u201d, indic\u00f3 Mar\u00eda Due\u00f1as, quien confi\u00f3 en que \u201ceste reencuentro cautive de nuevo a todos los que disfrutaron \u2018El tiempo entre costuras&#8217;\u201d.<\/p>\n<blockquote class=\"twitter-tweet\" data-width=\"550\" data-dnt=\"true\">\n<p lang=\"es\" dir=\"ltr\">Me alegra enormemente estar otra vez en Twitter para anunciar la pr\u00f3xima publicaci\u00f3n de mi nueva novela. Su t\u00edtulo, SIRA, anticipa el regreso de la protagonista de \u00abEl tiempo entre costuras\u00bb. <a href=\"https:\/\/t.co\/IBlFFtYivV\">pic.twitter.com\/IBlFFtYivV<\/a><\/p>\n<p>&mdash; Mar\u00eda Due\u00f1as Oficial (@MDuenasOficial) <a href=\"https:\/\/twitter.com\/MDuenasOficial\/status\/1354353413375594501?ref_src=twsrc%5Etfw\">January 27, 2021<\/a><\/p><\/blockquote>\n<p><script async src=\"https:\/\/platform.twitter.com\/widgets.js\" charset=\"utf-8\"><\/script><\/p>\n<p>Jerusal\u00e9n, Londres, Madrid y T\u00e1nger son los escenarios de esta nueva novela que arranca al finalizar la Segunda Guerra Mundial y donde la protagonista afrontar\u00e1 desgarros y reencuentros, cometidos arriesgados, hondos sentimientos y la experiencia de la maternidad.<\/p>\n<p class=\"p1\">Con una tirada inicial de medio mill\u00f3n de ejemplares, \u201cSira\u201d ser\u00e1 el gran lanzamiento de la editorial Planeta en Espa\u00f1a y Latinoam\u00e9rica para la pr\u00f3xima primavera.<\/p>\n<p class=\"p1\">Vuelven as\u00ed a la literatura las vivencias de Sira, que con \u201cEl tiempo entre costuras\u201d, novela que fue adaptada a una serie de televisi\u00f3n, fueron seguidas por m\u00e1s de cinco millones de lectores de todo el mundo y que ahora camina hacia la madurez en esta nueva novela.<\/p>\n<p class=\"p1\">La segunda gran guerra ha llegado a su fin y el mundo emprende una tortuosa reconstrucci\u00f3n. Concluidas sus funciones como colaboradora de los servicios secretos brit\u00e1nicos, Sira afronta el futuro con ansias de serenidad. No lo lograr\u00e1, sin embargo, ya que el destino le tendr\u00e1 preparada una tr\u00e1gica desventura que la obligar\u00e1 a reinventarse, tomar sola las riendas de su vida y luchar con garra para encauzar el porvenir.<\/p>\n<p class=\"p1\">Con informaci\u00f3n de EFE.<\/p>\n","protected":false},"excerpt":{"rendered":"<p>La escritora Mar\u00eda Due\u00f1as publicar\u00e1 \u201cSira\u201d, continuaci\u00f3n de \u201cEl tiempo entre costuras\u201d Por Redacci\u00f3n QP&#8230;<\/p>\n","protected":false},"author":2,"featured_media":73390,"comment_status":"open","ping_status":"open","sticky":false,"template":"","format":"standard","meta":{"_monsterinsights_skip_tracking":false,"_monsterinsights_sitenote_active":false,"_monsterinsights_sitenote_note":"","_monsterinsights_sitenote_category":0,"footnotes":""},"categories":[58],"tags":[],"class_list":["post-73387","post","type-post","status-publish","format-standard","has-post-thumbnail","hentry","category-cultura"],"yoast_head":"<!-- This site is optimized with the Yoast SEO plugin v27.3 - https:\/\/yoast.com\/product\/yoast-seo-wordpress\/ -->\n<title>La escritora Mar\u00eda Due\u00f1as publicar\u00e1 \u201cSira\u201d, continuaci\u00f3n de \u201cEl tiempo entre costuras\u201d -<\/title>\n<meta name=\"robots\" content=\"index, follow, max-snippet:-1, max-image-preview:large, max-video-preview:-1\" \/>\n<link rel=\"canonical\" href=\"https:\/\/quehacerpolitico.mx\/?p=73387\" \/>\n<meta property=\"og:locale\" content=\"es_MX\" \/>\n<meta property=\"og:type\" content=\"article\" \/>\n<meta property=\"og:title\" content=\"La escritora Mar\u00eda Due\u00f1as publicar\u00e1 \u201cSira\u201d, continuaci\u00f3n de \u201cEl tiempo entre costuras\u201d -\" \/>\n<meta property=\"og:description\" content=\"La escritora Mar\u00eda Due\u00f1as publicar\u00e1 \u201cSira\u201d, continuaci\u00f3n de \u201cEl tiempo entre costuras\u201d Por Redacci\u00f3n QP...\" \/>\n<meta property=\"og:url\" content=\"https:\/\/quehacerpolitico.mx\/?p=73387\" \/>\n<meta property=\"article:published_time\" content=\"2021-01-27T17:50:41+00:00\" \/>\n<meta property=\"og:image\" content=\"https:\/\/quehacerpolitico.mx\/wp-content\/uploads\/2021\/01\/FC247B51-FA26-4FC0-8A99-E607DED1414F-scaled.jpeg\" \/>\n\t<meta property=\"og:image:width\" content=\"1672\" \/>\n\t<meta property=\"og:image:height\" content=\"2560\" \/>\n\t<meta property=\"og:image:type\" content=\"image\/jpeg\" \/>\n<meta name=\"author\" content=\"Redacci\u00f3n QP\" \/>\n<meta name=\"twitter:card\" content=\"summary_large_image\" \/>\n<meta name=\"twitter:label1\" content=\"Escrito por\" \/>\n\t<meta name=\"twitter:data1\" content=\"Redacci\u00f3n QP\" \/>\n\t<meta name=\"twitter:label2\" content=\"Tiempo de lectura\" \/>\n\t<meta name=\"twitter:data2\" content=\"2 minutos\" \/>\n<script type=\"application\/ld+json\" class=\"yoast-schema-graph\">{\"@context\":\"https:\\\/\\\/schema.org\",\"@graph\":[{\"@type\":\"Article\",\"@id\":\"https:\\\/\\\/quehacerpolitico.mx\\\/?p=73387#article\",\"isPartOf\":{\"@id\":\"https:\\\/\\\/quehacerpolitico.mx\\\/?p=73387\"},\"author\":{\"name\":\"Redacci\u00f3n QP\",\"@id\":\"https:\\\/\\\/quehacerpolitico.mx\\\/#\\\/schema\\\/person\\\/496d8ad2d1d3f8036101dca7ee39e585\"},\"headline\":\"La escritora Mar\u00eda Due\u00f1as publicar\u00e1 \u201cSira\u201d, continuaci\u00f3n de \u201cEl tiempo entre costuras\u201d\",\"datePublished\":\"2021-01-27T17:50:41+00:00\",\"mainEntityOfPage\":{\"@id\":\"https:\\\/\\\/quehacerpolitico.mx\\\/?p=73387\"},\"wordCount\":322,\"commentCount\":0,\"image\":{\"@id\":\"https:\\\/\\\/quehacerpolitico.mx\\\/?p=73387#primaryimage\"},\"thumbnailUrl\":\"https:\\\/\\\/quehacerpolitico.mx\\\/wp-content\\\/uploads\\\/2021\\\/01\\\/FC247B51-FA26-4FC0-8A99-E607DED1414F-scaled.jpeg\",\"articleSection\":[\"Cultura y Entretenimiento\"],\"inLanguage\":\"es\",\"potentialAction\":[{\"@type\":\"CommentAction\",\"name\":\"Comment\",\"target\":[\"https:\\\/\\\/quehacerpolitico.mx\\\/?p=73387#respond\"]}]},{\"@type\":\"WebPage\",\"@id\":\"https:\\\/\\\/quehacerpolitico.mx\\\/?p=73387\",\"url\":\"https:\\\/\\\/quehacerpolitico.mx\\\/?p=73387\",\"name\":\"La escritora Mar\u00eda Due\u00f1as publicar\u00e1 \u201cSira\u201d, continuaci\u00f3n de \u201cEl tiempo entre costuras\u201d -\",\"isPartOf\":{\"@id\":\"https:\\\/\\\/quehacerpolitico.mx\\\/#website\"},\"primaryImageOfPage\":{\"@id\":\"https:\\\/\\\/quehacerpolitico.mx\\\/?p=73387#primaryimage\"},\"image\":{\"@id\":\"https:\\\/\\\/quehacerpolitico.mx\\\/?p=73387#primaryimage\"},\"thumbnailUrl\":\"https:\\\/\\\/quehacerpolitico.mx\\\/wp-content\\\/uploads\\\/2021\\\/01\\\/FC247B51-FA26-4FC0-8A99-E607DED1414F-scaled.jpeg\",\"datePublished\":\"2021-01-27T17:50:41+00:00\",\"author\":{\"@id\":\"https:\\\/\\\/quehacerpolitico.mx\\\/#\\\/schema\\\/person\\\/496d8ad2d1d3f8036101dca7ee39e585\"},\"breadcrumb\":{\"@id\":\"https:\\\/\\\/quehacerpolitico.mx\\\/?p=73387#breadcrumb\"},\"inLanguage\":\"es\",\"potentialAction\":[{\"@type\":\"ReadAction\",\"target\":[\"https:\\\/\\\/quehacerpolitico.mx\\\/?p=73387\"]}]},{\"@type\":\"ImageObject\",\"inLanguage\":\"es\",\"@id\":\"https:\\\/\\\/quehacerpolitico.mx\\\/?p=73387#primaryimage\",\"url\":\"https:\\\/\\\/quehacerpolitico.mx\\\/wp-content\\\/uploads\\\/2021\\\/01\\\/FC247B51-FA26-4FC0-8A99-E607DED1414F-scaled.jpeg\",\"contentUrl\":\"https:\\\/\\\/quehacerpolitico.mx\\\/wp-content\\\/uploads\\\/2021\\\/01\\\/FC247B51-FA26-4FC0-8A99-E607DED1414F-scaled.jpeg\",\"width\":1672,\"height\":2560},{\"@type\":\"BreadcrumbList\",\"@id\":\"https:\\\/\\\/quehacerpolitico.mx\\\/?p=73387#breadcrumb\",\"itemListElement\":[{\"@type\":\"ListItem\",\"position\":1,\"name\":\"Inicio\",\"item\":\"https:\\\/\\\/quehacerpolitico.mx\\\/\"},{\"@type\":\"ListItem\",\"position\":2,\"name\":\"La escritora Mar\u00eda Due\u00f1as publicar\u00e1 \u201cSira\u201d, continuaci\u00f3n de \u201cEl tiempo entre costuras\u201d\"}]},{\"@type\":\"WebSite\",\"@id\":\"https:\\\/\\\/quehacerpolitico.mx\\\/#website\",\"url\":\"https:\\\/\\\/quehacerpolitico.mx\\\/\",\"name\":\"\",\"description\":\"\",\"potentialAction\":[{\"@type\":\"SearchAction\",\"target\":{\"@type\":\"EntryPoint\",\"urlTemplate\":\"https:\\\/\\\/quehacerpolitico.mx\\\/?s={search_term_string}\"},\"query-input\":{\"@type\":\"PropertyValueSpecification\",\"valueRequired\":true,\"valueName\":\"search_term_string\"}}],\"inLanguage\":\"es\"},{\"@type\":\"Person\",\"@id\":\"https:\\\/\\\/quehacerpolitico.mx\\\/#\\\/schema\\\/person\\\/496d8ad2d1d3f8036101dca7ee39e585\",\"name\":\"Redacci\u00f3n QP\",\"image\":{\"@type\":\"ImageObject\",\"inLanguage\":\"es\",\"@id\":\"https:\\\/\\\/secure.gravatar.com\\\/avatar\\\/c7164ed6fdec453195284ad24a5ae5b6e1eed2b848477fa2a4787ba9adf39a41?s=96&d=mm&r=g\",\"url\":\"https:\\\/\\\/secure.gravatar.com\\\/avatar\\\/c7164ed6fdec453195284ad24a5ae5b6e1eed2b848477fa2a4787ba9adf39a41?s=96&d=mm&r=g\",\"contentUrl\":\"https:\\\/\\\/secure.gravatar.com\\\/avatar\\\/c7164ed6fdec453195284ad24a5ae5b6e1eed2b848477fa2a4787ba9adf39a41?s=96&d=mm&r=g\",\"caption\":\"Redacci\u00f3n QP\"},\"url\":\"https:\\\/\\\/quehacerpolitico.mx\\\/?author=2\"}]}<\/script>\n<!-- \/ Yoast SEO plugin. -->","yoast_head_json":{"title":"La escritora Mar\u00eda Due\u00f1as publicar\u00e1 \u201cSira\u201d, continuaci\u00f3n de \u201cEl tiempo entre costuras\u201d -","robots":{"index":"index","follow":"follow","max-snippet":"max-snippet:-1","max-image-preview":"max-image-preview:large","max-video-preview":"max-video-preview:-1"},"canonical":"https:\/\/quehacerpolitico.mx\/?p=73387","og_locale":"es_MX","og_type":"article","og_title":"La escritora Mar\u00eda Due\u00f1as publicar\u00e1 \u201cSira\u201d, continuaci\u00f3n de \u201cEl tiempo entre costuras\u201d -","og_description":"La escritora Mar\u00eda Due\u00f1as publicar\u00e1 \u201cSira\u201d, continuaci\u00f3n de \u201cEl tiempo entre costuras\u201d Por Redacci\u00f3n QP...","og_url":"https:\/\/quehacerpolitico.mx\/?p=73387","article_published_time":"2021-01-27T17:50:41+00:00","og_image":[{"width":1672,"height":2560,"url":"https:\/\/quehacerpolitico.mx\/wp-content\/uploads\/2021\/01\/FC247B51-FA26-4FC0-8A99-E607DED1414F-scaled.jpeg","type":"image\/jpeg"}],"author":"Redacci\u00f3n QP","twitter_card":"summary_large_image","twitter_misc":{"Escrito por":"Redacci\u00f3n QP","Tiempo de lectura":"2 minutos"},"schema":{"@context":"https:\/\/schema.org","@graph":[{"@type":"Article","@id":"https:\/\/quehacerpolitico.mx\/?p=73387#article","isPartOf":{"@id":"https:\/\/quehacerpolitico.mx\/?p=73387"},"author":{"name":"Redacci\u00f3n QP","@id":"https:\/\/quehacerpolitico.mx\/#\/schema\/person\/496d8ad2d1d3f8036101dca7ee39e585"},"headline":"La escritora Mar\u00eda Due\u00f1as publicar\u00e1 \u201cSira\u201d, continuaci\u00f3n de \u201cEl tiempo entre costuras\u201d","datePublished":"2021-01-27T17:50:41+00:00","mainEntityOfPage":{"@id":"https:\/\/quehacerpolitico.mx\/?p=73387"},"wordCount":322,"commentCount":0,"image":{"@id":"https:\/\/quehacerpolitico.mx\/?p=73387#primaryimage"},"thumbnailUrl":"https:\/\/quehacerpolitico.mx\/wp-content\/uploads\/2021\/01\/FC247B51-FA26-4FC0-8A99-E607DED1414F-scaled.jpeg","articleSection":["Cultura y Entretenimiento"],"inLanguage":"es","potentialAction":[{"@type":"CommentAction","name":"Comment","target":["https:\/\/quehacerpolitico.mx\/?p=73387#respond"]}]},{"@type":"WebPage","@id":"https:\/\/quehacerpolitico.mx\/?p=73387","url":"https:\/\/quehacerpolitico.mx\/?p=73387","name":"La escritora Mar\u00eda Due\u00f1as publicar\u00e1 \u201cSira\u201d, continuaci\u00f3n de \u201cEl tiempo entre costuras\u201d -","isPartOf":{"@id":"https:\/\/quehacerpolitico.mx\/#website"},"primaryImageOfPage":{"@id":"https:\/\/quehacerpolitico.mx\/?p=73387#primaryimage"},"image":{"@id":"https:\/\/quehacerpolitico.mx\/?p=73387#primaryimage"},"thumbnailUrl":"https:\/\/quehacerpolitico.mx\/wp-content\/uploads\/2021\/01\/FC247B51-FA26-4FC0-8A99-E607DED1414F-scaled.jpeg","datePublished":"2021-01-27T17:50:41+00:00","author":{"@id":"https:\/\/quehacerpolitico.mx\/#\/schema\/person\/496d8ad2d1d3f8036101dca7ee39e585"},"breadcrumb":{"@id":"https:\/\/quehacerpolitico.mx\/?p=73387#breadcrumb"},"inLanguage":"es","potentialAction":[{"@type":"ReadAction","target":["https:\/\/quehacerpolitico.mx\/?p=73387"]}]},{"@type":"ImageObject","inLanguage":"es","@id":"https:\/\/quehacerpolitico.mx\/?p=73387#primaryimage","url":"https:\/\/quehacerpolitico.mx\/wp-content\/uploads\/2021\/01\/FC247B51-FA26-4FC0-8A99-E607DED1414F-scaled.jpeg","contentUrl":"https:\/\/quehacerpolitico.mx\/wp-content\/uploads\/2021\/01\/FC247B51-FA26-4FC0-8A99-E607DED1414F-scaled.jpeg","width":1672,"height":2560},{"@type":"BreadcrumbList","@id":"https:\/\/quehacerpolitico.mx\/?p=73387#breadcrumb","itemListElement":[{"@type":"ListItem","position":1,"name":"Inicio","item":"https:\/\/quehacerpolitico.mx\/"},{"@type":"ListItem","position":2,"name":"La escritora Mar\u00eda Due\u00f1as publicar\u00e1 \u201cSira\u201d, continuaci\u00f3n de \u201cEl tiempo entre costuras\u201d"}]},{"@type":"WebSite","@id":"https:\/\/quehacerpolitico.mx\/#website","url":"https:\/\/quehacerpolitico.mx\/","name":"","description":"","potentialAction":[{"@type":"SearchAction","target":{"@type":"EntryPoint","urlTemplate":"https:\/\/quehacerpolitico.mx\/?s={search_term_string}"},"query-input":{"@type":"PropertyValueSpecification","valueRequired":true,"valueName":"search_term_string"}}],"inLanguage":"es"},{"@type":"Person","@id":"https:\/\/quehacerpolitico.mx\/#\/schema\/person\/496d8ad2d1d3f8036101dca7ee39e585","name":"Redacci\u00f3n QP","image":{"@type":"ImageObject","inLanguage":"es","@id":"https:\/\/secure.gravatar.com\/avatar\/c7164ed6fdec453195284ad24a5ae5b6e1eed2b848477fa2a4787ba9adf39a41?s=96&d=mm&r=g","url":"https:\/\/secure.gravatar.com\/avatar\/c7164ed6fdec453195284ad24a5ae5b6e1eed2b848477fa2a4787ba9adf39a41?s=96&d=mm&r=g","contentUrl":"https:\/\/secure.gravatar.com\/avatar\/c7164ed6fdec453195284ad24a5ae5b6e1eed2b848477fa2a4787ba9adf39a41?s=96&d=mm&r=g","caption":"Redacci\u00f3n QP"},"url":"https:\/\/quehacerpolitico.mx\/?author=2"}]}},"featured_image_urls":{"full":["https:\/\/quehacerpolitico.mx\/wp-content\/uploads\/2021\/01\/FC247B51-FA26-4FC0-8A99-E607DED1414F-scaled.jpeg",1672,2560,false],"thumbnail":["https:\/\/quehacerpolitico.mx\/wp-content\/uploads\/2021\/01\/FC247B51-FA26-4FC0-8A99-E607DED1414F-150x150.jpeg",150,150,true],"medium":["https:\/\/quehacerpolitico.mx\/wp-content\/uploads\/2021\/01\/FC247B51-FA26-4FC0-8A99-E607DED1414F-196x300.jpeg",196,300,true],"medium_large":["https:\/\/quehacerpolitico.mx\/wp-content\/uploads\/2021\/01\/FC247B51-FA26-4FC0-8A99-E607DED1414F-768x1176.jpeg",640,980,true],"large":["https:\/\/quehacerpolitico.mx\/wp-content\/uploads\/2021\/01\/FC247B51-FA26-4FC0-8A99-E607DED1414F-669x1024.jpeg",640,980,true],"1536x1536":["https:\/\/quehacerpolitico.mx\/wp-content\/uploads\/2021\/01\/FC247B51-FA26-4FC0-8A99-E607DED1414F-1003x1536.jpeg",1003,1536,true],"2048x2048":["https:\/\/quehacerpolitico.mx\/wp-content\/uploads\/2021\/01\/FC247B51-FA26-4FC0-8A99-E607DED1414F-1337x2048.jpeg",1337,2048,true],"covernews-featured":["https:\/\/quehacerpolitico.mx\/wp-content\/uploads\/2021\/01\/FC247B51-FA26-4FC0-8A99-E607DED1414F-scaled.jpeg",1024,1568,false],"covernews-medium":["https:\/\/quehacerpolitico.mx\/wp-content\/uploads\/2021\/01\/FC247B51-FA26-4FC0-8A99-E607DED1414F-scaled.jpeg",222,340,false]},"author_info":{"display_name":"Redacci\u00f3n QP","author_link":"https:\/\/quehacerpolitico.mx\/?author=2"},"category_info":"<a href=\"https:\/\/quehacerpolitico.mx\/?cat=58\" rel=\"category\">Cultura y Entretenimiento<\/a>","tag_info":"Cultura y Entretenimiento","comment_count":"0","_links":{"self":[{"href":"https:\/\/quehacerpolitico.mx\/index.php?rest_route=\/wp\/v2\/posts\/73387","targetHints":{"allow":["GET"]}}],"collection":[{"href":"https:\/\/quehacerpolitico.mx\/index.php?rest_route=\/wp\/v2\/posts"}],"about":[{"href":"https:\/\/quehacerpolitico.mx\/index.php?rest_route=\/wp\/v2\/types\/post"}],"author":[{"embeddable":true,"href":"https:\/\/quehacerpolitico.mx\/index.php?rest_route=\/wp\/v2\/users\/2"}],"replies":[{"embeddable":true,"href":"https:\/\/quehacerpolitico.mx\/index.php?rest_route=%2Fwp%2Fv2%2Fcomments&post=73387"}],"version-history":[{"count":0,"href":"https:\/\/quehacerpolitico.mx\/index.php?rest_route=\/wp\/v2\/posts\/73387\/revisions"}],"wp:featuredmedia":[{"embeddable":true,"href":"https:\/\/quehacerpolitico.mx\/index.php?rest_route=\/wp\/v2\/media\/73390"}],"wp:attachment":[{"href":"https:\/\/quehacerpolitico.mx\/index.php?rest_route=%2Fwp%2Fv2%2Fmedia&parent=73387"}],"wp:term":[{"taxonomy":"category","embeddable":true,"href":"https:\/\/quehacerpolitico.mx\/index.php?rest_route=%2Fwp%2Fv2%2Fcategories&post=73387"},{"taxonomy":"post_tag","embeddable":true,"href":"https:\/\/quehacerpolitico.mx\/index.php?rest_route=%2Fwp%2Fv2%2Ftags&post=73387"}],"curies":[{"name":"wp","href":"https:\/\/api.w.org\/{rel}","templated":true}]}}