{"id":7333,"date":"2018-10-20T15:56:30","date_gmt":"2018-10-20T15:56:30","guid":{"rendered":"http:\/\/quehacerpolitico.mx\/hondurenos-ruegan-a-policias-mexicanos-que-los-dejen-entrar-otros-gritan-que-tienen-hambre\/"},"modified":"2018-10-20T15:56:30","modified_gmt":"2018-10-20T15:56:30","slug":"hondurenos-ruegan-a-policias-mexicanos-que-los-dejen-entrar-otros-gritan-que-tienen-hambre","status":"publish","type":"post","link":"https:\/\/quehacerpolitico.mx\/?p=7333","title":{"rendered":"Hondure\u00f1os ruegan a polic\u00edas mexicanos que los dejen entrar\u2026 otros gritan que tienen hambre"},"content":{"rendered":"<h1>Hondure\u00f1os ruegan a polic\u00edas mexicanos que los dejen entrar\u2026 otros gritan que tienen hambre<\/h1>\n<p>Por Redacci\u00f3n QP<\/p>\n<p>Un enfrentamiento entre miles de <strong>migrantes<\/strong> centroamericanos que tratan de llegar a la <strong>frontera<\/strong> de Estados Unidos y la polic\u00eda mexicana se extendi\u00f3 durante la noche del viernes y la madrugada de este s\u00e1bado, con algunos migrantes colgados de la puerta <strong>fronteriza<\/strong> entre Guatemala y M\u00e9xico, y otros durmiendo en el atestado puente entre los dos pa\u00edses.<\/p>\n<blockquote>\n<p>Miembros de la <strong>caravana<\/strong> de m\u00e1s de tres mil <strong>migrantes<\/strong> hab\u00edan tratado previamente de cruzar a la fuerza una cerca <strong>fronteriza guatemalteca<\/strong> y se abalanzaron al puente sobre el r\u00edo Suchiate, desafiando los pedidos de las autoridades mexicanas de un cruce ordenado y las amenazas del Presidente estadounidense Donald Trump de represalias.<\/p>\n<p>Pero fueron recibidos el viernes por un muro de polic\u00edas antimotines en el lado mexicano de la <strong>frontera<\/strong>. Unos 50 lograron cruzar antes de que los polic\u00edas usasen gas pimienta y el resto se retiraron, sum\u00e1ndose al grupo en el puente.<\/p>\n<div id=\"attachment_3486910\" class=\"wp-caption alignnone\"><img loading=\"lazy\" decoding=\"async\" class=\"size-full wp-image-3486910\" src=\"http:\/\/www.sinembargo.mx\/wp-content\/uploads\/2018\/10\/caravana-migrante-1.jpg\" sizes=\"auto, (max-width: 700px) 100vw, 700px\" srcset=\"http:\/\/www.sinembargo.mx\/wp-content\/uploads\/2018\/10\/caravana-migrante-1.jpg 700w, http:\/\/www.sinembargo.mx\/wp-content\/uploads\/2018\/10\/caravana-migrante-1-300x159.jpg 300w\" alt=\"\" width=\"700\" height=\"370\" \/><\/p>\n<p class=\"wp-caption-text\">Miles de hondure\u00f1os y de otros pa\u00edses centroamericanos llegaron ayer por la ma\u00f1ana a la frontera, para cruzar al territorio nacional en su b\u00fasqueda por un mejor vida, ante las condiciones de violencia que viven en sus pa\u00edses de origen, la Polic\u00eda Federal que rebasada en su intento por detenerlos. Foto: Isaac Esquivel, Cuartoscuro<\/p>\n<\/div>\n<div id=\"attachment_3486912\" class=\"wp-caption alignnone\"><img loading=\"lazy\" decoding=\"async\" class=\"size-full wp-image-3486912\" src=\"http:\/\/www.sinembargo.mx\/wp-content\/uploads\/2018\/10\/caravana-migrante-2.jpg\" sizes=\"auto, (max-width: 700px) 100vw, 700px\" srcset=\"http:\/\/www.sinembargo.mx\/wp-content\/uploads\/2018\/10\/caravana-migrante-2.jpg 700w, http:\/\/www.sinembargo.mx\/wp-content\/uploads\/2018\/10\/caravana-migrante-2-300x159.jpg 300w\" alt=\"\" width=\"700\" height=\"370\" \/><\/p>\n<p class=\"wp-caption-text\">Miles de migrantes de Honduras de la caravana que el s\u00e1bado sali\u00f3 de San Pedro Sula saltaron ayer el cord\u00f3n policial e ingresaron a M\u00e9xico, en donde, de acuerdo con algunos medios, fueron recibidos con gases lacrim\u00f3genos. Foto: Isaac Esquivel, Cuartoscuro<\/p>\n<\/div>\n<p>Polic\u00edas y agentes de <strong>inmigraci\u00f3n<\/strong> comenzaron a dejar entrar a peque\u00f1os grupos de 10, 20 o 30 personas si deseaban pedir <em>status<\/em> de refugiados. Una vez presentan la solicitud, pueden irse a un albergue a pasarse la noche.<\/p>\n<p>Al caer la noche sobe el puente, la frustraci\u00f3n de los <strong>migrantes<\/strong> se volvi\u00f3 desesperaci\u00f3n, con mujeres con sus hijos en los brazos paradas en las filas frente a la entrada <strong>fronteriza<\/strong>, rog\u00e1ndole a la polic\u00eda federal mexicana. Algunos <strong>migrantes<\/strong> gritaron que ten\u00edan hambre. Otros gritaron que ten\u00edan ni\u00f1os con ellos, mientras que otros colocaban lonas para prepararse para dormir en el puente.<\/p>\n<div id=\"attachment_3486914\" class=\"wp-caption alignnone\"><img loading=\"lazy\" decoding=\"async\" class=\"size-full wp-image-3486914\" src=\"http:\/\/www.sinembargo.mx\/wp-content\/uploads\/2018\/10\/caravana-migrante-3.jpg\" sizes=\"auto, (max-width: 700px) 100vw, 700px\" srcset=\"http:\/\/www.sinembargo.mx\/wp-content\/uploads\/2018\/10\/caravana-migrante-3.jpg 700w, http:\/\/www.sinembargo.mx\/wp-content\/uploads\/2018\/10\/caravana-migrante-3-300x159.jpg 300w\" alt=\"\" width=\"700\" height=\"370\" \/><\/p>\n<p class=\"wp-caption-text\">En el paso fronterizo de Guatemala-M\u00e9xico, miles de migrantes esperan a pasar al lado mexicano, en su caravana hacia Estados Unidos. Foto: Isaac Esquivel, Cuartoscuro<\/p>\n<\/div>\n<p>Un oficial de los marines mexicanos con un altavoz se acerc\u00f3 a la entrada y les dijo a los <strong>migrantes<\/strong> que ser\u00edan llevados en camiones a un centro de atenci\u00f3n humanitaria en Tapachula, una ciudad fronteriza en el estado mexicano de Chiapas. Pero no dijo cu\u00e1ndo suceder\u00eda.<\/p>\n<p>M\u00e1s tarde por la noche, el Presidente mexicano Enrique Pena Nieto dijo en un discurso a la naci\u00f3n que \u201cun numeroso contingente intent\u00f3 ingresar de manera irregular a territorio mexicano agrediendo e incluso lastimando a varios elementos de la Polic\u00eda Federal que, en estricta observancia de protocolos de derechos humanos, se encuentran desarmados\u201d.<\/p>\n<blockquote>\n<p>\u201cM\u00e9xico no permite ni permitir\u00e1 el ingreso a su territorio de manera irregular, y mucho menos de forma violenta\u201d, algo que \u201cpone en riesgo a los propios migrantes\u201d, dijo.<\/p>\n<\/blockquote>\n<p>El Presidente <strong>hondure\u00f1o<\/strong> Juan Orlando Hern\u00e1ndez dijo en Twitter el viernes por la noche que habl\u00f3 con su contraparte guatemalteco, Jimmy Morales, y pidi\u00f3 permiso para enviar a personal <strong>hondure\u00f1o<\/strong> de protecci\u00f3n civil al puente para ayudar a los migrantes.<\/p>\n<blockquote class=\"twitter-tweet\" data-width=\"550\" data-dnt=\"true\">\n<p lang=\"es\" dir=\"ltr\">Comparto el posicionamiento del Gobierno de la Rep\u00fablica en torno a la <a href=\"https:\/\/twitter.com\/hashtag\/CaravanaMigrante?src=hash&amp;ref_src=twsrc%5Etfw\">#CaravanaMigrante<\/a>. <a href=\"https:\/\/t.co\/NvHPglBPi4\">pic.twitter.com\/NvHPglBPi4<\/a><\/p>\n<p>&mdash; Enrique Pe\u00f1a Nieto (@EPN) <a href=\"https:\/\/twitter.com\/EPN\/status\/1053487512125992960?ref_src=twsrc%5Etfw\">October 20, 2018<\/a><\/p><\/blockquote>\n<p><script async src=\"https:\/\/platform.twitter.com\/widgets.js\" charset=\"utf-8\"><\/script><\/p>\n<p>Agreg\u00f3 que pidi\u00f3 permiso tambi\u00e9n para contratar transporte terrestre para quienquiera que quisiese regresar y un puente a\u00e9reo para casos especiales de mujeres, ni\u00f1os, ancianos y enfermos.<\/p>\n<p>Hern\u00e1ndez y Morales planeaban reunirse en Guatemala el s\u00e1bado por la ma\u00f1ana para discutir la situaci\u00f3n.<\/p>\n<blockquote class=\"twitter-tweet\" data-width=\"550\" data-dnt=\"true\">\n<p lang=\"es\" dir=\"ltr\">1\/3 Justo termin\u00e9 llamada con <a href=\"https:\/\/twitter.com\/jimmymoralesgt?ref_src=twsrc%5Etfw\">@jimmymoralesgt<\/a> para solicitar ingreso de personal de protecci\u00f3n Civil de <a href=\"https:\/\/twitter.com\/hashtag\/Honduras?src=hash&amp;ref_src=twsrc%5Etfw\">#Honduras<\/a> a efecto de auxiliar nuestros compatriotas que est\u00e1n en <a href=\"https:\/\/twitter.com\/hashtag\/Guatemala?src=hash&amp;ref_src=twsrc%5Etfw\">#Guatemala<\/a><\/p>\n<p>&mdash; Juan Orlando H. (@JuanOrlandoH) <a href=\"https:\/\/twitter.com\/JuanOrlandoH\/status\/1053433634118615041?ref_src=twsrc%5Etfw\">October 19, 2018<\/a><\/p><\/blockquote>\n<p><script async src=\"https:\/\/platform.twitter.com\/widgets.js\" charset=\"utf-8\"><\/script><\/p>\n<p>Algunos migrantes, hastiados de esperar, se lanzaron del puente al r\u00edo Suchiate el viernes. Migrantes formaron brigadas de sogas para vadear las turbias aguas y algunos flotaron en balsas operadas por residentes locales que usualmente cobran un d\u00f3lar o dos por el cruce.<\/p>\n<div id=\"attachment_3486916\" class=\"wp-caption alignnone\"><img loading=\"lazy\" decoding=\"async\" class=\"size-full wp-image-3486916\" src=\"http:\/\/www.sinembargo.mx\/wp-content\/uploads\/2018\/10\/caravana-migrante-4.jpg\" sizes=\"auto, (max-width: 700px) 100vw, 700px\" srcset=\"http:\/\/www.sinembargo.mx\/wp-content\/uploads\/2018\/10\/caravana-migrante-4.jpg 700w, http:\/\/www.sinembargo.mx\/wp-content\/uploads\/2018\/10\/caravana-migrante-4-300x159.jpg 300w\" alt=\"\" width=\"700\" height=\"370\" \/><\/p>\n<p class=\"wp-caption-text\">La\u00a0caravana\u00a0atraves\u00f3 el puente sobre el r\u00edo Suchiate y se dispersa por territorio mexicano con el objetivo de llegar a Estados Unidos. Foto: Isaac Esquivel, Cuartoscuro<\/p>\n<\/div>\n<p>Acner Adolfo Rodr\u00edguez, de 30 a\u00f1os, uno de los \u00faltimos migrantes en cruzar por una brecha en la frontera, dijo que esperaba encontrar trabajo y una mejor vida lejos de la pobreza y la violencia de las pandillas en <strong>Honduras<\/strong>, uno de los pa\u00edses m\u00e1s mort\u00edferos del mundo.<\/p>\n<div id=\"attachment_3486919\" class=\"wp-caption alignnone\"><img loading=\"lazy\" decoding=\"async\" class=\"size-full wp-image-3486919\" src=\"http:\/\/www.sinembargo.mx\/wp-content\/uploads\/2018\/10\/caravana-migrante-5.jpg\" sizes=\"auto, (max-width: 700px) 100vw, 700px\" srcset=\"http:\/\/www.sinembargo.mx\/wp-content\/uploads\/2018\/10\/caravana-migrante-5.jpg 700w, http:\/\/www.sinembargo.mx\/wp-content\/uploads\/2018\/10\/caravana-migrante-5-300x159.jpg 300w\" alt=\"\" width=\"700\" height=\"370\" \/><\/p>\n<p class=\"wp-caption-text\">Un migrante que se dirige a la frontera EU-M\u00e9xico alza un cartel en un puente sobre el r\u00edo Suchiate entre Guatemala y M\u00e9xico, en Tecun Uman, Guatemala, el viernes, 19 de octubre del 2018. Foto: Mois\u00e9s Castillo, AP<\/p>\n<\/div>\n<p>El Presidente estadounidense le ha dicho a M\u00e9xico que est\u00e1 monitoreando su respuesta. El jueves, amenaz\u00f3 con cerrar la frontera estadounidense con M\u00e9xico si las autoridades mexicanas no frenaban la <strong>caravana<\/strong>. M\u00e1s tarde ese d\u00eda tuite\u00f3 un video de la polic\u00eda federal mexicana desplegada en la frontera con Guatemala y escribi\u00f3: \u201cGracias, M\u00e9xico, esperamos trabajar contigo\u201d.<\/p>\n<p>Funcionarios mexicanos dijeron que aquellos con pasaportes y visas v\u00e1lidas \u2013una peque\u00f1a minor\u00eda de los que tratan de cruzar\u2013 ser\u00e1n autorizados inmediatamente a entrar.<\/p>\n<p>Los migrantes que deseen solicitar refugio en M\u00e9xico ser\u00e1n bienvenidos a hacerlo, dijeron, pero aquellos que decidan cruzar ilegalmente y sea capturados ser\u00e1n deportados.<\/p>\n<p>El Secretario de Estado norteamericano Mike Pompeo se reuni\u00f3 el viernes con el Presidente Pe\u00f1a Nieto y el Canciller Luis Videgaray en la Ciudad de M\u00e9xico para hablar sobre la <strong>caravana<\/strong>.<\/p>\n<div id=\"attachment_3486920\" class=\"wp-caption alignnone\"><img loading=\"lazy\" decoding=\"async\" class=\"size-full wp-image-3486920\" src=\"http:\/\/www.sinembargo.mx\/wp-content\/uploads\/2018\/10\/caravana-migrante-6.jpg\" sizes=\"auto, (max-width: 700px) 100vw, 700px\" srcset=\"http:\/\/www.sinembargo.mx\/wp-content\/uploads\/2018\/10\/caravana-migrante-6.jpg 700w, http:\/\/www.sinembargo.mx\/wp-content\/uploads\/2018\/10\/caravana-migrante-6-300x159.jpg 300w\" alt=\"\" width=\"700\" height=\"370\" \/><\/p>\n<p class=\"wp-caption-text\">Los migrantes que deseen solicitar refugio en M\u00e9xico ser\u00e1n bienvenidos a hacerlo, dijeron, pero aquellos que decidan cruzar ilegalmente y sea capturados ser\u00e1n deportados. Foto: Isaac Esquivel, Cuartoscuro<\/p>\n<\/div>\n<p>Pompeo suaviz\u00f3 el tono de Trump y, aunque dijo que la migraci\u00f3n era una \u201ccrisis\u201d y enfatiz\u00f3 \u201cla importancia de frenar este flujo antes de que alcance la frontera estadounidense\u201d, hizo un gui\u00f1o para que el Gobierno mexicano maneje la situaci\u00f3n como mejor le parezca.<\/p>\n<blockquote>\n<p>\u201cM\u00e9xico tomar\u00e1 su propia decisi\u00f3n\u201d, dijo. \u201cSus l\u00edderes y su gente decidir\u00e1n cu\u00e1l es la mejor manera para lograr lo que considero son objetivos comunes, y agradezco todo el esfuerzo que han hecho durante los \u00faltimos d\u00edas, incluyendo la solicitud de ayuda humanitaria realizada a Naciones Unidas para encarar esta <strong>caravana migrante<\/strong>\u201d.<\/p>\n<\/blockquote>\n<div id=\"attachment_3486921\" class=\"wp-caption alignnone\"><img loading=\"lazy\" decoding=\"async\" class=\"size-full wp-image-3486921\" src=\"http:\/\/www.sinembargo.mx\/wp-content\/uploads\/2018\/10\/caravana-migrante-7.jpg\" sizes=\"auto, (max-width: 700px) 100vw, 700px\" srcset=\"http:\/\/www.sinembargo.mx\/wp-content\/uploads\/2018\/10\/caravana-migrante-7.jpg 700w, http:\/\/www.sinembargo.mx\/wp-content\/uploads\/2018\/10\/caravana-migrante-7-300x159.jpg 300w\" alt=\"\" width=\"700\" height=\"370\" \/><\/p>\n<p class=\"wp-caption-text\">Clark Alfaro destac\u00f3 que las caravanas cada vez son m\u00e1s numerosas y tienen un matiz distinto porque \u201clos migrantes ya no cruzan por monta\u00f1as y desiertos sino por puertos de entrada para solicitar asilo; eso es una novedad\u201d que \u201csatura el sistema de asilo\u201d de los pa\u00edses receptores. Foto: Isaac Esquivel, Cuartoscuro<\/p>\n<\/div>\n<p>Y Videgaray no parec\u00eda preocupado por la amenaza del cierre de la frontera, que no le parece factible, seg\u00fan dijo a <em>Televisa<\/em>, porque por ah\u00ed pasa cada d\u00eda un mill\u00f3n de personas y un mill\u00f3n de d\u00f3lares en comercio.<\/p>\n<blockquote>\n<p>\u201cNo hab\u00eda visto nada igual\u201d, coment\u00f3 a la <em>AP<\/em> el acad\u00e9mico de la Universidad Estatal de San Diego, V\u00edctor Clark Alfaro, desde Tijuana. \u201cEs algo inusual, por el volumen\u201d.<\/p>\n<p>Clark Alfaro destac\u00f3 que las caravanas cada vez son m\u00e1s numerosas y tienen un matiz distinto porque \u201clos migrantes ya no cruzan por monta\u00f1as y desiertos sino por puertos de entrada para solicitar asilo; eso es una novedad\u201d que \u201csatura el sistema de asilo\u201d de los pa\u00edses receptores.<\/p>\n<blockquote>\n<p>\u201cEsto es una verdadera crisis humanitaria por el volumen de gente que est\u00e1 abandonando sus pa\u00edses\u201d, asegur\u00f3.<\/p>\n<\/blockquote>\n<p>Sin embargo, otros acad\u00e9micos como Elizabeth Oglesby, del Centro para Am\u00e9rica Latina de la Universidad de Arizona, no quieren hablar de \u201ccrisis\u201d sino de la gente que se une en caravanas para esquivar los peligros del viaje y los altos costos de los traficantes.<\/p>\n<blockquote>\n<p>\u201cLa frontera no est\u00e1 en crisis; esto no es una crisis de migrantes\u201d, asegur\u00f3. \u201cLo que estamos viendo es algunos picos en cruces de centroamericanos, pero el flujo de migrantes est\u00e1 en su punto m\u00e1s bajo en 40 a\u00f1os\u201d.<\/p>\n<p>Con Informaci\u00f3n de AP<\/p>\n<\/blockquote>\n<\/blockquote>\n<\/blockquote>\n","protected":false},"excerpt":{"rendered":"<p>Hondure\u00f1os ruegan a polic\u00edas mexicanos que los dejen entrar\u2026 otros gritan que tienen hambre<br \/>\nPor Redacci\u00f3n QP<\/p>\n","protected":false},"author":2,"featured_media":7332,"comment_status":"open","ping_status":"open","sticky":false,"template":"","format":"standard","meta":{"_monsterinsights_skip_tracking":false,"_monsterinsights_sitenote_active":false,"_monsterinsights_sitenote_note":"","_monsterinsights_sitenote_category":0,"footnotes":""},"categories":[2],"tags":[],"class_list":["post-7333","post","type-post","status-publish","format-standard","has-post-thumbnail","hentry","category-noticias"],"yoast_head":"<!-- This site is optimized with the Yoast SEO plugin v27.3 - https:\/\/yoast.com\/product\/yoast-seo-wordpress\/ -->\n<title>Hondure\u00f1os ruegan a polic\u00edas mexicanos que los dejen entrar\u2026 otros gritan que tienen hambre -<\/title>\n<meta name=\"robots\" content=\"index, follow, max-snippet:-1, max-image-preview:large, max-video-preview:-1\" \/>\n<link rel=\"canonical\" href=\"https:\/\/quehacerpolitico.mx\/?p=7333\" \/>\n<meta property=\"og:locale\" content=\"es_MX\" \/>\n<meta property=\"og:type\" content=\"article\" \/>\n<meta property=\"og:title\" content=\"Hondure\u00f1os ruegan a polic\u00edas mexicanos que los dejen entrar\u2026 otros gritan que tienen hambre -\" \/>\n<meta property=\"og:description\" content=\"Hondure\u00f1os ruegan a polic\u00edas mexicanos que los dejen entrar\u2026 otros gritan que tienen hambre Por Redacci\u00f3n QP\" \/>\n<meta property=\"og:url\" content=\"https:\/\/quehacerpolitico.mx\/?p=7333\" \/>\n<meta property=\"article:published_time\" content=\"2018-10-20T15:56:30+00:00\" \/>\n<meta name=\"author\" content=\"Redacci\u00f3n QP\" \/>\n<meta name=\"twitter:card\" content=\"summary_large_image\" \/>\n<meta name=\"twitter:label1\" content=\"Escrito por\" \/>\n\t<meta name=\"twitter:data1\" content=\"Redacci\u00f3n QP\" \/>\n\t<meta name=\"twitter:label2\" content=\"Tiempo de lectura\" \/>\n\t<meta name=\"twitter:data2\" content=\"7 minutos\" \/>\n<script type=\"application\/ld+json\" class=\"yoast-schema-graph\">{\"@context\":\"https:\\\/\\\/schema.org\",\"@graph\":[{\"@type\":\"Article\",\"@id\":\"https:\\\/\\\/quehacerpolitico.mx\\\/?p=7333#article\",\"isPartOf\":{\"@id\":\"https:\\\/\\\/quehacerpolitico.mx\\\/?p=7333\"},\"author\":{\"name\":\"Redacci\u00f3n QP\",\"@id\":\"https:\\\/\\\/quehacerpolitico.mx\\\/#\\\/schema\\\/person\\\/496d8ad2d1d3f8036101dca7ee39e585\"},\"headline\":\"Hondure\u00f1os ruegan a polic\u00edas mexicanos que los dejen entrar\u2026 otros gritan que tienen hambre\",\"datePublished\":\"2018-10-20T15:56:30+00:00\",\"mainEntityOfPage\":{\"@id\":\"https:\\\/\\\/quehacerpolitico.mx\\\/?p=7333\"},\"wordCount\":1421,\"commentCount\":0,\"image\":{\"@id\":\"https:\\\/\\\/quehacerpolitico.mx\\\/?p=7333#primaryimage\"},\"thumbnailUrl\":\"\",\"articleSection\":[\"Noticias\"],\"inLanguage\":\"es\",\"potentialAction\":[{\"@type\":\"CommentAction\",\"name\":\"Comment\",\"target\":[\"https:\\\/\\\/quehacerpolitico.mx\\\/?p=7333#respond\"]}]},{\"@type\":\"WebPage\",\"@id\":\"https:\\\/\\\/quehacerpolitico.mx\\\/?p=7333\",\"url\":\"https:\\\/\\\/quehacerpolitico.mx\\\/?p=7333\",\"name\":\"Hondure\u00f1os ruegan a polic\u00edas mexicanos que los dejen entrar\u2026 otros gritan que tienen hambre -\",\"isPartOf\":{\"@id\":\"https:\\\/\\\/quehacerpolitico.mx\\\/#website\"},\"primaryImageOfPage\":{\"@id\":\"https:\\\/\\\/quehacerpolitico.mx\\\/?p=7333#primaryimage\"},\"image\":{\"@id\":\"https:\\\/\\\/quehacerpolitico.mx\\\/?p=7333#primaryimage\"},\"thumbnailUrl\":\"\",\"datePublished\":\"2018-10-20T15:56:30+00:00\",\"author\":{\"@id\":\"https:\\\/\\\/quehacerpolitico.mx\\\/#\\\/schema\\\/person\\\/496d8ad2d1d3f8036101dca7ee39e585\"},\"breadcrumb\":{\"@id\":\"https:\\\/\\\/quehacerpolitico.mx\\\/?p=7333#breadcrumb\"},\"inLanguage\":\"es\",\"potentialAction\":[{\"@type\":\"ReadAction\",\"target\":[\"https:\\\/\\\/quehacerpolitico.mx\\\/?p=7333\"]}]},{\"@type\":\"ImageObject\",\"inLanguage\":\"es\",\"@id\":\"https:\\\/\\\/quehacerpolitico.mx\\\/?p=7333#primaryimage\",\"url\":\"\",\"contentUrl\":\"\"},{\"@type\":\"BreadcrumbList\",\"@id\":\"https:\\\/\\\/quehacerpolitico.mx\\\/?p=7333#breadcrumb\",\"itemListElement\":[{\"@type\":\"ListItem\",\"position\":1,\"name\":\"Inicio\",\"item\":\"https:\\\/\\\/quehacerpolitico.mx\\\/\"},{\"@type\":\"ListItem\",\"position\":2,\"name\":\"Hondure\u00f1os ruegan a polic\u00edas mexicanos que los dejen entrar\u2026 otros gritan que tienen hambre\"}]},{\"@type\":\"WebSite\",\"@id\":\"https:\\\/\\\/quehacerpolitico.mx\\\/#website\",\"url\":\"https:\\\/\\\/quehacerpolitico.mx\\\/\",\"name\":\"\",\"description\":\"\",\"potentialAction\":[{\"@type\":\"SearchAction\",\"target\":{\"@type\":\"EntryPoint\",\"urlTemplate\":\"https:\\\/\\\/quehacerpolitico.mx\\\/?s={search_term_string}\"},\"query-input\":{\"@type\":\"PropertyValueSpecification\",\"valueRequired\":true,\"valueName\":\"search_term_string\"}}],\"inLanguage\":\"es\"},{\"@type\":\"Person\",\"@id\":\"https:\\\/\\\/quehacerpolitico.mx\\\/#\\\/schema\\\/person\\\/496d8ad2d1d3f8036101dca7ee39e585\",\"name\":\"Redacci\u00f3n QP\",\"image\":{\"@type\":\"ImageObject\",\"inLanguage\":\"es\",\"@id\":\"https:\\\/\\\/secure.gravatar.com\\\/avatar\\\/c7164ed6fdec453195284ad24a5ae5b6e1eed2b848477fa2a4787ba9adf39a41?s=96&d=mm&r=g\",\"url\":\"https:\\\/\\\/secure.gravatar.com\\\/avatar\\\/c7164ed6fdec453195284ad24a5ae5b6e1eed2b848477fa2a4787ba9adf39a41?s=96&d=mm&r=g\",\"contentUrl\":\"https:\\\/\\\/secure.gravatar.com\\\/avatar\\\/c7164ed6fdec453195284ad24a5ae5b6e1eed2b848477fa2a4787ba9adf39a41?s=96&d=mm&r=g\",\"caption\":\"Redacci\u00f3n QP\"},\"url\":\"https:\\\/\\\/quehacerpolitico.mx\\\/?author=2\"}]}<\/script>\n<!-- \/ Yoast SEO plugin. -->","yoast_head_json":{"title":"Hondure\u00f1os ruegan a polic\u00edas mexicanos que los dejen entrar\u2026 otros gritan que tienen hambre -","robots":{"index":"index","follow":"follow","max-snippet":"max-snippet:-1","max-image-preview":"max-image-preview:large","max-video-preview":"max-video-preview:-1"},"canonical":"https:\/\/quehacerpolitico.mx\/?p=7333","og_locale":"es_MX","og_type":"article","og_title":"Hondure\u00f1os ruegan a polic\u00edas mexicanos que los dejen entrar\u2026 otros gritan que tienen hambre -","og_description":"Hondure\u00f1os ruegan a polic\u00edas mexicanos que los dejen entrar\u2026 otros gritan que tienen hambre Por Redacci\u00f3n QP","og_url":"https:\/\/quehacerpolitico.mx\/?p=7333","article_published_time":"2018-10-20T15:56:30+00:00","author":"Redacci\u00f3n QP","twitter_card":"summary_large_image","twitter_misc":{"Escrito por":"Redacci\u00f3n QP","Tiempo de lectura":"7 minutos"},"schema":{"@context":"https:\/\/schema.org","@graph":[{"@type":"Article","@id":"https:\/\/quehacerpolitico.mx\/?p=7333#article","isPartOf":{"@id":"https:\/\/quehacerpolitico.mx\/?p=7333"},"author":{"name":"Redacci\u00f3n QP","@id":"https:\/\/quehacerpolitico.mx\/#\/schema\/person\/496d8ad2d1d3f8036101dca7ee39e585"},"headline":"Hondure\u00f1os ruegan a polic\u00edas mexicanos que los dejen entrar\u2026 otros gritan que tienen hambre","datePublished":"2018-10-20T15:56:30+00:00","mainEntityOfPage":{"@id":"https:\/\/quehacerpolitico.mx\/?p=7333"},"wordCount":1421,"commentCount":0,"image":{"@id":"https:\/\/quehacerpolitico.mx\/?p=7333#primaryimage"},"thumbnailUrl":"","articleSection":["Noticias"],"inLanguage":"es","potentialAction":[{"@type":"CommentAction","name":"Comment","target":["https:\/\/quehacerpolitico.mx\/?p=7333#respond"]}]},{"@type":"WebPage","@id":"https:\/\/quehacerpolitico.mx\/?p=7333","url":"https:\/\/quehacerpolitico.mx\/?p=7333","name":"Hondure\u00f1os ruegan a polic\u00edas mexicanos que los dejen entrar\u2026 otros gritan que tienen hambre -","isPartOf":{"@id":"https:\/\/quehacerpolitico.mx\/#website"},"primaryImageOfPage":{"@id":"https:\/\/quehacerpolitico.mx\/?p=7333#primaryimage"},"image":{"@id":"https:\/\/quehacerpolitico.mx\/?p=7333#primaryimage"},"thumbnailUrl":"","datePublished":"2018-10-20T15:56:30+00:00","author":{"@id":"https:\/\/quehacerpolitico.mx\/#\/schema\/person\/496d8ad2d1d3f8036101dca7ee39e585"},"breadcrumb":{"@id":"https:\/\/quehacerpolitico.mx\/?p=7333#breadcrumb"},"inLanguage":"es","potentialAction":[{"@type":"ReadAction","target":["https:\/\/quehacerpolitico.mx\/?p=7333"]}]},{"@type":"ImageObject","inLanguage":"es","@id":"https:\/\/quehacerpolitico.mx\/?p=7333#primaryimage","url":"","contentUrl":""},{"@type":"BreadcrumbList","@id":"https:\/\/quehacerpolitico.mx\/?p=7333#breadcrumb","itemListElement":[{"@type":"ListItem","position":1,"name":"Inicio","item":"https:\/\/quehacerpolitico.mx\/"},{"@type":"ListItem","position":2,"name":"Hondure\u00f1os ruegan a polic\u00edas mexicanos que los dejen entrar\u2026 otros gritan que tienen hambre"}]},{"@type":"WebSite","@id":"https:\/\/quehacerpolitico.mx\/#website","url":"https:\/\/quehacerpolitico.mx\/","name":"","description":"","potentialAction":[{"@type":"SearchAction","target":{"@type":"EntryPoint","urlTemplate":"https:\/\/quehacerpolitico.mx\/?s={search_term_string}"},"query-input":{"@type":"PropertyValueSpecification","valueRequired":true,"valueName":"search_term_string"}}],"inLanguage":"es"},{"@type":"Person","@id":"https:\/\/quehacerpolitico.mx\/#\/schema\/person\/496d8ad2d1d3f8036101dca7ee39e585","name":"Redacci\u00f3n QP","image":{"@type":"ImageObject","inLanguage":"es","@id":"https:\/\/secure.gravatar.com\/avatar\/c7164ed6fdec453195284ad24a5ae5b6e1eed2b848477fa2a4787ba9adf39a41?s=96&d=mm&r=g","url":"https:\/\/secure.gravatar.com\/avatar\/c7164ed6fdec453195284ad24a5ae5b6e1eed2b848477fa2a4787ba9adf39a41?s=96&d=mm&r=g","contentUrl":"https:\/\/secure.gravatar.com\/avatar\/c7164ed6fdec453195284ad24a5ae5b6e1eed2b848477fa2a4787ba9adf39a41?s=96&d=mm&r=g","caption":"Redacci\u00f3n QP"},"url":"https:\/\/quehacerpolitico.mx\/?author=2"}]}},"featured_image_urls":{"full":"","thumbnail":"","medium":"","medium_large":"","large":"","1536x1536":"","2048x2048":"","covernews-featured":"","covernews-medium":""},"author_info":{"display_name":"Redacci\u00f3n QP","author_link":"https:\/\/quehacerpolitico.mx\/?author=2"},"category_info":"<a href=\"https:\/\/quehacerpolitico.mx\/?cat=2\" rel=\"category\">Noticias<\/a>","tag_info":"Noticias","comment_count":"0","_links":{"self":[{"href":"https:\/\/quehacerpolitico.mx\/index.php?rest_route=\/wp\/v2\/posts\/7333","targetHints":{"allow":["GET"]}}],"collection":[{"href":"https:\/\/quehacerpolitico.mx\/index.php?rest_route=\/wp\/v2\/posts"}],"about":[{"href":"https:\/\/quehacerpolitico.mx\/index.php?rest_route=\/wp\/v2\/types\/post"}],"author":[{"embeddable":true,"href":"https:\/\/quehacerpolitico.mx\/index.php?rest_route=\/wp\/v2\/users\/2"}],"replies":[{"embeddable":true,"href":"https:\/\/quehacerpolitico.mx\/index.php?rest_route=%2Fwp%2Fv2%2Fcomments&post=7333"}],"version-history":[{"count":0,"href":"https:\/\/quehacerpolitico.mx\/index.php?rest_route=\/wp\/v2\/posts\/7333\/revisions"}],"wp:featuredmedia":[{"embeddable":true,"href":"https:\/\/quehacerpolitico.mx\/index.php?rest_route=\/"}],"wp:attachment":[{"href":"https:\/\/quehacerpolitico.mx\/index.php?rest_route=%2Fwp%2Fv2%2Fmedia&parent=7333"}],"wp:term":[{"taxonomy":"category","embeddable":true,"href":"https:\/\/quehacerpolitico.mx\/index.php?rest_route=%2Fwp%2Fv2%2Fcategories&post=7333"},{"taxonomy":"post_tag","embeddable":true,"href":"https:\/\/quehacerpolitico.mx\/index.php?rest_route=%2Fwp%2Fv2%2Ftags&post=7333"}],"curies":[{"name":"wp","href":"https:\/\/api.w.org\/{rel}","templated":true}]}}