{"id":73328,"date":"2021-01-27T04:31:55","date_gmt":"2021-01-27T04:31:55","guid":{"rendered":"https:\/\/quehacerpolitico.mx\/?p=73328"},"modified":"2021-01-27T04:31:55","modified_gmt":"2021-01-27T04:31:55","slug":"att-interesada-en-licitacion-de-espectro-radioelectrico-del-ift","status":"publish","type":"post","link":"https:\/\/quehacerpolitico.mx\/?p=73328","title":{"rendered":"AT&#038;T, interesada en licitaci\u00f3n de espectro radioel\u00e9ctrico del IFT"},"content":{"rendered":"<h1 class=\"news-title\">AT&amp;T, interesada en licitaci\u00f3n de espectro radioel\u00e9ctrico del IFT<br \/>\nPor Redacci\u00f3n QP<\/h1>\n<div class=\"news-subtitle\">\n<p>La licitaci\u00f3n contempla 41 bloques de espectro radioel\u00e9ctrico para telefon\u00eda e Internet m\u00f3viles<\/p>\n<\/div>\n<div class=\"social-share-box normal\">\n<p>Empresas como AT&amp;T y los WISP (Wireless Internet Service Provider), que son peque\u00f1os proveedores de Internet inal\u00e1mbrico, pudieran estar interesados en participar en la licitaci\u00f3n de espectro radioel\u00e9ctrico para servicios de telefon\u00eda y datos m\u00f3viles, dijo Alejandro Navarrete, titular de la Unidad de Espectro Radioel\u00e9ctrico (UPR) del IFT.<\/p>\n<p>En conferencia de prensa, Navarrete consider\u00f3 que, <strong>a pesar de la situaci\u00f3n econ\u00f3mica, s\u00ed habr\u00e1 inter\u00e9s por parte de las empresas para adquirir este recurso.<\/strong><\/p>\n<div id=\"teads_ad\">\n<div id=\"div-gpt-ad-1548262875188-0\" data-google-query-id=\"CI7B7u2iu-4CFYVJ1QodjkIA-A\">El titular de la UPR del Instituto Federal de Telecomunicaciones (IFT) explic\u00f3 que AT&amp;T pudiera interesarse en el espectro de la banda de 850 GHz, donde no cuenta con frecuencias.<\/div>\n<div data-google-query-id=\"CI7B7u2iu-4CFYVJ1QodjkIA-A\">\n<p>&#8220;La empresa AT&amp;T no tiene espectro por ejemplo en estas regiones 1 a 4 en la banda de 850 GHz entonces parecer\u00eda que pudiera ser natural para una empresa como ellos participar por este espectro&#8221;, expres\u00f3 el funcionario<\/p>\n<p>Mientras que los WISP que son proveedores de servicios y utilizan espectro libre pudieran interesarse en el espectro regional para brindar mejores servicios.<\/p>\n<p>&#8220;Uno de los que pudieran ser potenciales interesados, ser\u00edan los WISP, proveedores de servicio de Internet\u00a0inal\u00e1mbrico, estos proveedores utilizan bandas de espectro libre pero por ser espectro libre hay mucha congesti\u00f3n&#8221;.<\/p>\n<p>La licitaci\u00f3n contempla 41 bloques de espectro radioel\u00e9ctrico para telefon\u00eda e Internet m\u00f3viles<strong> y las concesiones tendr\u00e1n 20 a\u00f1os de vigencia.<\/strong><\/p>\n<p>La licitaci\u00f3n inicia el 15 de febrero de 2021 con el env\u00edo al IFT de las manifestaciones de inter\u00e9s y concluye a principios de 2022.<\/p>\n<p>Con informaci\u00f3n de SUN<\/p>\n<\/div>\n<\/div>\n<\/div>\n","protected":false},"excerpt":{"rendered":"<p>AT&amp;T, interesada en licitaci\u00f3n de espectro radioel\u00e9ctrico del IFT Por Redacci\u00f3n QP La licitaci\u00f3n contempla&#8230;<\/p>\n","protected":false},"author":2,"featured_media":73331,"comment_status":"open","ping_status":"open","sticky":false,"template":"","format":"standard","meta":{"_monsterinsights_skip_tracking":false,"_monsterinsights_sitenote_active":false,"_monsterinsights_sitenote_note":"","_monsterinsights_sitenote_category":0,"footnotes":""},"categories":[56],"tags":[],"class_list":["post-73328","post","type-post","status-publish","format-standard","has-post-thumbnail","hentry","category-economia"],"yoast_head":"<!-- This site is optimized with the Yoast SEO plugin v27.3 - https:\/\/yoast.com\/product\/yoast-seo-wordpress\/ -->\n<title>AT&amp;T, interesada en licitaci\u00f3n de espectro radioel\u00e9ctrico del IFT -<\/title>\n<meta name=\"robots\" content=\"index, follow, max-snippet:-1, max-image-preview:large, max-video-preview:-1\" \/>\n<link rel=\"canonical\" href=\"https:\/\/quehacerpolitico.mx\/?p=73328\" \/>\n<meta property=\"og:locale\" content=\"es_MX\" \/>\n<meta property=\"og:type\" content=\"article\" \/>\n<meta property=\"og:title\" content=\"AT&amp;T, interesada en licitaci\u00f3n de espectro radioel\u00e9ctrico del IFT -\" \/>\n<meta property=\"og:description\" content=\"AT&amp;T, interesada en licitaci\u00f3n de espectro radioel\u00e9ctrico del IFT Por Redacci\u00f3n QP La licitaci\u00f3n contempla...\" \/>\n<meta property=\"og:url\" content=\"https:\/\/quehacerpolitico.mx\/?p=73328\" \/>\n<meta property=\"article:published_time\" content=\"2021-01-27T04:31:55+00:00\" \/>\n<meta property=\"og:image\" content=\"https:\/\/quehacerpolitico.mx\/wp-content\/uploads\/2021\/01\/4B909DB6-7F06-4FE7-BB37-029C0AA35D13.jpeg\" \/>\n\t<meta property=\"og:image:width\" content=\"640\" \/>\n\t<meta property=\"og:image:height\" content=\"480\" \/>\n\t<meta property=\"og:image:type\" content=\"image\/jpeg\" \/>\n<meta name=\"author\" content=\"Redacci\u00f3n QP\" \/>\n<meta name=\"twitter:card\" content=\"summary_large_image\" \/>\n<meta name=\"twitter:label1\" content=\"Escrito por\" \/>\n\t<meta name=\"twitter:data1\" content=\"Redacci\u00f3n QP\" \/>\n\t<meta name=\"twitter:label2\" content=\"Tiempo de lectura\" \/>\n\t<meta name=\"twitter:data2\" content=\"2 minutos\" \/>\n<script type=\"application\/ld+json\" class=\"yoast-schema-graph\">{\"@context\":\"https:\\\/\\\/schema.org\",\"@graph\":[{\"@type\":\"Article\",\"@id\":\"https:\\\/\\\/quehacerpolitico.mx\\\/?p=73328#article\",\"isPartOf\":{\"@id\":\"https:\\\/\\\/quehacerpolitico.mx\\\/?p=73328\"},\"author\":{\"name\":\"Redacci\u00f3n QP\",\"@id\":\"https:\\\/\\\/quehacerpolitico.mx\\\/#\\\/schema\\\/person\\\/496d8ad2d1d3f8036101dca7ee39e585\"},\"headline\":\"AT&#038;T, interesada en licitaci\u00f3n de espectro radioel\u00e9ctrico del IFT\",\"datePublished\":\"2021-01-27T04:31:55+00:00\",\"mainEntityOfPage\":{\"@id\":\"https:\\\/\\\/quehacerpolitico.mx\\\/?p=73328\"},\"wordCount\":312,\"commentCount\":0,\"image\":{\"@id\":\"https:\\\/\\\/quehacerpolitico.mx\\\/?p=73328#primaryimage\"},\"thumbnailUrl\":\"https:\\\/\\\/quehacerpolitico.mx\\\/wp-content\\\/uploads\\\/2021\\\/01\\\/4B909DB6-7F06-4FE7-BB37-029C0AA35D13.jpeg\",\"articleSection\":[\"Econom\u00eda\"],\"inLanguage\":\"es\",\"potentialAction\":[{\"@type\":\"CommentAction\",\"name\":\"Comment\",\"target\":[\"https:\\\/\\\/quehacerpolitico.mx\\\/?p=73328#respond\"]}]},{\"@type\":\"WebPage\",\"@id\":\"https:\\\/\\\/quehacerpolitico.mx\\\/?p=73328\",\"url\":\"https:\\\/\\\/quehacerpolitico.mx\\\/?p=73328\",\"name\":\"AT&T, interesada en licitaci\u00f3n de espectro radioel\u00e9ctrico del IFT -\",\"isPartOf\":{\"@id\":\"https:\\\/\\\/quehacerpolitico.mx\\\/#website\"},\"primaryImageOfPage\":{\"@id\":\"https:\\\/\\\/quehacerpolitico.mx\\\/?p=73328#primaryimage\"},\"image\":{\"@id\":\"https:\\\/\\\/quehacerpolitico.mx\\\/?p=73328#primaryimage\"},\"thumbnailUrl\":\"https:\\\/\\\/quehacerpolitico.mx\\\/wp-content\\\/uploads\\\/2021\\\/01\\\/4B909DB6-7F06-4FE7-BB37-029C0AA35D13.jpeg\",\"datePublished\":\"2021-01-27T04:31:55+00:00\",\"author\":{\"@id\":\"https:\\\/\\\/quehacerpolitico.mx\\\/#\\\/schema\\\/person\\\/496d8ad2d1d3f8036101dca7ee39e585\"},\"breadcrumb\":{\"@id\":\"https:\\\/\\\/quehacerpolitico.mx\\\/?p=73328#breadcrumb\"},\"inLanguage\":\"es\",\"potentialAction\":[{\"@type\":\"ReadAction\",\"target\":[\"https:\\\/\\\/quehacerpolitico.mx\\\/?p=73328\"]}]},{\"@type\":\"ImageObject\",\"inLanguage\":\"es\",\"@id\":\"https:\\\/\\\/quehacerpolitico.mx\\\/?p=73328#primaryimage\",\"url\":\"https:\\\/\\\/quehacerpolitico.mx\\\/wp-content\\\/uploads\\\/2021\\\/01\\\/4B909DB6-7F06-4FE7-BB37-029C0AA35D13.jpeg\",\"contentUrl\":\"https:\\\/\\\/quehacerpolitico.mx\\\/wp-content\\\/uploads\\\/2021\\\/01\\\/4B909DB6-7F06-4FE7-BB37-029C0AA35D13.jpeg\",\"width\":640,\"height\":480},{\"@type\":\"BreadcrumbList\",\"@id\":\"https:\\\/\\\/quehacerpolitico.mx\\\/?p=73328#breadcrumb\",\"itemListElement\":[{\"@type\":\"ListItem\",\"position\":1,\"name\":\"Inicio\",\"item\":\"https:\\\/\\\/quehacerpolitico.mx\\\/\"},{\"@type\":\"ListItem\",\"position\":2,\"name\":\"AT&#038;T, interesada en licitaci\u00f3n de espectro radioel\u00e9ctrico del IFT\"}]},{\"@type\":\"WebSite\",\"@id\":\"https:\\\/\\\/quehacerpolitico.mx\\\/#website\",\"url\":\"https:\\\/\\\/quehacerpolitico.mx\\\/\",\"name\":\"\",\"description\":\"\",\"potentialAction\":[{\"@type\":\"SearchAction\",\"target\":{\"@type\":\"EntryPoint\",\"urlTemplate\":\"https:\\\/\\\/quehacerpolitico.mx\\\/?s={search_term_string}\"},\"query-input\":{\"@type\":\"PropertyValueSpecification\",\"valueRequired\":true,\"valueName\":\"search_term_string\"}}],\"inLanguage\":\"es\"},{\"@type\":\"Person\",\"@id\":\"https:\\\/\\\/quehacerpolitico.mx\\\/#\\\/schema\\\/person\\\/496d8ad2d1d3f8036101dca7ee39e585\",\"name\":\"Redacci\u00f3n QP\",\"image\":{\"@type\":\"ImageObject\",\"inLanguage\":\"es\",\"@id\":\"https:\\\/\\\/secure.gravatar.com\\\/avatar\\\/c7164ed6fdec453195284ad24a5ae5b6e1eed2b848477fa2a4787ba9adf39a41?s=96&d=mm&r=g\",\"url\":\"https:\\\/\\\/secure.gravatar.com\\\/avatar\\\/c7164ed6fdec453195284ad24a5ae5b6e1eed2b848477fa2a4787ba9adf39a41?s=96&d=mm&r=g\",\"contentUrl\":\"https:\\\/\\\/secure.gravatar.com\\\/avatar\\\/c7164ed6fdec453195284ad24a5ae5b6e1eed2b848477fa2a4787ba9adf39a41?s=96&d=mm&r=g\",\"caption\":\"Redacci\u00f3n QP\"},\"url\":\"https:\\\/\\\/quehacerpolitico.mx\\\/?author=2\"}]}<\/script>\n<!-- \/ Yoast SEO plugin. -->","yoast_head_json":{"title":"AT&T, interesada en licitaci\u00f3n de espectro radioel\u00e9ctrico del IFT -","robots":{"index":"index","follow":"follow","max-snippet":"max-snippet:-1","max-image-preview":"max-image-preview:large","max-video-preview":"max-video-preview:-1"},"canonical":"https:\/\/quehacerpolitico.mx\/?p=73328","og_locale":"es_MX","og_type":"article","og_title":"AT&T, interesada en licitaci\u00f3n de espectro radioel\u00e9ctrico del IFT -","og_description":"AT&amp;T, interesada en licitaci\u00f3n de espectro radioel\u00e9ctrico del IFT Por Redacci\u00f3n QP La licitaci\u00f3n contempla...","og_url":"https:\/\/quehacerpolitico.mx\/?p=73328","article_published_time":"2021-01-27T04:31:55+00:00","og_image":[{"width":640,"height":480,"url":"https:\/\/quehacerpolitico.mx\/wp-content\/uploads\/2021\/01\/4B909DB6-7F06-4FE7-BB37-029C0AA35D13.jpeg","type":"image\/jpeg"}],"author":"Redacci\u00f3n QP","twitter_card":"summary_large_image","twitter_misc":{"Escrito por":"Redacci\u00f3n QP","Tiempo de lectura":"2 minutos"},"schema":{"@context":"https:\/\/schema.org","@graph":[{"@type":"Article","@id":"https:\/\/quehacerpolitico.mx\/?p=73328#article","isPartOf":{"@id":"https:\/\/quehacerpolitico.mx\/?p=73328"},"author":{"name":"Redacci\u00f3n QP","@id":"https:\/\/quehacerpolitico.mx\/#\/schema\/person\/496d8ad2d1d3f8036101dca7ee39e585"},"headline":"AT&#038;T, interesada en licitaci\u00f3n de espectro radioel\u00e9ctrico del IFT","datePublished":"2021-01-27T04:31:55+00:00","mainEntityOfPage":{"@id":"https:\/\/quehacerpolitico.mx\/?p=73328"},"wordCount":312,"commentCount":0,"image":{"@id":"https:\/\/quehacerpolitico.mx\/?p=73328#primaryimage"},"thumbnailUrl":"https:\/\/quehacerpolitico.mx\/wp-content\/uploads\/2021\/01\/4B909DB6-7F06-4FE7-BB37-029C0AA35D13.jpeg","articleSection":["Econom\u00eda"],"inLanguage":"es","potentialAction":[{"@type":"CommentAction","name":"Comment","target":["https:\/\/quehacerpolitico.mx\/?p=73328#respond"]}]},{"@type":"WebPage","@id":"https:\/\/quehacerpolitico.mx\/?p=73328","url":"https:\/\/quehacerpolitico.mx\/?p=73328","name":"AT&T, interesada en licitaci\u00f3n de espectro radioel\u00e9ctrico del IFT -","isPartOf":{"@id":"https:\/\/quehacerpolitico.mx\/#website"},"primaryImageOfPage":{"@id":"https:\/\/quehacerpolitico.mx\/?p=73328#primaryimage"},"image":{"@id":"https:\/\/quehacerpolitico.mx\/?p=73328#primaryimage"},"thumbnailUrl":"https:\/\/quehacerpolitico.mx\/wp-content\/uploads\/2021\/01\/4B909DB6-7F06-4FE7-BB37-029C0AA35D13.jpeg","datePublished":"2021-01-27T04:31:55+00:00","author":{"@id":"https:\/\/quehacerpolitico.mx\/#\/schema\/person\/496d8ad2d1d3f8036101dca7ee39e585"},"breadcrumb":{"@id":"https:\/\/quehacerpolitico.mx\/?p=73328#breadcrumb"},"inLanguage":"es","potentialAction":[{"@type":"ReadAction","target":["https:\/\/quehacerpolitico.mx\/?p=73328"]}]},{"@type":"ImageObject","inLanguage":"es","@id":"https:\/\/quehacerpolitico.mx\/?p=73328#primaryimage","url":"https:\/\/quehacerpolitico.mx\/wp-content\/uploads\/2021\/01\/4B909DB6-7F06-4FE7-BB37-029C0AA35D13.jpeg","contentUrl":"https:\/\/quehacerpolitico.mx\/wp-content\/uploads\/2021\/01\/4B909DB6-7F06-4FE7-BB37-029C0AA35D13.jpeg","width":640,"height":480},{"@type":"BreadcrumbList","@id":"https:\/\/quehacerpolitico.mx\/?p=73328#breadcrumb","itemListElement":[{"@type":"ListItem","position":1,"name":"Inicio","item":"https:\/\/quehacerpolitico.mx\/"},{"@type":"ListItem","position":2,"name":"AT&#038;T, interesada en licitaci\u00f3n de espectro radioel\u00e9ctrico del IFT"}]},{"@type":"WebSite","@id":"https:\/\/quehacerpolitico.mx\/#website","url":"https:\/\/quehacerpolitico.mx\/","name":"","description":"","potentialAction":[{"@type":"SearchAction","target":{"@type":"EntryPoint","urlTemplate":"https:\/\/quehacerpolitico.mx\/?s={search_term_string}"},"query-input":{"@type":"PropertyValueSpecification","valueRequired":true,"valueName":"search_term_string"}}],"inLanguage":"es"},{"@type":"Person","@id":"https:\/\/quehacerpolitico.mx\/#\/schema\/person\/496d8ad2d1d3f8036101dca7ee39e585","name":"Redacci\u00f3n QP","image":{"@type":"ImageObject","inLanguage":"es","@id":"https:\/\/secure.gravatar.com\/avatar\/c7164ed6fdec453195284ad24a5ae5b6e1eed2b848477fa2a4787ba9adf39a41?s=96&d=mm&r=g","url":"https:\/\/secure.gravatar.com\/avatar\/c7164ed6fdec453195284ad24a5ae5b6e1eed2b848477fa2a4787ba9adf39a41?s=96&d=mm&r=g","contentUrl":"https:\/\/secure.gravatar.com\/avatar\/c7164ed6fdec453195284ad24a5ae5b6e1eed2b848477fa2a4787ba9adf39a41?s=96&d=mm&r=g","caption":"Redacci\u00f3n QP"},"url":"https:\/\/quehacerpolitico.mx\/?author=2"}]}},"featured_image_urls":{"full":["https:\/\/quehacerpolitico.mx\/wp-content\/uploads\/2021\/01\/4B909DB6-7F06-4FE7-BB37-029C0AA35D13.jpeg",640,480,false],"thumbnail":["https:\/\/quehacerpolitico.mx\/wp-content\/uploads\/2021\/01\/4B909DB6-7F06-4FE7-BB37-029C0AA35D13-150x150.jpeg",150,150,true],"medium":["https:\/\/quehacerpolitico.mx\/wp-content\/uploads\/2021\/01\/4B909DB6-7F06-4FE7-BB37-029C0AA35D13-300x225.jpeg",300,225,true],"medium_large":["https:\/\/quehacerpolitico.mx\/wp-content\/uploads\/2021\/01\/4B909DB6-7F06-4FE7-BB37-029C0AA35D13.jpeg",640,480,false],"large":["https:\/\/quehacerpolitico.mx\/wp-content\/uploads\/2021\/01\/4B909DB6-7F06-4FE7-BB37-029C0AA35D13.jpeg",640,480,false],"1536x1536":["https:\/\/quehacerpolitico.mx\/wp-content\/uploads\/2021\/01\/4B909DB6-7F06-4FE7-BB37-029C0AA35D13.jpeg",640,480,false],"2048x2048":["https:\/\/quehacerpolitico.mx\/wp-content\/uploads\/2021\/01\/4B909DB6-7F06-4FE7-BB37-029C0AA35D13.jpeg",640,480,false],"covernews-featured":["https:\/\/quehacerpolitico.mx\/wp-content\/uploads\/2021\/01\/4B909DB6-7F06-4FE7-BB37-029C0AA35D13.jpeg",640,480,false],"covernews-medium":["https:\/\/quehacerpolitico.mx\/wp-content\/uploads\/2021\/01\/4B909DB6-7F06-4FE7-BB37-029C0AA35D13.jpeg",453,340,false]},"author_info":{"display_name":"Redacci\u00f3n QP","author_link":"https:\/\/quehacerpolitico.mx\/?author=2"},"category_info":"<a href=\"https:\/\/quehacerpolitico.mx\/?cat=56\" rel=\"category\">Econom\u00eda<\/a>","tag_info":"Econom\u00eda","comment_count":"0","_links":{"self":[{"href":"https:\/\/quehacerpolitico.mx\/index.php?rest_route=\/wp\/v2\/posts\/73328","targetHints":{"allow":["GET"]}}],"collection":[{"href":"https:\/\/quehacerpolitico.mx\/index.php?rest_route=\/wp\/v2\/posts"}],"about":[{"href":"https:\/\/quehacerpolitico.mx\/index.php?rest_route=\/wp\/v2\/types\/post"}],"author":[{"embeddable":true,"href":"https:\/\/quehacerpolitico.mx\/index.php?rest_route=\/wp\/v2\/users\/2"}],"replies":[{"embeddable":true,"href":"https:\/\/quehacerpolitico.mx\/index.php?rest_route=%2Fwp%2Fv2%2Fcomments&post=73328"}],"version-history":[{"count":0,"href":"https:\/\/quehacerpolitico.mx\/index.php?rest_route=\/wp\/v2\/posts\/73328\/revisions"}],"wp:featuredmedia":[{"embeddable":true,"href":"https:\/\/quehacerpolitico.mx\/index.php?rest_route=\/wp\/v2\/media\/73331"}],"wp:attachment":[{"href":"https:\/\/quehacerpolitico.mx\/index.php?rest_route=%2Fwp%2Fv2%2Fmedia&parent=73328"}],"wp:term":[{"taxonomy":"category","embeddable":true,"href":"https:\/\/quehacerpolitico.mx\/index.php?rest_route=%2Fwp%2Fv2%2Fcategories&post=73328"},{"taxonomy":"post_tag","embeddable":true,"href":"https:\/\/quehacerpolitico.mx\/index.php?rest_route=%2Fwp%2Fv2%2Ftags&post=73328"}],"curies":[{"name":"wp","href":"https:\/\/api.w.org\/{rel}","templated":true}]}}