{"id":73323,"date":"2021-01-27T04:18:43","date_gmt":"2021-01-27T04:18:43","guid":{"rendered":"https:\/\/quehacerpolitico.mx\/?p=73323"},"modified":"2021-01-27T04:18:43","modified_gmt":"2021-01-27T04:18:43","slug":"amazon-abre-nuevas-plazas-de-trabajo-en-este-2021","status":"publish","type":"post","link":"https:\/\/quehacerpolitico.mx\/?p=73323","title":{"rendered":"Amazon abre nuevas plazas de trabajo en este 2021"},"content":{"rendered":"<h1 class=\"news-title\">Amazon abre nuevas plazas de trabajo en este 2021<br \/>\nPor Redacci\u00f3n QP<\/h1>\n<p>La empresa mantiene su crecimiento y busca a tres mil empleados m\u00e1s para la zona de Boston, Estados Unidos<\/p>\n<p>La ola de contrataciones que Amazon\u00a0lanz\u00f3 en 2020 se ha mantenido en el nuevo a\u00f1o y est\u00e1 buscando tres mil empleados m\u00e1s para la zona de Boston.<\/p>\n<p>Las contrataciones anunciadas el martes <strong>duplicar\u00e1n la n\u00f3mina de empresa en su centro tecnol\u00f3gico en Boston<\/strong>, llenando vacantes en los departamentos de Alexa, Amazon Web Services, Amazon Robotics y Amazon Pharmacy.<\/p>\n<p>Amazon, junto contras empresas que dependen de los env\u00edos por correo, han prosperado en esta \u00e9poca en que mucha gente se abstiene de salir de compras por temor al coronavirus<\/p>\n<div class=\"banner b2\">\n<div id=\"div-gpt-ad-1505954097040-2\" data-google-query-id=\"CP6pmZCgu-4CFUnEwAodURcHQA\">\n<p>En el trimestre que concluy\u00f3 en septiembre del a\u00f1o pasado, <strong>Amazon contrat\u00f3 m\u00e1s de 250 mil personas a tiempo parcial o completo<\/strong>, indic\u00f3 el director financiero Brian Olsavsky en una teleconferencia con analistas. En octubre contrat\u00f3 a otras 100 mil.<\/p>\n<p>Amazon tiene actualmente m\u00e1s de un mill\u00f3n de empleados, de los cuales 800 mil est\u00e1n en Estados Unidos;\u00a0la compa\u00f1\u00eda calcula que en el cuarto trimestre del a\u00f1o pasado sus ventas aumentaron 38% a 121 mil millones de d\u00f3lares.<\/p>\n<p>Los empleos anunciados el martes <strong>son en las \u00e1reas de programaci\u00f3n, inteligencia artificial, gerencia de producci\u00f3n, recursos humanos, finanzas y otras<\/strong>.<\/p>\n<p>Con informaci\u00f3n de AP<\/p>\n<\/div>\n<\/div>\n","protected":false},"excerpt":{"rendered":"<p>Amazon abre nuevas plazas de trabajo en este 2021 Por Redacci\u00f3n QP La empresa mantiene&#8230;<\/p>\n","protected":false},"author":2,"featured_media":73326,"comment_status":"open","ping_status":"open","sticky":false,"template":"","format":"standard","meta":{"_monsterinsights_skip_tracking":false,"_monsterinsights_sitenote_active":false,"_monsterinsights_sitenote_note":"","_monsterinsights_sitenote_category":0,"footnotes":""},"categories":[56],"tags":[],"class_list":["post-73323","post","type-post","status-publish","format-standard","has-post-thumbnail","hentry","category-economia"],"yoast_head":"<!-- This site is optimized with the Yoast SEO plugin v27.3 - https:\/\/yoast.com\/product\/yoast-seo-wordpress\/ -->\n<title>Amazon abre nuevas plazas de trabajo en este 2021 -<\/title>\n<meta name=\"robots\" content=\"index, follow, max-snippet:-1, max-image-preview:large, max-video-preview:-1\" \/>\n<link rel=\"canonical\" href=\"https:\/\/quehacerpolitico.mx\/?p=73323\" \/>\n<meta property=\"og:locale\" content=\"es_MX\" \/>\n<meta property=\"og:type\" content=\"article\" \/>\n<meta property=\"og:title\" content=\"Amazon abre nuevas plazas de trabajo en este 2021 -\" \/>\n<meta property=\"og:description\" content=\"Amazon abre nuevas plazas de trabajo en este 2021 Por Redacci\u00f3n QP La empresa mantiene...\" \/>\n<meta property=\"og:url\" content=\"https:\/\/quehacerpolitico.mx\/?p=73323\" \/>\n<meta property=\"article:published_time\" content=\"2021-01-27T04:18:43+00:00\" \/>\n<meta property=\"og:image\" content=\"https:\/\/quehacerpolitico.mx\/wp-content\/uploads\/2021\/01\/A2275580-218E-49CE-AE17-DAC061471B3C.jpeg\" \/>\n\t<meta property=\"og:image:width\" content=\"700\" \/>\n\t<meta property=\"og:image:height\" content=\"437\" \/>\n\t<meta property=\"og:image:type\" content=\"image\/jpeg\" \/>\n<meta name=\"author\" content=\"Redacci\u00f3n QP\" \/>\n<meta name=\"twitter:card\" content=\"summary_large_image\" \/>\n<meta name=\"twitter:label1\" content=\"Escrito por\" \/>\n\t<meta name=\"twitter:data1\" content=\"Redacci\u00f3n QP\" \/>\n\t<meta name=\"twitter:label2\" content=\"Tiempo de lectura\" \/>\n\t<meta name=\"twitter:data2\" content=\"1 minuto\" \/>\n<script type=\"application\/ld+json\" class=\"yoast-schema-graph\">{\"@context\":\"https:\\\/\\\/schema.org\",\"@graph\":[{\"@type\":\"Article\",\"@id\":\"https:\\\/\\\/quehacerpolitico.mx\\\/?p=73323#article\",\"isPartOf\":{\"@id\":\"https:\\\/\\\/quehacerpolitico.mx\\\/?p=73323\"},\"author\":{\"name\":\"Redacci\u00f3n QP\",\"@id\":\"https:\\\/\\\/quehacerpolitico.mx\\\/#\\\/schema\\\/person\\\/496d8ad2d1d3f8036101dca7ee39e585\"},\"headline\":\"Amazon abre nuevas plazas de trabajo en este 2021\",\"datePublished\":\"2021-01-27T04:18:43+00:00\",\"mainEntityOfPage\":{\"@id\":\"https:\\\/\\\/quehacerpolitico.mx\\\/?p=73323\"},\"wordCount\":244,\"commentCount\":0,\"image\":{\"@id\":\"https:\\\/\\\/quehacerpolitico.mx\\\/?p=73323#primaryimage\"},\"thumbnailUrl\":\"https:\\\/\\\/quehacerpolitico.mx\\\/wp-content\\\/uploads\\\/2021\\\/01\\\/A2275580-218E-49CE-AE17-DAC061471B3C.jpeg\",\"articleSection\":[\"Econom\u00eda\"],\"inLanguage\":\"es\",\"potentialAction\":[{\"@type\":\"CommentAction\",\"name\":\"Comment\",\"target\":[\"https:\\\/\\\/quehacerpolitico.mx\\\/?p=73323#respond\"]}]},{\"@type\":\"WebPage\",\"@id\":\"https:\\\/\\\/quehacerpolitico.mx\\\/?p=73323\",\"url\":\"https:\\\/\\\/quehacerpolitico.mx\\\/?p=73323\",\"name\":\"Amazon abre nuevas plazas de trabajo en este 2021 -\",\"isPartOf\":{\"@id\":\"https:\\\/\\\/quehacerpolitico.mx\\\/#website\"},\"primaryImageOfPage\":{\"@id\":\"https:\\\/\\\/quehacerpolitico.mx\\\/?p=73323#primaryimage\"},\"image\":{\"@id\":\"https:\\\/\\\/quehacerpolitico.mx\\\/?p=73323#primaryimage\"},\"thumbnailUrl\":\"https:\\\/\\\/quehacerpolitico.mx\\\/wp-content\\\/uploads\\\/2021\\\/01\\\/A2275580-218E-49CE-AE17-DAC061471B3C.jpeg\",\"datePublished\":\"2021-01-27T04:18:43+00:00\",\"author\":{\"@id\":\"https:\\\/\\\/quehacerpolitico.mx\\\/#\\\/schema\\\/person\\\/496d8ad2d1d3f8036101dca7ee39e585\"},\"breadcrumb\":{\"@id\":\"https:\\\/\\\/quehacerpolitico.mx\\\/?p=73323#breadcrumb\"},\"inLanguage\":\"es\",\"potentialAction\":[{\"@type\":\"ReadAction\",\"target\":[\"https:\\\/\\\/quehacerpolitico.mx\\\/?p=73323\"]}]},{\"@type\":\"ImageObject\",\"inLanguage\":\"es\",\"@id\":\"https:\\\/\\\/quehacerpolitico.mx\\\/?p=73323#primaryimage\",\"url\":\"https:\\\/\\\/quehacerpolitico.mx\\\/wp-content\\\/uploads\\\/2021\\\/01\\\/A2275580-218E-49CE-AE17-DAC061471B3C.jpeg\",\"contentUrl\":\"https:\\\/\\\/quehacerpolitico.mx\\\/wp-content\\\/uploads\\\/2021\\\/01\\\/A2275580-218E-49CE-AE17-DAC061471B3C.jpeg\",\"width\":700,\"height\":437},{\"@type\":\"BreadcrumbList\",\"@id\":\"https:\\\/\\\/quehacerpolitico.mx\\\/?p=73323#breadcrumb\",\"itemListElement\":[{\"@type\":\"ListItem\",\"position\":1,\"name\":\"Inicio\",\"item\":\"https:\\\/\\\/quehacerpolitico.mx\\\/\"},{\"@type\":\"ListItem\",\"position\":2,\"name\":\"Amazon abre nuevas plazas de trabajo en este 2021\"}]},{\"@type\":\"WebSite\",\"@id\":\"https:\\\/\\\/quehacerpolitico.mx\\\/#website\",\"url\":\"https:\\\/\\\/quehacerpolitico.mx\\\/\",\"name\":\"\",\"description\":\"\",\"potentialAction\":[{\"@type\":\"SearchAction\",\"target\":{\"@type\":\"EntryPoint\",\"urlTemplate\":\"https:\\\/\\\/quehacerpolitico.mx\\\/?s={search_term_string}\"},\"query-input\":{\"@type\":\"PropertyValueSpecification\",\"valueRequired\":true,\"valueName\":\"search_term_string\"}}],\"inLanguage\":\"es\"},{\"@type\":\"Person\",\"@id\":\"https:\\\/\\\/quehacerpolitico.mx\\\/#\\\/schema\\\/person\\\/496d8ad2d1d3f8036101dca7ee39e585\",\"name\":\"Redacci\u00f3n QP\",\"image\":{\"@type\":\"ImageObject\",\"inLanguage\":\"es\",\"@id\":\"https:\\\/\\\/secure.gravatar.com\\\/avatar\\\/c7164ed6fdec453195284ad24a5ae5b6e1eed2b848477fa2a4787ba9adf39a41?s=96&d=mm&r=g\",\"url\":\"https:\\\/\\\/secure.gravatar.com\\\/avatar\\\/c7164ed6fdec453195284ad24a5ae5b6e1eed2b848477fa2a4787ba9adf39a41?s=96&d=mm&r=g\",\"contentUrl\":\"https:\\\/\\\/secure.gravatar.com\\\/avatar\\\/c7164ed6fdec453195284ad24a5ae5b6e1eed2b848477fa2a4787ba9adf39a41?s=96&d=mm&r=g\",\"caption\":\"Redacci\u00f3n QP\"},\"url\":\"https:\\\/\\\/quehacerpolitico.mx\\\/?author=2\"}]}<\/script>\n<!-- \/ Yoast SEO plugin. -->","yoast_head_json":{"title":"Amazon abre nuevas plazas de trabajo en este 2021 -","robots":{"index":"index","follow":"follow","max-snippet":"max-snippet:-1","max-image-preview":"max-image-preview:large","max-video-preview":"max-video-preview:-1"},"canonical":"https:\/\/quehacerpolitico.mx\/?p=73323","og_locale":"es_MX","og_type":"article","og_title":"Amazon abre nuevas plazas de trabajo en este 2021 -","og_description":"Amazon abre nuevas plazas de trabajo en este 2021 Por Redacci\u00f3n QP La empresa mantiene...","og_url":"https:\/\/quehacerpolitico.mx\/?p=73323","article_published_time":"2021-01-27T04:18:43+00:00","og_image":[{"width":700,"height":437,"url":"https:\/\/quehacerpolitico.mx\/wp-content\/uploads\/2021\/01\/A2275580-218E-49CE-AE17-DAC061471B3C.jpeg","type":"image\/jpeg"}],"author":"Redacci\u00f3n QP","twitter_card":"summary_large_image","twitter_misc":{"Escrito por":"Redacci\u00f3n QP","Tiempo de lectura":"1 minuto"},"schema":{"@context":"https:\/\/schema.org","@graph":[{"@type":"Article","@id":"https:\/\/quehacerpolitico.mx\/?p=73323#article","isPartOf":{"@id":"https:\/\/quehacerpolitico.mx\/?p=73323"},"author":{"name":"Redacci\u00f3n QP","@id":"https:\/\/quehacerpolitico.mx\/#\/schema\/person\/496d8ad2d1d3f8036101dca7ee39e585"},"headline":"Amazon abre nuevas plazas de trabajo en este 2021","datePublished":"2021-01-27T04:18:43+00:00","mainEntityOfPage":{"@id":"https:\/\/quehacerpolitico.mx\/?p=73323"},"wordCount":244,"commentCount":0,"image":{"@id":"https:\/\/quehacerpolitico.mx\/?p=73323#primaryimage"},"thumbnailUrl":"https:\/\/quehacerpolitico.mx\/wp-content\/uploads\/2021\/01\/A2275580-218E-49CE-AE17-DAC061471B3C.jpeg","articleSection":["Econom\u00eda"],"inLanguage":"es","potentialAction":[{"@type":"CommentAction","name":"Comment","target":["https:\/\/quehacerpolitico.mx\/?p=73323#respond"]}]},{"@type":"WebPage","@id":"https:\/\/quehacerpolitico.mx\/?p=73323","url":"https:\/\/quehacerpolitico.mx\/?p=73323","name":"Amazon abre nuevas plazas de trabajo en este 2021 -","isPartOf":{"@id":"https:\/\/quehacerpolitico.mx\/#website"},"primaryImageOfPage":{"@id":"https:\/\/quehacerpolitico.mx\/?p=73323#primaryimage"},"image":{"@id":"https:\/\/quehacerpolitico.mx\/?p=73323#primaryimage"},"thumbnailUrl":"https:\/\/quehacerpolitico.mx\/wp-content\/uploads\/2021\/01\/A2275580-218E-49CE-AE17-DAC061471B3C.jpeg","datePublished":"2021-01-27T04:18:43+00:00","author":{"@id":"https:\/\/quehacerpolitico.mx\/#\/schema\/person\/496d8ad2d1d3f8036101dca7ee39e585"},"breadcrumb":{"@id":"https:\/\/quehacerpolitico.mx\/?p=73323#breadcrumb"},"inLanguage":"es","potentialAction":[{"@type":"ReadAction","target":["https:\/\/quehacerpolitico.mx\/?p=73323"]}]},{"@type":"ImageObject","inLanguage":"es","@id":"https:\/\/quehacerpolitico.mx\/?p=73323#primaryimage","url":"https:\/\/quehacerpolitico.mx\/wp-content\/uploads\/2021\/01\/A2275580-218E-49CE-AE17-DAC061471B3C.jpeg","contentUrl":"https:\/\/quehacerpolitico.mx\/wp-content\/uploads\/2021\/01\/A2275580-218E-49CE-AE17-DAC061471B3C.jpeg","width":700,"height":437},{"@type":"BreadcrumbList","@id":"https:\/\/quehacerpolitico.mx\/?p=73323#breadcrumb","itemListElement":[{"@type":"ListItem","position":1,"name":"Inicio","item":"https:\/\/quehacerpolitico.mx\/"},{"@type":"ListItem","position":2,"name":"Amazon abre nuevas plazas de trabajo en este 2021"}]},{"@type":"WebSite","@id":"https:\/\/quehacerpolitico.mx\/#website","url":"https:\/\/quehacerpolitico.mx\/","name":"","description":"","potentialAction":[{"@type":"SearchAction","target":{"@type":"EntryPoint","urlTemplate":"https:\/\/quehacerpolitico.mx\/?s={search_term_string}"},"query-input":{"@type":"PropertyValueSpecification","valueRequired":true,"valueName":"search_term_string"}}],"inLanguage":"es"},{"@type":"Person","@id":"https:\/\/quehacerpolitico.mx\/#\/schema\/person\/496d8ad2d1d3f8036101dca7ee39e585","name":"Redacci\u00f3n QP","image":{"@type":"ImageObject","inLanguage":"es","@id":"https:\/\/secure.gravatar.com\/avatar\/c7164ed6fdec453195284ad24a5ae5b6e1eed2b848477fa2a4787ba9adf39a41?s=96&d=mm&r=g","url":"https:\/\/secure.gravatar.com\/avatar\/c7164ed6fdec453195284ad24a5ae5b6e1eed2b848477fa2a4787ba9adf39a41?s=96&d=mm&r=g","contentUrl":"https:\/\/secure.gravatar.com\/avatar\/c7164ed6fdec453195284ad24a5ae5b6e1eed2b848477fa2a4787ba9adf39a41?s=96&d=mm&r=g","caption":"Redacci\u00f3n QP"},"url":"https:\/\/quehacerpolitico.mx\/?author=2"}]}},"featured_image_urls":{"full":["https:\/\/quehacerpolitico.mx\/wp-content\/uploads\/2021\/01\/A2275580-218E-49CE-AE17-DAC061471B3C.jpeg",700,437,false],"thumbnail":["https:\/\/quehacerpolitico.mx\/wp-content\/uploads\/2021\/01\/A2275580-218E-49CE-AE17-DAC061471B3C-150x150.jpeg",150,150,true],"medium":["https:\/\/quehacerpolitico.mx\/wp-content\/uploads\/2021\/01\/A2275580-218E-49CE-AE17-DAC061471B3C-300x187.jpeg",300,187,true],"medium_large":["https:\/\/quehacerpolitico.mx\/wp-content\/uploads\/2021\/01\/A2275580-218E-49CE-AE17-DAC061471B3C.jpeg",640,400,false],"large":["https:\/\/quehacerpolitico.mx\/wp-content\/uploads\/2021\/01\/A2275580-218E-49CE-AE17-DAC061471B3C.jpeg",640,400,false],"1536x1536":["https:\/\/quehacerpolitico.mx\/wp-content\/uploads\/2021\/01\/A2275580-218E-49CE-AE17-DAC061471B3C.jpeg",700,437,false],"2048x2048":["https:\/\/quehacerpolitico.mx\/wp-content\/uploads\/2021\/01\/A2275580-218E-49CE-AE17-DAC061471B3C.jpeg",700,437,false],"covernews-featured":["https:\/\/quehacerpolitico.mx\/wp-content\/uploads\/2021\/01\/A2275580-218E-49CE-AE17-DAC061471B3C.jpeg",700,437,false],"covernews-medium":["https:\/\/quehacerpolitico.mx\/wp-content\/uploads\/2021\/01\/A2275580-218E-49CE-AE17-DAC061471B3C.jpeg",540,337,false]},"author_info":{"display_name":"Redacci\u00f3n QP","author_link":"https:\/\/quehacerpolitico.mx\/?author=2"},"category_info":"<a href=\"https:\/\/quehacerpolitico.mx\/?cat=56\" rel=\"category\">Econom\u00eda<\/a>","tag_info":"Econom\u00eda","comment_count":"0","_links":{"self":[{"href":"https:\/\/quehacerpolitico.mx\/index.php?rest_route=\/wp\/v2\/posts\/73323","targetHints":{"allow":["GET"]}}],"collection":[{"href":"https:\/\/quehacerpolitico.mx\/index.php?rest_route=\/wp\/v2\/posts"}],"about":[{"href":"https:\/\/quehacerpolitico.mx\/index.php?rest_route=\/wp\/v2\/types\/post"}],"author":[{"embeddable":true,"href":"https:\/\/quehacerpolitico.mx\/index.php?rest_route=\/wp\/v2\/users\/2"}],"replies":[{"embeddable":true,"href":"https:\/\/quehacerpolitico.mx\/index.php?rest_route=%2Fwp%2Fv2%2Fcomments&post=73323"}],"version-history":[{"count":0,"href":"https:\/\/quehacerpolitico.mx\/index.php?rest_route=\/wp\/v2\/posts\/73323\/revisions"}],"wp:featuredmedia":[{"embeddable":true,"href":"https:\/\/quehacerpolitico.mx\/index.php?rest_route=\/wp\/v2\/media\/73326"}],"wp:attachment":[{"href":"https:\/\/quehacerpolitico.mx\/index.php?rest_route=%2Fwp%2Fv2%2Fmedia&parent=73323"}],"wp:term":[{"taxonomy":"category","embeddable":true,"href":"https:\/\/quehacerpolitico.mx\/index.php?rest_route=%2Fwp%2Fv2%2Fcategories&post=73323"},{"taxonomy":"post_tag","embeddable":true,"href":"https:\/\/quehacerpolitico.mx\/index.php?rest_route=%2Fwp%2Fv2%2Ftags&post=73323"}],"curies":[{"name":"wp","href":"https:\/\/api.w.org\/{rel}","templated":true}]}}