{"id":73305,"date":"2021-01-27T03:02:26","date_gmt":"2021-01-27T03:02:26","guid":{"rendered":"https:\/\/quehacerpolitico.mx\/?p=73305"},"modified":"2021-01-27T03:02:26","modified_gmt":"2021-01-27T03:02:26","slug":"aniversario-luctuoso-de-jose-emilio-pacheco","status":"publish","type":"post","link":"https:\/\/quehacerpolitico.mx\/?p=73305","title":{"rendered":"S\u00e9ptimo Aniversario luctuoso de Jos\u00e9 Emilio Pacheco"},"content":{"rendered":"<h1 class=\"news-title\">S\u00e9ptimo Aniversario luctuoso de Jos\u00e9 Emilio Pacheco<br \/>\nPor Redacci\u00f3n QP<\/h1>\n<p>A trav\u00e9s de las redes sociales, los lectores recuerdan las diferentes etapas de Jos\u00e9 Emilio Pacheco<\/p>\n<p>El legado y trayectoria del poeta <strong>Jos\u00e9 Emilio Pacheco<\/strong> es recordado por sus lectores, quienes a trav\u00e9s de <strong>Twitter<\/strong>, principalmente, memoran algunos de los textos, dichos y an\u00e9cdotas que marcaron a uno de los escritores m\u00e1s destacados de la literatura mexicana.<\/p>\n<p>Jos\u00e9 Emilio Pacheco Berny <strong>falleci\u00f3 el 26 de enero de 2014<\/strong>, a los 74 a\u00f1os de edad a causa de un paro cardiorrespiratorio, inform\u00f3 entonces su hija Laura Emilia Pachecho.<\/p>\n<p>A trav\u00e9s de las redes sociales, los lectores recuerdan las diferentes etapas del autor de \u201cLas batallas en el desierto\u201d y ganador del premio Cervantes 2009, sus aportaciones a la poes\u00eda, la divulgaci\u00f3n cultural y su estilo narrativo en diversos formatos que fueron desde la novela, el cuento, art\u00edculos editoriales y period\u00edsticos, as\u00ed como su impacto en el cine, el teatro y la m\u00fasica.<\/p>\n<div class=\"banner b2\">\n<div id=\"div-gpt-ad-1505954097040-2\" data-google-query-id=\"CPDps7iNu-4CFTboKAUdcWsIdA\">\n<p>En sus redes sociales, TV UNAM comparti\u00f3 que a las 18:00 horas transmitir\u00e1 el especial \u201cJos\u00e9 Emilio Pacheco. Me llamo Nadie\u201d, en tanto que Cultura UNAM pone a disposici\u00f3n del p\u00fablico ocho relatos le\u00eddos por el escritor en 1976 para la serie \u201cVoz viva de M\u00e9xico\u201d.<\/p>\n<blockquote class=\"twitter-tweet\" data-width=\"550\" data-dnt=\"true\">\n<p lang=\"es\" dir=\"ltr\">&quot;Despu\u00e9s de tanto hablar \/ guardemos un minuto de silencio \/ para o\u00edr esta lluvia que disuelve la noche&quot;. <\/p>\n<p>Especial 7 aniversario luctuoso: \u00abJos\u00e9 Emilio Pacheco. Me llamo Nadie\u00bb<br \/>\ud83d\udcfa Martes 26 de enero, 18:00 h. <a href=\"https:\/\/t.co\/ICHkt0NOUx\">pic.twitter.com\/ICHkt0NOUx<\/a><\/p>\n<p>&mdash; TV UNAM (@tvunam) <a href=\"https:\/\/twitter.com\/tvunam\/status\/1353939474028261376?ref_src=twsrc%5Etfw\">January 26, 2021<\/a><\/p><\/blockquote>\n<p><script async src=\"https:\/\/platform.twitter.com\/widgets.js\" charset=\"utf-8\"><\/script><\/p>\n<p>https:\/\/twitter.com\/porkestendencia\/status\/1354082020742279169?s=21<\/p>\n<blockquote class=\"twitter-tweet\" data-width=\"550\" data-dnt=\"true\">\n<p lang=\"es\" dir=\"ltr\">\ud83d\udc49\ud83c\udffe&quot;Poes\u00eda no es signos negros en la p\u00e1gina blanca. Llamo poes\u00eda a ese lugar del encuentro con la experiencia ajena&quot;\ud83d\udc48\ud83c\udffe<\/p>\n<p>Recordamos, a siete a\u00f1os de su fallecimiento, a Jos\u00e9 Emilio Pacheco, escritor cuya obra brilla en el panorama de la literatura nacional.<\/p>\n<p>\ud83d\udcf8 Rogelio Cu\u00e9llar <a href=\"https:\/\/t.co\/WPbrgb71bi\">pic.twitter.com\/WPbrgb71bi<\/a><\/p>\n<p>&mdash; Secretar\u00eda de Cultura (@cultura_mx) <a href=\"https:\/\/twitter.com\/cultura_mx\/status\/1354074363004379145?ref_src=twsrc%5Etfw\">January 26, 2021<\/a><\/p><\/blockquote>\n<p><script async src=\"https:\/\/platform.twitter.com\/widgets.js\" charset=\"utf-8\"><\/script><\/p>\n<blockquote class=\"twitter-tweet\" data-width=\"550\" data-dnt=\"true\">\n<p lang=\"es\" dir=\"ltr\">Jos\u00e9 Emilio Pacheco fotografiado por Fernando Aceves. <a href=\"https:\/\/t.co\/COSZWO4RFI\">pic.twitter.com\/COSZWO4RFI<\/a><\/p>\n<p>&mdash; Fernando Aceves (@Jazzrockman) <a href=\"https:\/\/twitter.com\/Jazzrockman\/status\/1354068524038316033?ref_src=twsrc%5Etfw\">January 26, 2021<\/a><\/p><\/blockquote>\n<p><script async src=\"https:\/\/platform.twitter.com\/widgets.js\" charset=\"utf-8\"><\/script><\/p>\n<p>https:\/\/twitter.com\/cultura_mx\/status\/1354158416898396160?s=21<\/p>\n<div>\n<div id=\"twitter-74\" class=\"ck-twitter\">\n<p>Entre los reconocimientos que marcaron la trayectoria de Jos\u00e9 Emilio Pacheco est\u00e1 el Premio de Poes\u00eda del Mundo Latino \u201cV\u00edctor Sandoval\u201d de 2013 en el Encuentro de Poetas del Mundo Latino, as\u00ed como el Premio Reina Sof\u00eda en 2009.<\/p>\n<p>Jos\u00e9 Emilio Pacheco Berny naci\u00f3 en la ciudad de M\u00e9xico el 30 de junio de 1939 y se recuerda que parte de infancia se desarroll\u00f3 en la calle Guanajuato de la colonia Roma. En su etapa como estudiante de preparatoria, el escritor acudi\u00f3 al Centro Universitario de M\u00e9xico y particip\u00f3 en los cursos impartidos por Jos\u00e9 Enrique Moreno de Tagle, <strong>momento en el que comenz\u00f3 a relacionarse con la obra de Jorge Luis Borges y Alfonso Reyes.<\/strong><\/p>\n<p>Su pasi\u00f3n con por el teatro fue evidente en los a\u00f1os 60 y sus primeros trabajos de dramaturgia se manifestaron con \u201cLa reina\u201d y \u201cEl pasado lo guardan las ara\u00f1as\u201d; a los 20 a\u00f1os de edad, public\u00f3 su primer cuento \u201cLa sangre de Medusas\u201d, como parte de la colecci\u00f3n \u201cCuadernos del Unicornio\u201d de Arreola. A\u00f1os despu\u00e9s publicar\u00eda su primer libro de poemas \u201cLos elementos de la noche\u201d y su texto de cuentos \u201cEl viento distante. El reposo del fuego\u201d.<\/p>\n<h4>Jos\u00e9 Emilio Pacheco: Premios y reconocimientos<\/h4>\n<ul>\n<li>Premio \u201cMagda Donato\u201d, en 1967, por la novela \u201cMorir\u00e1s lejos\u201d.<\/li>\n<li>Premio Nacional de Poes\u00eda Aguascalientes, en 1969, por el poemario \u201cNo me preguntes c\u00f3mo pasa el tiempo\u201d.<\/li>\n<li>Premio Xavier Villaurrutia, en 1973, por \u201cEl principio del placer\u201d.<\/li>\n<li>Premio Ariel \u2013junto a Arturo Ripstein- por mejor historia original y arreglo cinematogr\u00e1fico con \u201cEl castillo de la pureza\u201d, en 1973, y por el guion de la pel\u00edcula \u201cEl santo oficio\u201d, en 1975.<\/li>\n<li>Fue nombrado como Acad\u00e9mico Honorario de la Academia Mexicana de la Lengua en 2006.<\/li>\n<li>Recibi\u00f3 la Medalla al M\u00e9rito Art\u00edstico en 2007.<\/li>\n<li>Premio al M\u00e9rito Literario en 2008.<\/li>\n<li>Medalla de Bellas Artes, que le fue conferida durante un homenaje por el 70 aniversario de su natalicio.<\/li>\n<li>Recibi\u00f3 la Medalla de Oro al M\u00e9rito Art\u00edstico, en 2010, por parte de la Asamblea Legislativa del Distrito Federal, adem\u00e1s de que la Universidad Nacional Aut\u00f3noma de M\u00e9xico lo distingui\u00f3 con el Doctorado Honoris Causa.<\/li>\n<li>Premio Miguel de Cervantes de 2009.<\/li>\n<\/ul>\n<\/div>\n<\/div>\n<\/div>\n<\/div>\n","protected":false},"excerpt":{"rendered":"<p>S\u00e9ptimo Aniversario luctuoso de Jos\u00e9 Emilio Pacheco Por Redacci\u00f3n QP A trav\u00e9s de las redes&#8230;<\/p>\n","protected":false},"author":2,"featured_media":73309,"comment_status":"open","ping_status":"open","sticky":false,"template":"","format":"standard","meta":{"_monsterinsights_skip_tracking":false,"_monsterinsights_sitenote_active":false,"_monsterinsights_sitenote_note":"","_monsterinsights_sitenote_category":0,"footnotes":""},"categories":[58],"tags":[],"class_list":["post-73305","post","type-post","status-publish","format-standard","has-post-thumbnail","hentry","category-cultura"],"yoast_head":"<!-- This site is optimized with the Yoast SEO plugin v27.3 - https:\/\/yoast.com\/product\/yoast-seo-wordpress\/ -->\n<title>S\u00e9ptimo Aniversario luctuoso de Jos\u00e9 Emilio Pacheco -<\/title>\n<meta name=\"robots\" content=\"index, follow, max-snippet:-1, max-image-preview:large, max-video-preview:-1\" \/>\n<link rel=\"canonical\" href=\"https:\/\/quehacerpolitico.mx\/?p=73305\" \/>\n<meta property=\"og:locale\" content=\"es_MX\" \/>\n<meta property=\"og:type\" content=\"article\" \/>\n<meta property=\"og:title\" content=\"S\u00e9ptimo Aniversario luctuoso de Jos\u00e9 Emilio Pacheco -\" \/>\n<meta property=\"og:description\" content=\"S\u00e9ptimo Aniversario luctuoso de Jos\u00e9 Emilio Pacheco Por Redacci\u00f3n QP A trav\u00e9s de las redes...\" \/>\n<meta property=\"og:url\" content=\"https:\/\/quehacerpolitico.mx\/?p=73305\" \/>\n<meta property=\"article:published_time\" content=\"2021-01-27T03:02:26+00:00\" \/>\n<meta property=\"og:image\" content=\"https:\/\/quehacerpolitico.mx\/wp-content\/uploads\/2021\/01\/600705B2-5471-445E-BC27-A6B65C7C0A8A.jpeg\" \/>\n\t<meta property=\"og:image:width\" content=\"1242\" \/>\n\t<meta property=\"og:image:height\" content=\"684\" \/>\n\t<meta property=\"og:image:type\" content=\"image\/jpeg\" \/>\n<meta name=\"author\" content=\"Redacci\u00f3n QP\" \/>\n<meta name=\"twitter:card\" content=\"summary_large_image\" \/>\n<meta name=\"twitter:label1\" content=\"Escrito por\" \/>\n\t<meta name=\"twitter:data1\" content=\"Redacci\u00f3n QP\" \/>\n\t<meta name=\"twitter:label2\" content=\"Tiempo de lectura\" \/>\n\t<meta name=\"twitter:data2\" content=\"3 minutos\" \/>\n<script type=\"application\/ld+json\" class=\"yoast-schema-graph\">{\"@context\":\"https:\\\/\\\/schema.org\",\"@graph\":[{\"@type\":\"Article\",\"@id\":\"https:\\\/\\\/quehacerpolitico.mx\\\/?p=73305#article\",\"isPartOf\":{\"@id\":\"https:\\\/\\\/quehacerpolitico.mx\\\/?p=73305\"},\"author\":{\"name\":\"Redacci\u00f3n QP\",\"@id\":\"https:\\\/\\\/quehacerpolitico.mx\\\/#\\\/schema\\\/person\\\/496d8ad2d1d3f8036101dca7ee39e585\"},\"headline\":\"S\u00e9ptimo Aniversario luctuoso de Jos\u00e9 Emilio Pacheco\",\"datePublished\":\"2021-01-27T03:02:26+00:00\",\"mainEntityOfPage\":{\"@id\":\"https:\\\/\\\/quehacerpolitico.mx\\\/?p=73305\"},\"wordCount\":626,\"commentCount\":0,\"image\":{\"@id\":\"https:\\\/\\\/quehacerpolitico.mx\\\/?p=73305#primaryimage\"},\"thumbnailUrl\":\"https:\\\/\\\/quehacerpolitico.mx\\\/wp-content\\\/uploads\\\/2021\\\/01\\\/600705B2-5471-445E-BC27-A6B65C7C0A8A.jpeg\",\"articleSection\":[\"Cultura y Entretenimiento\"],\"inLanguage\":\"es\",\"potentialAction\":[{\"@type\":\"CommentAction\",\"name\":\"Comment\",\"target\":[\"https:\\\/\\\/quehacerpolitico.mx\\\/?p=73305#respond\"]}]},{\"@type\":\"WebPage\",\"@id\":\"https:\\\/\\\/quehacerpolitico.mx\\\/?p=73305\",\"url\":\"https:\\\/\\\/quehacerpolitico.mx\\\/?p=73305\",\"name\":\"S\u00e9ptimo Aniversario luctuoso de Jos\u00e9 Emilio Pacheco -\",\"isPartOf\":{\"@id\":\"https:\\\/\\\/quehacerpolitico.mx\\\/#website\"},\"primaryImageOfPage\":{\"@id\":\"https:\\\/\\\/quehacerpolitico.mx\\\/?p=73305#primaryimage\"},\"image\":{\"@id\":\"https:\\\/\\\/quehacerpolitico.mx\\\/?p=73305#primaryimage\"},\"thumbnailUrl\":\"https:\\\/\\\/quehacerpolitico.mx\\\/wp-content\\\/uploads\\\/2021\\\/01\\\/600705B2-5471-445E-BC27-A6B65C7C0A8A.jpeg\",\"datePublished\":\"2021-01-27T03:02:26+00:00\",\"author\":{\"@id\":\"https:\\\/\\\/quehacerpolitico.mx\\\/#\\\/schema\\\/person\\\/496d8ad2d1d3f8036101dca7ee39e585\"},\"breadcrumb\":{\"@id\":\"https:\\\/\\\/quehacerpolitico.mx\\\/?p=73305#breadcrumb\"},\"inLanguage\":\"es\",\"potentialAction\":[{\"@type\":\"ReadAction\",\"target\":[\"https:\\\/\\\/quehacerpolitico.mx\\\/?p=73305\"]}]},{\"@type\":\"ImageObject\",\"inLanguage\":\"es\",\"@id\":\"https:\\\/\\\/quehacerpolitico.mx\\\/?p=73305#primaryimage\",\"url\":\"https:\\\/\\\/quehacerpolitico.mx\\\/wp-content\\\/uploads\\\/2021\\\/01\\\/600705B2-5471-445E-BC27-A6B65C7C0A8A.jpeg\",\"contentUrl\":\"https:\\\/\\\/quehacerpolitico.mx\\\/wp-content\\\/uploads\\\/2021\\\/01\\\/600705B2-5471-445E-BC27-A6B65C7C0A8A.jpeg\",\"width\":1242,\"height\":684},{\"@type\":\"BreadcrumbList\",\"@id\":\"https:\\\/\\\/quehacerpolitico.mx\\\/?p=73305#breadcrumb\",\"itemListElement\":[{\"@type\":\"ListItem\",\"position\":1,\"name\":\"Inicio\",\"item\":\"https:\\\/\\\/quehacerpolitico.mx\\\/\"},{\"@type\":\"ListItem\",\"position\":2,\"name\":\"S\u00e9ptimo Aniversario luctuoso de Jos\u00e9 Emilio Pacheco\"}]},{\"@type\":\"WebSite\",\"@id\":\"https:\\\/\\\/quehacerpolitico.mx\\\/#website\",\"url\":\"https:\\\/\\\/quehacerpolitico.mx\\\/\",\"name\":\"\",\"description\":\"\",\"potentialAction\":[{\"@type\":\"SearchAction\",\"target\":{\"@type\":\"EntryPoint\",\"urlTemplate\":\"https:\\\/\\\/quehacerpolitico.mx\\\/?s={search_term_string}\"},\"query-input\":{\"@type\":\"PropertyValueSpecification\",\"valueRequired\":true,\"valueName\":\"search_term_string\"}}],\"inLanguage\":\"es\"},{\"@type\":\"Person\",\"@id\":\"https:\\\/\\\/quehacerpolitico.mx\\\/#\\\/schema\\\/person\\\/496d8ad2d1d3f8036101dca7ee39e585\",\"name\":\"Redacci\u00f3n QP\",\"image\":{\"@type\":\"ImageObject\",\"inLanguage\":\"es\",\"@id\":\"https:\\\/\\\/secure.gravatar.com\\\/avatar\\\/c7164ed6fdec453195284ad24a5ae5b6e1eed2b848477fa2a4787ba9adf39a41?s=96&d=mm&r=g\",\"url\":\"https:\\\/\\\/secure.gravatar.com\\\/avatar\\\/c7164ed6fdec453195284ad24a5ae5b6e1eed2b848477fa2a4787ba9adf39a41?s=96&d=mm&r=g\",\"contentUrl\":\"https:\\\/\\\/secure.gravatar.com\\\/avatar\\\/c7164ed6fdec453195284ad24a5ae5b6e1eed2b848477fa2a4787ba9adf39a41?s=96&d=mm&r=g\",\"caption\":\"Redacci\u00f3n QP\"},\"url\":\"https:\\\/\\\/quehacerpolitico.mx\\\/?author=2\"}]}<\/script>\n<!-- \/ Yoast SEO plugin. -->","yoast_head_json":{"title":"S\u00e9ptimo Aniversario luctuoso de Jos\u00e9 Emilio Pacheco -","robots":{"index":"index","follow":"follow","max-snippet":"max-snippet:-1","max-image-preview":"max-image-preview:large","max-video-preview":"max-video-preview:-1"},"canonical":"https:\/\/quehacerpolitico.mx\/?p=73305","og_locale":"es_MX","og_type":"article","og_title":"S\u00e9ptimo Aniversario luctuoso de Jos\u00e9 Emilio Pacheco -","og_description":"S\u00e9ptimo Aniversario luctuoso de Jos\u00e9 Emilio Pacheco Por Redacci\u00f3n QP A trav\u00e9s de las redes...","og_url":"https:\/\/quehacerpolitico.mx\/?p=73305","article_published_time":"2021-01-27T03:02:26+00:00","og_image":[{"width":1242,"height":684,"url":"https:\/\/quehacerpolitico.mx\/wp-content\/uploads\/2021\/01\/600705B2-5471-445E-BC27-A6B65C7C0A8A.jpeg","type":"image\/jpeg"}],"author":"Redacci\u00f3n QP","twitter_card":"summary_large_image","twitter_misc":{"Escrito por":"Redacci\u00f3n QP","Tiempo de lectura":"3 minutos"},"schema":{"@context":"https:\/\/schema.org","@graph":[{"@type":"Article","@id":"https:\/\/quehacerpolitico.mx\/?p=73305#article","isPartOf":{"@id":"https:\/\/quehacerpolitico.mx\/?p=73305"},"author":{"name":"Redacci\u00f3n QP","@id":"https:\/\/quehacerpolitico.mx\/#\/schema\/person\/496d8ad2d1d3f8036101dca7ee39e585"},"headline":"S\u00e9ptimo Aniversario luctuoso de Jos\u00e9 Emilio Pacheco","datePublished":"2021-01-27T03:02:26+00:00","mainEntityOfPage":{"@id":"https:\/\/quehacerpolitico.mx\/?p=73305"},"wordCount":626,"commentCount":0,"image":{"@id":"https:\/\/quehacerpolitico.mx\/?p=73305#primaryimage"},"thumbnailUrl":"https:\/\/quehacerpolitico.mx\/wp-content\/uploads\/2021\/01\/600705B2-5471-445E-BC27-A6B65C7C0A8A.jpeg","articleSection":["Cultura y Entretenimiento"],"inLanguage":"es","potentialAction":[{"@type":"CommentAction","name":"Comment","target":["https:\/\/quehacerpolitico.mx\/?p=73305#respond"]}]},{"@type":"WebPage","@id":"https:\/\/quehacerpolitico.mx\/?p=73305","url":"https:\/\/quehacerpolitico.mx\/?p=73305","name":"S\u00e9ptimo Aniversario luctuoso de Jos\u00e9 Emilio Pacheco -","isPartOf":{"@id":"https:\/\/quehacerpolitico.mx\/#website"},"primaryImageOfPage":{"@id":"https:\/\/quehacerpolitico.mx\/?p=73305#primaryimage"},"image":{"@id":"https:\/\/quehacerpolitico.mx\/?p=73305#primaryimage"},"thumbnailUrl":"https:\/\/quehacerpolitico.mx\/wp-content\/uploads\/2021\/01\/600705B2-5471-445E-BC27-A6B65C7C0A8A.jpeg","datePublished":"2021-01-27T03:02:26+00:00","author":{"@id":"https:\/\/quehacerpolitico.mx\/#\/schema\/person\/496d8ad2d1d3f8036101dca7ee39e585"},"breadcrumb":{"@id":"https:\/\/quehacerpolitico.mx\/?p=73305#breadcrumb"},"inLanguage":"es","potentialAction":[{"@type":"ReadAction","target":["https:\/\/quehacerpolitico.mx\/?p=73305"]}]},{"@type":"ImageObject","inLanguage":"es","@id":"https:\/\/quehacerpolitico.mx\/?p=73305#primaryimage","url":"https:\/\/quehacerpolitico.mx\/wp-content\/uploads\/2021\/01\/600705B2-5471-445E-BC27-A6B65C7C0A8A.jpeg","contentUrl":"https:\/\/quehacerpolitico.mx\/wp-content\/uploads\/2021\/01\/600705B2-5471-445E-BC27-A6B65C7C0A8A.jpeg","width":1242,"height":684},{"@type":"BreadcrumbList","@id":"https:\/\/quehacerpolitico.mx\/?p=73305#breadcrumb","itemListElement":[{"@type":"ListItem","position":1,"name":"Inicio","item":"https:\/\/quehacerpolitico.mx\/"},{"@type":"ListItem","position":2,"name":"S\u00e9ptimo Aniversario luctuoso de Jos\u00e9 Emilio Pacheco"}]},{"@type":"WebSite","@id":"https:\/\/quehacerpolitico.mx\/#website","url":"https:\/\/quehacerpolitico.mx\/","name":"","description":"","potentialAction":[{"@type":"SearchAction","target":{"@type":"EntryPoint","urlTemplate":"https:\/\/quehacerpolitico.mx\/?s={search_term_string}"},"query-input":{"@type":"PropertyValueSpecification","valueRequired":true,"valueName":"search_term_string"}}],"inLanguage":"es"},{"@type":"Person","@id":"https:\/\/quehacerpolitico.mx\/#\/schema\/person\/496d8ad2d1d3f8036101dca7ee39e585","name":"Redacci\u00f3n QP","image":{"@type":"ImageObject","inLanguage":"es","@id":"https:\/\/secure.gravatar.com\/avatar\/c7164ed6fdec453195284ad24a5ae5b6e1eed2b848477fa2a4787ba9adf39a41?s=96&d=mm&r=g","url":"https:\/\/secure.gravatar.com\/avatar\/c7164ed6fdec453195284ad24a5ae5b6e1eed2b848477fa2a4787ba9adf39a41?s=96&d=mm&r=g","contentUrl":"https:\/\/secure.gravatar.com\/avatar\/c7164ed6fdec453195284ad24a5ae5b6e1eed2b848477fa2a4787ba9adf39a41?s=96&d=mm&r=g","caption":"Redacci\u00f3n QP"},"url":"https:\/\/quehacerpolitico.mx\/?author=2"}]}},"featured_image_urls":{"full":["https:\/\/quehacerpolitico.mx\/wp-content\/uploads\/2021\/01\/600705B2-5471-445E-BC27-A6B65C7C0A8A.jpeg",1242,684,false],"thumbnail":["https:\/\/quehacerpolitico.mx\/wp-content\/uploads\/2021\/01\/600705B2-5471-445E-BC27-A6B65C7C0A8A-150x150.jpeg",150,150,true],"medium":["https:\/\/quehacerpolitico.mx\/wp-content\/uploads\/2021\/01\/600705B2-5471-445E-BC27-A6B65C7C0A8A-300x165.jpeg",300,165,true],"medium_large":["https:\/\/quehacerpolitico.mx\/wp-content\/uploads\/2021\/01\/600705B2-5471-445E-BC27-A6B65C7C0A8A-768x423.jpeg",640,353,true],"large":["https:\/\/quehacerpolitico.mx\/wp-content\/uploads\/2021\/01\/600705B2-5471-445E-BC27-A6B65C7C0A8A-1024x564.jpeg",640,353,true],"1536x1536":["https:\/\/quehacerpolitico.mx\/wp-content\/uploads\/2021\/01\/600705B2-5471-445E-BC27-A6B65C7C0A8A.jpeg",1242,684,false],"2048x2048":["https:\/\/quehacerpolitico.mx\/wp-content\/uploads\/2021\/01\/600705B2-5471-445E-BC27-A6B65C7C0A8A.jpeg",1242,684,false],"covernews-featured":["https:\/\/quehacerpolitico.mx\/wp-content\/uploads\/2021\/01\/600705B2-5471-445E-BC27-A6B65C7C0A8A.jpeg",1024,564,false],"covernews-medium":["https:\/\/quehacerpolitico.mx\/wp-content\/uploads\/2021\/01\/600705B2-5471-445E-BC27-A6B65C7C0A8A.jpeg",540,297,false]},"author_info":{"display_name":"Redacci\u00f3n QP","author_link":"https:\/\/quehacerpolitico.mx\/?author=2"},"category_info":"<a href=\"https:\/\/quehacerpolitico.mx\/?cat=58\" rel=\"category\">Cultura y Entretenimiento<\/a>","tag_info":"Cultura y Entretenimiento","comment_count":"0","_links":{"self":[{"href":"https:\/\/quehacerpolitico.mx\/index.php?rest_route=\/wp\/v2\/posts\/73305","targetHints":{"allow":["GET"]}}],"collection":[{"href":"https:\/\/quehacerpolitico.mx\/index.php?rest_route=\/wp\/v2\/posts"}],"about":[{"href":"https:\/\/quehacerpolitico.mx\/index.php?rest_route=\/wp\/v2\/types\/post"}],"author":[{"embeddable":true,"href":"https:\/\/quehacerpolitico.mx\/index.php?rest_route=\/wp\/v2\/users\/2"}],"replies":[{"embeddable":true,"href":"https:\/\/quehacerpolitico.mx\/index.php?rest_route=%2Fwp%2Fv2%2Fcomments&post=73305"}],"version-history":[{"count":0,"href":"https:\/\/quehacerpolitico.mx\/index.php?rest_route=\/wp\/v2\/posts\/73305\/revisions"}],"wp:featuredmedia":[{"embeddable":true,"href":"https:\/\/quehacerpolitico.mx\/index.php?rest_route=\/wp\/v2\/media\/73309"}],"wp:attachment":[{"href":"https:\/\/quehacerpolitico.mx\/index.php?rest_route=%2Fwp%2Fv2%2Fmedia&parent=73305"}],"wp:term":[{"taxonomy":"category","embeddable":true,"href":"https:\/\/quehacerpolitico.mx\/index.php?rest_route=%2Fwp%2Fv2%2Fcategories&post=73305"},{"taxonomy":"post_tag","embeddable":true,"href":"https:\/\/quehacerpolitico.mx\/index.php?rest_route=%2Fwp%2Fv2%2Ftags&post=73305"}],"curies":[{"name":"wp","href":"https:\/\/api.w.org\/{rel}","templated":true}]}}