{"id":73301,"date":"2021-01-27T02:42:56","date_gmt":"2021-01-27T02:42:56","guid":{"rendered":"https:\/\/quehacerpolitico.mx\/?p=73301"},"modified":"2021-01-27T02:42:56","modified_gmt":"2021-01-27T02:42:56","slug":"eliminan-cuenta-de-twitter-de-leon-larregui-por-difundir-informacion-falsa-sobre-la-vacuna-anticovid","status":"publish","type":"post","link":"https:\/\/quehacerpolitico.mx\/?p=73301","title":{"rendered":"Eliminan cuenta de Twitter de Le\u00f3n Larregui por difundir informaci\u00f3n falsa sobre la vacuna anticovid"},"content":{"rendered":"<h1 class=\"amp-wp-title\">Eliminan cuenta de Twitter de Le\u00f3n Larregui por difundir informaci\u00f3n falsa sobre la vacuna anticovid<br \/>\nPor Redacci\u00f3n QP<\/h1>\n<p><strong>Twitter<\/strong> elimin\u00f3 la cuenta del cantante <strong>Le\u00f3n Larregui<\/strong>, luego de que el vocalista de Zo\u00e9 publicara un tuit invitando a sus seguidores a no vacunarse contra el COVID-19.<\/p>\n<p>Minutos antes de las 3:00 p.m., el interprete de \u201cV\u00eda L\u00e1ctea\u201d y \u201cPoli\u201d difundi\u00f3 en Twitter informaci\u00f3n falsa acerca de la vacuna contra el coronavirus.<\/p>\n<div class=\"ad_amp\">\n<div id=\"attachment_21177\" class=\"wp-caption alignnone amp-wp-38b5a4b\" data-amp-original-style=\"width: 650px\"><img decoding=\"async\" class=\"i-amphtml-fill-content i-amphtml-replaced-content\" src=\"https:\/\/i0.wp.com\/www.noticieros.live\/noticias\/wp-content\/uploads\/2021\/01\/Leo%CC%81n-Larregui-Twitter.jpg?resize=640%2C909&amp;ssl=1\" sizes=\"(max-width: 640px) 100vw, 640px\" srcset=\"https:\/\/i0.wp.com\/www.noticieros.live\/noticias\/wp-content\/uploads\/2021\/01\/Leo%CC%81n-Larregui-Twitter.jpg?w=640&amp;ssl=1 640w, https:\/\/i0.wp.com\/www.noticieros.live\/noticias\/wp-content\/uploads\/2021\/01\/Leo%CC%81n-Larregui-Twitter.jpg?resize=211%2C300&amp;ssl=1 211w\" alt=\"Tuit Le\u00f3n Larregui Twitter Imagen\" aria-describedby=\"caption-attachment-21177\" \/><\/p>\n<p id=\"caption-attachment-21177\" class=\"wp-caption-text\">Captura de pantalla del tuit de Le\u00f3n Larregui. (Foto: @Leonbenlarregui\/Twitter)<\/p>\n<\/div>\n<blockquote><p>\u201cNo se vacunen, hay tratamientos, tecnolog\u00eda <em>crispr<\/em> no es segura a\u00fan, es un implante en el DNA que te har\u00e1 dependiente de los <em>upgrades<\/em>del imperio farmac\u00e9utico, la nueva faceta de control, de Roma! Me amenazar\u00e1n o inventar\u00e1n cosas de m\u00ed\u2026 pero no es verdad\u201d, tuite\u00f3 el rockero.<\/p><\/blockquote>\n<p>La cuenta del Larregui fue eliminada minutos despu\u00e9s por la red social.<\/p>\n<div id=\"attachment_21181\" class=\"wp-caption alignnone amp-wp-38b5a4b\" data-amp-original-style=\"width: 650px\"><img decoding=\"async\" class=\"i-amphtml-fill-content i-amphtml-replaced-content\" src=\"https:\/\/i2.wp.com\/www.noticieros.live\/noticias\/wp-content\/uploads\/2021\/01\/Leo%CC%81n-Larregui-Twitter-2.jpg?resize=640%2C533&amp;ssl=1\" sizes=\"(max-width: 640px) 100vw, 640px\" srcset=\"https:\/\/i2.wp.com\/www.noticieros.live\/noticias\/wp-content\/uploads\/2021\/01\/Leo%CC%81n-Larregui-Twitter-2.jpg?w=640&amp;ssl=1 640w, https:\/\/i2.wp.com\/www.noticieros.live\/noticias\/wp-content\/uploads\/2021\/01\/Leo%CC%81n-Larregui-Twitter-2.jpg?resize=300%2C250&amp;ssl=1 300w\" alt=\"Le\u00f3n Larregui Cuenta Eliminada Twitter Imagen\" aria-describedby=\"caption-attachment-21181\" \/><\/p>\n<p id=\"caption-attachment-21181\" class=\"wp-caption-text\">Captura del anuncio de la eliminaci\u00f3n de la cuenta de Le\u00f3n Larregui. (Foto: @LeonbenLarregui\/Twitter)<\/p>\n<\/div>\n<\/div>\n","protected":false},"excerpt":{"rendered":"<p>Eliminan cuenta de Twitter de Le\u00f3n Larregui por difundir informaci\u00f3n falsa sobre la vacuna anticovid&#8230;<\/p>\n","protected":false},"author":2,"featured_media":73303,"comment_status":"open","ping_status":"open","sticky":false,"template":"","format":"standard","meta":{"_monsterinsights_skip_tracking":false,"_monsterinsights_sitenote_active":false,"_monsterinsights_sitenote_note":"","_monsterinsights_sitenote_category":0,"footnotes":""},"categories":[58],"tags":[],"class_list":["post-73301","post","type-post","status-publish","format-standard","has-post-thumbnail","hentry","category-cultura"],"yoast_head":"<!-- This site is optimized with the Yoast SEO plugin v27.3 - https:\/\/yoast.com\/product\/yoast-seo-wordpress\/ -->\n<title>Eliminan cuenta de Twitter de Le\u00f3n Larregui por difundir informaci\u00f3n falsa sobre la vacuna anticovid -<\/title>\n<meta name=\"robots\" content=\"index, follow, max-snippet:-1, max-image-preview:large, max-video-preview:-1\" \/>\n<link rel=\"canonical\" href=\"https:\/\/quehacerpolitico.mx\/?p=73301\" \/>\n<meta property=\"og:locale\" content=\"es_MX\" \/>\n<meta property=\"og:type\" content=\"article\" \/>\n<meta property=\"og:title\" content=\"Eliminan cuenta de Twitter de Le\u00f3n Larregui por difundir informaci\u00f3n falsa sobre la vacuna anticovid -\" \/>\n<meta property=\"og:description\" content=\"Eliminan cuenta de Twitter de Le\u00f3n Larregui por difundir informaci\u00f3n falsa sobre la vacuna anticovid...\" \/>\n<meta property=\"og:url\" content=\"https:\/\/quehacerpolitico.mx\/?p=73301\" \/>\n<meta property=\"article:published_time\" content=\"2021-01-27T02:42:56+00:00\" \/>\n<meta property=\"og:image\" content=\"https:\/\/quehacerpolitico.mx\/wp-content\/uploads\/2021\/01\/C6B8FF9D-48C1-4D50-A847-5495E12C851E.jpeg\" \/>\n\t<meta property=\"og:image:width\" content=\"739\" \/>\n\t<meta property=\"og:image:height\" content=\"415\" \/>\n\t<meta property=\"og:image:type\" content=\"image\/jpeg\" \/>\n<meta name=\"author\" content=\"Redacci\u00f3n QP\" \/>\n<meta name=\"twitter:card\" content=\"summary_large_image\" \/>\n<meta name=\"twitter:label1\" content=\"Escrito por\" \/>\n\t<meta name=\"twitter:data1\" content=\"Redacci\u00f3n QP\" \/>\n\t<meta name=\"twitter:label2\" content=\"Tiempo de lectura\" \/>\n\t<meta name=\"twitter:data2\" content=\"1 minuto\" \/>\n<script type=\"application\/ld+json\" class=\"yoast-schema-graph\">{\"@context\":\"https:\\\/\\\/schema.org\",\"@graph\":[{\"@type\":\"Article\",\"@id\":\"https:\\\/\\\/quehacerpolitico.mx\\\/?p=73301#article\",\"isPartOf\":{\"@id\":\"https:\\\/\\\/quehacerpolitico.mx\\\/?p=73301\"},\"author\":{\"name\":\"Redacci\u00f3n QP\",\"@id\":\"https:\\\/\\\/quehacerpolitico.mx\\\/#\\\/schema\\\/person\\\/496d8ad2d1d3f8036101dca7ee39e585\"},\"headline\":\"Eliminan cuenta de Twitter de Le\u00f3n Larregui por difundir informaci\u00f3n falsa sobre la vacuna anticovid\",\"datePublished\":\"2021-01-27T02:42:56+00:00\",\"mainEntityOfPage\":{\"@id\":\"https:\\\/\\\/quehacerpolitico.mx\\\/?p=73301\"},\"wordCount\":189,\"commentCount\":0,\"image\":{\"@id\":\"https:\\\/\\\/quehacerpolitico.mx\\\/?p=73301#primaryimage\"},\"thumbnailUrl\":\"https:\\\/\\\/quehacerpolitico.mx\\\/wp-content\\\/uploads\\\/2021\\\/01\\\/C6B8FF9D-48C1-4D50-A847-5495E12C851E.jpeg\",\"articleSection\":[\"Cultura y Entretenimiento\"],\"inLanguage\":\"es\",\"potentialAction\":[{\"@type\":\"CommentAction\",\"name\":\"Comment\",\"target\":[\"https:\\\/\\\/quehacerpolitico.mx\\\/?p=73301#respond\"]}]},{\"@type\":\"WebPage\",\"@id\":\"https:\\\/\\\/quehacerpolitico.mx\\\/?p=73301\",\"url\":\"https:\\\/\\\/quehacerpolitico.mx\\\/?p=73301\",\"name\":\"Eliminan cuenta de Twitter de Le\u00f3n Larregui por difundir informaci\u00f3n falsa sobre la vacuna anticovid -\",\"isPartOf\":{\"@id\":\"https:\\\/\\\/quehacerpolitico.mx\\\/#website\"},\"primaryImageOfPage\":{\"@id\":\"https:\\\/\\\/quehacerpolitico.mx\\\/?p=73301#primaryimage\"},\"image\":{\"@id\":\"https:\\\/\\\/quehacerpolitico.mx\\\/?p=73301#primaryimage\"},\"thumbnailUrl\":\"https:\\\/\\\/quehacerpolitico.mx\\\/wp-content\\\/uploads\\\/2021\\\/01\\\/C6B8FF9D-48C1-4D50-A847-5495E12C851E.jpeg\",\"datePublished\":\"2021-01-27T02:42:56+00:00\",\"author\":{\"@id\":\"https:\\\/\\\/quehacerpolitico.mx\\\/#\\\/schema\\\/person\\\/496d8ad2d1d3f8036101dca7ee39e585\"},\"breadcrumb\":{\"@id\":\"https:\\\/\\\/quehacerpolitico.mx\\\/?p=73301#breadcrumb\"},\"inLanguage\":\"es\",\"potentialAction\":[{\"@type\":\"ReadAction\",\"target\":[\"https:\\\/\\\/quehacerpolitico.mx\\\/?p=73301\"]}]},{\"@type\":\"ImageObject\",\"inLanguage\":\"es\",\"@id\":\"https:\\\/\\\/quehacerpolitico.mx\\\/?p=73301#primaryimage\",\"url\":\"https:\\\/\\\/quehacerpolitico.mx\\\/wp-content\\\/uploads\\\/2021\\\/01\\\/C6B8FF9D-48C1-4D50-A847-5495E12C851E.jpeg\",\"contentUrl\":\"https:\\\/\\\/quehacerpolitico.mx\\\/wp-content\\\/uploads\\\/2021\\\/01\\\/C6B8FF9D-48C1-4D50-A847-5495E12C851E.jpeg\",\"width\":739,\"height\":415},{\"@type\":\"BreadcrumbList\",\"@id\":\"https:\\\/\\\/quehacerpolitico.mx\\\/?p=73301#breadcrumb\",\"itemListElement\":[{\"@type\":\"ListItem\",\"position\":1,\"name\":\"Inicio\",\"item\":\"https:\\\/\\\/quehacerpolitico.mx\\\/\"},{\"@type\":\"ListItem\",\"position\":2,\"name\":\"Eliminan cuenta de Twitter de Le\u00f3n Larregui por difundir informaci\u00f3n falsa sobre la vacuna anticovid\"}]},{\"@type\":\"WebSite\",\"@id\":\"https:\\\/\\\/quehacerpolitico.mx\\\/#website\",\"url\":\"https:\\\/\\\/quehacerpolitico.mx\\\/\",\"name\":\"\",\"description\":\"\",\"potentialAction\":[{\"@type\":\"SearchAction\",\"target\":{\"@type\":\"EntryPoint\",\"urlTemplate\":\"https:\\\/\\\/quehacerpolitico.mx\\\/?s={search_term_string}\"},\"query-input\":{\"@type\":\"PropertyValueSpecification\",\"valueRequired\":true,\"valueName\":\"search_term_string\"}}],\"inLanguage\":\"es\"},{\"@type\":\"Person\",\"@id\":\"https:\\\/\\\/quehacerpolitico.mx\\\/#\\\/schema\\\/person\\\/496d8ad2d1d3f8036101dca7ee39e585\",\"name\":\"Redacci\u00f3n QP\",\"image\":{\"@type\":\"ImageObject\",\"inLanguage\":\"es\",\"@id\":\"https:\\\/\\\/secure.gravatar.com\\\/avatar\\\/c7164ed6fdec453195284ad24a5ae5b6e1eed2b848477fa2a4787ba9adf39a41?s=96&d=mm&r=g\",\"url\":\"https:\\\/\\\/secure.gravatar.com\\\/avatar\\\/c7164ed6fdec453195284ad24a5ae5b6e1eed2b848477fa2a4787ba9adf39a41?s=96&d=mm&r=g\",\"contentUrl\":\"https:\\\/\\\/secure.gravatar.com\\\/avatar\\\/c7164ed6fdec453195284ad24a5ae5b6e1eed2b848477fa2a4787ba9adf39a41?s=96&d=mm&r=g\",\"caption\":\"Redacci\u00f3n QP\"},\"url\":\"https:\\\/\\\/quehacerpolitico.mx\\\/?author=2\"}]}<\/script>\n<!-- \/ Yoast SEO plugin. -->","yoast_head_json":{"title":"Eliminan cuenta de Twitter de Le\u00f3n Larregui por difundir informaci\u00f3n falsa sobre la vacuna anticovid -","robots":{"index":"index","follow":"follow","max-snippet":"max-snippet:-1","max-image-preview":"max-image-preview:large","max-video-preview":"max-video-preview:-1"},"canonical":"https:\/\/quehacerpolitico.mx\/?p=73301","og_locale":"es_MX","og_type":"article","og_title":"Eliminan cuenta de Twitter de Le\u00f3n Larregui por difundir informaci\u00f3n falsa sobre la vacuna anticovid -","og_description":"Eliminan cuenta de Twitter de Le\u00f3n Larregui por difundir informaci\u00f3n falsa sobre la vacuna anticovid...","og_url":"https:\/\/quehacerpolitico.mx\/?p=73301","article_published_time":"2021-01-27T02:42:56+00:00","og_image":[{"width":739,"height":415,"url":"https:\/\/quehacerpolitico.mx\/wp-content\/uploads\/2021\/01\/C6B8FF9D-48C1-4D50-A847-5495E12C851E.jpeg","type":"image\/jpeg"}],"author":"Redacci\u00f3n QP","twitter_card":"summary_large_image","twitter_misc":{"Escrito por":"Redacci\u00f3n QP","Tiempo de lectura":"1 minuto"},"schema":{"@context":"https:\/\/schema.org","@graph":[{"@type":"Article","@id":"https:\/\/quehacerpolitico.mx\/?p=73301#article","isPartOf":{"@id":"https:\/\/quehacerpolitico.mx\/?p=73301"},"author":{"name":"Redacci\u00f3n QP","@id":"https:\/\/quehacerpolitico.mx\/#\/schema\/person\/496d8ad2d1d3f8036101dca7ee39e585"},"headline":"Eliminan cuenta de Twitter de Le\u00f3n Larregui por difundir informaci\u00f3n falsa sobre la vacuna anticovid","datePublished":"2021-01-27T02:42:56+00:00","mainEntityOfPage":{"@id":"https:\/\/quehacerpolitico.mx\/?p=73301"},"wordCount":189,"commentCount":0,"image":{"@id":"https:\/\/quehacerpolitico.mx\/?p=73301#primaryimage"},"thumbnailUrl":"https:\/\/quehacerpolitico.mx\/wp-content\/uploads\/2021\/01\/C6B8FF9D-48C1-4D50-A847-5495E12C851E.jpeg","articleSection":["Cultura y Entretenimiento"],"inLanguage":"es","potentialAction":[{"@type":"CommentAction","name":"Comment","target":["https:\/\/quehacerpolitico.mx\/?p=73301#respond"]}]},{"@type":"WebPage","@id":"https:\/\/quehacerpolitico.mx\/?p=73301","url":"https:\/\/quehacerpolitico.mx\/?p=73301","name":"Eliminan cuenta de Twitter de Le\u00f3n Larregui por difundir informaci\u00f3n falsa sobre la vacuna anticovid -","isPartOf":{"@id":"https:\/\/quehacerpolitico.mx\/#website"},"primaryImageOfPage":{"@id":"https:\/\/quehacerpolitico.mx\/?p=73301#primaryimage"},"image":{"@id":"https:\/\/quehacerpolitico.mx\/?p=73301#primaryimage"},"thumbnailUrl":"https:\/\/quehacerpolitico.mx\/wp-content\/uploads\/2021\/01\/C6B8FF9D-48C1-4D50-A847-5495E12C851E.jpeg","datePublished":"2021-01-27T02:42:56+00:00","author":{"@id":"https:\/\/quehacerpolitico.mx\/#\/schema\/person\/496d8ad2d1d3f8036101dca7ee39e585"},"breadcrumb":{"@id":"https:\/\/quehacerpolitico.mx\/?p=73301#breadcrumb"},"inLanguage":"es","potentialAction":[{"@type":"ReadAction","target":["https:\/\/quehacerpolitico.mx\/?p=73301"]}]},{"@type":"ImageObject","inLanguage":"es","@id":"https:\/\/quehacerpolitico.mx\/?p=73301#primaryimage","url":"https:\/\/quehacerpolitico.mx\/wp-content\/uploads\/2021\/01\/C6B8FF9D-48C1-4D50-A847-5495E12C851E.jpeg","contentUrl":"https:\/\/quehacerpolitico.mx\/wp-content\/uploads\/2021\/01\/C6B8FF9D-48C1-4D50-A847-5495E12C851E.jpeg","width":739,"height":415},{"@type":"BreadcrumbList","@id":"https:\/\/quehacerpolitico.mx\/?p=73301#breadcrumb","itemListElement":[{"@type":"ListItem","position":1,"name":"Inicio","item":"https:\/\/quehacerpolitico.mx\/"},{"@type":"ListItem","position":2,"name":"Eliminan cuenta de Twitter de Le\u00f3n Larregui por difundir informaci\u00f3n falsa sobre la vacuna anticovid"}]},{"@type":"WebSite","@id":"https:\/\/quehacerpolitico.mx\/#website","url":"https:\/\/quehacerpolitico.mx\/","name":"","description":"","potentialAction":[{"@type":"SearchAction","target":{"@type":"EntryPoint","urlTemplate":"https:\/\/quehacerpolitico.mx\/?s={search_term_string}"},"query-input":{"@type":"PropertyValueSpecification","valueRequired":true,"valueName":"search_term_string"}}],"inLanguage":"es"},{"@type":"Person","@id":"https:\/\/quehacerpolitico.mx\/#\/schema\/person\/496d8ad2d1d3f8036101dca7ee39e585","name":"Redacci\u00f3n QP","image":{"@type":"ImageObject","inLanguage":"es","@id":"https:\/\/secure.gravatar.com\/avatar\/c7164ed6fdec453195284ad24a5ae5b6e1eed2b848477fa2a4787ba9adf39a41?s=96&d=mm&r=g","url":"https:\/\/secure.gravatar.com\/avatar\/c7164ed6fdec453195284ad24a5ae5b6e1eed2b848477fa2a4787ba9adf39a41?s=96&d=mm&r=g","contentUrl":"https:\/\/secure.gravatar.com\/avatar\/c7164ed6fdec453195284ad24a5ae5b6e1eed2b848477fa2a4787ba9adf39a41?s=96&d=mm&r=g","caption":"Redacci\u00f3n QP"},"url":"https:\/\/quehacerpolitico.mx\/?author=2"}]}},"featured_image_urls":{"full":["https:\/\/quehacerpolitico.mx\/wp-content\/uploads\/2021\/01\/C6B8FF9D-48C1-4D50-A847-5495E12C851E.jpeg",739,415,false],"thumbnail":["https:\/\/quehacerpolitico.mx\/wp-content\/uploads\/2021\/01\/C6B8FF9D-48C1-4D50-A847-5495E12C851E-150x150.jpeg",150,150,true],"medium":["https:\/\/quehacerpolitico.mx\/wp-content\/uploads\/2021\/01\/C6B8FF9D-48C1-4D50-A847-5495E12C851E-300x168.jpeg",300,168,true],"medium_large":["https:\/\/quehacerpolitico.mx\/wp-content\/uploads\/2021\/01\/C6B8FF9D-48C1-4D50-A847-5495E12C851E.jpeg",640,359,false],"large":["https:\/\/quehacerpolitico.mx\/wp-content\/uploads\/2021\/01\/C6B8FF9D-48C1-4D50-A847-5495E12C851E.jpeg",640,359,false],"1536x1536":["https:\/\/quehacerpolitico.mx\/wp-content\/uploads\/2021\/01\/C6B8FF9D-48C1-4D50-A847-5495E12C851E.jpeg",739,415,false],"2048x2048":["https:\/\/quehacerpolitico.mx\/wp-content\/uploads\/2021\/01\/C6B8FF9D-48C1-4D50-A847-5495E12C851E.jpeg",739,415,false],"covernews-featured":["https:\/\/quehacerpolitico.mx\/wp-content\/uploads\/2021\/01\/C6B8FF9D-48C1-4D50-A847-5495E12C851E.jpeg",739,415,false],"covernews-medium":["https:\/\/quehacerpolitico.mx\/wp-content\/uploads\/2021\/01\/C6B8FF9D-48C1-4D50-A847-5495E12C851E.jpeg",540,303,false]},"author_info":{"display_name":"Redacci\u00f3n QP","author_link":"https:\/\/quehacerpolitico.mx\/?author=2"},"category_info":"<a href=\"https:\/\/quehacerpolitico.mx\/?cat=58\" rel=\"category\">Cultura y Entretenimiento<\/a>","tag_info":"Cultura y Entretenimiento","comment_count":"0","_links":{"self":[{"href":"https:\/\/quehacerpolitico.mx\/index.php?rest_route=\/wp\/v2\/posts\/73301","targetHints":{"allow":["GET"]}}],"collection":[{"href":"https:\/\/quehacerpolitico.mx\/index.php?rest_route=\/wp\/v2\/posts"}],"about":[{"href":"https:\/\/quehacerpolitico.mx\/index.php?rest_route=\/wp\/v2\/types\/post"}],"author":[{"embeddable":true,"href":"https:\/\/quehacerpolitico.mx\/index.php?rest_route=\/wp\/v2\/users\/2"}],"replies":[{"embeddable":true,"href":"https:\/\/quehacerpolitico.mx\/index.php?rest_route=%2Fwp%2Fv2%2Fcomments&post=73301"}],"version-history":[{"count":0,"href":"https:\/\/quehacerpolitico.mx\/index.php?rest_route=\/wp\/v2\/posts\/73301\/revisions"}],"wp:featuredmedia":[{"embeddable":true,"href":"https:\/\/quehacerpolitico.mx\/index.php?rest_route=\/wp\/v2\/media\/73303"}],"wp:attachment":[{"href":"https:\/\/quehacerpolitico.mx\/index.php?rest_route=%2Fwp%2Fv2%2Fmedia&parent=73301"}],"wp:term":[{"taxonomy":"category","embeddable":true,"href":"https:\/\/quehacerpolitico.mx\/index.php?rest_route=%2Fwp%2Fv2%2Fcategories&post=73301"},{"taxonomy":"post_tag","embeddable":true,"href":"https:\/\/quehacerpolitico.mx\/index.php?rest_route=%2Fwp%2Fv2%2Ftags&post=73301"}],"curies":[{"name":"wp","href":"https:\/\/api.w.org\/{rel}","templated":true}]}}