{"id":73290,"date":"2021-01-27T02:08:54","date_gmt":"2021-01-27T02:08:54","guid":{"rendered":"https:\/\/quehacerpolitico.mx\/?p=73290"},"modified":"2021-01-27T02:08:54","modified_gmt":"2021-01-27T02:08:54","slug":"internacionales-carolina-alonso-romei-medico-es-acusado-de-matar-pacientes-con-covid-19-para-liberar-camas","status":"publish","type":"post","link":"https:\/\/quehacerpolitico.mx\/?p=73290","title":{"rendered":"Internacionales\/\/\/Carolina Alonso Romei\/\/\/M\u00e9dico es acusado de matar pacientes con COVID-19 para \u201cliberar camas\u201d"},"content":{"rendered":"<h1 role=\"heading\">M\u00e9dico es acusado de matar pacientes con COVID-19 para \u201cliberar camas\u201d<br \/>\nPor Carolina Alonso Romei<\/h1>\n<p>Internacionalista<\/p>\n<p>El m\u00e9dico se encuentra bajo arresto domiciliario y fue suspendido de su cargo.<\/p>\n<p>El <strong>COVID-19<\/strong> ha sido protagonista de noticias que le han dado la vuelta al mundo y una que ha tomado fuerza en las \u00faltimas horas es la del m\u00e9dico <strong>Carlo Mosca,<\/strong> quien ha sido acusado de asesinato voluntario en contra de dos pacientes, en Brescia, <strong>Italia.<\/strong><\/p>\n<p>Mosca era hasta hace unas horas y desde <strong>2018<\/strong>el encargado de dirigir el servicio de urgencias del <strong>Hospital Montichiari;<\/strong> sin embargo, investigaciones han arrojado que el m\u00e9dico habr\u00eda administrado, de forma intencional, dosis de <strong>succinilcolina<\/strong> y <strong>propofol<\/strong> -f\u00e1rmacos que provocan un efecto anest\u00e9sico y bloqueador muscular que suele utilizarse en la fase previa a la intubaci\u00f3n- a pacientes con <strong>COVID-19<\/strong> que no fueron intubados.<\/p>\n<p>Las <strong>v\u00edctimas<\/strong> fallecieron el pasado mes de <strong>marzo de 2020.<\/strong> Ten\u00edan 61 y 80 a\u00f1os y sus decesos fueron definidos por las autoridades como \u201cmuertes anormales\u201d.<\/p>\n<p>Durante la investigaci\u00f3n, que inicio debido a la <strong>denuncia de una enfermera<\/strong> del mismo hospital donde laboraba Mosca, se han recopilado pistas, testimonios y diferentes pruebas, entre las que destaca la versi\u00f3n de que <strong>Carlo Mosca<\/strong>quer\u00eda <strong>\u201cmatar pacientes solo para liberar camas\u201d.\u00a0<\/strong><\/p>\n<p>Sin embargo, Mosca tambi\u00e9n est\u00e1 siendo acusado de <strong>falsedad de escritura p\u00fablica<\/strong>debido a que la <strong>administraci\u00f3n<\/strong> <strong>de los medicamentos mencionados no fue incluida<\/strong> en la historia cl\u00ednica de los fallecidos.<\/p>\n<p>Actualmente Carlo se encuentra bajo <strong>arresto domiciliario<\/strong> y la jueza catalog\u00f3 que <strong>Mosca actu\u00f3 \u201ccon plena conciencia de su conducta y con la voluntad de matar\u201d.<\/strong> Adem\u00e1s, se est\u00e1n investigando otros tres casos adem\u00e1s de los se\u00f1alados con anterioridad.<\/p>\n<p>Por su parte, el <strong>doctor<\/strong>\u00a0suspendido de su carg\u00f3 neg\u00f3, a trav\u00e9s de sus abogados, haber administrado los medicamentos y defini\u00f3 a las <strong>acusaciones<\/strong> como <strong>\u201cinfundadas\u201d<\/strong>, pues \u00e9l no habr\u00eda administrado los f\u00e1rmacos y no hubiera querido quitar la vida de las personas, sino salvarlas.<\/p>\n<h6>Con informaci\u00f3n de <a href=\"https:\/\/www.bresciatoday.it\/cronaca\/carlo-mosca-omicidio-volontario.html\">Brescia Today<\/a> y <a href=\"https:\/\/www.ilmessaggero.it\/italia\/brescia_medico_morte_pazienti_arrestato_nas_cosa_e_successo_ultime_notizie_news-5723153.html\">Il Messaggero<\/a><\/h6>\n","protected":false},"excerpt":{"rendered":"<p>M\u00e9dico es acusado de matar pacientes con COVID-19 para \u201cliberar camas\u201d Por Carolina Alonso Romei&#8230;<\/p>\n","protected":false},"author":2,"featured_media":73294,"comment_status":"open","ping_status":"open","sticky":false,"template":"","format":"standard","meta":{"_monsterinsights_skip_tracking":false,"_monsterinsights_sitenote_active":false,"_monsterinsights_sitenote_note":"","_monsterinsights_sitenote_category":0,"footnotes":""},"categories":[1],"tags":[],"class_list":["post-73290","post","type-post","status-publish","format-standard","has-post-thumbnail","hentry","category-sin-categoria"],"yoast_head":"<!-- This site is optimized with the Yoast SEO plugin v27.3 - https:\/\/yoast.com\/product\/yoast-seo-wordpress\/ -->\n<title>Internacionales\/\/\/Carolina Alonso Romei\/\/\/M\u00e9dico es acusado de matar pacientes con COVID-19 para \u201cliberar camas\u201d -<\/title>\n<meta name=\"robots\" content=\"index, follow, max-snippet:-1, max-image-preview:large, max-video-preview:-1\" \/>\n<link rel=\"canonical\" href=\"https:\/\/quehacerpolitico.mx\/?p=73290\" \/>\n<meta property=\"og:locale\" content=\"es_MX\" \/>\n<meta property=\"og:type\" content=\"article\" \/>\n<meta property=\"og:title\" content=\"Internacionales\/\/\/Carolina Alonso Romei\/\/\/M\u00e9dico es acusado de matar pacientes con COVID-19 para \u201cliberar camas\u201d -\" \/>\n<meta property=\"og:description\" content=\"M\u00e9dico es acusado de matar pacientes con COVID-19 para \u201cliberar camas\u201d Por Carolina Alonso Romei...\" \/>\n<meta property=\"og:url\" content=\"https:\/\/quehacerpolitico.mx\/?p=73290\" \/>\n<meta property=\"article:published_time\" content=\"2021-01-27T02:08:54+00:00\" \/>\n<meta property=\"og:image\" content=\"https:\/\/quehacerpolitico.mx\/wp-content\/uploads\/2021\/01\/248C4C77-BED5-4C89-BC85-27AB9F898929.jpeg\" \/>\n\t<meta property=\"og:image:width\" content=\"679\" \/>\n\t<meta property=\"og:image:height\" content=\"514\" \/>\n\t<meta property=\"og:image:type\" content=\"image\/jpeg\" \/>\n<meta name=\"author\" content=\"Redacci\u00f3n QP\" \/>\n<meta name=\"twitter:card\" content=\"summary_large_image\" \/>\n<meta name=\"twitter:label1\" content=\"Escrito por\" \/>\n\t<meta name=\"twitter:data1\" content=\"Redacci\u00f3n QP\" \/>\n\t<meta name=\"twitter:label2\" content=\"Tiempo de lectura\" \/>\n\t<meta name=\"twitter:data2\" content=\"2 minutos\" \/>\n<script type=\"application\/ld+json\" class=\"yoast-schema-graph\">{\"@context\":\"https:\\\/\\\/schema.org\",\"@graph\":[{\"@type\":\"Article\",\"@id\":\"https:\\\/\\\/quehacerpolitico.mx\\\/?p=73290#article\",\"isPartOf\":{\"@id\":\"https:\\\/\\\/quehacerpolitico.mx\\\/?p=73290\"},\"author\":{\"name\":\"Redacci\u00f3n QP\",\"@id\":\"https:\\\/\\\/quehacerpolitico.mx\\\/#\\\/schema\\\/person\\\/496d8ad2d1d3f8036101dca7ee39e585\"},\"headline\":\"Internacionales\\\/\\\/\\\/Carolina Alonso Romei\\\/\\\/\\\/M\u00e9dico es acusado de matar pacientes con COVID-19 para \u201cliberar camas\u201d\",\"datePublished\":\"2021-01-27T02:08:54+00:00\",\"mainEntityOfPage\":{\"@id\":\"https:\\\/\\\/quehacerpolitico.mx\\\/?p=73290\"},\"wordCount\":368,\"commentCount\":0,\"image\":{\"@id\":\"https:\\\/\\\/quehacerpolitico.mx\\\/?p=73290#primaryimage\"},\"thumbnailUrl\":\"https:\\\/\\\/quehacerpolitico.mx\\\/wp-content\\\/uploads\\\/2021\\\/01\\\/248C4C77-BED5-4C89-BC85-27AB9F898929.jpeg\",\"articleSection\":[\"Internacionales\"],\"inLanguage\":\"es\",\"potentialAction\":[{\"@type\":\"CommentAction\",\"name\":\"Comment\",\"target\":[\"https:\\\/\\\/quehacerpolitico.mx\\\/?p=73290#respond\"]}]},{\"@type\":\"WebPage\",\"@id\":\"https:\\\/\\\/quehacerpolitico.mx\\\/?p=73290\",\"url\":\"https:\\\/\\\/quehacerpolitico.mx\\\/?p=73290\",\"name\":\"Internacionales\\\/\\\/\\\/Carolina Alonso Romei\\\/\\\/\\\/M\u00e9dico es acusado de matar pacientes con COVID-19 para \u201cliberar camas\u201d -\",\"isPartOf\":{\"@id\":\"https:\\\/\\\/quehacerpolitico.mx\\\/#website\"},\"primaryImageOfPage\":{\"@id\":\"https:\\\/\\\/quehacerpolitico.mx\\\/?p=73290#primaryimage\"},\"image\":{\"@id\":\"https:\\\/\\\/quehacerpolitico.mx\\\/?p=73290#primaryimage\"},\"thumbnailUrl\":\"https:\\\/\\\/quehacerpolitico.mx\\\/wp-content\\\/uploads\\\/2021\\\/01\\\/248C4C77-BED5-4C89-BC85-27AB9F898929.jpeg\",\"datePublished\":\"2021-01-27T02:08:54+00:00\",\"author\":{\"@id\":\"https:\\\/\\\/quehacerpolitico.mx\\\/#\\\/schema\\\/person\\\/496d8ad2d1d3f8036101dca7ee39e585\"},\"breadcrumb\":{\"@id\":\"https:\\\/\\\/quehacerpolitico.mx\\\/?p=73290#breadcrumb\"},\"inLanguage\":\"es\",\"potentialAction\":[{\"@type\":\"ReadAction\",\"target\":[\"https:\\\/\\\/quehacerpolitico.mx\\\/?p=73290\"]}]},{\"@type\":\"ImageObject\",\"inLanguage\":\"es\",\"@id\":\"https:\\\/\\\/quehacerpolitico.mx\\\/?p=73290#primaryimage\",\"url\":\"https:\\\/\\\/quehacerpolitico.mx\\\/wp-content\\\/uploads\\\/2021\\\/01\\\/248C4C77-BED5-4C89-BC85-27AB9F898929.jpeg\",\"contentUrl\":\"https:\\\/\\\/quehacerpolitico.mx\\\/wp-content\\\/uploads\\\/2021\\\/01\\\/248C4C77-BED5-4C89-BC85-27AB9F898929.jpeg\",\"width\":679,\"height\":514},{\"@type\":\"BreadcrumbList\",\"@id\":\"https:\\\/\\\/quehacerpolitico.mx\\\/?p=73290#breadcrumb\",\"itemListElement\":[{\"@type\":\"ListItem\",\"position\":1,\"name\":\"Inicio\",\"item\":\"https:\\\/\\\/quehacerpolitico.mx\\\/\"},{\"@type\":\"ListItem\",\"position\":2,\"name\":\"Internacionales\\\/\\\/\\\/Carolina Alonso Romei\\\/\\\/\\\/M\u00e9dico es acusado de matar pacientes con COVID-19 para \u201cliberar camas\u201d\"}]},{\"@type\":\"WebSite\",\"@id\":\"https:\\\/\\\/quehacerpolitico.mx\\\/#website\",\"url\":\"https:\\\/\\\/quehacerpolitico.mx\\\/\",\"name\":\"\",\"description\":\"\",\"potentialAction\":[{\"@type\":\"SearchAction\",\"target\":{\"@type\":\"EntryPoint\",\"urlTemplate\":\"https:\\\/\\\/quehacerpolitico.mx\\\/?s={search_term_string}\"},\"query-input\":{\"@type\":\"PropertyValueSpecification\",\"valueRequired\":true,\"valueName\":\"search_term_string\"}}],\"inLanguage\":\"es\"},{\"@type\":\"Person\",\"@id\":\"https:\\\/\\\/quehacerpolitico.mx\\\/#\\\/schema\\\/person\\\/496d8ad2d1d3f8036101dca7ee39e585\",\"name\":\"Redacci\u00f3n QP\",\"image\":{\"@type\":\"ImageObject\",\"inLanguage\":\"es\",\"@id\":\"https:\\\/\\\/secure.gravatar.com\\\/avatar\\\/c7164ed6fdec453195284ad24a5ae5b6e1eed2b848477fa2a4787ba9adf39a41?s=96&d=mm&r=g\",\"url\":\"https:\\\/\\\/secure.gravatar.com\\\/avatar\\\/c7164ed6fdec453195284ad24a5ae5b6e1eed2b848477fa2a4787ba9adf39a41?s=96&d=mm&r=g\",\"contentUrl\":\"https:\\\/\\\/secure.gravatar.com\\\/avatar\\\/c7164ed6fdec453195284ad24a5ae5b6e1eed2b848477fa2a4787ba9adf39a41?s=96&d=mm&r=g\",\"caption\":\"Redacci\u00f3n QP\"},\"url\":\"https:\\\/\\\/quehacerpolitico.mx\\\/?author=2\"}]}<\/script>\n<!-- \/ Yoast SEO plugin. -->","yoast_head_json":{"title":"Internacionales\/\/\/Carolina Alonso Romei\/\/\/M\u00e9dico es acusado de matar pacientes con COVID-19 para \u201cliberar camas\u201d -","robots":{"index":"index","follow":"follow","max-snippet":"max-snippet:-1","max-image-preview":"max-image-preview:large","max-video-preview":"max-video-preview:-1"},"canonical":"https:\/\/quehacerpolitico.mx\/?p=73290","og_locale":"es_MX","og_type":"article","og_title":"Internacionales\/\/\/Carolina Alonso Romei\/\/\/M\u00e9dico es acusado de matar pacientes con COVID-19 para \u201cliberar camas\u201d -","og_description":"M\u00e9dico es acusado de matar pacientes con COVID-19 para \u201cliberar camas\u201d Por Carolina Alonso Romei...","og_url":"https:\/\/quehacerpolitico.mx\/?p=73290","article_published_time":"2021-01-27T02:08:54+00:00","og_image":[{"width":679,"height":514,"url":"https:\/\/quehacerpolitico.mx\/wp-content\/uploads\/2021\/01\/248C4C77-BED5-4C89-BC85-27AB9F898929.jpeg","type":"image\/jpeg"}],"author":"Redacci\u00f3n QP","twitter_card":"summary_large_image","twitter_misc":{"Escrito por":"Redacci\u00f3n QP","Tiempo de lectura":"2 minutos"},"schema":{"@context":"https:\/\/schema.org","@graph":[{"@type":"Article","@id":"https:\/\/quehacerpolitico.mx\/?p=73290#article","isPartOf":{"@id":"https:\/\/quehacerpolitico.mx\/?p=73290"},"author":{"name":"Redacci\u00f3n QP","@id":"https:\/\/quehacerpolitico.mx\/#\/schema\/person\/496d8ad2d1d3f8036101dca7ee39e585"},"headline":"Internacionales\/\/\/Carolina Alonso Romei\/\/\/M\u00e9dico es acusado de matar pacientes con COVID-19 para \u201cliberar camas\u201d","datePublished":"2021-01-27T02:08:54+00:00","mainEntityOfPage":{"@id":"https:\/\/quehacerpolitico.mx\/?p=73290"},"wordCount":368,"commentCount":0,"image":{"@id":"https:\/\/quehacerpolitico.mx\/?p=73290#primaryimage"},"thumbnailUrl":"https:\/\/quehacerpolitico.mx\/wp-content\/uploads\/2021\/01\/248C4C77-BED5-4C89-BC85-27AB9F898929.jpeg","articleSection":["Internacionales"],"inLanguage":"es","potentialAction":[{"@type":"CommentAction","name":"Comment","target":["https:\/\/quehacerpolitico.mx\/?p=73290#respond"]}]},{"@type":"WebPage","@id":"https:\/\/quehacerpolitico.mx\/?p=73290","url":"https:\/\/quehacerpolitico.mx\/?p=73290","name":"Internacionales\/\/\/Carolina Alonso Romei\/\/\/M\u00e9dico es acusado de matar pacientes con COVID-19 para \u201cliberar camas\u201d -","isPartOf":{"@id":"https:\/\/quehacerpolitico.mx\/#website"},"primaryImageOfPage":{"@id":"https:\/\/quehacerpolitico.mx\/?p=73290#primaryimage"},"image":{"@id":"https:\/\/quehacerpolitico.mx\/?p=73290#primaryimage"},"thumbnailUrl":"https:\/\/quehacerpolitico.mx\/wp-content\/uploads\/2021\/01\/248C4C77-BED5-4C89-BC85-27AB9F898929.jpeg","datePublished":"2021-01-27T02:08:54+00:00","author":{"@id":"https:\/\/quehacerpolitico.mx\/#\/schema\/person\/496d8ad2d1d3f8036101dca7ee39e585"},"breadcrumb":{"@id":"https:\/\/quehacerpolitico.mx\/?p=73290#breadcrumb"},"inLanguage":"es","potentialAction":[{"@type":"ReadAction","target":["https:\/\/quehacerpolitico.mx\/?p=73290"]}]},{"@type":"ImageObject","inLanguage":"es","@id":"https:\/\/quehacerpolitico.mx\/?p=73290#primaryimage","url":"https:\/\/quehacerpolitico.mx\/wp-content\/uploads\/2021\/01\/248C4C77-BED5-4C89-BC85-27AB9F898929.jpeg","contentUrl":"https:\/\/quehacerpolitico.mx\/wp-content\/uploads\/2021\/01\/248C4C77-BED5-4C89-BC85-27AB9F898929.jpeg","width":679,"height":514},{"@type":"BreadcrumbList","@id":"https:\/\/quehacerpolitico.mx\/?p=73290#breadcrumb","itemListElement":[{"@type":"ListItem","position":1,"name":"Inicio","item":"https:\/\/quehacerpolitico.mx\/"},{"@type":"ListItem","position":2,"name":"Internacionales\/\/\/Carolina Alonso Romei\/\/\/M\u00e9dico es acusado de matar pacientes con COVID-19 para \u201cliberar camas\u201d"}]},{"@type":"WebSite","@id":"https:\/\/quehacerpolitico.mx\/#website","url":"https:\/\/quehacerpolitico.mx\/","name":"","description":"","potentialAction":[{"@type":"SearchAction","target":{"@type":"EntryPoint","urlTemplate":"https:\/\/quehacerpolitico.mx\/?s={search_term_string}"},"query-input":{"@type":"PropertyValueSpecification","valueRequired":true,"valueName":"search_term_string"}}],"inLanguage":"es"},{"@type":"Person","@id":"https:\/\/quehacerpolitico.mx\/#\/schema\/person\/496d8ad2d1d3f8036101dca7ee39e585","name":"Redacci\u00f3n QP","image":{"@type":"ImageObject","inLanguage":"es","@id":"https:\/\/secure.gravatar.com\/avatar\/c7164ed6fdec453195284ad24a5ae5b6e1eed2b848477fa2a4787ba9adf39a41?s=96&d=mm&r=g","url":"https:\/\/secure.gravatar.com\/avatar\/c7164ed6fdec453195284ad24a5ae5b6e1eed2b848477fa2a4787ba9adf39a41?s=96&d=mm&r=g","contentUrl":"https:\/\/secure.gravatar.com\/avatar\/c7164ed6fdec453195284ad24a5ae5b6e1eed2b848477fa2a4787ba9adf39a41?s=96&d=mm&r=g","caption":"Redacci\u00f3n QP"},"url":"https:\/\/quehacerpolitico.mx\/?author=2"}]}},"featured_image_urls":{"full":["https:\/\/quehacerpolitico.mx\/wp-content\/uploads\/2021\/01\/248C4C77-BED5-4C89-BC85-27AB9F898929.jpeg",679,514,false],"thumbnail":["https:\/\/quehacerpolitico.mx\/wp-content\/uploads\/2021\/01\/248C4C77-BED5-4C89-BC85-27AB9F898929-150x150.jpeg",150,150,true],"medium":["https:\/\/quehacerpolitico.mx\/wp-content\/uploads\/2021\/01\/248C4C77-BED5-4C89-BC85-27AB9F898929-300x227.jpeg",300,227,true],"medium_large":["https:\/\/quehacerpolitico.mx\/wp-content\/uploads\/2021\/01\/248C4C77-BED5-4C89-BC85-27AB9F898929.jpeg",640,484,false],"large":["https:\/\/quehacerpolitico.mx\/wp-content\/uploads\/2021\/01\/248C4C77-BED5-4C89-BC85-27AB9F898929.jpeg",640,484,false],"1536x1536":["https:\/\/quehacerpolitico.mx\/wp-content\/uploads\/2021\/01\/248C4C77-BED5-4C89-BC85-27AB9F898929.jpeg",679,514,false],"2048x2048":["https:\/\/quehacerpolitico.mx\/wp-content\/uploads\/2021\/01\/248C4C77-BED5-4C89-BC85-27AB9F898929.jpeg",679,514,false],"covernews-featured":["https:\/\/quehacerpolitico.mx\/wp-content\/uploads\/2021\/01\/248C4C77-BED5-4C89-BC85-27AB9F898929.jpeg",679,514,false],"covernews-medium":["https:\/\/quehacerpolitico.mx\/wp-content\/uploads\/2021\/01\/248C4C77-BED5-4C89-BC85-27AB9F898929.jpeg",449,340,false]},"author_info":{"display_name":"Redacci\u00f3n QP","author_link":"https:\/\/quehacerpolitico.mx\/?author=2"},"category_info":"<a href=\"https:\/\/quehacerpolitico.mx\/?cat=1\" rel=\"category\">Internacionales<\/a>","tag_info":"Internacionales","comment_count":"0","_links":{"self":[{"href":"https:\/\/quehacerpolitico.mx\/index.php?rest_route=\/wp\/v2\/posts\/73290","targetHints":{"allow":["GET"]}}],"collection":[{"href":"https:\/\/quehacerpolitico.mx\/index.php?rest_route=\/wp\/v2\/posts"}],"about":[{"href":"https:\/\/quehacerpolitico.mx\/index.php?rest_route=\/wp\/v2\/types\/post"}],"author":[{"embeddable":true,"href":"https:\/\/quehacerpolitico.mx\/index.php?rest_route=\/wp\/v2\/users\/2"}],"replies":[{"embeddable":true,"href":"https:\/\/quehacerpolitico.mx\/index.php?rest_route=%2Fwp%2Fv2%2Fcomments&post=73290"}],"version-history":[{"count":0,"href":"https:\/\/quehacerpolitico.mx\/index.php?rest_route=\/wp\/v2\/posts\/73290\/revisions"}],"wp:featuredmedia":[{"embeddable":true,"href":"https:\/\/quehacerpolitico.mx\/index.php?rest_route=\/wp\/v2\/media\/73294"}],"wp:attachment":[{"href":"https:\/\/quehacerpolitico.mx\/index.php?rest_route=%2Fwp%2Fv2%2Fmedia&parent=73290"}],"wp:term":[{"taxonomy":"category","embeddable":true,"href":"https:\/\/quehacerpolitico.mx\/index.php?rest_route=%2Fwp%2Fv2%2Fcategories&post=73290"},{"taxonomy":"post_tag","embeddable":true,"href":"https:\/\/quehacerpolitico.mx\/index.php?rest_route=%2Fwp%2Fv2%2Ftags&post=73290"}],"curies":[{"name":"wp","href":"https:\/\/api.w.org\/{rel}","templated":true}]}}