{"id":73280,"date":"2021-01-26T23:40:53","date_gmt":"2021-01-26T23:40:53","guid":{"rendered":"https:\/\/quehacerpolitico.mx\/?p=73280"},"modified":"2021-01-26T23:40:53","modified_gmt":"2021-01-26T23:40:53","slug":"metro-en-cdmx-linea-1-reanuda-operaciones-con-afluencia-del-15","status":"publish","type":"post","link":"https:\/\/quehacerpolitico.mx\/?p=73280","title":{"rendered":"Metro en CDMX: L\u00ednea 1 reanuda operaciones con afluencia del 15%"},"content":{"rendered":"<h1 class=\"news-title\">Metro en CDMX: L\u00ednea 1 reanuda operaciones con afluencia del 15%<br \/>\nPor Redacci\u00f3n QP<\/h1>\n<p>La SCT detalla que 242 mil 204 personas usaron el servicio de transporte durante su primer d\u00eda de reactivaci\u00f3n<\/p>\n<p>Durante el primer d\u00eda de operaciones de la L\u00ednea 1 del Sistema de Transporte Colectivo Metro,\u00a0se registr\u00f3 la afluencia de 242 mil 204 usuarios, lo que representa el 15% de la afluencia total.<\/p>\n<p>&#8220;Dentro de la red fue la l\u00ednea que m\u00e1s movi\u00f3 usuarios el d\u00eda de ayer, lo que representa el 15% de la afluencia total <strong>igual a un mill\u00f3n 614 mil 721 usuarios<\/strong>, tuvimos un d\u00eda importante&#8221;, dijo la titular del Metro, Florencia Serran\u00eda Soto.<\/p>\n<blockquote class=\"twitter-tweet\" data-width=\"550\" data-dnt=\"true\">\n<p lang=\"es\" dir=\"ltr\">Ayer, en el reinicio de operaciones de la L\u00ednea 1, se transport\u00f3 a m\u00e1s de 242 mil personas usuarias, lo que representa la mayor cantidad de usuarios en toda la Red. <a href=\"https:\/\/twitter.com\/hashtag\/MovilidadCDMX?src=hash&amp;ref_src=twsrc%5Etfw\">#MovilidadCDMX<\/a> <a href=\"https:\/\/t.co\/bdGzbJfmJQ\">pic.twitter.com\/bdGzbJfmJQ<\/a><\/p>\n<p>&mdash; MetroCDMX (@MetroCDMX) <a href=\"https:\/\/twitter.com\/MetroCDMX\/status\/1354160015322411009?ref_src=twsrc%5Etfw\">January 26, 2021<\/a><\/p><\/blockquote>\n<p><script async src=\"https:\/\/platform.twitter.com\/widgets.js\" charset=\"utf-8\"><\/script><\/p>\n<p>Destac\u00f3 que esta ma\u00f1ana se tuvo una afluencia moderada, <strong>con 16 trenes en circulaci\u00f3n e intervalos de trenes entre cuatro y cinco minutos.<\/strong><\/p>\n<blockquote class=\"twitter-tweet\" data-width=\"550\" data-dnt=\"true\">\n<p lang=\"es\" dir=\"ltr\">Respecto al sistema Telemetr\u00eda ya implementado, explic\u00f3 que se actualiza constantemente de acuerdo al incremento gradual de trenes en circulaci\u00f3n. Adem\u00e1s, este sistema permite conocer las condiciones de operaci\u00f3n de cada tren, lo cual es de suma importancia. <a href=\"https:\/\/twitter.com\/hashtag\/FuerzaMetro?src=hash&amp;ref_src=twsrc%5Etfw\">#FuerzaMetro<\/a> <a href=\"https:\/\/t.co\/aKRdrLmEvt\">pic.twitter.com\/aKRdrLmEvt<\/a><\/p>\n<p>&mdash; MetroCDMX (@MetroCDMX) <a href=\"https:\/\/twitter.com\/MetroCDMX\/status\/1354169450417840128?ref_src=twsrc%5Etfw\">January 26, 2021<\/a><\/p><\/blockquote>\n<p><script async src=\"https:\/\/platform.twitter.com\/widgets.js\" charset=\"utf-8\"><\/script><\/p>\n<h4>Garantizan servicio de la L\u00ednea 3 para el lunes<\/h4>\n<p>En relaci\u00f3n al restablecimiento de la L\u00ednea 3, de Indios Verde a Universidad, Serran\u00eda Soto coment\u00f3 que ya se realizaron las pruebas de energizaci\u00f3n de alumbrado, fuerza, alimentaci\u00f3n y tracci\u00f3n; adem\u00e1s ya se realiz\u00f3 el bombeo y sanitizaci\u00f3n de las instalaciones hidr\u00e1ulicas.<\/p>\n<p><strong>Destac\u00f3 que el restablecimiento de v\u00edas lleva un avance del 50%<\/strong>; adem\u00e1s de que est\u00e1n en proceso el restablecimiento de instalaciones el\u00e9ctricas; as\u00ed como la sanitizaci\u00f3n y limpieza de estaciones.<\/p>\n<p>En cuanto a los trenes, avanzan en la instalaci\u00f3n de la telemetr\u00eda y el sistema Tetra, en la coordinaci\u00f3n con el despacho de Carga y Puesto Central de Control y al \u00faltimo se realizar\u00e1n las pruebas en vac\u00edo.<\/p>\n<p>&#8220;Nuestra cuenta regresiva est\u00e1 en el d\u00eda seis, estamos trabajando y vamos en tiempo, con certeza podemos decir que arrancamos el pr\u00f3ximo lunes&#8221;, expuso Serran\u00eda Soto.<\/p>\n<blockquote class=\"twitter-tweet\" data-width=\"550\" data-dnt=\"true\">\n<p lang=\"es\" dir=\"ltr\">Sigue los avances y acciones derivadas al incidente del PCCI, en el informe de la Directora General <a href=\"https:\/\/twitter.com\/FirenzeM?ref_src=twsrc%5Etfw\">@FirenzeM<\/a> y el titular de <a href=\"https:\/\/twitter.com\/LaSEMOVI?ref_src=twsrc%5Etfw\">@LaSEMOVI<\/a>, <a href=\"https:\/\/twitter.com\/andreslajous?ref_src=twsrc%5Etfw\">@andreslajous<\/a>. <a href=\"https:\/\/t.co\/XmUYNqMobA\">https:\/\/t.co\/XmUYNqMobA<\/a><\/p>\n<p>&mdash; MetroCDMX (@MetroCDMX) <a href=\"https:\/\/twitter.com\/MetroCDMX\/status\/1354142466077822980?ref_src=twsrc%5Etfw\">January 26, 2021<\/a><\/p><\/blockquote>\n<p><script async src=\"https:\/\/platform.twitter.com\/widgets.js\" charset=\"utf-8\"><\/script><\/p>\n<p>Con informaci\u00f3n de SUN<\/p>\n","protected":false},"excerpt":{"rendered":"<p>Metro en CDMX: L\u00ednea 1 reanuda operaciones con afluencia del 15% Por Redacci\u00f3n QP La&#8230;<\/p>\n","protected":false},"author":2,"featured_media":73282,"comment_status":"open","ping_status":"open","sticky":false,"template":"","format":"standard","meta":{"_monsterinsights_skip_tracking":false,"_monsterinsights_sitenote_active":false,"_monsterinsights_sitenote_note":"","_monsterinsights_sitenote_category":0,"footnotes":""},"categories":[55],"tags":[],"class_list":["post-73280","post","type-post","status-publish","format-standard","has-post-thumbnail","hentry","category-cdmx"],"yoast_head":"<!-- This site is optimized with the Yoast SEO plugin v27.3 - https:\/\/yoast.com\/product\/yoast-seo-wordpress\/ -->\n<title>Metro en CDMX: L\u00ednea 1 reanuda operaciones con afluencia del 15% -<\/title>\n<meta name=\"robots\" content=\"index, follow, max-snippet:-1, max-image-preview:large, max-video-preview:-1\" \/>\n<link rel=\"canonical\" href=\"https:\/\/quehacerpolitico.mx\/?p=73280\" \/>\n<meta property=\"og:locale\" content=\"es_MX\" \/>\n<meta property=\"og:type\" content=\"article\" \/>\n<meta property=\"og:title\" content=\"Metro en CDMX: L\u00ednea 1 reanuda operaciones con afluencia del 15% -\" \/>\n<meta property=\"og:description\" content=\"Metro en CDMX: L\u00ednea 1 reanuda operaciones con afluencia del 15% Por Redacci\u00f3n QP La...\" \/>\n<meta property=\"og:url\" content=\"https:\/\/quehacerpolitico.mx\/?p=73280\" \/>\n<meta property=\"article:published_time\" content=\"2021-01-26T23:40:53+00:00\" \/>\n<meta property=\"og:image\" content=\"https:\/\/quehacerpolitico.mx\/wp-content\/uploads\/2021\/01\/53A53690-2AEC-4275-A819-0F1F0074904F.jpeg\" \/>\n\t<meta property=\"og:image:width\" content=\"1280\" \/>\n\t<meta property=\"og:image:height\" content=\"853\" \/>\n\t<meta property=\"og:image:type\" content=\"image\/jpeg\" \/>\n<meta name=\"author\" content=\"Redacci\u00f3n QP\" \/>\n<meta name=\"twitter:card\" content=\"summary_large_image\" \/>\n<meta name=\"twitter:label1\" content=\"Escrito por\" \/>\n\t<meta name=\"twitter:data1\" content=\"Redacci\u00f3n QP\" \/>\n\t<meta name=\"twitter:label2\" content=\"Tiempo de lectura\" \/>\n\t<meta name=\"twitter:data2\" content=\"2 minutos\" \/>\n<script type=\"application\/ld+json\" class=\"yoast-schema-graph\">{\"@context\":\"https:\\\/\\\/schema.org\",\"@graph\":[{\"@type\":\"Article\",\"@id\":\"https:\\\/\\\/quehacerpolitico.mx\\\/?p=73280#article\",\"isPartOf\":{\"@id\":\"https:\\\/\\\/quehacerpolitico.mx\\\/?p=73280\"},\"author\":{\"name\":\"Redacci\u00f3n QP\",\"@id\":\"https:\\\/\\\/quehacerpolitico.mx\\\/#\\\/schema\\\/person\\\/496d8ad2d1d3f8036101dca7ee39e585\"},\"headline\":\"Metro en CDMX: L\u00ednea 1 reanuda operaciones con afluencia del 15%\",\"datePublished\":\"2021-01-26T23:40:53+00:00\",\"mainEntityOfPage\":{\"@id\":\"https:\\\/\\\/quehacerpolitico.mx\\\/?p=73280\"},\"wordCount\":334,\"commentCount\":0,\"image\":{\"@id\":\"https:\\\/\\\/quehacerpolitico.mx\\\/?p=73280#primaryimage\"},\"thumbnailUrl\":\"https:\\\/\\\/quehacerpolitico.mx\\\/wp-content\\\/uploads\\\/2021\\\/01\\\/53A53690-2AEC-4275-A819-0F1F0074904F.jpeg\",\"articleSection\":[\"CDMX\"],\"inLanguage\":\"es\",\"potentialAction\":[{\"@type\":\"CommentAction\",\"name\":\"Comment\",\"target\":[\"https:\\\/\\\/quehacerpolitico.mx\\\/?p=73280#respond\"]}]},{\"@type\":\"WebPage\",\"@id\":\"https:\\\/\\\/quehacerpolitico.mx\\\/?p=73280\",\"url\":\"https:\\\/\\\/quehacerpolitico.mx\\\/?p=73280\",\"name\":\"Metro en CDMX: L\u00ednea 1 reanuda operaciones con afluencia del 15% -\",\"isPartOf\":{\"@id\":\"https:\\\/\\\/quehacerpolitico.mx\\\/#website\"},\"primaryImageOfPage\":{\"@id\":\"https:\\\/\\\/quehacerpolitico.mx\\\/?p=73280#primaryimage\"},\"image\":{\"@id\":\"https:\\\/\\\/quehacerpolitico.mx\\\/?p=73280#primaryimage\"},\"thumbnailUrl\":\"https:\\\/\\\/quehacerpolitico.mx\\\/wp-content\\\/uploads\\\/2021\\\/01\\\/53A53690-2AEC-4275-A819-0F1F0074904F.jpeg\",\"datePublished\":\"2021-01-26T23:40:53+00:00\",\"author\":{\"@id\":\"https:\\\/\\\/quehacerpolitico.mx\\\/#\\\/schema\\\/person\\\/496d8ad2d1d3f8036101dca7ee39e585\"},\"breadcrumb\":{\"@id\":\"https:\\\/\\\/quehacerpolitico.mx\\\/?p=73280#breadcrumb\"},\"inLanguage\":\"es\",\"potentialAction\":[{\"@type\":\"ReadAction\",\"target\":[\"https:\\\/\\\/quehacerpolitico.mx\\\/?p=73280\"]}]},{\"@type\":\"ImageObject\",\"inLanguage\":\"es\",\"@id\":\"https:\\\/\\\/quehacerpolitico.mx\\\/?p=73280#primaryimage\",\"url\":\"https:\\\/\\\/quehacerpolitico.mx\\\/wp-content\\\/uploads\\\/2021\\\/01\\\/53A53690-2AEC-4275-A819-0F1F0074904F.jpeg\",\"contentUrl\":\"https:\\\/\\\/quehacerpolitico.mx\\\/wp-content\\\/uploads\\\/2021\\\/01\\\/53A53690-2AEC-4275-A819-0F1F0074904F.jpeg\",\"width\":1280,\"height\":853},{\"@type\":\"BreadcrumbList\",\"@id\":\"https:\\\/\\\/quehacerpolitico.mx\\\/?p=73280#breadcrumb\",\"itemListElement\":[{\"@type\":\"ListItem\",\"position\":1,\"name\":\"Inicio\",\"item\":\"https:\\\/\\\/quehacerpolitico.mx\\\/\"},{\"@type\":\"ListItem\",\"position\":2,\"name\":\"Metro en CDMX: L\u00ednea 1 reanuda operaciones con afluencia del 15%\"}]},{\"@type\":\"WebSite\",\"@id\":\"https:\\\/\\\/quehacerpolitico.mx\\\/#website\",\"url\":\"https:\\\/\\\/quehacerpolitico.mx\\\/\",\"name\":\"\",\"description\":\"\",\"potentialAction\":[{\"@type\":\"SearchAction\",\"target\":{\"@type\":\"EntryPoint\",\"urlTemplate\":\"https:\\\/\\\/quehacerpolitico.mx\\\/?s={search_term_string}\"},\"query-input\":{\"@type\":\"PropertyValueSpecification\",\"valueRequired\":true,\"valueName\":\"search_term_string\"}}],\"inLanguage\":\"es\"},{\"@type\":\"Person\",\"@id\":\"https:\\\/\\\/quehacerpolitico.mx\\\/#\\\/schema\\\/person\\\/496d8ad2d1d3f8036101dca7ee39e585\",\"name\":\"Redacci\u00f3n QP\",\"image\":{\"@type\":\"ImageObject\",\"inLanguage\":\"es\",\"@id\":\"https:\\\/\\\/secure.gravatar.com\\\/avatar\\\/c7164ed6fdec453195284ad24a5ae5b6e1eed2b848477fa2a4787ba9adf39a41?s=96&d=mm&r=g\",\"url\":\"https:\\\/\\\/secure.gravatar.com\\\/avatar\\\/c7164ed6fdec453195284ad24a5ae5b6e1eed2b848477fa2a4787ba9adf39a41?s=96&d=mm&r=g\",\"contentUrl\":\"https:\\\/\\\/secure.gravatar.com\\\/avatar\\\/c7164ed6fdec453195284ad24a5ae5b6e1eed2b848477fa2a4787ba9adf39a41?s=96&d=mm&r=g\",\"caption\":\"Redacci\u00f3n QP\"},\"url\":\"https:\\\/\\\/quehacerpolitico.mx\\\/?author=2\"}]}<\/script>\n<!-- \/ Yoast SEO plugin. -->","yoast_head_json":{"title":"Metro en CDMX: L\u00ednea 1 reanuda operaciones con afluencia del 15% -","robots":{"index":"index","follow":"follow","max-snippet":"max-snippet:-1","max-image-preview":"max-image-preview:large","max-video-preview":"max-video-preview:-1"},"canonical":"https:\/\/quehacerpolitico.mx\/?p=73280","og_locale":"es_MX","og_type":"article","og_title":"Metro en CDMX: L\u00ednea 1 reanuda operaciones con afluencia del 15% -","og_description":"Metro en CDMX: L\u00ednea 1 reanuda operaciones con afluencia del 15% Por Redacci\u00f3n QP La...","og_url":"https:\/\/quehacerpolitico.mx\/?p=73280","article_published_time":"2021-01-26T23:40:53+00:00","og_image":[{"width":1280,"height":853,"url":"https:\/\/quehacerpolitico.mx\/wp-content\/uploads\/2021\/01\/53A53690-2AEC-4275-A819-0F1F0074904F.jpeg","type":"image\/jpeg"}],"author":"Redacci\u00f3n QP","twitter_card":"summary_large_image","twitter_misc":{"Escrito por":"Redacci\u00f3n QP","Tiempo de lectura":"2 minutos"},"schema":{"@context":"https:\/\/schema.org","@graph":[{"@type":"Article","@id":"https:\/\/quehacerpolitico.mx\/?p=73280#article","isPartOf":{"@id":"https:\/\/quehacerpolitico.mx\/?p=73280"},"author":{"name":"Redacci\u00f3n QP","@id":"https:\/\/quehacerpolitico.mx\/#\/schema\/person\/496d8ad2d1d3f8036101dca7ee39e585"},"headline":"Metro en CDMX: L\u00ednea 1 reanuda operaciones con afluencia del 15%","datePublished":"2021-01-26T23:40:53+00:00","mainEntityOfPage":{"@id":"https:\/\/quehacerpolitico.mx\/?p=73280"},"wordCount":334,"commentCount":0,"image":{"@id":"https:\/\/quehacerpolitico.mx\/?p=73280#primaryimage"},"thumbnailUrl":"https:\/\/quehacerpolitico.mx\/wp-content\/uploads\/2021\/01\/53A53690-2AEC-4275-A819-0F1F0074904F.jpeg","articleSection":["CDMX"],"inLanguage":"es","potentialAction":[{"@type":"CommentAction","name":"Comment","target":["https:\/\/quehacerpolitico.mx\/?p=73280#respond"]}]},{"@type":"WebPage","@id":"https:\/\/quehacerpolitico.mx\/?p=73280","url":"https:\/\/quehacerpolitico.mx\/?p=73280","name":"Metro en CDMX: L\u00ednea 1 reanuda operaciones con afluencia del 15% -","isPartOf":{"@id":"https:\/\/quehacerpolitico.mx\/#website"},"primaryImageOfPage":{"@id":"https:\/\/quehacerpolitico.mx\/?p=73280#primaryimage"},"image":{"@id":"https:\/\/quehacerpolitico.mx\/?p=73280#primaryimage"},"thumbnailUrl":"https:\/\/quehacerpolitico.mx\/wp-content\/uploads\/2021\/01\/53A53690-2AEC-4275-A819-0F1F0074904F.jpeg","datePublished":"2021-01-26T23:40:53+00:00","author":{"@id":"https:\/\/quehacerpolitico.mx\/#\/schema\/person\/496d8ad2d1d3f8036101dca7ee39e585"},"breadcrumb":{"@id":"https:\/\/quehacerpolitico.mx\/?p=73280#breadcrumb"},"inLanguage":"es","potentialAction":[{"@type":"ReadAction","target":["https:\/\/quehacerpolitico.mx\/?p=73280"]}]},{"@type":"ImageObject","inLanguage":"es","@id":"https:\/\/quehacerpolitico.mx\/?p=73280#primaryimage","url":"https:\/\/quehacerpolitico.mx\/wp-content\/uploads\/2021\/01\/53A53690-2AEC-4275-A819-0F1F0074904F.jpeg","contentUrl":"https:\/\/quehacerpolitico.mx\/wp-content\/uploads\/2021\/01\/53A53690-2AEC-4275-A819-0F1F0074904F.jpeg","width":1280,"height":853},{"@type":"BreadcrumbList","@id":"https:\/\/quehacerpolitico.mx\/?p=73280#breadcrumb","itemListElement":[{"@type":"ListItem","position":1,"name":"Inicio","item":"https:\/\/quehacerpolitico.mx\/"},{"@type":"ListItem","position":2,"name":"Metro en CDMX: L\u00ednea 1 reanuda operaciones con afluencia del 15%"}]},{"@type":"WebSite","@id":"https:\/\/quehacerpolitico.mx\/#website","url":"https:\/\/quehacerpolitico.mx\/","name":"","description":"","potentialAction":[{"@type":"SearchAction","target":{"@type":"EntryPoint","urlTemplate":"https:\/\/quehacerpolitico.mx\/?s={search_term_string}"},"query-input":{"@type":"PropertyValueSpecification","valueRequired":true,"valueName":"search_term_string"}}],"inLanguage":"es"},{"@type":"Person","@id":"https:\/\/quehacerpolitico.mx\/#\/schema\/person\/496d8ad2d1d3f8036101dca7ee39e585","name":"Redacci\u00f3n QP","image":{"@type":"ImageObject","inLanguage":"es","@id":"https:\/\/secure.gravatar.com\/avatar\/c7164ed6fdec453195284ad24a5ae5b6e1eed2b848477fa2a4787ba9adf39a41?s=96&d=mm&r=g","url":"https:\/\/secure.gravatar.com\/avatar\/c7164ed6fdec453195284ad24a5ae5b6e1eed2b848477fa2a4787ba9adf39a41?s=96&d=mm&r=g","contentUrl":"https:\/\/secure.gravatar.com\/avatar\/c7164ed6fdec453195284ad24a5ae5b6e1eed2b848477fa2a4787ba9adf39a41?s=96&d=mm&r=g","caption":"Redacci\u00f3n QP"},"url":"https:\/\/quehacerpolitico.mx\/?author=2"}]}},"featured_image_urls":{"full":["https:\/\/quehacerpolitico.mx\/wp-content\/uploads\/2021\/01\/53A53690-2AEC-4275-A819-0F1F0074904F.jpeg",1280,853,false],"thumbnail":["https:\/\/quehacerpolitico.mx\/wp-content\/uploads\/2021\/01\/53A53690-2AEC-4275-A819-0F1F0074904F-150x150.jpeg",150,150,true],"medium":["https:\/\/quehacerpolitico.mx\/wp-content\/uploads\/2021\/01\/53A53690-2AEC-4275-A819-0F1F0074904F-300x200.jpeg",300,200,true],"medium_large":["https:\/\/quehacerpolitico.mx\/wp-content\/uploads\/2021\/01\/53A53690-2AEC-4275-A819-0F1F0074904F-768x512.jpeg",640,427,true],"large":["https:\/\/quehacerpolitico.mx\/wp-content\/uploads\/2021\/01\/53A53690-2AEC-4275-A819-0F1F0074904F-1024x682.jpeg",640,426,true],"1536x1536":["https:\/\/quehacerpolitico.mx\/wp-content\/uploads\/2021\/01\/53A53690-2AEC-4275-A819-0F1F0074904F.jpeg",1280,853,false],"2048x2048":["https:\/\/quehacerpolitico.mx\/wp-content\/uploads\/2021\/01\/53A53690-2AEC-4275-A819-0F1F0074904F.jpeg",1280,853,false],"covernews-featured":["https:\/\/quehacerpolitico.mx\/wp-content\/uploads\/2021\/01\/53A53690-2AEC-4275-A819-0F1F0074904F.jpeg",1024,682,false],"covernews-medium":["https:\/\/quehacerpolitico.mx\/wp-content\/uploads\/2021\/01\/53A53690-2AEC-4275-A819-0F1F0074904F.jpeg",510,340,false]},"author_info":{"display_name":"Redacci\u00f3n QP","author_link":"https:\/\/quehacerpolitico.mx\/?author=2"},"category_info":"<a href=\"https:\/\/quehacerpolitico.mx\/?cat=55\" rel=\"category\">CDMX<\/a>","tag_info":"CDMX","comment_count":"0","_links":{"self":[{"href":"https:\/\/quehacerpolitico.mx\/index.php?rest_route=\/wp\/v2\/posts\/73280","targetHints":{"allow":["GET"]}}],"collection":[{"href":"https:\/\/quehacerpolitico.mx\/index.php?rest_route=\/wp\/v2\/posts"}],"about":[{"href":"https:\/\/quehacerpolitico.mx\/index.php?rest_route=\/wp\/v2\/types\/post"}],"author":[{"embeddable":true,"href":"https:\/\/quehacerpolitico.mx\/index.php?rest_route=\/wp\/v2\/users\/2"}],"replies":[{"embeddable":true,"href":"https:\/\/quehacerpolitico.mx\/index.php?rest_route=%2Fwp%2Fv2%2Fcomments&post=73280"}],"version-history":[{"count":0,"href":"https:\/\/quehacerpolitico.mx\/index.php?rest_route=\/wp\/v2\/posts\/73280\/revisions"}],"wp:featuredmedia":[{"embeddable":true,"href":"https:\/\/quehacerpolitico.mx\/index.php?rest_route=\/wp\/v2\/media\/73282"}],"wp:attachment":[{"href":"https:\/\/quehacerpolitico.mx\/index.php?rest_route=%2Fwp%2Fv2%2Fmedia&parent=73280"}],"wp:term":[{"taxonomy":"category","embeddable":true,"href":"https:\/\/quehacerpolitico.mx\/index.php?rest_route=%2Fwp%2Fv2%2Fcategories&post=73280"},{"taxonomy":"post_tag","embeddable":true,"href":"https:\/\/quehacerpolitico.mx\/index.php?rest_route=%2Fwp%2Fv2%2Ftags&post=73280"}],"curies":[{"name":"wp","href":"https:\/\/api.w.org\/{rel}","templated":true}]}}