{"id":73275,"date":"2021-01-26T23:26:21","date_gmt":"2021-01-26T23:26:21","guid":{"rendered":"https:\/\/quehacerpolitico.mx\/?p=73275"},"modified":"2021-01-26T23:26:21","modified_gmt":"2021-01-26T23:26:21","slug":"inhabilitan-por-10-anos-ex-titular-de-la-conade-en-sexenio-de-pena-nieto","status":"publish","type":"post","link":"https:\/\/quehacerpolitico.mx\/?p=73275","title":{"rendered":"Inhabilitan por 10 a\u00f1os a ex titular de la Conade en sexenio de Pe\u00f1a Nieto"},"content":{"rendered":"<h1 class=\"news-title\">Inhabilitan por 10 a\u00f1os a ex titular de la Conade en sexenio de Pe\u00f1a Nieto<br \/>\nPor Redacci\u00f3n QP<\/h1>\n<p>La SFP inform\u00f3 que se determin\u00f3 inhabilitar para desempe\u00f1ar empleos, cargos o comisiones en el servicio p\u00fablico por un periodo de 10 a\u00f1os a Alfredo Castillo, ex titular de la Conade<\/p>\n<p>Este martes, la Secretar\u00eda de la Funci\u00f3n P\u00fablica (SFP) confirm\u00f3 la inhabilitaci\u00f3n por 10 a\u00f1os de Alfredo Castillo ex titular de la Comisi\u00f3n Nacional del Deportes (Conade) durante el gobierno de Enrique Pe\u00f1a Nieto.<\/p>\n<p>En un comunicado, la secretaria de la Funci\u00f3n P\u00fablica, Irma Er\u00e9ndira Sandoval, inform\u00f3 que tras un exhaustivo procedimiento de responsabilidades se determin\u00f3 imponer la sanci\u00f3n de <strong>inhabilitaci\u00f3n para desempe\u00f1ar empleos, cargos o comisiones en el servicio p\u00fablico por un periodo de 10 a\u00f1os<\/strong> a Alfredo Castillo.<\/p>\n<p>Adem\u00e1s, resalta que &#8221;la nueva \u00e9tica p\u00fablica que est\u00e1 construyendo el Gobierno de M\u00e9xico se basa en la probidad, en la transparencia y en la estricta legalidad, y por ello los altos funcionarios debemos cumplir nuestras obligaciones, como la declaraci\u00f3n de situaci\u00f3n patrimonial, con el m\u00e1s alto est\u00e1ndar&#8221;.<\/p>\n<blockquote class=\"twitter-tweet\" data-width=\"550\" data-dnt=\"true\">\n<p lang=\"es\" dir=\"ltr\"><a href=\"https:\/\/twitter.com\/hashtag\/COMUNICADO?src=hash&amp;ref_src=twsrc%5Etfw\">#COMUNICADO<\/a>\ud83d\udcd5<\/p>\n<p>Funci\u00f3n P\u00fablica inhabilita por 10 a\u00f1os a extitular de la Conade en la administraci\u00f3n de Pe\u00f1a Nieto.<\/p>\n<p>Conoce m\u00e1s en:\ud83d\udc49\ud83c\udffd<a href=\"https:\/\/t.co\/wYwWDJoDP0\">https:\/\/t.co\/wYwWDJoDP0<\/a> <a href=\"https:\/\/t.co\/EyuGHhjUhr\">pic.twitter.com\/EyuGHhjUhr<\/a><\/p>\n<p>&mdash; SFP M\u00e9xico \ud83c\uddf2\ud83c\uddfd (@SFP_mx) <a href=\"https:\/\/twitter.com\/SFP_mx\/status\/1354115131475546112?ref_src=twsrc%5Etfw\">January 26, 2021<\/a><\/p><\/blockquote>\n<p><script async src=\"https:\/\/platform.twitter.com\/widgets.js\" charset=\"utf-8\"><\/script><\/p>\n<div class=\"banner b2\">\n<div id=\"div-gpt-ad-1505954097040-2\" data-google-query-id=\"CLewqd_euu4CFQWLwAodpMwDtw\">\n<p>La sanci\u00f3n que le fue notificada a Alfredo Castillo, explica el comunicado, deriva de un ejercicio de verificaci\u00f3n a la evoluci\u00f3n patrimonial, &#8221;en el cual se detect\u00f3 que el exfuncionario, quien tambi\u00e9n fuera comisionado para la Seguridad y Desarrollo Integral en el Estado de Michoac\u00e1n, <strong>falt\u00f3 a la verdad en sus declaraciones de situaci\u00f3n patrimonial de tres a\u00f1os: de 2014 a 2016&#8221;.<\/strong><\/p>\n<p>Ante esto, la Direcci\u00f3n General de Responsabilidades y Verificaci\u00f3n Patrimonial &#8221;inici\u00f3 un minucioso procedimiento administrativo sancionador y determin\u00f3 que <strong>omiti\u00f3 declarar seis cuentas bancarias a su nombre y al de su c\u00f3nyuge, en las que en total ten\u00edan m\u00e1s de 18 millones 300 mil pesos&#8221;.<\/strong><\/p>\n<p>La omisi\u00f3n constituye una violaci\u00f3n al art\u00edculo 8 de la Ley Federal de Responsabilidades Administrativas de los Servidores P\u00fablicos que estaba en vigor al momento de los hechos, y que establec\u00eda la obligaci\u00f3n de &#8221;presentar la veracidad de las declaraciones de la situaci\u00f3n patrimonial&#8221;.<\/p>\n<\/div>\n<\/div>\n","protected":false},"excerpt":{"rendered":"<p>Inhabilitan por 10 a\u00f1os a ex titular de la Conade en sexenio de Pe\u00f1a Nieto&#8230;<\/p>\n","protected":false},"author":2,"featured_media":73278,"comment_status":"open","ping_status":"open","sticky":false,"template":"","format":"standard","meta":{"_monsterinsights_skip_tracking":false,"_monsterinsights_sitenote_active":false,"_monsterinsights_sitenote_note":"","_monsterinsights_sitenote_category":0,"footnotes":""},"categories":[2],"tags":[],"class_list":["post-73275","post","type-post","status-publish","format-standard","has-post-thumbnail","hentry","category-noticias"],"yoast_head":"<!-- This site is optimized with the Yoast SEO plugin v27.3 - https:\/\/yoast.com\/product\/yoast-seo-wordpress\/ -->\n<title>Inhabilitan por 10 a\u00f1os a ex titular de la Conade en sexenio de Pe\u00f1a Nieto -<\/title>\n<meta name=\"robots\" content=\"index, follow, max-snippet:-1, max-image-preview:large, max-video-preview:-1\" \/>\n<link rel=\"canonical\" href=\"https:\/\/quehacerpolitico.mx\/?p=73275\" \/>\n<meta property=\"og:locale\" content=\"es_MX\" \/>\n<meta property=\"og:type\" content=\"article\" \/>\n<meta property=\"og:title\" content=\"Inhabilitan por 10 a\u00f1os a ex titular de la Conade en sexenio de Pe\u00f1a Nieto -\" \/>\n<meta property=\"og:description\" content=\"Inhabilitan por 10 a\u00f1os a ex titular de la Conade en sexenio de Pe\u00f1a Nieto...\" \/>\n<meta property=\"og:url\" content=\"https:\/\/quehacerpolitico.mx\/?p=73275\" \/>\n<meta property=\"article:published_time\" content=\"2021-01-26T23:26:21+00:00\" \/>\n<meta property=\"og:image\" content=\"https:\/\/quehacerpolitico.mx\/wp-content\/uploads\/2021\/01\/4D689EB2-3FF1-4B7E-8498-EDC95C9D1B3B.jpeg\" \/>\n\t<meta property=\"og:image:width\" content=\"702\" \/>\n\t<meta property=\"og:image:height\" content=\"437\" \/>\n\t<meta property=\"og:image:type\" content=\"image\/jpeg\" \/>\n<meta name=\"author\" content=\"Redacci\u00f3n QP\" \/>\n<meta name=\"twitter:card\" content=\"summary_large_image\" \/>\n<meta name=\"twitter:label1\" content=\"Escrito por\" \/>\n\t<meta name=\"twitter:data1\" content=\"Redacci\u00f3n QP\" \/>\n\t<meta name=\"twitter:label2\" content=\"Tiempo de lectura\" \/>\n\t<meta name=\"twitter:data2\" content=\"2 minutos\" \/>\n<script type=\"application\/ld+json\" class=\"yoast-schema-graph\">{\"@context\":\"https:\\\/\\\/schema.org\",\"@graph\":[{\"@type\":\"Article\",\"@id\":\"https:\\\/\\\/quehacerpolitico.mx\\\/?p=73275#article\",\"isPartOf\":{\"@id\":\"https:\\\/\\\/quehacerpolitico.mx\\\/?p=73275\"},\"author\":{\"name\":\"Redacci\u00f3n QP\",\"@id\":\"https:\\\/\\\/quehacerpolitico.mx\\\/#\\\/schema\\\/person\\\/496d8ad2d1d3f8036101dca7ee39e585\"},\"headline\":\"Inhabilitan por 10 a\u00f1os a ex titular de la Conade en sexenio de Pe\u00f1a Nieto\",\"datePublished\":\"2021-01-26T23:26:21+00:00\",\"mainEntityOfPage\":{\"@id\":\"https:\\\/\\\/quehacerpolitico.mx\\\/?p=73275\"},\"wordCount\":389,\"commentCount\":0,\"image\":{\"@id\":\"https:\\\/\\\/quehacerpolitico.mx\\\/?p=73275#primaryimage\"},\"thumbnailUrl\":\"https:\\\/\\\/quehacerpolitico.mx\\\/wp-content\\\/uploads\\\/2021\\\/01\\\/4D689EB2-3FF1-4B7E-8498-EDC95C9D1B3B.jpeg\",\"articleSection\":[\"Noticias\"],\"inLanguage\":\"es\",\"potentialAction\":[{\"@type\":\"CommentAction\",\"name\":\"Comment\",\"target\":[\"https:\\\/\\\/quehacerpolitico.mx\\\/?p=73275#respond\"]}]},{\"@type\":\"WebPage\",\"@id\":\"https:\\\/\\\/quehacerpolitico.mx\\\/?p=73275\",\"url\":\"https:\\\/\\\/quehacerpolitico.mx\\\/?p=73275\",\"name\":\"Inhabilitan por 10 a\u00f1os a ex titular de la Conade en sexenio de Pe\u00f1a Nieto -\",\"isPartOf\":{\"@id\":\"https:\\\/\\\/quehacerpolitico.mx\\\/#website\"},\"primaryImageOfPage\":{\"@id\":\"https:\\\/\\\/quehacerpolitico.mx\\\/?p=73275#primaryimage\"},\"image\":{\"@id\":\"https:\\\/\\\/quehacerpolitico.mx\\\/?p=73275#primaryimage\"},\"thumbnailUrl\":\"https:\\\/\\\/quehacerpolitico.mx\\\/wp-content\\\/uploads\\\/2021\\\/01\\\/4D689EB2-3FF1-4B7E-8498-EDC95C9D1B3B.jpeg\",\"datePublished\":\"2021-01-26T23:26:21+00:00\",\"author\":{\"@id\":\"https:\\\/\\\/quehacerpolitico.mx\\\/#\\\/schema\\\/person\\\/496d8ad2d1d3f8036101dca7ee39e585\"},\"breadcrumb\":{\"@id\":\"https:\\\/\\\/quehacerpolitico.mx\\\/?p=73275#breadcrumb\"},\"inLanguage\":\"es\",\"potentialAction\":[{\"@type\":\"ReadAction\",\"target\":[\"https:\\\/\\\/quehacerpolitico.mx\\\/?p=73275\"]}]},{\"@type\":\"ImageObject\",\"inLanguage\":\"es\",\"@id\":\"https:\\\/\\\/quehacerpolitico.mx\\\/?p=73275#primaryimage\",\"url\":\"https:\\\/\\\/quehacerpolitico.mx\\\/wp-content\\\/uploads\\\/2021\\\/01\\\/4D689EB2-3FF1-4B7E-8498-EDC95C9D1B3B.jpeg\",\"contentUrl\":\"https:\\\/\\\/quehacerpolitico.mx\\\/wp-content\\\/uploads\\\/2021\\\/01\\\/4D689EB2-3FF1-4B7E-8498-EDC95C9D1B3B.jpeg\",\"width\":702,\"height\":437},{\"@type\":\"BreadcrumbList\",\"@id\":\"https:\\\/\\\/quehacerpolitico.mx\\\/?p=73275#breadcrumb\",\"itemListElement\":[{\"@type\":\"ListItem\",\"position\":1,\"name\":\"Inicio\",\"item\":\"https:\\\/\\\/quehacerpolitico.mx\\\/\"},{\"@type\":\"ListItem\",\"position\":2,\"name\":\"Inhabilitan por 10 a\u00f1os a ex titular de la Conade en sexenio de Pe\u00f1a Nieto\"}]},{\"@type\":\"WebSite\",\"@id\":\"https:\\\/\\\/quehacerpolitico.mx\\\/#website\",\"url\":\"https:\\\/\\\/quehacerpolitico.mx\\\/\",\"name\":\"\",\"description\":\"\",\"potentialAction\":[{\"@type\":\"SearchAction\",\"target\":{\"@type\":\"EntryPoint\",\"urlTemplate\":\"https:\\\/\\\/quehacerpolitico.mx\\\/?s={search_term_string}\"},\"query-input\":{\"@type\":\"PropertyValueSpecification\",\"valueRequired\":true,\"valueName\":\"search_term_string\"}}],\"inLanguage\":\"es\"},{\"@type\":\"Person\",\"@id\":\"https:\\\/\\\/quehacerpolitico.mx\\\/#\\\/schema\\\/person\\\/496d8ad2d1d3f8036101dca7ee39e585\",\"name\":\"Redacci\u00f3n QP\",\"image\":{\"@type\":\"ImageObject\",\"inLanguage\":\"es\",\"@id\":\"https:\\\/\\\/secure.gravatar.com\\\/avatar\\\/c7164ed6fdec453195284ad24a5ae5b6e1eed2b848477fa2a4787ba9adf39a41?s=96&d=mm&r=g\",\"url\":\"https:\\\/\\\/secure.gravatar.com\\\/avatar\\\/c7164ed6fdec453195284ad24a5ae5b6e1eed2b848477fa2a4787ba9adf39a41?s=96&d=mm&r=g\",\"contentUrl\":\"https:\\\/\\\/secure.gravatar.com\\\/avatar\\\/c7164ed6fdec453195284ad24a5ae5b6e1eed2b848477fa2a4787ba9adf39a41?s=96&d=mm&r=g\",\"caption\":\"Redacci\u00f3n QP\"},\"url\":\"https:\\\/\\\/quehacerpolitico.mx\\\/?author=2\"}]}<\/script>\n<!-- \/ Yoast SEO plugin. -->","yoast_head_json":{"title":"Inhabilitan por 10 a\u00f1os a ex titular de la Conade en sexenio de Pe\u00f1a Nieto -","robots":{"index":"index","follow":"follow","max-snippet":"max-snippet:-1","max-image-preview":"max-image-preview:large","max-video-preview":"max-video-preview:-1"},"canonical":"https:\/\/quehacerpolitico.mx\/?p=73275","og_locale":"es_MX","og_type":"article","og_title":"Inhabilitan por 10 a\u00f1os a ex titular de la Conade en sexenio de Pe\u00f1a Nieto -","og_description":"Inhabilitan por 10 a\u00f1os a ex titular de la Conade en sexenio de Pe\u00f1a Nieto...","og_url":"https:\/\/quehacerpolitico.mx\/?p=73275","article_published_time":"2021-01-26T23:26:21+00:00","og_image":[{"width":702,"height":437,"url":"https:\/\/quehacerpolitico.mx\/wp-content\/uploads\/2021\/01\/4D689EB2-3FF1-4B7E-8498-EDC95C9D1B3B.jpeg","type":"image\/jpeg"}],"author":"Redacci\u00f3n QP","twitter_card":"summary_large_image","twitter_misc":{"Escrito por":"Redacci\u00f3n QP","Tiempo de lectura":"2 minutos"},"schema":{"@context":"https:\/\/schema.org","@graph":[{"@type":"Article","@id":"https:\/\/quehacerpolitico.mx\/?p=73275#article","isPartOf":{"@id":"https:\/\/quehacerpolitico.mx\/?p=73275"},"author":{"name":"Redacci\u00f3n QP","@id":"https:\/\/quehacerpolitico.mx\/#\/schema\/person\/496d8ad2d1d3f8036101dca7ee39e585"},"headline":"Inhabilitan por 10 a\u00f1os a ex titular de la Conade en sexenio de Pe\u00f1a Nieto","datePublished":"2021-01-26T23:26:21+00:00","mainEntityOfPage":{"@id":"https:\/\/quehacerpolitico.mx\/?p=73275"},"wordCount":389,"commentCount":0,"image":{"@id":"https:\/\/quehacerpolitico.mx\/?p=73275#primaryimage"},"thumbnailUrl":"https:\/\/quehacerpolitico.mx\/wp-content\/uploads\/2021\/01\/4D689EB2-3FF1-4B7E-8498-EDC95C9D1B3B.jpeg","articleSection":["Noticias"],"inLanguage":"es","potentialAction":[{"@type":"CommentAction","name":"Comment","target":["https:\/\/quehacerpolitico.mx\/?p=73275#respond"]}]},{"@type":"WebPage","@id":"https:\/\/quehacerpolitico.mx\/?p=73275","url":"https:\/\/quehacerpolitico.mx\/?p=73275","name":"Inhabilitan por 10 a\u00f1os a ex titular de la Conade en sexenio de Pe\u00f1a Nieto -","isPartOf":{"@id":"https:\/\/quehacerpolitico.mx\/#website"},"primaryImageOfPage":{"@id":"https:\/\/quehacerpolitico.mx\/?p=73275#primaryimage"},"image":{"@id":"https:\/\/quehacerpolitico.mx\/?p=73275#primaryimage"},"thumbnailUrl":"https:\/\/quehacerpolitico.mx\/wp-content\/uploads\/2021\/01\/4D689EB2-3FF1-4B7E-8498-EDC95C9D1B3B.jpeg","datePublished":"2021-01-26T23:26:21+00:00","author":{"@id":"https:\/\/quehacerpolitico.mx\/#\/schema\/person\/496d8ad2d1d3f8036101dca7ee39e585"},"breadcrumb":{"@id":"https:\/\/quehacerpolitico.mx\/?p=73275#breadcrumb"},"inLanguage":"es","potentialAction":[{"@type":"ReadAction","target":["https:\/\/quehacerpolitico.mx\/?p=73275"]}]},{"@type":"ImageObject","inLanguage":"es","@id":"https:\/\/quehacerpolitico.mx\/?p=73275#primaryimage","url":"https:\/\/quehacerpolitico.mx\/wp-content\/uploads\/2021\/01\/4D689EB2-3FF1-4B7E-8498-EDC95C9D1B3B.jpeg","contentUrl":"https:\/\/quehacerpolitico.mx\/wp-content\/uploads\/2021\/01\/4D689EB2-3FF1-4B7E-8498-EDC95C9D1B3B.jpeg","width":702,"height":437},{"@type":"BreadcrumbList","@id":"https:\/\/quehacerpolitico.mx\/?p=73275#breadcrumb","itemListElement":[{"@type":"ListItem","position":1,"name":"Inicio","item":"https:\/\/quehacerpolitico.mx\/"},{"@type":"ListItem","position":2,"name":"Inhabilitan por 10 a\u00f1os a ex titular de la Conade en sexenio de Pe\u00f1a Nieto"}]},{"@type":"WebSite","@id":"https:\/\/quehacerpolitico.mx\/#website","url":"https:\/\/quehacerpolitico.mx\/","name":"","description":"","potentialAction":[{"@type":"SearchAction","target":{"@type":"EntryPoint","urlTemplate":"https:\/\/quehacerpolitico.mx\/?s={search_term_string}"},"query-input":{"@type":"PropertyValueSpecification","valueRequired":true,"valueName":"search_term_string"}}],"inLanguage":"es"},{"@type":"Person","@id":"https:\/\/quehacerpolitico.mx\/#\/schema\/person\/496d8ad2d1d3f8036101dca7ee39e585","name":"Redacci\u00f3n QP","image":{"@type":"ImageObject","inLanguage":"es","@id":"https:\/\/secure.gravatar.com\/avatar\/c7164ed6fdec453195284ad24a5ae5b6e1eed2b848477fa2a4787ba9adf39a41?s=96&d=mm&r=g","url":"https:\/\/secure.gravatar.com\/avatar\/c7164ed6fdec453195284ad24a5ae5b6e1eed2b848477fa2a4787ba9adf39a41?s=96&d=mm&r=g","contentUrl":"https:\/\/secure.gravatar.com\/avatar\/c7164ed6fdec453195284ad24a5ae5b6e1eed2b848477fa2a4787ba9adf39a41?s=96&d=mm&r=g","caption":"Redacci\u00f3n QP"},"url":"https:\/\/quehacerpolitico.mx\/?author=2"}]}},"featured_image_urls":{"full":["https:\/\/quehacerpolitico.mx\/wp-content\/uploads\/2021\/01\/4D689EB2-3FF1-4B7E-8498-EDC95C9D1B3B.jpeg",702,437,false],"thumbnail":["https:\/\/quehacerpolitico.mx\/wp-content\/uploads\/2021\/01\/4D689EB2-3FF1-4B7E-8498-EDC95C9D1B3B-150x150.jpeg",150,150,true],"medium":["https:\/\/quehacerpolitico.mx\/wp-content\/uploads\/2021\/01\/4D689EB2-3FF1-4B7E-8498-EDC95C9D1B3B-300x187.jpeg",300,187,true],"medium_large":["https:\/\/quehacerpolitico.mx\/wp-content\/uploads\/2021\/01\/4D689EB2-3FF1-4B7E-8498-EDC95C9D1B3B.jpeg",640,398,false],"large":["https:\/\/quehacerpolitico.mx\/wp-content\/uploads\/2021\/01\/4D689EB2-3FF1-4B7E-8498-EDC95C9D1B3B.jpeg",640,398,false],"1536x1536":["https:\/\/quehacerpolitico.mx\/wp-content\/uploads\/2021\/01\/4D689EB2-3FF1-4B7E-8498-EDC95C9D1B3B.jpeg",702,437,false],"2048x2048":["https:\/\/quehacerpolitico.mx\/wp-content\/uploads\/2021\/01\/4D689EB2-3FF1-4B7E-8498-EDC95C9D1B3B.jpeg",702,437,false],"covernews-featured":["https:\/\/quehacerpolitico.mx\/wp-content\/uploads\/2021\/01\/4D689EB2-3FF1-4B7E-8498-EDC95C9D1B3B.jpeg",702,437,false],"covernews-medium":["https:\/\/quehacerpolitico.mx\/wp-content\/uploads\/2021\/01\/4D689EB2-3FF1-4B7E-8498-EDC95C9D1B3B.jpeg",540,336,false]},"author_info":{"display_name":"Redacci\u00f3n QP","author_link":"https:\/\/quehacerpolitico.mx\/?author=2"},"category_info":"<a href=\"https:\/\/quehacerpolitico.mx\/?cat=2\" rel=\"category\">Noticias<\/a>","tag_info":"Noticias","comment_count":"0","_links":{"self":[{"href":"https:\/\/quehacerpolitico.mx\/index.php?rest_route=\/wp\/v2\/posts\/73275","targetHints":{"allow":["GET"]}}],"collection":[{"href":"https:\/\/quehacerpolitico.mx\/index.php?rest_route=\/wp\/v2\/posts"}],"about":[{"href":"https:\/\/quehacerpolitico.mx\/index.php?rest_route=\/wp\/v2\/types\/post"}],"author":[{"embeddable":true,"href":"https:\/\/quehacerpolitico.mx\/index.php?rest_route=\/wp\/v2\/users\/2"}],"replies":[{"embeddable":true,"href":"https:\/\/quehacerpolitico.mx\/index.php?rest_route=%2Fwp%2Fv2%2Fcomments&post=73275"}],"version-history":[{"count":0,"href":"https:\/\/quehacerpolitico.mx\/index.php?rest_route=\/wp\/v2\/posts\/73275\/revisions"}],"wp:featuredmedia":[{"embeddable":true,"href":"https:\/\/quehacerpolitico.mx\/index.php?rest_route=\/wp\/v2\/media\/73278"}],"wp:attachment":[{"href":"https:\/\/quehacerpolitico.mx\/index.php?rest_route=%2Fwp%2Fv2%2Fmedia&parent=73275"}],"wp:term":[{"taxonomy":"category","embeddable":true,"href":"https:\/\/quehacerpolitico.mx\/index.php?rest_route=%2Fwp%2Fv2%2Fcategories&post=73275"},{"taxonomy":"post_tag","embeddable":true,"href":"https:\/\/quehacerpolitico.mx\/index.php?rest_route=%2Fwp%2Fv2%2Ftags&post=73275"}],"curies":[{"name":"wp","href":"https:\/\/api.w.org\/{rel}","templated":true}]}}