{"id":7327,"date":"2018-10-20T15:34:00","date_gmt":"2018-10-20T15:34:00","guid":{"rendered":"http:\/\/quehacerpolitico.mx\/el-fic-morelia-arranca-este-sabado-con-la-funcion-de-gala-de-first-man-de-damien-chazelle\/"},"modified":"2018-10-20T15:34:00","modified_gmt":"2018-10-20T15:34:00","slug":"el-fic-morelia-arranca-este-sabado-con-la-funcion-de-gala-de-first-man-de-damien-chazelle","status":"publish","type":"post","link":"https:\/\/quehacerpolitico.mx\/?p=7327","title":{"rendered":"El FIC Morelia arranca este s\u00e1bado con la funci\u00f3n de gala de First Man, de Damien Chazelle"},"content":{"rendered":"<h1>El FIC Morelia arranca este s\u00e1bado con la funci\u00f3n de gala de <em>First Man<\/em>, de Damien Chazelle<\/h1>\n<p>Por Redacci\u00f3n QP<\/p>\n<p>El<strong>Festival Internacional de Cine de Morelia<\/strong>arranca este s\u00e1bado con una funci\u00f3n de gala de\u00a0<em><strong>First Man\u00a0(El primer hombre en la luna)<\/strong><\/em>, la pel\u00edcula de <strong>Damien Chazelle<\/strong> tras su aclamada <em>La La Land<\/em>. El FICM, en su 16ta edici\u00f3n, tambi\u00e9n le entregar\u00e1 su primer Premio a la Excelencia al director mexicano <strong>Alfonso Cuar\u00f3n<\/strong> en una funci\u00f3n de gala de <em>Roma<\/em>.<\/p>\n<p>Chazelle, quien a los 32 a\u00f1os se convirti\u00f3 en el director m\u00e1s joven en ganar un Oscar, llegar\u00e1 a la capital del estado de Michoac\u00e1n junto con el guionista Josh Singer y la actriz Olivia Hamilton.<\/p>\n<blockquote>\n<p>Su cinta, basada en la experiencia del astronauta estadounidense Neil Armstrong, est\u00e1 filmada con un estilo documental y es protagonizada por Ryan Gosling. Mezcla detalles privados de la vida de Armstrong mientras presenta con esperada exactitud los peligros de las misiones espaciales. Actualmente est\u00e1 en cartelera en Estados Unidos; en M\u00e9xico se estrenar\u00e1 el 9 de noviembre.<\/p>\n<\/blockquote>\n<p>Tras alzarse con el primer Le\u00f3n de Oro en Venecia para una cinta mexicana, Cuar\u00f3n recibir\u00e1 la primera presea a la excelencia que se otorgue en Morelia. <em>Roma<\/em>, un emotivo retrato de familia que se desarrolla en el M\u00e9xico de los a\u00f1os 70, es la apuesta mexicana al Oscar a la mejor cinta en lengua extranjera y tambi\u00e9n se ha presentado en los festivales de Toronto y Nueva York. Su estreno en salas de cine y Netflix est\u00e1 previsto para finales de a\u00f1o.<\/p>\n<p>El director franc\u00e9s Olivier Assayas presentar\u00e1 <em>Non-Fiction<\/em>, una comedia de la era del internet protagonizada por Juliette Binoche. Morelia tambi\u00e9n incluir\u00e1 en su programaci\u00f3n las cintas de Assayas <em>Cold Water<\/em>\u00a0(1994), <em>Irma Vep<\/em>\u00a0(1996) y <em>Personal Shopper<\/em>\u00a0(2016), protagonizada por Binoche y Kristen Stewart.<\/p>\n<p>El FICM, que se celebrar\u00e1 hasta el 28 de octubre, tiene por primera vez en su selecci\u00f3n oficial cerca de un 44 por ciento de pel\u00edculas realizadas por mujeres y un jurado presidido por una cineasta, la escocesa Lynne Ramsay.<\/p>\n<blockquote>\n<p>En la secci\u00f3n de largometraje mexicano seis de las 11 pel\u00edculas fueron dirigidas por mujeres: <em>Antes del olvido<\/em>\u00a0de Iria G\u00f3mez Concheiro, <em>La camarista<\/em>\u00a0de Lila Avil\u00e9s, <em>Asfixia<\/em> de Kenya M\u00e1rquez, <em>La ca\u00f3tica vida de Nada Kadic<\/em>\u00a0de Marta Hernaiz, <em>Luci\u00e9rnagas<\/em>\u00a0de Bani Khoshnoudi y <em>Las ni\u00f1as bien<\/em>\u00a0de Alejandra M\u00e1rquez.<\/p>\n<\/blockquote>\n<p>La selecci\u00f3n la completan <em>Leona<\/em>\u00a0de Isaac Cherem, <em>Olimpia<\/em>\u00a0de Jos\u00e9 Manuel Cravioto, <em>El ombligo de Guie\u2019dani<\/em>\u00a0de Xavi Sala, <em>Bayoneta<\/em>\u00a0de Kyzza Terrazas y <em>Museo<\/em>\u00a0de Alonso Ruizpalacios, que recientemente tuvo su estreno en el Museo Nacional de Antropolog\u00eda de la Ciudad de M\u00e9xico y llegar\u00e1 a los cines mexicanos el 26 de octubre.<\/p>\n<p>En total habr\u00e1 m\u00e1s de 100 realizadores mexicanos presentando su trabajo en Morelia con 59 cortometrajes, 11 documentales, 12 obras michoacanas y 11 largometrajes.<\/p>\n<blockquote>\n<p>El cineasta polaco Pawel Pawlikowski regresa al festival como invitado de honor para presentar el estreno mexicano de su cinta <em>Cold War<\/em>, que le mereci\u00f3 el premio al mejor director en Cannes y ha sido postulada por Polonia para competir por el Oscar.<\/p>\n<\/blockquote>\n<p>Ramsay, directora de <em>We Need to Talk About Kevi<\/em>n y <em>You Were Never Really Here<\/em>, ser\u00e1 la otra invitada de honor.<\/p>\n<p>Para los cin\u00e9filos de todo el mundo que no pueden viajar a Morelia, el festival ofrece la selecci\u00f3n de cortometraje mexicano en l\u00ednea, con m\u00e1s de 20 cortos disponibles gratuitamente en internet a partir del s\u00e1bado. El cortometraje que reciba m\u00e1s votos del p\u00fablico se llevar\u00e1 el premio al cortometraje mexicano en l\u00ednea en la ceremonia de clausura el 27 de octubre.<\/p>\n<p>Con Informaci\u00f3n de AP<\/p>\n","protected":false},"excerpt":{"rendered":"<p>El FIC Morelia arranca este s\u00e1bado con la funci\u00f3n de gala de First Man, de Damien Chazelle<br \/>\nPor Redacci\u00f3n QP<\/p>\n","protected":false},"author":2,"featured_media":7326,"comment_status":"open","ping_status":"open","sticky":false,"template":"","format":"standard","meta":{"_monsterinsights_skip_tracking":false,"_monsterinsights_sitenote_active":false,"_monsterinsights_sitenote_note":"","_monsterinsights_sitenote_category":0,"footnotes":""},"categories":[58],"tags":[],"class_list":["post-7327","post","type-post","status-publish","format-standard","has-post-thumbnail","hentry","category-cultura"],"yoast_head":"<!-- This site is optimized with the Yoast SEO plugin v27.3 - https:\/\/yoast.com\/product\/yoast-seo-wordpress\/ -->\n<title>El FIC Morelia arranca este s\u00e1bado con la funci\u00f3n de gala de First Man, de Damien Chazelle -<\/title>\n<meta name=\"robots\" content=\"index, follow, max-snippet:-1, max-image-preview:large, max-video-preview:-1\" \/>\n<link rel=\"canonical\" href=\"https:\/\/quehacerpolitico.mx\/?p=7327\" \/>\n<meta property=\"og:locale\" content=\"es_MX\" \/>\n<meta property=\"og:type\" content=\"article\" \/>\n<meta property=\"og:title\" content=\"El FIC Morelia arranca este s\u00e1bado con la funci\u00f3n de gala de First Man, de Damien Chazelle -\" \/>\n<meta property=\"og:description\" content=\"El FIC Morelia arranca este s\u00e1bado con la funci\u00f3n de gala de First Man, de Damien Chazelle Por Redacci\u00f3n QP\" \/>\n<meta property=\"og:url\" content=\"https:\/\/quehacerpolitico.mx\/?p=7327\" \/>\n<meta property=\"article:published_time\" content=\"2018-10-20T15:34:00+00:00\" \/>\n<meta name=\"author\" content=\"Redacci\u00f3n QP\" \/>\n<meta name=\"twitter:card\" content=\"summary_large_image\" \/>\n<meta name=\"twitter:label1\" content=\"Escrito por\" \/>\n\t<meta name=\"twitter:data1\" content=\"Redacci\u00f3n QP\" \/>\n\t<meta name=\"twitter:label2\" content=\"Tiempo de lectura\" \/>\n\t<meta name=\"twitter:data2\" content=\"3 minutos\" \/>\n<script type=\"application\/ld+json\" class=\"yoast-schema-graph\">{\"@context\":\"https:\\\/\\\/schema.org\",\"@graph\":[{\"@type\":\"Article\",\"@id\":\"https:\\\/\\\/quehacerpolitico.mx\\\/?p=7327#article\",\"isPartOf\":{\"@id\":\"https:\\\/\\\/quehacerpolitico.mx\\\/?p=7327\"},\"author\":{\"name\":\"Redacci\u00f3n QP\",\"@id\":\"https:\\\/\\\/quehacerpolitico.mx\\\/#\\\/schema\\\/person\\\/496d8ad2d1d3f8036101dca7ee39e585\"},\"headline\":\"El FIC Morelia arranca este s\u00e1bado con la funci\u00f3n de gala de First Man, de Damien Chazelle\",\"datePublished\":\"2018-10-20T15:34:00+00:00\",\"mainEntityOfPage\":{\"@id\":\"https:\\\/\\\/quehacerpolitico.mx\\\/?p=7327\"},\"wordCount\":650,\"commentCount\":0,\"image\":{\"@id\":\"https:\\\/\\\/quehacerpolitico.mx\\\/?p=7327#primaryimage\"},\"thumbnailUrl\":\"\",\"articleSection\":[\"Cultura y Entretenimiento\"],\"inLanguage\":\"es\",\"potentialAction\":[{\"@type\":\"CommentAction\",\"name\":\"Comment\",\"target\":[\"https:\\\/\\\/quehacerpolitico.mx\\\/?p=7327#respond\"]}]},{\"@type\":\"WebPage\",\"@id\":\"https:\\\/\\\/quehacerpolitico.mx\\\/?p=7327\",\"url\":\"https:\\\/\\\/quehacerpolitico.mx\\\/?p=7327\",\"name\":\"El FIC Morelia arranca este s\u00e1bado con la funci\u00f3n de gala de First Man, de Damien Chazelle -\",\"isPartOf\":{\"@id\":\"https:\\\/\\\/quehacerpolitico.mx\\\/#website\"},\"primaryImageOfPage\":{\"@id\":\"https:\\\/\\\/quehacerpolitico.mx\\\/?p=7327#primaryimage\"},\"image\":{\"@id\":\"https:\\\/\\\/quehacerpolitico.mx\\\/?p=7327#primaryimage\"},\"thumbnailUrl\":\"\",\"datePublished\":\"2018-10-20T15:34:00+00:00\",\"author\":{\"@id\":\"https:\\\/\\\/quehacerpolitico.mx\\\/#\\\/schema\\\/person\\\/496d8ad2d1d3f8036101dca7ee39e585\"},\"breadcrumb\":{\"@id\":\"https:\\\/\\\/quehacerpolitico.mx\\\/?p=7327#breadcrumb\"},\"inLanguage\":\"es\",\"potentialAction\":[{\"@type\":\"ReadAction\",\"target\":[\"https:\\\/\\\/quehacerpolitico.mx\\\/?p=7327\"]}]},{\"@type\":\"ImageObject\",\"inLanguage\":\"es\",\"@id\":\"https:\\\/\\\/quehacerpolitico.mx\\\/?p=7327#primaryimage\",\"url\":\"\",\"contentUrl\":\"\"},{\"@type\":\"BreadcrumbList\",\"@id\":\"https:\\\/\\\/quehacerpolitico.mx\\\/?p=7327#breadcrumb\",\"itemListElement\":[{\"@type\":\"ListItem\",\"position\":1,\"name\":\"Inicio\",\"item\":\"https:\\\/\\\/quehacerpolitico.mx\\\/\"},{\"@type\":\"ListItem\",\"position\":2,\"name\":\"El FIC Morelia arranca este s\u00e1bado con la funci\u00f3n de gala de First Man, de Damien Chazelle\"}]},{\"@type\":\"WebSite\",\"@id\":\"https:\\\/\\\/quehacerpolitico.mx\\\/#website\",\"url\":\"https:\\\/\\\/quehacerpolitico.mx\\\/\",\"name\":\"\",\"description\":\"\",\"potentialAction\":[{\"@type\":\"SearchAction\",\"target\":{\"@type\":\"EntryPoint\",\"urlTemplate\":\"https:\\\/\\\/quehacerpolitico.mx\\\/?s={search_term_string}\"},\"query-input\":{\"@type\":\"PropertyValueSpecification\",\"valueRequired\":true,\"valueName\":\"search_term_string\"}}],\"inLanguage\":\"es\"},{\"@type\":\"Person\",\"@id\":\"https:\\\/\\\/quehacerpolitico.mx\\\/#\\\/schema\\\/person\\\/496d8ad2d1d3f8036101dca7ee39e585\",\"name\":\"Redacci\u00f3n QP\",\"image\":{\"@type\":\"ImageObject\",\"inLanguage\":\"es\",\"@id\":\"https:\\\/\\\/secure.gravatar.com\\\/avatar\\\/c7164ed6fdec453195284ad24a5ae5b6e1eed2b848477fa2a4787ba9adf39a41?s=96&d=mm&r=g\",\"url\":\"https:\\\/\\\/secure.gravatar.com\\\/avatar\\\/c7164ed6fdec453195284ad24a5ae5b6e1eed2b848477fa2a4787ba9adf39a41?s=96&d=mm&r=g\",\"contentUrl\":\"https:\\\/\\\/secure.gravatar.com\\\/avatar\\\/c7164ed6fdec453195284ad24a5ae5b6e1eed2b848477fa2a4787ba9adf39a41?s=96&d=mm&r=g\",\"caption\":\"Redacci\u00f3n QP\"},\"url\":\"https:\\\/\\\/quehacerpolitico.mx\\\/?author=2\"}]}<\/script>\n<!-- \/ Yoast SEO plugin. -->","yoast_head_json":{"title":"El FIC Morelia arranca este s\u00e1bado con la funci\u00f3n de gala de First Man, de Damien Chazelle -","robots":{"index":"index","follow":"follow","max-snippet":"max-snippet:-1","max-image-preview":"max-image-preview:large","max-video-preview":"max-video-preview:-1"},"canonical":"https:\/\/quehacerpolitico.mx\/?p=7327","og_locale":"es_MX","og_type":"article","og_title":"El FIC Morelia arranca este s\u00e1bado con la funci\u00f3n de gala de First Man, de Damien Chazelle -","og_description":"El FIC Morelia arranca este s\u00e1bado con la funci\u00f3n de gala de First Man, de Damien Chazelle Por Redacci\u00f3n QP","og_url":"https:\/\/quehacerpolitico.mx\/?p=7327","article_published_time":"2018-10-20T15:34:00+00:00","author":"Redacci\u00f3n QP","twitter_card":"summary_large_image","twitter_misc":{"Escrito por":"Redacci\u00f3n QP","Tiempo de lectura":"3 minutos"},"schema":{"@context":"https:\/\/schema.org","@graph":[{"@type":"Article","@id":"https:\/\/quehacerpolitico.mx\/?p=7327#article","isPartOf":{"@id":"https:\/\/quehacerpolitico.mx\/?p=7327"},"author":{"name":"Redacci\u00f3n QP","@id":"https:\/\/quehacerpolitico.mx\/#\/schema\/person\/496d8ad2d1d3f8036101dca7ee39e585"},"headline":"El FIC Morelia arranca este s\u00e1bado con la funci\u00f3n de gala de First Man, de Damien Chazelle","datePublished":"2018-10-20T15:34:00+00:00","mainEntityOfPage":{"@id":"https:\/\/quehacerpolitico.mx\/?p=7327"},"wordCount":650,"commentCount":0,"image":{"@id":"https:\/\/quehacerpolitico.mx\/?p=7327#primaryimage"},"thumbnailUrl":"","articleSection":["Cultura y Entretenimiento"],"inLanguage":"es","potentialAction":[{"@type":"CommentAction","name":"Comment","target":["https:\/\/quehacerpolitico.mx\/?p=7327#respond"]}]},{"@type":"WebPage","@id":"https:\/\/quehacerpolitico.mx\/?p=7327","url":"https:\/\/quehacerpolitico.mx\/?p=7327","name":"El FIC Morelia arranca este s\u00e1bado con la funci\u00f3n de gala de First Man, de Damien Chazelle -","isPartOf":{"@id":"https:\/\/quehacerpolitico.mx\/#website"},"primaryImageOfPage":{"@id":"https:\/\/quehacerpolitico.mx\/?p=7327#primaryimage"},"image":{"@id":"https:\/\/quehacerpolitico.mx\/?p=7327#primaryimage"},"thumbnailUrl":"","datePublished":"2018-10-20T15:34:00+00:00","author":{"@id":"https:\/\/quehacerpolitico.mx\/#\/schema\/person\/496d8ad2d1d3f8036101dca7ee39e585"},"breadcrumb":{"@id":"https:\/\/quehacerpolitico.mx\/?p=7327#breadcrumb"},"inLanguage":"es","potentialAction":[{"@type":"ReadAction","target":["https:\/\/quehacerpolitico.mx\/?p=7327"]}]},{"@type":"ImageObject","inLanguage":"es","@id":"https:\/\/quehacerpolitico.mx\/?p=7327#primaryimage","url":"","contentUrl":""},{"@type":"BreadcrumbList","@id":"https:\/\/quehacerpolitico.mx\/?p=7327#breadcrumb","itemListElement":[{"@type":"ListItem","position":1,"name":"Inicio","item":"https:\/\/quehacerpolitico.mx\/"},{"@type":"ListItem","position":2,"name":"El FIC Morelia arranca este s\u00e1bado con la funci\u00f3n de gala de First Man, de Damien Chazelle"}]},{"@type":"WebSite","@id":"https:\/\/quehacerpolitico.mx\/#website","url":"https:\/\/quehacerpolitico.mx\/","name":"","description":"","potentialAction":[{"@type":"SearchAction","target":{"@type":"EntryPoint","urlTemplate":"https:\/\/quehacerpolitico.mx\/?s={search_term_string}"},"query-input":{"@type":"PropertyValueSpecification","valueRequired":true,"valueName":"search_term_string"}}],"inLanguage":"es"},{"@type":"Person","@id":"https:\/\/quehacerpolitico.mx\/#\/schema\/person\/496d8ad2d1d3f8036101dca7ee39e585","name":"Redacci\u00f3n QP","image":{"@type":"ImageObject","inLanguage":"es","@id":"https:\/\/secure.gravatar.com\/avatar\/c7164ed6fdec453195284ad24a5ae5b6e1eed2b848477fa2a4787ba9adf39a41?s=96&d=mm&r=g","url":"https:\/\/secure.gravatar.com\/avatar\/c7164ed6fdec453195284ad24a5ae5b6e1eed2b848477fa2a4787ba9adf39a41?s=96&d=mm&r=g","contentUrl":"https:\/\/secure.gravatar.com\/avatar\/c7164ed6fdec453195284ad24a5ae5b6e1eed2b848477fa2a4787ba9adf39a41?s=96&d=mm&r=g","caption":"Redacci\u00f3n QP"},"url":"https:\/\/quehacerpolitico.mx\/?author=2"}]}},"featured_image_urls":{"full":"","thumbnail":"","medium":"","medium_large":"","large":"","1536x1536":"","2048x2048":"","covernews-featured":"","covernews-medium":""},"author_info":{"display_name":"Redacci\u00f3n QP","author_link":"https:\/\/quehacerpolitico.mx\/?author=2"},"category_info":"<a href=\"https:\/\/quehacerpolitico.mx\/?cat=58\" rel=\"category\">Cultura y Entretenimiento<\/a>","tag_info":"Cultura y Entretenimiento","comment_count":"0","_links":{"self":[{"href":"https:\/\/quehacerpolitico.mx\/index.php?rest_route=\/wp\/v2\/posts\/7327","targetHints":{"allow":["GET"]}}],"collection":[{"href":"https:\/\/quehacerpolitico.mx\/index.php?rest_route=\/wp\/v2\/posts"}],"about":[{"href":"https:\/\/quehacerpolitico.mx\/index.php?rest_route=\/wp\/v2\/types\/post"}],"author":[{"embeddable":true,"href":"https:\/\/quehacerpolitico.mx\/index.php?rest_route=\/wp\/v2\/users\/2"}],"replies":[{"embeddable":true,"href":"https:\/\/quehacerpolitico.mx\/index.php?rest_route=%2Fwp%2Fv2%2Fcomments&post=7327"}],"version-history":[{"count":0,"href":"https:\/\/quehacerpolitico.mx\/index.php?rest_route=\/wp\/v2\/posts\/7327\/revisions"}],"wp:featuredmedia":[{"embeddable":true,"href":"https:\/\/quehacerpolitico.mx\/index.php?rest_route=\/"}],"wp:attachment":[{"href":"https:\/\/quehacerpolitico.mx\/index.php?rest_route=%2Fwp%2Fv2%2Fmedia&parent=7327"}],"wp:term":[{"taxonomy":"category","embeddable":true,"href":"https:\/\/quehacerpolitico.mx\/index.php?rest_route=%2Fwp%2Fv2%2Fcategories&post=7327"},{"taxonomy":"post_tag","embeddable":true,"href":"https:\/\/quehacerpolitico.mx\/index.php?rest_route=%2Fwp%2Fv2%2Ftags&post=7327"}],"curies":[{"name":"wp","href":"https:\/\/api.w.org\/{rel}","templated":true}]}}