{"id":73268,"date":"2021-01-26T23:12:51","date_gmt":"2021-01-26T23:12:51","guid":{"rendered":"https:\/\/quehacerpolitico.mx\/?p=73268"},"modified":"2021-01-26T23:12:51","modified_gmt":"2021-01-26T23:12:51","slug":"presenta-scjn-cuaderno-jurisprudencial-sobre-derechos-humanos-de-personas-con-discapacidad","status":"publish","type":"post","link":"https:\/\/quehacerpolitico.mx\/?p=73268","title":{"rendered":"PRESENTA SCJN CUADERNO JURISPRUDENCIAL SOBRE DERECHOS HUMANOS DE PERSONAS CON DISCAPACIDAD"},"content":{"rendered":"<p><strong><span data-originalfontsize=\"12pt\" data-originalcomputedfontsize=\"16\">PRESENTA SCJN CUADERNO JURISPRUDENCIAL SOBRE DERECHOS HUMANOS DE PERSONAS CON DISCAPACIDAD<\/span><\/strong><\/p>\n<p>Por Redacci\u00f3n QP<\/p>\n<p><span data-originalfontsize=\"12pt\" data-originalcomputedfontsize=\"16\">La Suprema Corte de Justicia de la Naci\u00f3n (SCJN), a trav\u00e9s del Centro de Estudios Constitucionales (CEC), present\u00f3 el Cuaderno de Jurisprudencia sobre Derechos de las Personas con Discapacidad, que recoge los precedentes de la Suprema Corte m\u00e1s importantes en esa materia.<\/span><\/p>\n<p><span data-originalfontsize=\"12pt\" data-originalcomputedfontsize=\"16\">La publicaci\u00f3n se dio a conocer de manera virtual a trav\u00e9s de diferentes plataformas digitales, como parte de las distintas actividades en el marco de la conmemoraci\u00f3n por los diez a\u00f1os de la Reforma en Materia de Derechos Humanos, en cuya interpretaci\u00f3n el M\u00e1ximo Tribunal ha tenido un papel determinante.<\/span><\/p>\n<p><span data-originalfontsize=\"12pt\" data-originalcomputedfontsize=\"16\">Durante la Mesa de An\u00e1lisis del Cuaderno de Jurisprudencia n\u00famero cinco, la licenciada Dolores <\/span><span data-originalfontsize=\"12pt\" data-originalcomputedfontsize=\"16\">Igareda Diez De Sollano, Presidenta del Colegio de Secretarias y Secretarios de Estudio y Cuenta de la SCJN, resalt\u00f3 la trascendencia del documento que constituye un gran avance para el reconocimiento de los derechos de las personas con discapacidad, al establecerse un eje de igualdad y no discriminaci\u00f3n, tema crucial en la Convenci\u00f3n sobre los Derechos de las Personas con Discapacidad.<\/span><\/p>\n<p><span data-originalfontsize=\"12pt\" data-originalcomputedfontsize=\"16\">\u201cPoco a poco nos hemos dado cuenta c\u00f3mo la Suprema Corte a partir de las diferentes resoluciones ha permitido hacer visibles los derechos de las personas con discapacidad, si me permiten la expresi\u00f3n, creo que la Corte s\u00ed es pionera en el tema de los derechos de personas con discapacidad, en este en concreto, y sobre todo el tema de la capacidad jur\u00eddica\u201d, dijo la licenciada Dolores <\/span><span data-originalfontsize=\"12pt\" data-originalcomputedfontsize=\"16\">Igareda.<\/span><\/p>\n<p><span data-originalfontsize=\"12pt\" data-originalcomputedfontsize=\"16\">Al respecto, la presentadora del Cuaderno, Mar\u00eda Fernanda Pinkus Aguilar, investigadora Centro de Estudios Constitucionales de la SCJN, record\u00f3 que este a\u00f1o se celebra el D\u00e9cimo Aniversario de la Reforma en Materia de Derechos Humanos, y los cuadernos jurisprudenciales dan cuenta del papel preponderante que ha tenido la SCJN en el desarrollo de los derechos humanos a partir de la reforma.<\/span><\/p>\n<p><span data-originalfontsize=\"12pt\" data-originalcomputedfontsize=\"16\">Explic\u00f3 que el Cuaderno n\u00famero cinco abarca temas como el derecho a la educaci\u00f3n, a la consulta, derechos de autor; a la capacidad jur\u00eddica, y derechos familiares, as\u00ed como casos de interdicci\u00f3n, entre otros, que tienen relaci\u00f3n con personas con discapacidad.<\/span><\/p>\n<p><span data-originalfontsize=\"12pt\" data-originalcomputedfontsize=\"16\">En la Mesa de An\u00e1lisis del Cuaderno de Jurisprudencia tambi\u00e9n participaron Agust\u00edn de Pavia Fr\u00edas, acad\u00e9mico de derechos humanos y abogado en Davale Consultores, y Luis Alberto Estrella Ortega, Coordinador de Educaci\u00f3n de la Procuradur\u00eda de los Derechos Humanos de Guanajuato.<\/span><\/p>\n","protected":false},"excerpt":{"rendered":"<p>PRESENTA SCJN CUADERNO JURISPRUDENCIAL SOBRE DERECHOS HUMANOS DE PERSONAS CON DISCAPACIDAD Por Redacci\u00f3n QP La&#8230;<\/p>\n","protected":false},"author":2,"featured_media":73270,"comment_status":"open","ping_status":"open","sticky":false,"template":"","format":"standard","meta":{"_monsterinsights_skip_tracking":false,"_monsterinsights_sitenote_active":false,"_monsterinsights_sitenote_note":"","_monsterinsights_sitenote_category":0,"footnotes":""},"categories":[2],"tags":[],"class_list":["post-73268","post","type-post","status-publish","format-standard","has-post-thumbnail","hentry","category-noticias"],"yoast_head":"<!-- This site is optimized with the Yoast SEO plugin v27.3 - https:\/\/yoast.com\/product\/yoast-seo-wordpress\/ -->\n<title>PRESENTA SCJN CUADERNO JURISPRUDENCIAL SOBRE DERECHOS HUMANOS DE PERSONAS CON DISCAPACIDAD -<\/title>\n<meta name=\"robots\" content=\"index, follow, max-snippet:-1, max-image-preview:large, max-video-preview:-1\" \/>\n<link rel=\"canonical\" href=\"https:\/\/quehacerpolitico.mx\/?p=73268\" \/>\n<meta property=\"og:locale\" content=\"es_MX\" \/>\n<meta property=\"og:type\" content=\"article\" \/>\n<meta property=\"og:title\" content=\"PRESENTA SCJN CUADERNO JURISPRUDENCIAL SOBRE DERECHOS HUMANOS DE PERSONAS CON DISCAPACIDAD -\" \/>\n<meta property=\"og:description\" content=\"PRESENTA SCJN CUADERNO JURISPRUDENCIAL SOBRE DERECHOS HUMANOS DE PERSONAS CON DISCAPACIDAD Por Redacci\u00f3n QP La...\" \/>\n<meta property=\"og:url\" content=\"https:\/\/quehacerpolitico.mx\/?p=73268\" \/>\n<meta property=\"article:published_time\" content=\"2021-01-26T23:12:51+00:00\" \/>\n<meta property=\"og:image\" content=\"https:\/\/quehacerpolitico.mx\/wp-content\/uploads\/2021\/01\/DED35190-5CDA-402E-83D6-88097316EFA8.jpeg\" \/>\n\t<meta property=\"og:image:width\" content=\"600\" \/>\n\t<meta property=\"og:image:height\" content=\"424\" \/>\n\t<meta property=\"og:image:type\" content=\"image\/jpeg\" \/>\n<meta name=\"author\" content=\"Redacci\u00f3n QP\" \/>\n<meta name=\"twitter:card\" content=\"summary_large_image\" \/>\n<meta name=\"twitter:label1\" content=\"Escrito por\" \/>\n\t<meta name=\"twitter:data1\" content=\"Redacci\u00f3n QP\" \/>\n\t<meta name=\"twitter:label2\" content=\"Tiempo de lectura\" \/>\n\t<meta name=\"twitter:data2\" content=\"2 minutos\" \/>\n<script type=\"application\/ld+json\" class=\"yoast-schema-graph\">{\"@context\":\"https:\\\/\\\/schema.org\",\"@graph\":[{\"@type\":\"Article\",\"@id\":\"https:\\\/\\\/quehacerpolitico.mx\\\/?p=73268#article\",\"isPartOf\":{\"@id\":\"https:\\\/\\\/quehacerpolitico.mx\\\/?p=73268\"},\"author\":{\"name\":\"Redacci\u00f3n QP\",\"@id\":\"https:\\\/\\\/quehacerpolitico.mx\\\/#\\\/schema\\\/person\\\/496d8ad2d1d3f8036101dca7ee39e585\"},\"headline\":\"PRESENTA SCJN CUADERNO JURISPRUDENCIAL SOBRE DERECHOS HUMANOS DE PERSONAS CON DISCAPACIDAD\",\"datePublished\":\"2021-01-26T23:12:51+00:00\",\"mainEntityOfPage\":{\"@id\":\"https:\\\/\\\/quehacerpolitico.mx\\\/?p=73268\"},\"wordCount\":435,\"commentCount\":0,\"image\":{\"@id\":\"https:\\\/\\\/quehacerpolitico.mx\\\/?p=73268#primaryimage\"},\"thumbnailUrl\":\"https:\\\/\\\/quehacerpolitico.mx\\\/wp-content\\\/uploads\\\/2021\\\/01\\\/DED35190-5CDA-402E-83D6-88097316EFA8.jpeg\",\"articleSection\":[\"Noticias\"],\"inLanguage\":\"es\",\"potentialAction\":[{\"@type\":\"CommentAction\",\"name\":\"Comment\",\"target\":[\"https:\\\/\\\/quehacerpolitico.mx\\\/?p=73268#respond\"]}]},{\"@type\":\"WebPage\",\"@id\":\"https:\\\/\\\/quehacerpolitico.mx\\\/?p=73268\",\"url\":\"https:\\\/\\\/quehacerpolitico.mx\\\/?p=73268\",\"name\":\"PRESENTA SCJN CUADERNO JURISPRUDENCIAL SOBRE DERECHOS HUMANOS DE PERSONAS CON DISCAPACIDAD -\",\"isPartOf\":{\"@id\":\"https:\\\/\\\/quehacerpolitico.mx\\\/#website\"},\"primaryImageOfPage\":{\"@id\":\"https:\\\/\\\/quehacerpolitico.mx\\\/?p=73268#primaryimage\"},\"image\":{\"@id\":\"https:\\\/\\\/quehacerpolitico.mx\\\/?p=73268#primaryimage\"},\"thumbnailUrl\":\"https:\\\/\\\/quehacerpolitico.mx\\\/wp-content\\\/uploads\\\/2021\\\/01\\\/DED35190-5CDA-402E-83D6-88097316EFA8.jpeg\",\"datePublished\":\"2021-01-26T23:12:51+00:00\",\"author\":{\"@id\":\"https:\\\/\\\/quehacerpolitico.mx\\\/#\\\/schema\\\/person\\\/496d8ad2d1d3f8036101dca7ee39e585\"},\"breadcrumb\":{\"@id\":\"https:\\\/\\\/quehacerpolitico.mx\\\/?p=73268#breadcrumb\"},\"inLanguage\":\"es\",\"potentialAction\":[{\"@type\":\"ReadAction\",\"target\":[\"https:\\\/\\\/quehacerpolitico.mx\\\/?p=73268\"]}]},{\"@type\":\"ImageObject\",\"inLanguage\":\"es\",\"@id\":\"https:\\\/\\\/quehacerpolitico.mx\\\/?p=73268#primaryimage\",\"url\":\"https:\\\/\\\/quehacerpolitico.mx\\\/wp-content\\\/uploads\\\/2021\\\/01\\\/DED35190-5CDA-402E-83D6-88097316EFA8.jpeg\",\"contentUrl\":\"https:\\\/\\\/quehacerpolitico.mx\\\/wp-content\\\/uploads\\\/2021\\\/01\\\/DED35190-5CDA-402E-83D6-88097316EFA8.jpeg\",\"width\":600,\"height\":424},{\"@type\":\"BreadcrumbList\",\"@id\":\"https:\\\/\\\/quehacerpolitico.mx\\\/?p=73268#breadcrumb\",\"itemListElement\":[{\"@type\":\"ListItem\",\"position\":1,\"name\":\"Inicio\",\"item\":\"https:\\\/\\\/quehacerpolitico.mx\\\/\"},{\"@type\":\"ListItem\",\"position\":2,\"name\":\"PRESENTA SCJN CUADERNO JURISPRUDENCIAL SOBRE DERECHOS HUMANOS DE PERSONAS CON DISCAPACIDAD\"}]},{\"@type\":\"WebSite\",\"@id\":\"https:\\\/\\\/quehacerpolitico.mx\\\/#website\",\"url\":\"https:\\\/\\\/quehacerpolitico.mx\\\/\",\"name\":\"\",\"description\":\"\",\"potentialAction\":[{\"@type\":\"SearchAction\",\"target\":{\"@type\":\"EntryPoint\",\"urlTemplate\":\"https:\\\/\\\/quehacerpolitico.mx\\\/?s={search_term_string}\"},\"query-input\":{\"@type\":\"PropertyValueSpecification\",\"valueRequired\":true,\"valueName\":\"search_term_string\"}}],\"inLanguage\":\"es\"},{\"@type\":\"Person\",\"@id\":\"https:\\\/\\\/quehacerpolitico.mx\\\/#\\\/schema\\\/person\\\/496d8ad2d1d3f8036101dca7ee39e585\",\"name\":\"Redacci\u00f3n QP\",\"image\":{\"@type\":\"ImageObject\",\"inLanguage\":\"es\",\"@id\":\"https:\\\/\\\/secure.gravatar.com\\\/avatar\\\/c7164ed6fdec453195284ad24a5ae5b6e1eed2b848477fa2a4787ba9adf39a41?s=96&d=mm&r=g\",\"url\":\"https:\\\/\\\/secure.gravatar.com\\\/avatar\\\/c7164ed6fdec453195284ad24a5ae5b6e1eed2b848477fa2a4787ba9adf39a41?s=96&d=mm&r=g\",\"contentUrl\":\"https:\\\/\\\/secure.gravatar.com\\\/avatar\\\/c7164ed6fdec453195284ad24a5ae5b6e1eed2b848477fa2a4787ba9adf39a41?s=96&d=mm&r=g\",\"caption\":\"Redacci\u00f3n QP\"},\"url\":\"https:\\\/\\\/quehacerpolitico.mx\\\/?author=2\"}]}<\/script>\n<!-- \/ Yoast SEO plugin. -->","yoast_head_json":{"title":"PRESENTA SCJN CUADERNO JURISPRUDENCIAL SOBRE DERECHOS HUMANOS DE PERSONAS CON DISCAPACIDAD -","robots":{"index":"index","follow":"follow","max-snippet":"max-snippet:-1","max-image-preview":"max-image-preview:large","max-video-preview":"max-video-preview:-1"},"canonical":"https:\/\/quehacerpolitico.mx\/?p=73268","og_locale":"es_MX","og_type":"article","og_title":"PRESENTA SCJN CUADERNO JURISPRUDENCIAL SOBRE DERECHOS HUMANOS DE PERSONAS CON DISCAPACIDAD -","og_description":"PRESENTA SCJN CUADERNO JURISPRUDENCIAL SOBRE DERECHOS HUMANOS DE PERSONAS CON DISCAPACIDAD Por Redacci\u00f3n QP La...","og_url":"https:\/\/quehacerpolitico.mx\/?p=73268","article_published_time":"2021-01-26T23:12:51+00:00","og_image":[{"width":600,"height":424,"url":"https:\/\/quehacerpolitico.mx\/wp-content\/uploads\/2021\/01\/DED35190-5CDA-402E-83D6-88097316EFA8.jpeg","type":"image\/jpeg"}],"author":"Redacci\u00f3n QP","twitter_card":"summary_large_image","twitter_misc":{"Escrito por":"Redacci\u00f3n QP","Tiempo de lectura":"2 minutos"},"schema":{"@context":"https:\/\/schema.org","@graph":[{"@type":"Article","@id":"https:\/\/quehacerpolitico.mx\/?p=73268#article","isPartOf":{"@id":"https:\/\/quehacerpolitico.mx\/?p=73268"},"author":{"name":"Redacci\u00f3n QP","@id":"https:\/\/quehacerpolitico.mx\/#\/schema\/person\/496d8ad2d1d3f8036101dca7ee39e585"},"headline":"PRESENTA SCJN CUADERNO JURISPRUDENCIAL SOBRE DERECHOS HUMANOS DE PERSONAS CON DISCAPACIDAD","datePublished":"2021-01-26T23:12:51+00:00","mainEntityOfPage":{"@id":"https:\/\/quehacerpolitico.mx\/?p=73268"},"wordCount":435,"commentCount":0,"image":{"@id":"https:\/\/quehacerpolitico.mx\/?p=73268#primaryimage"},"thumbnailUrl":"https:\/\/quehacerpolitico.mx\/wp-content\/uploads\/2021\/01\/DED35190-5CDA-402E-83D6-88097316EFA8.jpeg","articleSection":["Noticias"],"inLanguage":"es","potentialAction":[{"@type":"CommentAction","name":"Comment","target":["https:\/\/quehacerpolitico.mx\/?p=73268#respond"]}]},{"@type":"WebPage","@id":"https:\/\/quehacerpolitico.mx\/?p=73268","url":"https:\/\/quehacerpolitico.mx\/?p=73268","name":"PRESENTA SCJN CUADERNO JURISPRUDENCIAL SOBRE DERECHOS HUMANOS DE PERSONAS CON DISCAPACIDAD -","isPartOf":{"@id":"https:\/\/quehacerpolitico.mx\/#website"},"primaryImageOfPage":{"@id":"https:\/\/quehacerpolitico.mx\/?p=73268#primaryimage"},"image":{"@id":"https:\/\/quehacerpolitico.mx\/?p=73268#primaryimage"},"thumbnailUrl":"https:\/\/quehacerpolitico.mx\/wp-content\/uploads\/2021\/01\/DED35190-5CDA-402E-83D6-88097316EFA8.jpeg","datePublished":"2021-01-26T23:12:51+00:00","author":{"@id":"https:\/\/quehacerpolitico.mx\/#\/schema\/person\/496d8ad2d1d3f8036101dca7ee39e585"},"breadcrumb":{"@id":"https:\/\/quehacerpolitico.mx\/?p=73268#breadcrumb"},"inLanguage":"es","potentialAction":[{"@type":"ReadAction","target":["https:\/\/quehacerpolitico.mx\/?p=73268"]}]},{"@type":"ImageObject","inLanguage":"es","@id":"https:\/\/quehacerpolitico.mx\/?p=73268#primaryimage","url":"https:\/\/quehacerpolitico.mx\/wp-content\/uploads\/2021\/01\/DED35190-5CDA-402E-83D6-88097316EFA8.jpeg","contentUrl":"https:\/\/quehacerpolitico.mx\/wp-content\/uploads\/2021\/01\/DED35190-5CDA-402E-83D6-88097316EFA8.jpeg","width":600,"height":424},{"@type":"BreadcrumbList","@id":"https:\/\/quehacerpolitico.mx\/?p=73268#breadcrumb","itemListElement":[{"@type":"ListItem","position":1,"name":"Inicio","item":"https:\/\/quehacerpolitico.mx\/"},{"@type":"ListItem","position":2,"name":"PRESENTA SCJN CUADERNO JURISPRUDENCIAL SOBRE DERECHOS HUMANOS DE PERSONAS CON DISCAPACIDAD"}]},{"@type":"WebSite","@id":"https:\/\/quehacerpolitico.mx\/#website","url":"https:\/\/quehacerpolitico.mx\/","name":"","description":"","potentialAction":[{"@type":"SearchAction","target":{"@type":"EntryPoint","urlTemplate":"https:\/\/quehacerpolitico.mx\/?s={search_term_string}"},"query-input":{"@type":"PropertyValueSpecification","valueRequired":true,"valueName":"search_term_string"}}],"inLanguage":"es"},{"@type":"Person","@id":"https:\/\/quehacerpolitico.mx\/#\/schema\/person\/496d8ad2d1d3f8036101dca7ee39e585","name":"Redacci\u00f3n QP","image":{"@type":"ImageObject","inLanguage":"es","@id":"https:\/\/secure.gravatar.com\/avatar\/c7164ed6fdec453195284ad24a5ae5b6e1eed2b848477fa2a4787ba9adf39a41?s=96&d=mm&r=g","url":"https:\/\/secure.gravatar.com\/avatar\/c7164ed6fdec453195284ad24a5ae5b6e1eed2b848477fa2a4787ba9adf39a41?s=96&d=mm&r=g","contentUrl":"https:\/\/secure.gravatar.com\/avatar\/c7164ed6fdec453195284ad24a5ae5b6e1eed2b848477fa2a4787ba9adf39a41?s=96&d=mm&r=g","caption":"Redacci\u00f3n QP"},"url":"https:\/\/quehacerpolitico.mx\/?author=2"}]}},"featured_image_urls":{"full":["https:\/\/quehacerpolitico.mx\/wp-content\/uploads\/2021\/01\/DED35190-5CDA-402E-83D6-88097316EFA8.jpeg",600,424,false],"thumbnail":["https:\/\/quehacerpolitico.mx\/wp-content\/uploads\/2021\/01\/DED35190-5CDA-402E-83D6-88097316EFA8-150x150.jpeg",150,150,true],"medium":["https:\/\/quehacerpolitico.mx\/wp-content\/uploads\/2021\/01\/DED35190-5CDA-402E-83D6-88097316EFA8-300x212.jpeg",300,212,true],"medium_large":["https:\/\/quehacerpolitico.mx\/wp-content\/uploads\/2021\/01\/DED35190-5CDA-402E-83D6-88097316EFA8.jpeg",600,424,false],"large":["https:\/\/quehacerpolitico.mx\/wp-content\/uploads\/2021\/01\/DED35190-5CDA-402E-83D6-88097316EFA8.jpeg",600,424,false],"1536x1536":["https:\/\/quehacerpolitico.mx\/wp-content\/uploads\/2021\/01\/DED35190-5CDA-402E-83D6-88097316EFA8.jpeg",600,424,false],"2048x2048":["https:\/\/quehacerpolitico.mx\/wp-content\/uploads\/2021\/01\/DED35190-5CDA-402E-83D6-88097316EFA8.jpeg",600,424,false],"covernews-featured":["https:\/\/quehacerpolitico.mx\/wp-content\/uploads\/2021\/01\/DED35190-5CDA-402E-83D6-88097316EFA8.jpeg",600,424,false],"covernews-medium":["https:\/\/quehacerpolitico.mx\/wp-content\/uploads\/2021\/01\/DED35190-5CDA-402E-83D6-88097316EFA8.jpeg",481,340,false]},"author_info":{"display_name":"Redacci\u00f3n QP","author_link":"https:\/\/quehacerpolitico.mx\/?author=2"},"category_info":"<a href=\"https:\/\/quehacerpolitico.mx\/?cat=2\" rel=\"category\">Noticias<\/a>","tag_info":"Noticias","comment_count":"0","_links":{"self":[{"href":"https:\/\/quehacerpolitico.mx\/index.php?rest_route=\/wp\/v2\/posts\/73268","targetHints":{"allow":["GET"]}}],"collection":[{"href":"https:\/\/quehacerpolitico.mx\/index.php?rest_route=\/wp\/v2\/posts"}],"about":[{"href":"https:\/\/quehacerpolitico.mx\/index.php?rest_route=\/wp\/v2\/types\/post"}],"author":[{"embeddable":true,"href":"https:\/\/quehacerpolitico.mx\/index.php?rest_route=\/wp\/v2\/users\/2"}],"replies":[{"embeddable":true,"href":"https:\/\/quehacerpolitico.mx\/index.php?rest_route=%2Fwp%2Fv2%2Fcomments&post=73268"}],"version-history":[{"count":0,"href":"https:\/\/quehacerpolitico.mx\/index.php?rest_route=\/wp\/v2\/posts\/73268\/revisions"}],"wp:featuredmedia":[{"embeddable":true,"href":"https:\/\/quehacerpolitico.mx\/index.php?rest_route=\/wp\/v2\/media\/73270"}],"wp:attachment":[{"href":"https:\/\/quehacerpolitico.mx\/index.php?rest_route=%2Fwp%2Fv2%2Fmedia&parent=73268"}],"wp:term":[{"taxonomy":"category","embeddable":true,"href":"https:\/\/quehacerpolitico.mx\/index.php?rest_route=%2Fwp%2Fv2%2Fcategories&post=73268"},{"taxonomy":"post_tag","embeddable":true,"href":"https:\/\/quehacerpolitico.mx\/index.php?rest_route=%2Fwp%2Fv2%2Ftags&post=73268"}],"curies":[{"name":"wp","href":"https:\/\/api.w.org\/{rel}","templated":true}]}}