{"id":7325,"date":"2018-10-20T15:24:42","date_gmt":"2018-10-20T15:24:42","guid":{"rendered":"http:\/\/quehacerpolitico.mx\/gomez-morin-se-pone-rudo-deplora-que-un-muchacho-estupido-haya-sido-candidato-del-frente\/"},"modified":"2018-10-20T15:24:42","modified_gmt":"2018-10-20T15:24:42","slug":"gomez-morin-se-pone-rudo-deplora-que-un-muchacho-estupido-haya-sido-candidato-del-frente","status":"publish","type":"post","link":"https:\/\/quehacerpolitico.mx\/?p=7325","title":{"rendered":"G\u00f3mez Mor\u00edn se pone rudo: deplora que un \u201cmuchacho est\u00fapido\u201d haya sido candidato del Frente"},"content":{"rendered":"<h1>G\u00f3mez Mor\u00edn se pone rudo: deplora que un \u201cmuchacho est\u00fapido\u201d haya sido candidato del Frente<\/h1>\n<p>Por Redacci\u00f3n QP<\/p>\n<p><strong>Manuel G\u00f3mez Mor\u00edn<\/strong>, aspirante a la presidencia del <strong>Partido Acci\u00f3n Nacional (PAN)<\/strong>, lament\u00f3 que\u00a0\u201cun muchacho est\u00fapido\u201d se haya postulado por la coalici\u00f3n \u201cPor M\u00e9xico al Frente\u201d para intentar ganar la <strong>Presidencia de M\u00e9xico<\/strong>.<\/p>\n<blockquote>\n<p>\u201cC\u00f3mo no \u00edbamos a perder las elecciones del 1 de julio si ca\u00edmos tan bajo: una alianza contra natura, una alianza contra nuestra esencia, contra nuestros principios, por el simple hecho de querer ganar una elecci\u00f3n con un muchacho est\u00fapido. Tengo 60 a\u00f1os, lo puedo llamar muchacho est\u00fapido\u201d, se\u00f1al\u00f3\u00a0G\u00f3mez Mor\u00edn.<\/p>\n<\/blockquote>\n<p>El aspirante de\u00a0\u201cPor M\u00e9xico al Frente\u201d, integrada por el PAN, el PRD y el Movimiento Ciudadano, fue Ricardo Anaya Cort\u00e9s.<\/p>\n<blockquote>\n<p>\u201cUn muchacho est\u00fapido que no entendi\u00f3, no comprendi\u00f3 que hab\u00eda sido elegido para ser presidente del Partido Acci\u00f3n Nacional, el partido m\u00e1s antiguo de M\u00e9xico y que vio en la Presidencia del partido la oportunidad de construir la candidatura a la Presidencia de la Rep\u00fablica\u201d, asever\u00f3 Mor\u00edn desde Tijuana.<\/p>\n<\/blockquote>\n<p><strong>G\u00f3mez Mor\u00edn <\/strong>se encarrila a la contienda por la\u00a0<strong>PAN<\/strong>, instituci\u00f3n pol\u00edtica que su abuelo fund\u00f3 hace 79 a\u00f1os y que hoy est\u00e1 \u201cdesfigurada\u201d y con una dirigencia que \u201c<strong>no tiene calidad moral<\/strong>\u201d, dijo en septiembre el aspirante en una entrevista con\u00a0<strong>SinEmbargo.<\/strong><\/p>\n<p>El aspirante afirm\u00f3 que quiere reivindicar al partido, que \u201cregrese a sus ra\u00edces y restablecer los v\u00ednculos perdidos con distintas expresiones de la sociedad civil\u201d, pues sostuvo que los valores siguen entre los militantes pero es el pragmatismo de la c\u00fapula que lo controla lo que ha llevado al partido a la crisis.<\/p>\n<blockquote>\n<p>\u201cVeo un PAN desfigurado y, m\u00e1s que al PAN, lo que veo es una dirigencia desorientada o que est\u00e1 poniendo por encima del partido los intereses de grupos o de personas, eso es lo que estoy viendo\u201d, dijo Mor\u00edn Mart\u00ednez del R\u00edo, quien con el peso de su apellido apela a que el blanquiazul recuerde sus or\u00edgenes y sus principios.<\/p>\n<blockquote class=\"twitter-tweet\" data-width=\"550\" data-dnt=\"true\">\n<p lang=\"es\" dir=\"ltr\">.<a href=\"https:\/\/twitter.com\/ManuelGomzMorin?ref_src=twsrc%5Etfw\">@ManuelGomzMorin<\/a>, contendiente a la dirigencia del PAN, le dijo a Ricardo Anaya \u201cmuchacho est\u00fapido\u201d <a href=\"https:\/\/t.co\/YDGTOaHM3k\">pic.twitter.com\/YDGTOaHM3k<\/a><\/p>\n<p>&mdash; Imagen Televisi\u00f3n (@ImagenTVMex) <a href=\"https:\/\/twitter.com\/ImagenTVMex\/status\/1053495190273413120?ref_src=twsrc%5Etfw\">October 20, 2018<\/a><\/p><\/blockquote>\n<p><script async src=\"https:\/\/platform.twitter.com\/widgets.js\" charset=\"utf-8\"><\/script><\/p>\n<\/blockquote>\n","protected":false},"excerpt":{"rendered":"<p>G\u00f3mez Mor\u00edn se pone rudo: deplora que un \u201cmuchacho est\u00fapido\u201d haya sido candidato del Frente<br \/>\nPor Redacci\u00f3n QP<\/p>\n","protected":false},"author":2,"featured_media":7324,"comment_status":"open","ping_status":"open","sticky":false,"template":"","format":"standard","meta":{"_monsterinsights_skip_tracking":false,"_monsterinsights_sitenote_active":false,"_monsterinsights_sitenote_note":"","_monsterinsights_sitenote_category":0,"footnotes":""},"categories":[2],"tags":[],"class_list":["post-7325","post","type-post","status-publish","format-standard","has-post-thumbnail","hentry","category-noticias"],"yoast_head":"<!-- This site is optimized with the Yoast SEO plugin v27.3 - https:\/\/yoast.com\/product\/yoast-seo-wordpress\/ -->\n<title>G\u00f3mez Mor\u00edn se pone rudo: deplora que un \u201cmuchacho est\u00fapido\u201d haya sido candidato del Frente -<\/title>\n<meta name=\"robots\" content=\"index, follow, max-snippet:-1, max-image-preview:large, max-video-preview:-1\" \/>\n<link rel=\"canonical\" href=\"https:\/\/quehacerpolitico.mx\/?p=7325\" \/>\n<meta property=\"og:locale\" content=\"es_MX\" \/>\n<meta property=\"og:type\" content=\"article\" \/>\n<meta property=\"og:title\" content=\"G\u00f3mez Mor\u00edn se pone rudo: deplora que un \u201cmuchacho est\u00fapido\u201d haya sido candidato del Frente -\" \/>\n<meta property=\"og:description\" content=\"G\u00f3mez Mor\u00edn se pone rudo: deplora que un \u201cmuchacho est\u00fapido\u201d haya sido candidato del Frente Por Redacci\u00f3n QP\" \/>\n<meta property=\"og:url\" content=\"https:\/\/quehacerpolitico.mx\/?p=7325\" \/>\n<meta property=\"article:published_time\" content=\"2018-10-20T15:24:42+00:00\" \/>\n<meta name=\"author\" content=\"Redacci\u00f3n QP\" \/>\n<meta name=\"twitter:card\" content=\"summary_large_image\" \/>\n<meta name=\"twitter:label1\" content=\"Escrito por\" \/>\n\t<meta name=\"twitter:data1\" content=\"Redacci\u00f3n QP\" \/>\n\t<meta name=\"twitter:label2\" content=\"Tiempo de lectura\" \/>\n\t<meta name=\"twitter:data2\" content=\"2 minutos\" \/>\n<script type=\"application\/ld+json\" class=\"yoast-schema-graph\">{\"@context\":\"https:\\\/\\\/schema.org\",\"@graph\":[{\"@type\":\"Article\",\"@id\":\"https:\\\/\\\/quehacerpolitico.mx\\\/?p=7325#article\",\"isPartOf\":{\"@id\":\"https:\\\/\\\/quehacerpolitico.mx\\\/?p=7325\"},\"author\":{\"name\":\"Redacci\u00f3n QP\",\"@id\":\"https:\\\/\\\/quehacerpolitico.mx\\\/#\\\/schema\\\/person\\\/496d8ad2d1d3f8036101dca7ee39e585\"},\"headline\":\"G\u00f3mez Mor\u00edn se pone rudo: deplora que un \u201cmuchacho est\u00fapido\u201d haya sido candidato del Frente\",\"datePublished\":\"2018-10-20T15:24:42+00:00\",\"mainEntityOfPage\":{\"@id\":\"https:\\\/\\\/quehacerpolitico.mx\\\/?p=7325\"},\"wordCount\":392,\"commentCount\":0,\"image\":{\"@id\":\"https:\\\/\\\/quehacerpolitico.mx\\\/?p=7325#primaryimage\"},\"thumbnailUrl\":\"\",\"articleSection\":[\"Noticias\"],\"inLanguage\":\"es\",\"potentialAction\":[{\"@type\":\"CommentAction\",\"name\":\"Comment\",\"target\":[\"https:\\\/\\\/quehacerpolitico.mx\\\/?p=7325#respond\"]}]},{\"@type\":\"WebPage\",\"@id\":\"https:\\\/\\\/quehacerpolitico.mx\\\/?p=7325\",\"url\":\"https:\\\/\\\/quehacerpolitico.mx\\\/?p=7325\",\"name\":\"G\u00f3mez Mor\u00edn se pone rudo: deplora que un \u201cmuchacho est\u00fapido\u201d haya sido candidato del Frente -\",\"isPartOf\":{\"@id\":\"https:\\\/\\\/quehacerpolitico.mx\\\/#website\"},\"primaryImageOfPage\":{\"@id\":\"https:\\\/\\\/quehacerpolitico.mx\\\/?p=7325#primaryimage\"},\"image\":{\"@id\":\"https:\\\/\\\/quehacerpolitico.mx\\\/?p=7325#primaryimage\"},\"thumbnailUrl\":\"\",\"datePublished\":\"2018-10-20T15:24:42+00:00\",\"author\":{\"@id\":\"https:\\\/\\\/quehacerpolitico.mx\\\/#\\\/schema\\\/person\\\/496d8ad2d1d3f8036101dca7ee39e585\"},\"breadcrumb\":{\"@id\":\"https:\\\/\\\/quehacerpolitico.mx\\\/?p=7325#breadcrumb\"},\"inLanguage\":\"es\",\"potentialAction\":[{\"@type\":\"ReadAction\",\"target\":[\"https:\\\/\\\/quehacerpolitico.mx\\\/?p=7325\"]}]},{\"@type\":\"ImageObject\",\"inLanguage\":\"es\",\"@id\":\"https:\\\/\\\/quehacerpolitico.mx\\\/?p=7325#primaryimage\",\"url\":\"\",\"contentUrl\":\"\"},{\"@type\":\"BreadcrumbList\",\"@id\":\"https:\\\/\\\/quehacerpolitico.mx\\\/?p=7325#breadcrumb\",\"itemListElement\":[{\"@type\":\"ListItem\",\"position\":1,\"name\":\"Inicio\",\"item\":\"https:\\\/\\\/quehacerpolitico.mx\\\/\"},{\"@type\":\"ListItem\",\"position\":2,\"name\":\"G\u00f3mez Mor\u00edn se pone rudo: deplora que un \u201cmuchacho est\u00fapido\u201d haya sido candidato del Frente\"}]},{\"@type\":\"WebSite\",\"@id\":\"https:\\\/\\\/quehacerpolitico.mx\\\/#website\",\"url\":\"https:\\\/\\\/quehacerpolitico.mx\\\/\",\"name\":\"\",\"description\":\"\",\"potentialAction\":[{\"@type\":\"SearchAction\",\"target\":{\"@type\":\"EntryPoint\",\"urlTemplate\":\"https:\\\/\\\/quehacerpolitico.mx\\\/?s={search_term_string}\"},\"query-input\":{\"@type\":\"PropertyValueSpecification\",\"valueRequired\":true,\"valueName\":\"search_term_string\"}}],\"inLanguage\":\"es\"},{\"@type\":\"Person\",\"@id\":\"https:\\\/\\\/quehacerpolitico.mx\\\/#\\\/schema\\\/person\\\/496d8ad2d1d3f8036101dca7ee39e585\",\"name\":\"Redacci\u00f3n QP\",\"image\":{\"@type\":\"ImageObject\",\"inLanguage\":\"es\",\"@id\":\"https:\\\/\\\/secure.gravatar.com\\\/avatar\\\/c7164ed6fdec453195284ad24a5ae5b6e1eed2b848477fa2a4787ba9adf39a41?s=96&d=mm&r=g\",\"url\":\"https:\\\/\\\/secure.gravatar.com\\\/avatar\\\/c7164ed6fdec453195284ad24a5ae5b6e1eed2b848477fa2a4787ba9adf39a41?s=96&d=mm&r=g\",\"contentUrl\":\"https:\\\/\\\/secure.gravatar.com\\\/avatar\\\/c7164ed6fdec453195284ad24a5ae5b6e1eed2b848477fa2a4787ba9adf39a41?s=96&d=mm&r=g\",\"caption\":\"Redacci\u00f3n QP\"},\"url\":\"https:\\\/\\\/quehacerpolitico.mx\\\/?author=2\"}]}<\/script>\n<!-- \/ Yoast SEO plugin. -->","yoast_head_json":{"title":"G\u00f3mez Mor\u00edn se pone rudo: deplora que un \u201cmuchacho est\u00fapido\u201d haya sido candidato del Frente -","robots":{"index":"index","follow":"follow","max-snippet":"max-snippet:-1","max-image-preview":"max-image-preview:large","max-video-preview":"max-video-preview:-1"},"canonical":"https:\/\/quehacerpolitico.mx\/?p=7325","og_locale":"es_MX","og_type":"article","og_title":"G\u00f3mez Mor\u00edn se pone rudo: deplora que un \u201cmuchacho est\u00fapido\u201d haya sido candidato del Frente -","og_description":"G\u00f3mez Mor\u00edn se pone rudo: deplora que un \u201cmuchacho est\u00fapido\u201d haya sido candidato del Frente Por Redacci\u00f3n QP","og_url":"https:\/\/quehacerpolitico.mx\/?p=7325","article_published_time":"2018-10-20T15:24:42+00:00","author":"Redacci\u00f3n QP","twitter_card":"summary_large_image","twitter_misc":{"Escrito por":"Redacci\u00f3n QP","Tiempo de lectura":"2 minutos"},"schema":{"@context":"https:\/\/schema.org","@graph":[{"@type":"Article","@id":"https:\/\/quehacerpolitico.mx\/?p=7325#article","isPartOf":{"@id":"https:\/\/quehacerpolitico.mx\/?p=7325"},"author":{"name":"Redacci\u00f3n QP","@id":"https:\/\/quehacerpolitico.mx\/#\/schema\/person\/496d8ad2d1d3f8036101dca7ee39e585"},"headline":"G\u00f3mez Mor\u00edn se pone rudo: deplora que un \u201cmuchacho est\u00fapido\u201d haya sido candidato del Frente","datePublished":"2018-10-20T15:24:42+00:00","mainEntityOfPage":{"@id":"https:\/\/quehacerpolitico.mx\/?p=7325"},"wordCount":392,"commentCount":0,"image":{"@id":"https:\/\/quehacerpolitico.mx\/?p=7325#primaryimage"},"thumbnailUrl":"","articleSection":["Noticias"],"inLanguage":"es","potentialAction":[{"@type":"CommentAction","name":"Comment","target":["https:\/\/quehacerpolitico.mx\/?p=7325#respond"]}]},{"@type":"WebPage","@id":"https:\/\/quehacerpolitico.mx\/?p=7325","url":"https:\/\/quehacerpolitico.mx\/?p=7325","name":"G\u00f3mez Mor\u00edn se pone rudo: deplora que un \u201cmuchacho est\u00fapido\u201d haya sido candidato del Frente -","isPartOf":{"@id":"https:\/\/quehacerpolitico.mx\/#website"},"primaryImageOfPage":{"@id":"https:\/\/quehacerpolitico.mx\/?p=7325#primaryimage"},"image":{"@id":"https:\/\/quehacerpolitico.mx\/?p=7325#primaryimage"},"thumbnailUrl":"","datePublished":"2018-10-20T15:24:42+00:00","author":{"@id":"https:\/\/quehacerpolitico.mx\/#\/schema\/person\/496d8ad2d1d3f8036101dca7ee39e585"},"breadcrumb":{"@id":"https:\/\/quehacerpolitico.mx\/?p=7325#breadcrumb"},"inLanguage":"es","potentialAction":[{"@type":"ReadAction","target":["https:\/\/quehacerpolitico.mx\/?p=7325"]}]},{"@type":"ImageObject","inLanguage":"es","@id":"https:\/\/quehacerpolitico.mx\/?p=7325#primaryimage","url":"","contentUrl":""},{"@type":"BreadcrumbList","@id":"https:\/\/quehacerpolitico.mx\/?p=7325#breadcrumb","itemListElement":[{"@type":"ListItem","position":1,"name":"Inicio","item":"https:\/\/quehacerpolitico.mx\/"},{"@type":"ListItem","position":2,"name":"G\u00f3mez Mor\u00edn se pone rudo: deplora que un \u201cmuchacho est\u00fapido\u201d haya sido candidato del Frente"}]},{"@type":"WebSite","@id":"https:\/\/quehacerpolitico.mx\/#website","url":"https:\/\/quehacerpolitico.mx\/","name":"","description":"","potentialAction":[{"@type":"SearchAction","target":{"@type":"EntryPoint","urlTemplate":"https:\/\/quehacerpolitico.mx\/?s={search_term_string}"},"query-input":{"@type":"PropertyValueSpecification","valueRequired":true,"valueName":"search_term_string"}}],"inLanguage":"es"},{"@type":"Person","@id":"https:\/\/quehacerpolitico.mx\/#\/schema\/person\/496d8ad2d1d3f8036101dca7ee39e585","name":"Redacci\u00f3n QP","image":{"@type":"ImageObject","inLanguage":"es","@id":"https:\/\/secure.gravatar.com\/avatar\/c7164ed6fdec453195284ad24a5ae5b6e1eed2b848477fa2a4787ba9adf39a41?s=96&d=mm&r=g","url":"https:\/\/secure.gravatar.com\/avatar\/c7164ed6fdec453195284ad24a5ae5b6e1eed2b848477fa2a4787ba9adf39a41?s=96&d=mm&r=g","contentUrl":"https:\/\/secure.gravatar.com\/avatar\/c7164ed6fdec453195284ad24a5ae5b6e1eed2b848477fa2a4787ba9adf39a41?s=96&d=mm&r=g","caption":"Redacci\u00f3n QP"},"url":"https:\/\/quehacerpolitico.mx\/?author=2"}]}},"featured_image_urls":{"full":"","thumbnail":"","medium":"","medium_large":"","large":"","1536x1536":"","2048x2048":"","covernews-featured":"","covernews-medium":""},"author_info":{"display_name":"Redacci\u00f3n QP","author_link":"https:\/\/quehacerpolitico.mx\/?author=2"},"category_info":"<a href=\"https:\/\/quehacerpolitico.mx\/?cat=2\" rel=\"category\">Noticias<\/a>","tag_info":"Noticias","comment_count":"0","_links":{"self":[{"href":"https:\/\/quehacerpolitico.mx\/index.php?rest_route=\/wp\/v2\/posts\/7325","targetHints":{"allow":["GET"]}}],"collection":[{"href":"https:\/\/quehacerpolitico.mx\/index.php?rest_route=\/wp\/v2\/posts"}],"about":[{"href":"https:\/\/quehacerpolitico.mx\/index.php?rest_route=\/wp\/v2\/types\/post"}],"author":[{"embeddable":true,"href":"https:\/\/quehacerpolitico.mx\/index.php?rest_route=\/wp\/v2\/users\/2"}],"replies":[{"embeddable":true,"href":"https:\/\/quehacerpolitico.mx\/index.php?rest_route=%2Fwp%2Fv2%2Fcomments&post=7325"}],"version-history":[{"count":0,"href":"https:\/\/quehacerpolitico.mx\/index.php?rest_route=\/wp\/v2\/posts\/7325\/revisions"}],"wp:featuredmedia":[{"embeddable":true,"href":"https:\/\/quehacerpolitico.mx\/index.php?rest_route=\/"}],"wp:attachment":[{"href":"https:\/\/quehacerpolitico.mx\/index.php?rest_route=%2Fwp%2Fv2%2Fmedia&parent=7325"}],"wp:term":[{"taxonomy":"category","embeddable":true,"href":"https:\/\/quehacerpolitico.mx\/index.php?rest_route=%2Fwp%2Fv2%2Fcategories&post=7325"},{"taxonomy":"post_tag","embeddable":true,"href":"https:\/\/quehacerpolitico.mx\/index.php?rest_route=%2Fwp%2Fv2%2Ftags&post=7325"}],"curies":[{"name":"wp","href":"https:\/\/api.w.org\/{rel}","templated":true}]}}