{"id":7321,"date":"2018-10-20T14:56:33","date_gmt":"2018-10-20T14:56:33","guid":{"rendered":"http:\/\/quehacerpolitico.mx\/senador-solicita-en-la-haya-investigar-a-duarte-por-presuntas-quimioterapias-falsas-para-ninos\/"},"modified":"2018-10-20T14:56:33","modified_gmt":"2018-10-20T14:56:33","slug":"senador-solicita-en-la-haya-investigar-a-duarte-por-presuntas-quimioterapias-falsas-para-ninos","status":"publish","type":"post","link":"https:\/\/quehacerpolitico.mx\/?p=7321","title":{"rendered":"Senador solicita en La Haya investigar a Duarte por presuntas quimioterapias falsas para ni\u00f1os"},"content":{"rendered":"<h1>Senador solicita en La Haya investigar a Duarte por presuntas quimioterapias falsas para ni\u00f1os<\/h1>\n<p>Por Redacci\u00f3n QP<\/p>\n<p>El Senador de Movimiento Ciudadano <strong>Samuel Garc\u00eda Sep\u00falveda<\/strong> acudi\u00f3 a la Corte Internacional de La Haya para entregar un exhorto aprobado en el Senado de la Rep\u00fablica, donde solicita llevar a cabo una investigaci\u00f3n en contra del ex Gobernador de Veracruz, <strong>Javier Duarte<\/strong>, por <strong>cr\u00edmenes de lesa humanidad<\/strong>, esto por la presunta compra de m\u00e1s de 70 mil pruebas falsas de VIH durante su gesti\u00f3n y la adquisici\u00f3n <strong>quimioterapias para ni\u00f1os<\/strong> que solo eran agua destilada.<\/p>\n<p>El legislador de Nuevo Le\u00f3n dio a conocer que viaj\u00f3 a Holanda \u2013previamente particip\u00f3 en una sesi\u00f3n de la Uni\u00f3n Interparlamentaria (UIP) en Ginebra, Suiza\u2013, para entregar personalmente el documento en la Oficial\u00eda del organismo, en \u00e9l anex\u00f3 la discusi\u00f3n y la votaci\u00f3n, esto debido a que el punto de acuerdo estaba \u201ccongelado\u201d en la Secretar\u00eda de Gobierno, por lo que no se hab\u00eda enviado.<\/p>\n<blockquote>\n<p>\u201cAcudimos a entregar el exhorto que enviamos desde el Senado de la Rep\u00fablica. Me confirmaron hoy que no han recibido nada. Ese exhorto que el Senado envi\u00f3 de urgente resoluci\u00f3n est\u00e1 congelado en [la] Secretar\u00eda de Gobernaci\u00f3n, con Navarrete Prida. De ese tama\u00f1o es la colusi\u00f3n y el amarre de Javier Duarte con el Gobierno Federal\u201d, expres\u00f3 a medios.<\/p>\n<p>En el documento del 25 de septiembre, la C\u00e1mara Alta solicita a la Corte llevar a cabo la investigaci\u00f3n del expediente del caso que fue denunciado hace un a\u00f1o por el Senador Samuel Garc\u00eda.<\/p>\n<p>El Senador agreg\u00f3 que no se puede confiar en la Procuradur\u00eda General de la Rep\u00fablica (PGR), ya que Duarte podr\u00eda pasar en la c\u00e1rcel solo algunos meses y no los nueve a\u00f1os de condena tras haber solicitado una segunda revisi\u00f3n.<\/p>\n<blockquote>\n<p>\u201cNo confiamos en la PGR, ni en Secretar\u00eda de Gobernaci\u00f3n, no confiamos tampoco en el Poder Judicial, por eso estamos aqu\u00ed, alegando que en virtud de que no hay voluntad del pa\u00eds mexicano de actuar contra este monstruo [refiri\u00e9ndose a Duarte] debe la Corte Penal Internacional intervenir. Por eso venimos a dejarles directamente. Tambi\u00e9n lo hicimos contra Karime Mac\u00edas\u201d, expuso en un video que difundi\u00f3 en su cuenta de Twitter.<\/p>\n<blockquote class=\"twitter-tweet\" data-width=\"550\" data-dnt=\"true\">\n<p lang=\"es\" dir=\"ltr\">En la Corte Penal Internacional de La Haya, entregamos el exhorto del Senado contra <a href=\"https:\/\/twitter.com\/hashtag\/JavierDuarte?src=hash&amp;ref_src=twsrc%5Etfw\">#JavierDuarte<\/a>. Queremos dignidad y justicia para M\u00e9xico. <a href=\"https:\/\/t.co\/mXb5i5DgYQ\">pic.twitter.com\/mXb5i5DgYQ<\/a><\/p>\n<p>&mdash; Samuel Garc\u00eda (@samuel_garcias) <a href=\"https:\/\/twitter.com\/samuel_garcias\/status\/1052586764416634881?ref_src=twsrc%5Etfw\">October 17, 2018<\/a><\/p><\/blockquote>\n<p><script async src=\"https:\/\/platform.twitter.com\/widgets.js\" charset=\"utf-8\"><\/script><\/p>\n<p><strong>Duarte de Ochoa<\/strong>, quien fue considerado por el Presidente Enrique Pe\u00f1a Nieto como un \u201cejemplo del nuevo PRI\u201d, es juzgado en M\u00e9xico por desv\u00edo de recursos p\u00fablicos, pero no est\u00e1 acusado por los<strong> cr\u00edmenes contra periodistas<\/strong>, la vinculaci\u00f3n de sus polic\u00edas en <strong>desapariciones forzadas<\/strong>, por los miles de desaparecidos o por otros cr\u00edmenes, como el tratamiento de <strong>ni\u00f1os con c\u00e1ncer<\/strong> con qu\u00edmicos falsificados que sirvieron s\u00f3lo como placebo.<\/p>\n<p>La PGR retir\u00f3 anoche el delito de delincuencia organizada en contra de Duarte. Lo reclasific\u00f3 por asociaci\u00f3n delictuosa, con lo que Duarte, detenido en Guatemala en abril de 2017, podr\u00eda obtener en el mediano plazo la libertad provisional: ese nuevo il\u00edcito no considera la prisi\u00f3n preventiva por oficio.<\/p>\n<p>El pasado 26 de septiembre Javier Duarte se declar\u00f3 culpable de los delitos de lavado de dinero y asociaci\u00f3n delictuosa para obtener as\u00ed una reducci\u00f3n de la sentencia en su contra. Esto fue posible gracias a la negociaci\u00f3n entre la PGR y el ex mandatario para pedir un procedimiento abreviado.<\/p>\n<p>El Juez de Control del Centro de Justicia Penal Federal del Reclusorio Norte, Marco Antonio Fuerte Tapia, conden\u00f3 a Javier Duarte a una pena de 9 a\u00f1os de prisi\u00f3n y una multa de 58 mil 890 pesos. Y deber\u00e1 entregar 21 terrenos ubicados en Campeche y 20 propiedades:\u00a04 departamentos en Ixtapa y 9 inmuebles en la Ciudad de M\u00e9xico, que incluyen tres departamentos en Bosques de Santa Fe, un edificio en Lomas de Chapultepec y dos departamentos en Polanco.<\/p>\n<p>De acuerdo con la Ley Nacional de Ejecuci\u00f3n Penal, el ex Gobernador podr\u00e1 pedir su libertad bajo supervisi\u00f3n cuando cumpla la mitad de su pena, adem\u00e1s se deben tomar en cuenta el a\u00f1o y cinco meses que lleva en prisi\u00f3n, desde el 15 de abril de 2017.<\/p>\n<p>Con Informaci\u00f3n de Plumas Libres<\/p>\n<\/blockquote>\n<\/blockquote>\n","protected":false},"excerpt":{"rendered":"<p>Senador solicita en La Haya investigar a Duarte por presuntas quimioterapias falsas para ni\u00f1os<br \/>\nPor Redacci\u00f3n QP<\/p>\n","protected":false},"author":2,"featured_media":7320,"comment_status":"open","ping_status":"open","sticky":false,"template":"","format":"standard","meta":{"_monsterinsights_skip_tracking":false,"_monsterinsights_sitenote_active":false,"_monsterinsights_sitenote_note":"","_monsterinsights_sitenote_category":0,"footnotes":""},"categories":[2],"tags":[],"class_list":["post-7321","post","type-post","status-publish","format-standard","has-post-thumbnail","hentry","category-noticias"],"yoast_head":"<!-- This site is optimized with the Yoast SEO plugin v27.3 - https:\/\/yoast.com\/product\/yoast-seo-wordpress\/ -->\n<title>Senador solicita en La Haya investigar a Duarte por presuntas quimioterapias falsas para ni\u00f1os -<\/title>\n<meta name=\"robots\" content=\"index, follow, max-snippet:-1, max-image-preview:large, max-video-preview:-1\" \/>\n<link rel=\"canonical\" href=\"https:\/\/quehacerpolitico.mx\/?p=7321\" \/>\n<meta property=\"og:locale\" content=\"es_MX\" \/>\n<meta property=\"og:type\" content=\"article\" \/>\n<meta property=\"og:title\" content=\"Senador solicita en La Haya investigar a Duarte por presuntas quimioterapias falsas para ni\u00f1os -\" \/>\n<meta property=\"og:description\" content=\"Senador solicita en La Haya investigar a Duarte por presuntas quimioterapias falsas para ni\u00f1os Por Redacci\u00f3n QP\" \/>\n<meta property=\"og:url\" content=\"https:\/\/quehacerpolitico.mx\/?p=7321\" \/>\n<meta property=\"article:published_time\" content=\"2018-10-20T14:56:33+00:00\" \/>\n<meta name=\"author\" content=\"Redacci\u00f3n QP\" \/>\n<meta name=\"twitter:card\" content=\"summary_large_image\" \/>\n<meta name=\"twitter:label1\" content=\"Escrito por\" \/>\n\t<meta name=\"twitter:data1\" content=\"Redacci\u00f3n QP\" \/>\n\t<meta name=\"twitter:label2\" content=\"Tiempo de lectura\" \/>\n\t<meta name=\"twitter:data2\" content=\"4 minutos\" \/>\n<script type=\"application\/ld+json\" class=\"yoast-schema-graph\">{\"@context\":\"https:\\\/\\\/schema.org\",\"@graph\":[{\"@type\":\"Article\",\"@id\":\"https:\\\/\\\/quehacerpolitico.mx\\\/?p=7321#article\",\"isPartOf\":{\"@id\":\"https:\\\/\\\/quehacerpolitico.mx\\\/?p=7321\"},\"author\":{\"name\":\"Redacci\u00f3n QP\",\"@id\":\"https:\\\/\\\/quehacerpolitico.mx\\\/#\\\/schema\\\/person\\\/496d8ad2d1d3f8036101dca7ee39e585\"},\"headline\":\"Senador solicita en La Haya investigar a Duarte por presuntas quimioterapias falsas para ni\u00f1os\",\"datePublished\":\"2018-10-20T14:56:33+00:00\",\"mainEntityOfPage\":{\"@id\":\"https:\\\/\\\/quehacerpolitico.mx\\\/?p=7321\"},\"wordCount\":737,\"commentCount\":0,\"image\":{\"@id\":\"https:\\\/\\\/quehacerpolitico.mx\\\/?p=7321#primaryimage\"},\"thumbnailUrl\":\"\",\"articleSection\":[\"Noticias\"],\"inLanguage\":\"es\",\"potentialAction\":[{\"@type\":\"CommentAction\",\"name\":\"Comment\",\"target\":[\"https:\\\/\\\/quehacerpolitico.mx\\\/?p=7321#respond\"]}]},{\"@type\":\"WebPage\",\"@id\":\"https:\\\/\\\/quehacerpolitico.mx\\\/?p=7321\",\"url\":\"https:\\\/\\\/quehacerpolitico.mx\\\/?p=7321\",\"name\":\"Senador solicita en La Haya investigar a Duarte por presuntas quimioterapias falsas para ni\u00f1os -\",\"isPartOf\":{\"@id\":\"https:\\\/\\\/quehacerpolitico.mx\\\/#website\"},\"primaryImageOfPage\":{\"@id\":\"https:\\\/\\\/quehacerpolitico.mx\\\/?p=7321#primaryimage\"},\"image\":{\"@id\":\"https:\\\/\\\/quehacerpolitico.mx\\\/?p=7321#primaryimage\"},\"thumbnailUrl\":\"\",\"datePublished\":\"2018-10-20T14:56:33+00:00\",\"author\":{\"@id\":\"https:\\\/\\\/quehacerpolitico.mx\\\/#\\\/schema\\\/person\\\/496d8ad2d1d3f8036101dca7ee39e585\"},\"breadcrumb\":{\"@id\":\"https:\\\/\\\/quehacerpolitico.mx\\\/?p=7321#breadcrumb\"},\"inLanguage\":\"es\",\"potentialAction\":[{\"@type\":\"ReadAction\",\"target\":[\"https:\\\/\\\/quehacerpolitico.mx\\\/?p=7321\"]}]},{\"@type\":\"ImageObject\",\"inLanguage\":\"es\",\"@id\":\"https:\\\/\\\/quehacerpolitico.mx\\\/?p=7321#primaryimage\",\"url\":\"\",\"contentUrl\":\"\"},{\"@type\":\"BreadcrumbList\",\"@id\":\"https:\\\/\\\/quehacerpolitico.mx\\\/?p=7321#breadcrumb\",\"itemListElement\":[{\"@type\":\"ListItem\",\"position\":1,\"name\":\"Inicio\",\"item\":\"https:\\\/\\\/quehacerpolitico.mx\\\/\"},{\"@type\":\"ListItem\",\"position\":2,\"name\":\"Senador solicita en La Haya investigar a Duarte por presuntas quimioterapias falsas para ni\u00f1os\"}]},{\"@type\":\"WebSite\",\"@id\":\"https:\\\/\\\/quehacerpolitico.mx\\\/#website\",\"url\":\"https:\\\/\\\/quehacerpolitico.mx\\\/\",\"name\":\"\",\"description\":\"\",\"potentialAction\":[{\"@type\":\"SearchAction\",\"target\":{\"@type\":\"EntryPoint\",\"urlTemplate\":\"https:\\\/\\\/quehacerpolitico.mx\\\/?s={search_term_string}\"},\"query-input\":{\"@type\":\"PropertyValueSpecification\",\"valueRequired\":true,\"valueName\":\"search_term_string\"}}],\"inLanguage\":\"es\"},{\"@type\":\"Person\",\"@id\":\"https:\\\/\\\/quehacerpolitico.mx\\\/#\\\/schema\\\/person\\\/496d8ad2d1d3f8036101dca7ee39e585\",\"name\":\"Redacci\u00f3n QP\",\"image\":{\"@type\":\"ImageObject\",\"inLanguage\":\"es\",\"@id\":\"https:\\\/\\\/secure.gravatar.com\\\/avatar\\\/c7164ed6fdec453195284ad24a5ae5b6e1eed2b848477fa2a4787ba9adf39a41?s=96&d=mm&r=g\",\"url\":\"https:\\\/\\\/secure.gravatar.com\\\/avatar\\\/c7164ed6fdec453195284ad24a5ae5b6e1eed2b848477fa2a4787ba9adf39a41?s=96&d=mm&r=g\",\"contentUrl\":\"https:\\\/\\\/secure.gravatar.com\\\/avatar\\\/c7164ed6fdec453195284ad24a5ae5b6e1eed2b848477fa2a4787ba9adf39a41?s=96&d=mm&r=g\",\"caption\":\"Redacci\u00f3n QP\"},\"url\":\"https:\\\/\\\/quehacerpolitico.mx\\\/?author=2\"}]}<\/script>\n<!-- \/ Yoast SEO plugin. -->","yoast_head_json":{"title":"Senador solicita en La Haya investigar a Duarte por presuntas quimioterapias falsas para ni\u00f1os -","robots":{"index":"index","follow":"follow","max-snippet":"max-snippet:-1","max-image-preview":"max-image-preview:large","max-video-preview":"max-video-preview:-1"},"canonical":"https:\/\/quehacerpolitico.mx\/?p=7321","og_locale":"es_MX","og_type":"article","og_title":"Senador solicita en La Haya investigar a Duarte por presuntas quimioterapias falsas para ni\u00f1os -","og_description":"Senador solicita en La Haya investigar a Duarte por presuntas quimioterapias falsas para ni\u00f1os Por Redacci\u00f3n QP","og_url":"https:\/\/quehacerpolitico.mx\/?p=7321","article_published_time":"2018-10-20T14:56:33+00:00","author":"Redacci\u00f3n QP","twitter_card":"summary_large_image","twitter_misc":{"Escrito por":"Redacci\u00f3n QP","Tiempo de lectura":"4 minutos"},"schema":{"@context":"https:\/\/schema.org","@graph":[{"@type":"Article","@id":"https:\/\/quehacerpolitico.mx\/?p=7321#article","isPartOf":{"@id":"https:\/\/quehacerpolitico.mx\/?p=7321"},"author":{"name":"Redacci\u00f3n QP","@id":"https:\/\/quehacerpolitico.mx\/#\/schema\/person\/496d8ad2d1d3f8036101dca7ee39e585"},"headline":"Senador solicita en La Haya investigar a Duarte por presuntas quimioterapias falsas para ni\u00f1os","datePublished":"2018-10-20T14:56:33+00:00","mainEntityOfPage":{"@id":"https:\/\/quehacerpolitico.mx\/?p=7321"},"wordCount":737,"commentCount":0,"image":{"@id":"https:\/\/quehacerpolitico.mx\/?p=7321#primaryimage"},"thumbnailUrl":"","articleSection":["Noticias"],"inLanguage":"es","potentialAction":[{"@type":"CommentAction","name":"Comment","target":["https:\/\/quehacerpolitico.mx\/?p=7321#respond"]}]},{"@type":"WebPage","@id":"https:\/\/quehacerpolitico.mx\/?p=7321","url":"https:\/\/quehacerpolitico.mx\/?p=7321","name":"Senador solicita en La Haya investigar a Duarte por presuntas quimioterapias falsas para ni\u00f1os -","isPartOf":{"@id":"https:\/\/quehacerpolitico.mx\/#website"},"primaryImageOfPage":{"@id":"https:\/\/quehacerpolitico.mx\/?p=7321#primaryimage"},"image":{"@id":"https:\/\/quehacerpolitico.mx\/?p=7321#primaryimage"},"thumbnailUrl":"","datePublished":"2018-10-20T14:56:33+00:00","author":{"@id":"https:\/\/quehacerpolitico.mx\/#\/schema\/person\/496d8ad2d1d3f8036101dca7ee39e585"},"breadcrumb":{"@id":"https:\/\/quehacerpolitico.mx\/?p=7321#breadcrumb"},"inLanguage":"es","potentialAction":[{"@type":"ReadAction","target":["https:\/\/quehacerpolitico.mx\/?p=7321"]}]},{"@type":"ImageObject","inLanguage":"es","@id":"https:\/\/quehacerpolitico.mx\/?p=7321#primaryimage","url":"","contentUrl":""},{"@type":"BreadcrumbList","@id":"https:\/\/quehacerpolitico.mx\/?p=7321#breadcrumb","itemListElement":[{"@type":"ListItem","position":1,"name":"Inicio","item":"https:\/\/quehacerpolitico.mx\/"},{"@type":"ListItem","position":2,"name":"Senador solicita en La Haya investigar a Duarte por presuntas quimioterapias falsas para ni\u00f1os"}]},{"@type":"WebSite","@id":"https:\/\/quehacerpolitico.mx\/#website","url":"https:\/\/quehacerpolitico.mx\/","name":"","description":"","potentialAction":[{"@type":"SearchAction","target":{"@type":"EntryPoint","urlTemplate":"https:\/\/quehacerpolitico.mx\/?s={search_term_string}"},"query-input":{"@type":"PropertyValueSpecification","valueRequired":true,"valueName":"search_term_string"}}],"inLanguage":"es"},{"@type":"Person","@id":"https:\/\/quehacerpolitico.mx\/#\/schema\/person\/496d8ad2d1d3f8036101dca7ee39e585","name":"Redacci\u00f3n QP","image":{"@type":"ImageObject","inLanguage":"es","@id":"https:\/\/secure.gravatar.com\/avatar\/c7164ed6fdec453195284ad24a5ae5b6e1eed2b848477fa2a4787ba9adf39a41?s=96&d=mm&r=g","url":"https:\/\/secure.gravatar.com\/avatar\/c7164ed6fdec453195284ad24a5ae5b6e1eed2b848477fa2a4787ba9adf39a41?s=96&d=mm&r=g","contentUrl":"https:\/\/secure.gravatar.com\/avatar\/c7164ed6fdec453195284ad24a5ae5b6e1eed2b848477fa2a4787ba9adf39a41?s=96&d=mm&r=g","caption":"Redacci\u00f3n QP"},"url":"https:\/\/quehacerpolitico.mx\/?author=2"}]}},"featured_image_urls":{"full":"","thumbnail":"","medium":"","medium_large":"","large":"","1536x1536":"","2048x2048":"","covernews-featured":"","covernews-medium":""},"author_info":{"display_name":"Redacci\u00f3n QP","author_link":"https:\/\/quehacerpolitico.mx\/?author=2"},"category_info":"<a href=\"https:\/\/quehacerpolitico.mx\/?cat=2\" rel=\"category\">Noticias<\/a>","tag_info":"Noticias","comment_count":"0","_links":{"self":[{"href":"https:\/\/quehacerpolitico.mx\/index.php?rest_route=\/wp\/v2\/posts\/7321","targetHints":{"allow":["GET"]}}],"collection":[{"href":"https:\/\/quehacerpolitico.mx\/index.php?rest_route=\/wp\/v2\/posts"}],"about":[{"href":"https:\/\/quehacerpolitico.mx\/index.php?rest_route=\/wp\/v2\/types\/post"}],"author":[{"embeddable":true,"href":"https:\/\/quehacerpolitico.mx\/index.php?rest_route=\/wp\/v2\/users\/2"}],"replies":[{"embeddable":true,"href":"https:\/\/quehacerpolitico.mx\/index.php?rest_route=%2Fwp%2Fv2%2Fcomments&post=7321"}],"version-history":[{"count":0,"href":"https:\/\/quehacerpolitico.mx\/index.php?rest_route=\/wp\/v2\/posts\/7321\/revisions"}],"wp:featuredmedia":[{"embeddable":true,"href":"https:\/\/quehacerpolitico.mx\/index.php?rest_route=\/"}],"wp:attachment":[{"href":"https:\/\/quehacerpolitico.mx\/index.php?rest_route=%2Fwp%2Fv2%2Fmedia&parent=7321"}],"wp:term":[{"taxonomy":"category","embeddable":true,"href":"https:\/\/quehacerpolitico.mx\/index.php?rest_route=%2Fwp%2Fv2%2Fcategories&post=7321"},{"taxonomy":"post_tag","embeddable":true,"href":"https:\/\/quehacerpolitico.mx\/index.php?rest_route=%2Fwp%2Fv2%2Ftags&post=7321"}],"curies":[{"name":"wp","href":"https:\/\/api.w.org\/{rel}","templated":true}]}}