{"id":7297,"date":"2018-10-20T03:05:02","date_gmt":"2018-10-20T03:05:02","guid":{"rendered":"http:\/\/quehacerpolitico.mx\/plantea-amlo-inversion-de-30-mil-mdd-en-centroamerica-para-reducir-migracion\/"},"modified":"2018-10-20T03:05:02","modified_gmt":"2018-10-20T03:05:02","slug":"plantea-amlo-inversion-de-30-mil-mdd-en-centroamerica-para-reducir-migracion","status":"publish","type":"post","link":"https:\/\/quehacerpolitico.mx\/?p=7297","title":{"rendered":"Plantea AMLO inversi\u00f3n de 30 mil mdd en Centroam\u00e9rica para reducir migraci\u00f3n"},"content":{"rendered":"<h2 class=\"genTitle\">Plantea AMLO inversi\u00f3n de 30 mil mdd en Centroam\u00e9rica para reducir migraci\u00f3n<\/h2>\n<p>Por Redacci\u00f3n QP<\/p>\n<p>El presidente electo, <b>Andr\u00e9s Manuel L\u00f3pez Obrador, <\/b>\u00a0afirm\u00f3 que ya plante\u00f3 al mandatario estadounidense Donald Trump que se <b>inviertan 30 mil millones de d\u00f3lares<\/b> para mejorar la <b>econom\u00eda de Centroam\u00e9rica <\/b>y con ello reducir la migraci\u00f3n.<\/p>\n<blockquote>\n<p>\u201cEs un plan de inversi\u00f3n que implique la inversi\u00f3n de 30 mil millones de d\u00f3lares para el desarrollo de Centroam\u00e9rica y de nuestro pa\u00eds\u201d, dijo L\u00f3pez Obrador desde Monterrey.<\/p>\n<div id=\"Tidok_Master_IA_1108484616_c32c\">\n<div id=\"video11084846161022735859\" data-cedato-used=\"used\">\n<div id=\"__cedato_root_container\" class=\" __cedato_root_container __cedato_mobile\">\n<div class=\" __cedato_content_container\">Destac\u00f3 que esos recursos se emplear\u00edan en crear empleos, y ser\u00eda similar al que impuls\u00f3 <b>Franklin D. Roosevelt tras la Gran Depresi\u00f3n de 1929<\/b> en Estados Unidos.<\/div>\n<\/div>\n<\/div>\n<\/div>\n<\/blockquote>\n<p>L\u00f3pez Obrador dio una rueda de prensa en Monterrey, mientras en la frontera sur de registraban <b>enfrentamientos entre migrantes y polic\u00eda de Guatemala y, simult\u00e1neamente<\/b>, Marcelo Ebrard se reun\u00eda con el secretario de Estado de EU, Mike Pompeo.<\/p>\n<blockquote>\n<p>\u201c\u00c9l tiene ya instrucci\u00f3n de que se insista en resolver el problema migratorio atendiendo las causas, que se busque un acuerdo de inversi\u00f3n que incluya a Estados Unidos, Canad\u00e1, M\u00e9xico y contemple a pa\u00edses centroamericanos\u201d, se\u00f1al\u00f3.<\/p>\n<\/blockquote>\n<h2>Necesario impulsar desarrollo de Centroam\u00e9rica<\/h2>\n<p>Esto, coment\u00f3, para que se impulsen <b>actividades productivas en Centroam\u00e9rica,<\/b> y que la gente no se vea en la necesidad de emigrar.<\/p>\n<p>Recalc\u00f3 que al <b>actual gobierno<\/b> le corresponde abordar la actual crisis, sin embargo, agreg\u00f3 que una vez que asuma la presidencia se buscar\u00e1 el respeto de<b> los derechos humanos de los migrantes<\/b><\/p>\n<blockquote>\n<p>\u201cHay que garantizar los Derechos Humanos, y hay que buscar opciones, alternativas, escuchando a las partes, buscando acuerdos\u201d, asever\u00f3.<\/p>\n<p>\u201cTodo esto tomando en cuenta al gobierno actual, que es el encargado de conducir este asunto porque son los que gobiernan hasta finales de noviembre\u201d, puntualiz\u00f3.<\/p>\n<\/blockquote>\n","protected":false},"excerpt":{"rendered":"<p>Plantea AMLO inversi\u00f3n de 30 mil mdd en Centroam\u00e9rica para reducir migraci\u00f3n<br \/>\nPor Redacci\u00f3n QP<\/p>\n","protected":false},"author":2,"featured_media":7296,"comment_status":"open","ping_status":"open","sticky":false,"template":"","format":"standard","meta":{"_monsterinsights_skip_tracking":false,"_monsterinsights_sitenote_active":false,"_monsterinsights_sitenote_note":"","_monsterinsights_sitenote_category":0,"footnotes":""},"categories":[2],"tags":[],"class_list":["post-7297","post","type-post","status-publish","format-standard","has-post-thumbnail","hentry","category-noticias"],"yoast_head":"<!-- This site is optimized with the Yoast SEO plugin v27.3 - https:\/\/yoast.com\/product\/yoast-seo-wordpress\/ -->\n<title>Plantea AMLO inversi\u00f3n de 30 mil mdd en Centroam\u00e9rica para reducir migraci\u00f3n -<\/title>\n<meta name=\"robots\" content=\"index, follow, max-snippet:-1, max-image-preview:large, max-video-preview:-1\" \/>\n<link rel=\"canonical\" href=\"https:\/\/quehacerpolitico.mx\/?p=7297\" \/>\n<meta property=\"og:locale\" content=\"es_MX\" \/>\n<meta property=\"og:type\" content=\"article\" \/>\n<meta property=\"og:title\" content=\"Plantea AMLO inversi\u00f3n de 30 mil mdd en Centroam\u00e9rica para reducir migraci\u00f3n -\" \/>\n<meta property=\"og:description\" content=\"Plantea AMLO inversi\u00f3n de 30 mil mdd en Centroam\u00e9rica para reducir migraci\u00f3n Por Redacci\u00f3n QP\" \/>\n<meta property=\"og:url\" content=\"https:\/\/quehacerpolitico.mx\/?p=7297\" \/>\n<meta property=\"article:published_time\" content=\"2018-10-20T03:05:02+00:00\" \/>\n<meta name=\"author\" content=\"Redacci\u00f3n QP\" \/>\n<meta name=\"twitter:card\" content=\"summary_large_image\" \/>\n<meta name=\"twitter:label1\" content=\"Escrito por\" \/>\n\t<meta name=\"twitter:data1\" content=\"Redacci\u00f3n QP\" \/>\n\t<meta name=\"twitter:label2\" content=\"Tiempo de lectura\" \/>\n\t<meta name=\"twitter:data2\" content=\"2 minutos\" \/>\n<script type=\"application\/ld+json\" class=\"yoast-schema-graph\">{\"@context\":\"https:\\\/\\\/schema.org\",\"@graph\":[{\"@type\":\"Article\",\"@id\":\"https:\\\/\\\/quehacerpolitico.mx\\\/?p=7297#article\",\"isPartOf\":{\"@id\":\"https:\\\/\\\/quehacerpolitico.mx\\\/?p=7297\"},\"author\":{\"name\":\"Redacci\u00f3n QP\",\"@id\":\"https:\\\/\\\/quehacerpolitico.mx\\\/#\\\/schema\\\/person\\\/496d8ad2d1d3f8036101dca7ee39e585\"},\"headline\":\"Plantea AMLO inversi\u00f3n de 30 mil mdd en Centroam\u00e9rica para reducir migraci\u00f3n\",\"datePublished\":\"2018-10-20T03:05:02+00:00\",\"mainEntityOfPage\":{\"@id\":\"https:\\\/\\\/quehacerpolitico.mx\\\/?p=7297\"},\"wordCount\":325,\"commentCount\":0,\"image\":{\"@id\":\"https:\\\/\\\/quehacerpolitico.mx\\\/?p=7297#primaryimage\"},\"thumbnailUrl\":\"\",\"articleSection\":[\"Noticias\"],\"inLanguage\":\"es\",\"potentialAction\":[{\"@type\":\"CommentAction\",\"name\":\"Comment\",\"target\":[\"https:\\\/\\\/quehacerpolitico.mx\\\/?p=7297#respond\"]}]},{\"@type\":\"WebPage\",\"@id\":\"https:\\\/\\\/quehacerpolitico.mx\\\/?p=7297\",\"url\":\"https:\\\/\\\/quehacerpolitico.mx\\\/?p=7297\",\"name\":\"Plantea AMLO inversi\u00f3n de 30 mil mdd en Centroam\u00e9rica para reducir migraci\u00f3n -\",\"isPartOf\":{\"@id\":\"https:\\\/\\\/quehacerpolitico.mx\\\/#website\"},\"primaryImageOfPage\":{\"@id\":\"https:\\\/\\\/quehacerpolitico.mx\\\/?p=7297#primaryimage\"},\"image\":{\"@id\":\"https:\\\/\\\/quehacerpolitico.mx\\\/?p=7297#primaryimage\"},\"thumbnailUrl\":\"\",\"datePublished\":\"2018-10-20T03:05:02+00:00\",\"author\":{\"@id\":\"https:\\\/\\\/quehacerpolitico.mx\\\/#\\\/schema\\\/person\\\/496d8ad2d1d3f8036101dca7ee39e585\"},\"breadcrumb\":{\"@id\":\"https:\\\/\\\/quehacerpolitico.mx\\\/?p=7297#breadcrumb\"},\"inLanguage\":\"es\",\"potentialAction\":[{\"@type\":\"ReadAction\",\"target\":[\"https:\\\/\\\/quehacerpolitico.mx\\\/?p=7297\"]}]},{\"@type\":\"ImageObject\",\"inLanguage\":\"es\",\"@id\":\"https:\\\/\\\/quehacerpolitico.mx\\\/?p=7297#primaryimage\",\"url\":\"\",\"contentUrl\":\"\"},{\"@type\":\"BreadcrumbList\",\"@id\":\"https:\\\/\\\/quehacerpolitico.mx\\\/?p=7297#breadcrumb\",\"itemListElement\":[{\"@type\":\"ListItem\",\"position\":1,\"name\":\"Inicio\",\"item\":\"https:\\\/\\\/quehacerpolitico.mx\\\/\"},{\"@type\":\"ListItem\",\"position\":2,\"name\":\"Plantea AMLO inversi\u00f3n de 30 mil mdd en Centroam\u00e9rica para reducir migraci\u00f3n\"}]},{\"@type\":\"WebSite\",\"@id\":\"https:\\\/\\\/quehacerpolitico.mx\\\/#website\",\"url\":\"https:\\\/\\\/quehacerpolitico.mx\\\/\",\"name\":\"\",\"description\":\"\",\"potentialAction\":[{\"@type\":\"SearchAction\",\"target\":{\"@type\":\"EntryPoint\",\"urlTemplate\":\"https:\\\/\\\/quehacerpolitico.mx\\\/?s={search_term_string}\"},\"query-input\":{\"@type\":\"PropertyValueSpecification\",\"valueRequired\":true,\"valueName\":\"search_term_string\"}}],\"inLanguage\":\"es\"},{\"@type\":\"Person\",\"@id\":\"https:\\\/\\\/quehacerpolitico.mx\\\/#\\\/schema\\\/person\\\/496d8ad2d1d3f8036101dca7ee39e585\",\"name\":\"Redacci\u00f3n QP\",\"image\":{\"@type\":\"ImageObject\",\"inLanguage\":\"es\",\"@id\":\"https:\\\/\\\/secure.gravatar.com\\\/avatar\\\/c7164ed6fdec453195284ad24a5ae5b6e1eed2b848477fa2a4787ba9adf39a41?s=96&d=mm&r=g\",\"url\":\"https:\\\/\\\/secure.gravatar.com\\\/avatar\\\/c7164ed6fdec453195284ad24a5ae5b6e1eed2b848477fa2a4787ba9adf39a41?s=96&d=mm&r=g\",\"contentUrl\":\"https:\\\/\\\/secure.gravatar.com\\\/avatar\\\/c7164ed6fdec453195284ad24a5ae5b6e1eed2b848477fa2a4787ba9adf39a41?s=96&d=mm&r=g\",\"caption\":\"Redacci\u00f3n QP\"},\"url\":\"https:\\\/\\\/quehacerpolitico.mx\\\/?author=2\"}]}<\/script>\n<!-- \/ Yoast SEO plugin. -->","yoast_head_json":{"title":"Plantea AMLO inversi\u00f3n de 30 mil mdd en Centroam\u00e9rica para reducir migraci\u00f3n -","robots":{"index":"index","follow":"follow","max-snippet":"max-snippet:-1","max-image-preview":"max-image-preview:large","max-video-preview":"max-video-preview:-1"},"canonical":"https:\/\/quehacerpolitico.mx\/?p=7297","og_locale":"es_MX","og_type":"article","og_title":"Plantea AMLO inversi\u00f3n de 30 mil mdd en Centroam\u00e9rica para reducir migraci\u00f3n -","og_description":"Plantea AMLO inversi\u00f3n de 30 mil mdd en Centroam\u00e9rica para reducir migraci\u00f3n Por Redacci\u00f3n QP","og_url":"https:\/\/quehacerpolitico.mx\/?p=7297","article_published_time":"2018-10-20T03:05:02+00:00","author":"Redacci\u00f3n QP","twitter_card":"summary_large_image","twitter_misc":{"Escrito por":"Redacci\u00f3n QP","Tiempo de lectura":"2 minutos"},"schema":{"@context":"https:\/\/schema.org","@graph":[{"@type":"Article","@id":"https:\/\/quehacerpolitico.mx\/?p=7297#article","isPartOf":{"@id":"https:\/\/quehacerpolitico.mx\/?p=7297"},"author":{"name":"Redacci\u00f3n QP","@id":"https:\/\/quehacerpolitico.mx\/#\/schema\/person\/496d8ad2d1d3f8036101dca7ee39e585"},"headline":"Plantea AMLO inversi\u00f3n de 30 mil mdd en Centroam\u00e9rica para reducir migraci\u00f3n","datePublished":"2018-10-20T03:05:02+00:00","mainEntityOfPage":{"@id":"https:\/\/quehacerpolitico.mx\/?p=7297"},"wordCount":325,"commentCount":0,"image":{"@id":"https:\/\/quehacerpolitico.mx\/?p=7297#primaryimage"},"thumbnailUrl":"","articleSection":["Noticias"],"inLanguage":"es","potentialAction":[{"@type":"CommentAction","name":"Comment","target":["https:\/\/quehacerpolitico.mx\/?p=7297#respond"]}]},{"@type":"WebPage","@id":"https:\/\/quehacerpolitico.mx\/?p=7297","url":"https:\/\/quehacerpolitico.mx\/?p=7297","name":"Plantea AMLO inversi\u00f3n de 30 mil mdd en Centroam\u00e9rica para reducir migraci\u00f3n -","isPartOf":{"@id":"https:\/\/quehacerpolitico.mx\/#website"},"primaryImageOfPage":{"@id":"https:\/\/quehacerpolitico.mx\/?p=7297#primaryimage"},"image":{"@id":"https:\/\/quehacerpolitico.mx\/?p=7297#primaryimage"},"thumbnailUrl":"","datePublished":"2018-10-20T03:05:02+00:00","author":{"@id":"https:\/\/quehacerpolitico.mx\/#\/schema\/person\/496d8ad2d1d3f8036101dca7ee39e585"},"breadcrumb":{"@id":"https:\/\/quehacerpolitico.mx\/?p=7297#breadcrumb"},"inLanguage":"es","potentialAction":[{"@type":"ReadAction","target":["https:\/\/quehacerpolitico.mx\/?p=7297"]}]},{"@type":"ImageObject","inLanguage":"es","@id":"https:\/\/quehacerpolitico.mx\/?p=7297#primaryimage","url":"","contentUrl":""},{"@type":"BreadcrumbList","@id":"https:\/\/quehacerpolitico.mx\/?p=7297#breadcrumb","itemListElement":[{"@type":"ListItem","position":1,"name":"Inicio","item":"https:\/\/quehacerpolitico.mx\/"},{"@type":"ListItem","position":2,"name":"Plantea AMLO inversi\u00f3n de 30 mil mdd en Centroam\u00e9rica para reducir migraci\u00f3n"}]},{"@type":"WebSite","@id":"https:\/\/quehacerpolitico.mx\/#website","url":"https:\/\/quehacerpolitico.mx\/","name":"","description":"","potentialAction":[{"@type":"SearchAction","target":{"@type":"EntryPoint","urlTemplate":"https:\/\/quehacerpolitico.mx\/?s={search_term_string}"},"query-input":{"@type":"PropertyValueSpecification","valueRequired":true,"valueName":"search_term_string"}}],"inLanguage":"es"},{"@type":"Person","@id":"https:\/\/quehacerpolitico.mx\/#\/schema\/person\/496d8ad2d1d3f8036101dca7ee39e585","name":"Redacci\u00f3n QP","image":{"@type":"ImageObject","inLanguage":"es","@id":"https:\/\/secure.gravatar.com\/avatar\/c7164ed6fdec453195284ad24a5ae5b6e1eed2b848477fa2a4787ba9adf39a41?s=96&d=mm&r=g","url":"https:\/\/secure.gravatar.com\/avatar\/c7164ed6fdec453195284ad24a5ae5b6e1eed2b848477fa2a4787ba9adf39a41?s=96&d=mm&r=g","contentUrl":"https:\/\/secure.gravatar.com\/avatar\/c7164ed6fdec453195284ad24a5ae5b6e1eed2b848477fa2a4787ba9adf39a41?s=96&d=mm&r=g","caption":"Redacci\u00f3n QP"},"url":"https:\/\/quehacerpolitico.mx\/?author=2"}]}},"featured_image_urls":{"full":"","thumbnail":"","medium":"","medium_large":"","large":"","1536x1536":"","2048x2048":"","covernews-featured":"","covernews-medium":""},"author_info":{"display_name":"Redacci\u00f3n QP","author_link":"https:\/\/quehacerpolitico.mx\/?author=2"},"category_info":"<a href=\"https:\/\/quehacerpolitico.mx\/?cat=2\" rel=\"category\">Noticias<\/a>","tag_info":"Noticias","comment_count":"0","_links":{"self":[{"href":"https:\/\/quehacerpolitico.mx\/index.php?rest_route=\/wp\/v2\/posts\/7297","targetHints":{"allow":["GET"]}}],"collection":[{"href":"https:\/\/quehacerpolitico.mx\/index.php?rest_route=\/wp\/v2\/posts"}],"about":[{"href":"https:\/\/quehacerpolitico.mx\/index.php?rest_route=\/wp\/v2\/types\/post"}],"author":[{"embeddable":true,"href":"https:\/\/quehacerpolitico.mx\/index.php?rest_route=\/wp\/v2\/users\/2"}],"replies":[{"embeddable":true,"href":"https:\/\/quehacerpolitico.mx\/index.php?rest_route=%2Fwp%2Fv2%2Fcomments&post=7297"}],"version-history":[{"count":0,"href":"https:\/\/quehacerpolitico.mx\/index.php?rest_route=\/wp\/v2\/posts\/7297\/revisions"}],"wp:featuredmedia":[{"embeddable":true,"href":"https:\/\/quehacerpolitico.mx\/index.php?rest_route=\/"}],"wp:attachment":[{"href":"https:\/\/quehacerpolitico.mx\/index.php?rest_route=%2Fwp%2Fv2%2Fmedia&parent=7297"}],"wp:term":[{"taxonomy":"category","embeddable":true,"href":"https:\/\/quehacerpolitico.mx\/index.php?rest_route=%2Fwp%2Fv2%2Fcategories&post=7297"},{"taxonomy":"post_tag","embeddable":true,"href":"https:\/\/quehacerpolitico.mx\/index.php?rest_route=%2Fwp%2Fv2%2Ftags&post=7297"}],"curies":[{"name":"wp","href":"https:\/\/api.w.org\/{rel}","templated":true}]}}