{"id":7293,"date":"2018-10-20T00:53:21","date_gmt":"2018-10-20T00:53:21","guid":{"rendered":"http:\/\/quehacerpolitico.mx\/se-deben-de-reforzar-politicas-de-salud-para-deteccion-de-cancer-en-etapas-tempranas-dip-efrain-morales\/"},"modified":"2018-10-20T00:53:21","modified_gmt":"2018-10-20T00:53:21","slug":"se-deben-de-reforzar-politicas-de-salud-para-deteccion-de-cancer-en-etapas-tempranas-dip-efrain-morales","status":"publish","type":"post","link":"https:\/\/quehacerpolitico.mx\/?p=7293","title":{"rendered":"Se deben de reforzar pol\u00edticas de salud para detecci\u00f3n de c\u00e1ncer en etapas tempranas: Dip. Efra\u00edn Morales"},"content":{"rendered":"<p><span class=\"s11\"><span class=\"bumpedFont15\">Se deben de reforzar pol\u00edticas de salud para detecci\u00f3n de c\u00e1ncer en etapas tempranas: Dip. Efra\u00edn Morale<\/span><\/span><span class=\"s11\"><span class=\"bumpedFont15\">s<\/span><\/span><\/p>\n<p>Por Francisco Rodr\u00edguez Catal\u00e1n\u00a0<\/p>\n<p class=\"s13\"><span class=\"s12\"><span class=\"bumpedFont15\">* <\/span><\/span><span class=\"s12\"><span class=\"bumpedFont15\">En M\u00e9xico 120 mil personas mueren a causa del c\u00e1ncer de mama<\/span><\/span><\/p>\n<p class=\"s13\"><span class=\"s12\"><span class=\"bumpedFont15\">*<\/span><\/span> <span class=\"s12\"><span class=\"bumpedFont15\">La mastograf\u00eda es el m\u00e9todo recomendado a mujeres de 40 a 69 a\u00f1os de edad, sin signos ni s\u00edntomas para detectar en etapas tempranas esta enfermedad silenciosa<\/span><\/span><\/p>\n<p class=\"s13\"><span class=\"s9\"><span class=\"bumpedFont15\">Las pol\u00edticas p\u00fablicas de Salud en la Ciudad de M\u00e9xico merecen atenci\u00f3n especial, ya que las actuales no tienen proyecto ni objetivo, asegur\u00f3 el diputado Efra\u00edn Morales S\u00e1nchez por la conmemoraci\u00f3n del D\u00eda Mundial de la Lucha Contra el C\u00e1ncer de Mama. <\/span><\/span><\/p>\n<p class=\"s13\"><span class=\"s9\"><span class=\"bumpedFont15\">Explic\u00f3 que unidades m\u00e9dicas ambulantes como el \u201cMedibus\u201d, que se utilizan para que la poblaci\u00f3n acceda a los servicios de salud sin distinci\u00f3n, se encuentran varadas en los estacionamientos de los hospitales locales, lo cual es un desperdici\u00f3 porque est\u00e1n equipadas con mast\u00f3grafos que pudieran servir para detectar oportunamente el c\u00e1ncer de mama.<\/span><\/span><\/p>\n<p class=\"s13\"><span class=\"s9\"><span class=\"bumpedFont15\">\u201cEn M\u00e9xico sigue habiendo aproximadamente 120 mil muertes anuales por causas de c\u00e1ncer mamario, diagnosticado de manera tard\u00eda\u201d, asever\u00f3 el tambi\u00e9n presidente de la Comisi\u00f3n de Salud del Congreso de la Ciudad de M\u00e9xico.<\/span><\/span><\/p>\n<p class=\"s13\"><span class=\"s9\"><span class=\"bumpedFont15\">Record\u00f3 que la mastograf\u00eda es el m\u00e9todo recomendado a mujeres de 40 a 69 a\u00f1os de edad, sin signos ni s\u00edntomas de esta enfermedad silenciosa; pero tambi\u00e9n es cierto que no existe una cultura permanente para la detecci\u00f3n temprana en todos los rangos de edad, que debiera ser la exploraci\u00f3n o autoexploraci\u00f3n de manera clara, precisa y continua.<\/span><\/span><\/p>\n<p class=\"s13\"><span class=\"s9\"><span class=\"bumpedFont15\">Morales S\u00e1nchez cuestion\u00f3 el desempe\u00f1o de la Fundaci\u00f3n del C\u00e1ncer de Mama (FUCAM), ya que \u00e9sta cobra sus servicios a quienes se acercan a ellos, adem\u00e1s de vender sus servicios en el pa\u00eds.<\/span><\/span><\/p>\n<p class=\"s13\"><span class=\"s9\"><span class=\"bumpedFont15\">\u201cSe requiere un informe a detalle del FUCAM, del cual conocimos desde su creaci\u00f3n en un terreno donado a las mujeres, supuesta fundaci\u00f3n a la que se le regal\u00f3 terreno, se le construyeron quir\u00f3fanos, se le dot\u00f3 de mast\u00f3grafos y medibuses equipados con el mismo instrumento de diagn\u00f3stico\u201d, sostuvo.<\/span><\/span><\/p>\n<p class=\"s13\"><span class=\"s9\"><span class=\"bumpedFont15\">Record\u00f3 que la Organizaci\u00f3n Mundial de las Salud declar\u00f3 el 19 de octubre como el \u201cD\u00eda Mundial de la Lucha Contra el C\u00e1ncer\u201d. En esta conmemoraci\u00f3n se han sumado pr\u00e1cticamente todos los pa\u00edses y se fij\u00f3 como objetivo hacer conciencia de la importancia de detectar tempranamente esta enfermedad.<\/span><\/span><\/p>\n","protected":false},"excerpt":{"rendered":"<p>Se deben de reforzar pol\u00edticas de salud para detecci\u00f3n de c\u00e1ncer en etapas tempranas: Dip. Efra\u00edn Morales<br \/>\nPor Francisco Rodr\u00edguez Catal\u00e1n<\/p>\n","protected":false},"author":2,"featured_media":7292,"comment_status":"open","ping_status":"open","sticky":false,"template":"","format":"standard","meta":{"_monsterinsights_skip_tracking":false,"_monsterinsights_sitenote_active":false,"_monsterinsights_sitenote_note":"","_monsterinsights_sitenote_category":0,"footnotes":""},"categories":[55],"tags":[],"class_list":["post-7293","post","type-post","status-publish","format-standard","has-post-thumbnail","hentry","category-cdmx"],"yoast_head":"<!-- This site is optimized with the Yoast SEO plugin v27.3 - https:\/\/yoast.com\/product\/yoast-seo-wordpress\/ -->\n<title>Se deben de reforzar pol\u00edticas de salud para detecci\u00f3n de c\u00e1ncer en etapas tempranas: Dip. Efra\u00edn Morales -<\/title>\n<meta name=\"robots\" content=\"index, follow, max-snippet:-1, max-image-preview:large, max-video-preview:-1\" \/>\n<link rel=\"canonical\" href=\"https:\/\/quehacerpolitico.mx\/?p=7293\" \/>\n<meta property=\"og:locale\" content=\"es_MX\" \/>\n<meta property=\"og:type\" content=\"article\" \/>\n<meta property=\"og:title\" content=\"Se deben de reforzar pol\u00edticas de salud para detecci\u00f3n de c\u00e1ncer en etapas tempranas: Dip. Efra\u00edn Morales -\" \/>\n<meta property=\"og:description\" content=\"Se deben de reforzar pol\u00edticas de salud para detecci\u00f3n de c\u00e1ncer en etapas tempranas: Dip. Efra\u00edn Morales Por Francisco Rodr\u00edguez Catal\u00e1n\" \/>\n<meta property=\"og:url\" content=\"https:\/\/quehacerpolitico.mx\/?p=7293\" \/>\n<meta property=\"article:published_time\" content=\"2018-10-20T00:53:21+00:00\" \/>\n<meta name=\"author\" content=\"Redacci\u00f3n QP\" \/>\n<meta name=\"twitter:card\" content=\"summary_large_image\" \/>\n<meta name=\"twitter:label1\" content=\"Escrito por\" \/>\n\t<meta name=\"twitter:data1\" content=\"Redacci\u00f3n QP\" \/>\n\t<meta name=\"twitter:label2\" content=\"Tiempo de lectura\" \/>\n\t<meta name=\"twitter:data2\" content=\"2 minutos\" \/>\n<script type=\"application\/ld+json\" class=\"yoast-schema-graph\">{\"@context\":\"https:\\\/\\\/schema.org\",\"@graph\":[{\"@type\":\"Article\",\"@id\":\"https:\\\/\\\/quehacerpolitico.mx\\\/?p=7293#article\",\"isPartOf\":{\"@id\":\"https:\\\/\\\/quehacerpolitico.mx\\\/?p=7293\"},\"author\":{\"name\":\"Redacci\u00f3n QP\",\"@id\":\"https:\\\/\\\/quehacerpolitico.mx\\\/#\\\/schema\\\/person\\\/496d8ad2d1d3f8036101dca7ee39e585\"},\"headline\":\"Se deben de reforzar pol\u00edticas de salud para detecci\u00f3n de c\u00e1ncer en etapas tempranas: Dip. Efra\u00edn Morales\",\"datePublished\":\"2018-10-20T00:53:21+00:00\",\"mainEntityOfPage\":{\"@id\":\"https:\\\/\\\/quehacerpolitico.mx\\\/?p=7293\"},\"wordCount\":450,\"commentCount\":0,\"image\":{\"@id\":\"https:\\\/\\\/quehacerpolitico.mx\\\/?p=7293#primaryimage\"},\"thumbnailUrl\":\"\",\"articleSection\":[\"CDMX\"],\"inLanguage\":\"es\",\"potentialAction\":[{\"@type\":\"CommentAction\",\"name\":\"Comment\",\"target\":[\"https:\\\/\\\/quehacerpolitico.mx\\\/?p=7293#respond\"]}]},{\"@type\":\"WebPage\",\"@id\":\"https:\\\/\\\/quehacerpolitico.mx\\\/?p=7293\",\"url\":\"https:\\\/\\\/quehacerpolitico.mx\\\/?p=7293\",\"name\":\"Se deben de reforzar pol\u00edticas de salud para detecci\u00f3n de c\u00e1ncer en etapas tempranas: Dip. Efra\u00edn Morales -\",\"isPartOf\":{\"@id\":\"https:\\\/\\\/quehacerpolitico.mx\\\/#website\"},\"primaryImageOfPage\":{\"@id\":\"https:\\\/\\\/quehacerpolitico.mx\\\/?p=7293#primaryimage\"},\"image\":{\"@id\":\"https:\\\/\\\/quehacerpolitico.mx\\\/?p=7293#primaryimage\"},\"thumbnailUrl\":\"\",\"datePublished\":\"2018-10-20T00:53:21+00:00\",\"author\":{\"@id\":\"https:\\\/\\\/quehacerpolitico.mx\\\/#\\\/schema\\\/person\\\/496d8ad2d1d3f8036101dca7ee39e585\"},\"breadcrumb\":{\"@id\":\"https:\\\/\\\/quehacerpolitico.mx\\\/?p=7293#breadcrumb\"},\"inLanguage\":\"es\",\"potentialAction\":[{\"@type\":\"ReadAction\",\"target\":[\"https:\\\/\\\/quehacerpolitico.mx\\\/?p=7293\"]}]},{\"@type\":\"ImageObject\",\"inLanguage\":\"es\",\"@id\":\"https:\\\/\\\/quehacerpolitico.mx\\\/?p=7293#primaryimage\",\"url\":\"\",\"contentUrl\":\"\"},{\"@type\":\"BreadcrumbList\",\"@id\":\"https:\\\/\\\/quehacerpolitico.mx\\\/?p=7293#breadcrumb\",\"itemListElement\":[{\"@type\":\"ListItem\",\"position\":1,\"name\":\"Inicio\",\"item\":\"https:\\\/\\\/quehacerpolitico.mx\\\/\"},{\"@type\":\"ListItem\",\"position\":2,\"name\":\"Se deben de reforzar pol\u00edticas de salud para detecci\u00f3n de c\u00e1ncer en etapas tempranas: Dip. Efra\u00edn Morales\"}]},{\"@type\":\"WebSite\",\"@id\":\"https:\\\/\\\/quehacerpolitico.mx\\\/#website\",\"url\":\"https:\\\/\\\/quehacerpolitico.mx\\\/\",\"name\":\"\",\"description\":\"\",\"potentialAction\":[{\"@type\":\"SearchAction\",\"target\":{\"@type\":\"EntryPoint\",\"urlTemplate\":\"https:\\\/\\\/quehacerpolitico.mx\\\/?s={search_term_string}\"},\"query-input\":{\"@type\":\"PropertyValueSpecification\",\"valueRequired\":true,\"valueName\":\"search_term_string\"}}],\"inLanguage\":\"es\"},{\"@type\":\"Person\",\"@id\":\"https:\\\/\\\/quehacerpolitico.mx\\\/#\\\/schema\\\/person\\\/496d8ad2d1d3f8036101dca7ee39e585\",\"name\":\"Redacci\u00f3n QP\",\"image\":{\"@type\":\"ImageObject\",\"inLanguage\":\"es\",\"@id\":\"https:\\\/\\\/secure.gravatar.com\\\/avatar\\\/c7164ed6fdec453195284ad24a5ae5b6e1eed2b848477fa2a4787ba9adf39a41?s=96&d=mm&r=g\",\"url\":\"https:\\\/\\\/secure.gravatar.com\\\/avatar\\\/c7164ed6fdec453195284ad24a5ae5b6e1eed2b848477fa2a4787ba9adf39a41?s=96&d=mm&r=g\",\"contentUrl\":\"https:\\\/\\\/secure.gravatar.com\\\/avatar\\\/c7164ed6fdec453195284ad24a5ae5b6e1eed2b848477fa2a4787ba9adf39a41?s=96&d=mm&r=g\",\"caption\":\"Redacci\u00f3n QP\"},\"url\":\"https:\\\/\\\/quehacerpolitico.mx\\\/?author=2\"}]}<\/script>\n<!-- \/ Yoast SEO plugin. -->","yoast_head_json":{"title":"Se deben de reforzar pol\u00edticas de salud para detecci\u00f3n de c\u00e1ncer en etapas tempranas: Dip. Efra\u00edn Morales -","robots":{"index":"index","follow":"follow","max-snippet":"max-snippet:-1","max-image-preview":"max-image-preview:large","max-video-preview":"max-video-preview:-1"},"canonical":"https:\/\/quehacerpolitico.mx\/?p=7293","og_locale":"es_MX","og_type":"article","og_title":"Se deben de reforzar pol\u00edticas de salud para detecci\u00f3n de c\u00e1ncer en etapas tempranas: Dip. Efra\u00edn Morales -","og_description":"Se deben de reforzar pol\u00edticas de salud para detecci\u00f3n de c\u00e1ncer en etapas tempranas: Dip. Efra\u00edn Morales Por Francisco Rodr\u00edguez Catal\u00e1n","og_url":"https:\/\/quehacerpolitico.mx\/?p=7293","article_published_time":"2018-10-20T00:53:21+00:00","author":"Redacci\u00f3n QP","twitter_card":"summary_large_image","twitter_misc":{"Escrito por":"Redacci\u00f3n QP","Tiempo de lectura":"2 minutos"},"schema":{"@context":"https:\/\/schema.org","@graph":[{"@type":"Article","@id":"https:\/\/quehacerpolitico.mx\/?p=7293#article","isPartOf":{"@id":"https:\/\/quehacerpolitico.mx\/?p=7293"},"author":{"name":"Redacci\u00f3n QP","@id":"https:\/\/quehacerpolitico.mx\/#\/schema\/person\/496d8ad2d1d3f8036101dca7ee39e585"},"headline":"Se deben de reforzar pol\u00edticas de salud para detecci\u00f3n de c\u00e1ncer en etapas tempranas: Dip. Efra\u00edn Morales","datePublished":"2018-10-20T00:53:21+00:00","mainEntityOfPage":{"@id":"https:\/\/quehacerpolitico.mx\/?p=7293"},"wordCount":450,"commentCount":0,"image":{"@id":"https:\/\/quehacerpolitico.mx\/?p=7293#primaryimage"},"thumbnailUrl":"","articleSection":["CDMX"],"inLanguage":"es","potentialAction":[{"@type":"CommentAction","name":"Comment","target":["https:\/\/quehacerpolitico.mx\/?p=7293#respond"]}]},{"@type":"WebPage","@id":"https:\/\/quehacerpolitico.mx\/?p=7293","url":"https:\/\/quehacerpolitico.mx\/?p=7293","name":"Se deben de reforzar pol\u00edticas de salud para detecci\u00f3n de c\u00e1ncer en etapas tempranas: Dip. Efra\u00edn Morales -","isPartOf":{"@id":"https:\/\/quehacerpolitico.mx\/#website"},"primaryImageOfPage":{"@id":"https:\/\/quehacerpolitico.mx\/?p=7293#primaryimage"},"image":{"@id":"https:\/\/quehacerpolitico.mx\/?p=7293#primaryimage"},"thumbnailUrl":"","datePublished":"2018-10-20T00:53:21+00:00","author":{"@id":"https:\/\/quehacerpolitico.mx\/#\/schema\/person\/496d8ad2d1d3f8036101dca7ee39e585"},"breadcrumb":{"@id":"https:\/\/quehacerpolitico.mx\/?p=7293#breadcrumb"},"inLanguage":"es","potentialAction":[{"@type":"ReadAction","target":["https:\/\/quehacerpolitico.mx\/?p=7293"]}]},{"@type":"ImageObject","inLanguage":"es","@id":"https:\/\/quehacerpolitico.mx\/?p=7293#primaryimage","url":"","contentUrl":""},{"@type":"BreadcrumbList","@id":"https:\/\/quehacerpolitico.mx\/?p=7293#breadcrumb","itemListElement":[{"@type":"ListItem","position":1,"name":"Inicio","item":"https:\/\/quehacerpolitico.mx\/"},{"@type":"ListItem","position":2,"name":"Se deben de reforzar pol\u00edticas de salud para detecci\u00f3n de c\u00e1ncer en etapas tempranas: Dip. Efra\u00edn Morales"}]},{"@type":"WebSite","@id":"https:\/\/quehacerpolitico.mx\/#website","url":"https:\/\/quehacerpolitico.mx\/","name":"","description":"","potentialAction":[{"@type":"SearchAction","target":{"@type":"EntryPoint","urlTemplate":"https:\/\/quehacerpolitico.mx\/?s={search_term_string}"},"query-input":{"@type":"PropertyValueSpecification","valueRequired":true,"valueName":"search_term_string"}}],"inLanguage":"es"},{"@type":"Person","@id":"https:\/\/quehacerpolitico.mx\/#\/schema\/person\/496d8ad2d1d3f8036101dca7ee39e585","name":"Redacci\u00f3n QP","image":{"@type":"ImageObject","inLanguage":"es","@id":"https:\/\/secure.gravatar.com\/avatar\/c7164ed6fdec453195284ad24a5ae5b6e1eed2b848477fa2a4787ba9adf39a41?s=96&d=mm&r=g","url":"https:\/\/secure.gravatar.com\/avatar\/c7164ed6fdec453195284ad24a5ae5b6e1eed2b848477fa2a4787ba9adf39a41?s=96&d=mm&r=g","contentUrl":"https:\/\/secure.gravatar.com\/avatar\/c7164ed6fdec453195284ad24a5ae5b6e1eed2b848477fa2a4787ba9adf39a41?s=96&d=mm&r=g","caption":"Redacci\u00f3n QP"},"url":"https:\/\/quehacerpolitico.mx\/?author=2"}]}},"featured_image_urls":{"full":"","thumbnail":"","medium":"","medium_large":"","large":"","1536x1536":"","2048x2048":"","covernews-featured":"","covernews-medium":""},"author_info":{"display_name":"Redacci\u00f3n QP","author_link":"https:\/\/quehacerpolitico.mx\/?author=2"},"category_info":"<a href=\"https:\/\/quehacerpolitico.mx\/?cat=55\" rel=\"category\">CDMX<\/a>","tag_info":"CDMX","comment_count":"0","_links":{"self":[{"href":"https:\/\/quehacerpolitico.mx\/index.php?rest_route=\/wp\/v2\/posts\/7293","targetHints":{"allow":["GET"]}}],"collection":[{"href":"https:\/\/quehacerpolitico.mx\/index.php?rest_route=\/wp\/v2\/posts"}],"about":[{"href":"https:\/\/quehacerpolitico.mx\/index.php?rest_route=\/wp\/v2\/types\/post"}],"author":[{"embeddable":true,"href":"https:\/\/quehacerpolitico.mx\/index.php?rest_route=\/wp\/v2\/users\/2"}],"replies":[{"embeddable":true,"href":"https:\/\/quehacerpolitico.mx\/index.php?rest_route=%2Fwp%2Fv2%2Fcomments&post=7293"}],"version-history":[{"count":0,"href":"https:\/\/quehacerpolitico.mx\/index.php?rest_route=\/wp\/v2\/posts\/7293\/revisions"}],"wp:featuredmedia":[{"embeddable":true,"href":"https:\/\/quehacerpolitico.mx\/index.php?rest_route=\/"}],"wp:attachment":[{"href":"https:\/\/quehacerpolitico.mx\/index.php?rest_route=%2Fwp%2Fv2%2Fmedia&parent=7293"}],"wp:term":[{"taxonomy":"category","embeddable":true,"href":"https:\/\/quehacerpolitico.mx\/index.php?rest_route=%2Fwp%2Fv2%2Fcategories&post=7293"},{"taxonomy":"post_tag","embeddable":true,"href":"https:\/\/quehacerpolitico.mx\/index.php?rest_route=%2Fwp%2Fv2%2Ftags&post=7293"}],"curies":[{"name":"wp","href":"https:\/\/api.w.org\/{rel}","templated":true}]}}