{"id":7289,"date":"2018-10-20T00:09:04","date_gmt":"2018-10-20T00:09:04","guid":{"rendered":"http:\/\/quehacerpolitico.mx\/alma-guillermoprieto-matan-a-un-periodista-para-intimidar-a-todos-pero-suelen-surgir-mas\/"},"modified":"2018-10-20T00:09:04","modified_gmt":"2018-10-20T00:09:04","slug":"alma-guillermoprieto-matan-a-un-periodista-para-intimidar-a-todos-pero-suelen-surgir-mas","status":"publish","type":"post","link":"https:\/\/quehacerpolitico.mx\/?p=7289","title":{"rendered":"Alma Guillermoprieto: \u201cMatan a un periodista para intimidar a todos. Pero suelen surgir m\u00e1s\u2026\u201d"},"content":{"rendered":"<h1>Alma Guillermoprieto: \u201cMatan a un periodista para intimidar a todos. Pero suelen surgir m\u00e1s\u2026\u201d<\/h1>\n<p>Por Redacci\u00f3n QP<\/p>\n<p>La reportera mexicana <strong>Alma Guillermoprieto<\/strong>advirti\u00f3 hoy de que, sin un <strong>periodismo<\/strong>\u201cpoderoso\u201d, \u201cbien financiado\u201d y respetado por los gobiernos, \u201cel mundo moderno, el mundo entrelazado, ser\u00eda <strong>imposible<\/strong>\u201d pese a tratarse de un oficio en el que \u201ccuesta trabajo no s\u00f3lo vivir, sino sobrevivir\u201d.<\/p>\n<blockquote>\n<p>\u201c\u00bfC\u00f3mo se enterar\u00edan ustedes de \u00e9stos y todos los dem\u00e1s hechos y retos que ocurren fuera de su entorno inmediato sin nosotros, los reporteros?\u201d, plante\u00f3 <strong>Guillermoprieto<\/strong> a los asistentes a la entrega de los <strong>Premios Princesa de Asturias<\/strong> 2018 hoy en la ciudad espa\u00f1ola de Oviedo (norte).<\/p>\n<\/blockquote>\n<p>Para la mujer que ha narrado eventos clave de la historia reciente de Latinoam\u00e9rica para medios en ingl\u00e9s, sin los medios de comunicaci\u00f3n el mundo vivir\u00eda en una especie de siglo XI, \u201caislado cada qui\u00e9n en su villorrio o su castillo, igual de ignorantes los dos, convencidos de que son tan reales las sirenas como los rinocerontes\u201d.<\/p>\n<p>Tras advertir de que cuando le notificaron la concesi\u00f3n del premio de Comunicaci\u00f3n y Humanidades tuvo el despertar \u201cm\u00e1s raro\u201d de su vida al considerarlo una noticia \u201cimposible\u201d, dijo que luego supo que la Fundaci\u00f3n que la galardon\u00f3 es \u201cun centro de tejido\u201d que entrelaza franceses y espa\u00f1oles, estadounidenses y polacos, suecos y mexicanas, \u201cy un poco m\u00e1s al mundo\u201d.<\/p>\n<div id=\"attachment_3486623\" class=\"wp-caption alignnone\"><img loading=\"lazy\" decoding=\"async\" class=\"size-full wp-image-3486623\" src=\"http:\/\/www.sinembargo.mx\/wp-content\/uploads\/2018\/10\/alma-guillermoprieto.jpg\" sizes=\"auto, (max-width: 700px) 100vw, 700px\" srcset=\"http:\/\/www.sinembargo.mx\/wp-content\/uploads\/2018\/10\/alma-guillermoprieto.jpg 700w, http:\/\/www.sinembargo.mx\/wp-content\/uploads\/2018\/10\/alma-guillermoprieto-300x159.jpg 300w\" alt=\"\" width=\"700\" height=\"370\" \/><\/p>\n<p class=\"wp-caption-text\">Tambi\u00e9n record\u00f3 a los 45 reporteros asesinados en el mundo este a\u00f1o \u201cporque a alguien no le gust\u00f3 lo que dijeron de \u00e9l\u201d. Foto: EFE<\/p>\n<\/div>\n<blockquote>\n<p>\u201cEsto me parece una gran cosa, porque yo soy de las que cree en las matem\u00e1ticas: en estos tiempos de divisi\u00f3n, juntos somos m\u00e1s\u201d, apunt\u00f3 durante su intervenci\u00f3n en la ceremonia de entrega de los Premios.<\/p>\n<\/blockquote>\n<p>Tambi\u00e9n record\u00f3 a los 45 reporteros asesinados en el mundo este a\u00f1o \u201cporque a alguien no le gust\u00f3 lo que dijeron de \u00e9l\u201d.<\/p>\n<p><strong>Guillermoprieto<\/strong> record\u00f3 emocionada el asesinato hace a\u00f1o y medio de su \u201cinclaudicable\u201d amigo Javier Valdez en la ciudad de Culiac\u00e1n, cuna del narcotr\u00e1fico de M\u00e9xico, del que se enter\u00f3 tras recibir en Madrid el premio Ortega y Gasset y que le hizo sentir \u201ccomo si apagaran la luz del mundo\u201d dado que esos asesinatos, \u201csiempre impunes\u201d, no matan s\u00f3lo a la v\u00edctima \u201csino a todos los que lo rodean\u201d.<\/p>\n<p>\u201cMatan a uno para intimidar a todos. Sin embargo, estoy aqu\u00ed para decir que donde matan a uno, a la larga suelen surgir dos, o por lo menos otro\u201d, subray\u00f3 antes de emplazar a las nuevas generaciones de <strong>periodistas<\/strong> -\u201ch\u00e1ganle, denle nom\u00e1s\u201d- a incorporarse a un oficio donde el peligro es mucho y se gana poco, pero en el que tambi\u00e9n se cuenta la historia del mundo \u201ctodos los d\u00edas\u201d.<\/p>\n<p>Con ello, apunt\u00f3, los <strong>periodistas<\/strong> dejan constancia \u201cde lo que otros quieren tapar\u201d y se convierten \u201cen el ant\u00eddoto de las redes sociales con su inmediatez y su potenciaci\u00f3n de la rabia\u201d.<\/p>\n<blockquote>\n<p>\u201cPorque hacemos falta, porque s\u00ed se puede ver el mundo porque no podremos enderezar la historia, pero s\u00ed contarla y hasta ser heroicos. Porque el futuro de este oficio lo est\u00e1n inventando hoy los colegas que vienen llegando, y les aguarda un oficio generos\u00edsimo, que les ofrecer\u00e1 tesoros a cada vuelta\u201d, se\u00f1al\u00f3.<\/p>\n<\/blockquote>\n<p>Guillermoprieto cerr\u00f3 su discurso con su agradecimiento a la profesi\u00f3n <strong>period\u00edstica<\/strong>, a sus cuarenta a\u00f1os de vida en ese oficio \u201cvivida tan esforzadamente\u201d y a sus colegas, los reporteros de a pie, y en particular a los de Venezuela, Nicaragua, M\u00e9xico a quienes, subray\u00f3, admira tanto.<\/p>\n<p>Con Informaci\u00f3n de EFE<\/p>\n","protected":false},"excerpt":{"rendered":"<p>Alma Guillermoprieto: \u201cMatan a un periodista para intimidar a todos. Pero suelen surgir m\u00e1s\u2026\u201d<br \/>\nPor Redacci\u00f3n QP<\/p>\n","protected":false},"author":2,"featured_media":7288,"comment_status":"open","ping_status":"open","sticky":false,"template":"","format":"standard","meta":{"_monsterinsights_skip_tracking":false,"_monsterinsights_sitenote_active":false,"_monsterinsights_sitenote_note":"","_monsterinsights_sitenote_category":0,"footnotes":""},"categories":[58],"tags":[],"class_list":["post-7289","post","type-post","status-publish","format-standard","has-post-thumbnail","hentry","category-cultura"],"yoast_head":"<!-- This site is optimized with the Yoast SEO plugin v27.3 - https:\/\/yoast.com\/product\/yoast-seo-wordpress\/ -->\n<title>Alma Guillermoprieto: \u201cMatan a un periodista para intimidar a todos. Pero suelen surgir m\u00e1s\u2026\u201d -<\/title>\n<meta name=\"robots\" content=\"index, follow, max-snippet:-1, max-image-preview:large, max-video-preview:-1\" \/>\n<link rel=\"canonical\" href=\"https:\/\/quehacerpolitico.mx\/?p=7289\" \/>\n<meta property=\"og:locale\" content=\"es_MX\" \/>\n<meta property=\"og:type\" content=\"article\" \/>\n<meta property=\"og:title\" content=\"Alma Guillermoprieto: \u201cMatan a un periodista para intimidar a todos. Pero suelen surgir m\u00e1s\u2026\u201d -\" \/>\n<meta property=\"og:description\" content=\"Alma Guillermoprieto: \u201cMatan a un periodista para intimidar a todos. Pero suelen surgir m\u00e1s\u2026\u201d Por Redacci\u00f3n QP\" \/>\n<meta property=\"og:url\" content=\"https:\/\/quehacerpolitico.mx\/?p=7289\" \/>\n<meta property=\"article:published_time\" content=\"2018-10-20T00:09:04+00:00\" \/>\n<meta name=\"author\" content=\"Redacci\u00f3n QP\" \/>\n<meta name=\"twitter:card\" content=\"summary_large_image\" \/>\n<meta name=\"twitter:label1\" content=\"Escrito por\" \/>\n\t<meta name=\"twitter:data1\" content=\"Redacci\u00f3n QP\" \/>\n\t<meta name=\"twitter:label2\" content=\"Tiempo de lectura\" \/>\n\t<meta name=\"twitter:data2\" content=\"3 minutos\" \/>\n<script type=\"application\/ld+json\" class=\"yoast-schema-graph\">{\"@context\":\"https:\\\/\\\/schema.org\",\"@graph\":[{\"@type\":\"Article\",\"@id\":\"https:\\\/\\\/quehacerpolitico.mx\\\/?p=7289#article\",\"isPartOf\":{\"@id\":\"https:\\\/\\\/quehacerpolitico.mx\\\/?p=7289\"},\"author\":{\"name\":\"Redacci\u00f3n QP\",\"@id\":\"https:\\\/\\\/quehacerpolitico.mx\\\/#\\\/schema\\\/person\\\/496d8ad2d1d3f8036101dca7ee39e585\"},\"headline\":\"Alma Guillermoprieto: \u201cMatan a un periodista para intimidar a todos. Pero suelen surgir m\u00e1s\u2026\u201d\",\"datePublished\":\"2018-10-20T00:09:04+00:00\",\"mainEntityOfPage\":{\"@id\":\"https:\\\/\\\/quehacerpolitico.mx\\\/?p=7289\"},\"wordCount\":642,\"commentCount\":0,\"image\":{\"@id\":\"https:\\\/\\\/quehacerpolitico.mx\\\/?p=7289#primaryimage\"},\"thumbnailUrl\":\"\",\"articleSection\":[\"Cultura y Entretenimiento\"],\"inLanguage\":\"es\",\"potentialAction\":[{\"@type\":\"CommentAction\",\"name\":\"Comment\",\"target\":[\"https:\\\/\\\/quehacerpolitico.mx\\\/?p=7289#respond\"]}]},{\"@type\":\"WebPage\",\"@id\":\"https:\\\/\\\/quehacerpolitico.mx\\\/?p=7289\",\"url\":\"https:\\\/\\\/quehacerpolitico.mx\\\/?p=7289\",\"name\":\"Alma Guillermoprieto: \u201cMatan a un periodista para intimidar a todos. Pero suelen surgir m\u00e1s\u2026\u201d -\",\"isPartOf\":{\"@id\":\"https:\\\/\\\/quehacerpolitico.mx\\\/#website\"},\"primaryImageOfPage\":{\"@id\":\"https:\\\/\\\/quehacerpolitico.mx\\\/?p=7289#primaryimage\"},\"image\":{\"@id\":\"https:\\\/\\\/quehacerpolitico.mx\\\/?p=7289#primaryimage\"},\"thumbnailUrl\":\"\",\"datePublished\":\"2018-10-20T00:09:04+00:00\",\"author\":{\"@id\":\"https:\\\/\\\/quehacerpolitico.mx\\\/#\\\/schema\\\/person\\\/496d8ad2d1d3f8036101dca7ee39e585\"},\"breadcrumb\":{\"@id\":\"https:\\\/\\\/quehacerpolitico.mx\\\/?p=7289#breadcrumb\"},\"inLanguage\":\"es\",\"potentialAction\":[{\"@type\":\"ReadAction\",\"target\":[\"https:\\\/\\\/quehacerpolitico.mx\\\/?p=7289\"]}]},{\"@type\":\"ImageObject\",\"inLanguage\":\"es\",\"@id\":\"https:\\\/\\\/quehacerpolitico.mx\\\/?p=7289#primaryimage\",\"url\":\"\",\"contentUrl\":\"\"},{\"@type\":\"BreadcrumbList\",\"@id\":\"https:\\\/\\\/quehacerpolitico.mx\\\/?p=7289#breadcrumb\",\"itemListElement\":[{\"@type\":\"ListItem\",\"position\":1,\"name\":\"Inicio\",\"item\":\"https:\\\/\\\/quehacerpolitico.mx\\\/\"},{\"@type\":\"ListItem\",\"position\":2,\"name\":\"Alma Guillermoprieto: \u201cMatan a un periodista para intimidar a todos. Pero suelen surgir m\u00e1s\u2026\u201d\"}]},{\"@type\":\"WebSite\",\"@id\":\"https:\\\/\\\/quehacerpolitico.mx\\\/#website\",\"url\":\"https:\\\/\\\/quehacerpolitico.mx\\\/\",\"name\":\"\",\"description\":\"\",\"potentialAction\":[{\"@type\":\"SearchAction\",\"target\":{\"@type\":\"EntryPoint\",\"urlTemplate\":\"https:\\\/\\\/quehacerpolitico.mx\\\/?s={search_term_string}\"},\"query-input\":{\"@type\":\"PropertyValueSpecification\",\"valueRequired\":true,\"valueName\":\"search_term_string\"}}],\"inLanguage\":\"es\"},{\"@type\":\"Person\",\"@id\":\"https:\\\/\\\/quehacerpolitico.mx\\\/#\\\/schema\\\/person\\\/496d8ad2d1d3f8036101dca7ee39e585\",\"name\":\"Redacci\u00f3n QP\",\"image\":{\"@type\":\"ImageObject\",\"inLanguage\":\"es\",\"@id\":\"https:\\\/\\\/secure.gravatar.com\\\/avatar\\\/c7164ed6fdec453195284ad24a5ae5b6e1eed2b848477fa2a4787ba9adf39a41?s=96&d=mm&r=g\",\"url\":\"https:\\\/\\\/secure.gravatar.com\\\/avatar\\\/c7164ed6fdec453195284ad24a5ae5b6e1eed2b848477fa2a4787ba9adf39a41?s=96&d=mm&r=g\",\"contentUrl\":\"https:\\\/\\\/secure.gravatar.com\\\/avatar\\\/c7164ed6fdec453195284ad24a5ae5b6e1eed2b848477fa2a4787ba9adf39a41?s=96&d=mm&r=g\",\"caption\":\"Redacci\u00f3n QP\"},\"url\":\"https:\\\/\\\/quehacerpolitico.mx\\\/?author=2\"}]}<\/script>\n<!-- \/ Yoast SEO plugin. -->","yoast_head_json":{"title":"Alma Guillermoprieto: \u201cMatan a un periodista para intimidar a todos. Pero suelen surgir m\u00e1s\u2026\u201d -","robots":{"index":"index","follow":"follow","max-snippet":"max-snippet:-1","max-image-preview":"max-image-preview:large","max-video-preview":"max-video-preview:-1"},"canonical":"https:\/\/quehacerpolitico.mx\/?p=7289","og_locale":"es_MX","og_type":"article","og_title":"Alma Guillermoprieto: \u201cMatan a un periodista para intimidar a todos. Pero suelen surgir m\u00e1s\u2026\u201d -","og_description":"Alma Guillermoprieto: \u201cMatan a un periodista para intimidar a todos. Pero suelen surgir m\u00e1s\u2026\u201d Por Redacci\u00f3n QP","og_url":"https:\/\/quehacerpolitico.mx\/?p=7289","article_published_time":"2018-10-20T00:09:04+00:00","author":"Redacci\u00f3n QP","twitter_card":"summary_large_image","twitter_misc":{"Escrito por":"Redacci\u00f3n QP","Tiempo de lectura":"3 minutos"},"schema":{"@context":"https:\/\/schema.org","@graph":[{"@type":"Article","@id":"https:\/\/quehacerpolitico.mx\/?p=7289#article","isPartOf":{"@id":"https:\/\/quehacerpolitico.mx\/?p=7289"},"author":{"name":"Redacci\u00f3n QP","@id":"https:\/\/quehacerpolitico.mx\/#\/schema\/person\/496d8ad2d1d3f8036101dca7ee39e585"},"headline":"Alma Guillermoprieto: \u201cMatan a un periodista para intimidar a todos. Pero suelen surgir m\u00e1s\u2026\u201d","datePublished":"2018-10-20T00:09:04+00:00","mainEntityOfPage":{"@id":"https:\/\/quehacerpolitico.mx\/?p=7289"},"wordCount":642,"commentCount":0,"image":{"@id":"https:\/\/quehacerpolitico.mx\/?p=7289#primaryimage"},"thumbnailUrl":"","articleSection":["Cultura y Entretenimiento"],"inLanguage":"es","potentialAction":[{"@type":"CommentAction","name":"Comment","target":["https:\/\/quehacerpolitico.mx\/?p=7289#respond"]}]},{"@type":"WebPage","@id":"https:\/\/quehacerpolitico.mx\/?p=7289","url":"https:\/\/quehacerpolitico.mx\/?p=7289","name":"Alma Guillermoprieto: \u201cMatan a un periodista para intimidar a todos. Pero suelen surgir m\u00e1s\u2026\u201d -","isPartOf":{"@id":"https:\/\/quehacerpolitico.mx\/#website"},"primaryImageOfPage":{"@id":"https:\/\/quehacerpolitico.mx\/?p=7289#primaryimage"},"image":{"@id":"https:\/\/quehacerpolitico.mx\/?p=7289#primaryimage"},"thumbnailUrl":"","datePublished":"2018-10-20T00:09:04+00:00","author":{"@id":"https:\/\/quehacerpolitico.mx\/#\/schema\/person\/496d8ad2d1d3f8036101dca7ee39e585"},"breadcrumb":{"@id":"https:\/\/quehacerpolitico.mx\/?p=7289#breadcrumb"},"inLanguage":"es","potentialAction":[{"@type":"ReadAction","target":["https:\/\/quehacerpolitico.mx\/?p=7289"]}]},{"@type":"ImageObject","inLanguage":"es","@id":"https:\/\/quehacerpolitico.mx\/?p=7289#primaryimage","url":"","contentUrl":""},{"@type":"BreadcrumbList","@id":"https:\/\/quehacerpolitico.mx\/?p=7289#breadcrumb","itemListElement":[{"@type":"ListItem","position":1,"name":"Inicio","item":"https:\/\/quehacerpolitico.mx\/"},{"@type":"ListItem","position":2,"name":"Alma Guillermoprieto: \u201cMatan a un periodista para intimidar a todos. Pero suelen surgir m\u00e1s\u2026\u201d"}]},{"@type":"WebSite","@id":"https:\/\/quehacerpolitico.mx\/#website","url":"https:\/\/quehacerpolitico.mx\/","name":"","description":"","potentialAction":[{"@type":"SearchAction","target":{"@type":"EntryPoint","urlTemplate":"https:\/\/quehacerpolitico.mx\/?s={search_term_string}"},"query-input":{"@type":"PropertyValueSpecification","valueRequired":true,"valueName":"search_term_string"}}],"inLanguage":"es"},{"@type":"Person","@id":"https:\/\/quehacerpolitico.mx\/#\/schema\/person\/496d8ad2d1d3f8036101dca7ee39e585","name":"Redacci\u00f3n QP","image":{"@type":"ImageObject","inLanguage":"es","@id":"https:\/\/secure.gravatar.com\/avatar\/c7164ed6fdec453195284ad24a5ae5b6e1eed2b848477fa2a4787ba9adf39a41?s=96&d=mm&r=g","url":"https:\/\/secure.gravatar.com\/avatar\/c7164ed6fdec453195284ad24a5ae5b6e1eed2b848477fa2a4787ba9adf39a41?s=96&d=mm&r=g","contentUrl":"https:\/\/secure.gravatar.com\/avatar\/c7164ed6fdec453195284ad24a5ae5b6e1eed2b848477fa2a4787ba9adf39a41?s=96&d=mm&r=g","caption":"Redacci\u00f3n QP"},"url":"https:\/\/quehacerpolitico.mx\/?author=2"}]}},"featured_image_urls":{"full":"","thumbnail":"","medium":"","medium_large":"","large":"","1536x1536":"","2048x2048":"","covernews-featured":"","covernews-medium":""},"author_info":{"display_name":"Redacci\u00f3n QP","author_link":"https:\/\/quehacerpolitico.mx\/?author=2"},"category_info":"<a href=\"https:\/\/quehacerpolitico.mx\/?cat=58\" rel=\"category\">Cultura y Entretenimiento<\/a>","tag_info":"Cultura y Entretenimiento","comment_count":"0","_links":{"self":[{"href":"https:\/\/quehacerpolitico.mx\/index.php?rest_route=\/wp\/v2\/posts\/7289","targetHints":{"allow":["GET"]}}],"collection":[{"href":"https:\/\/quehacerpolitico.mx\/index.php?rest_route=\/wp\/v2\/posts"}],"about":[{"href":"https:\/\/quehacerpolitico.mx\/index.php?rest_route=\/wp\/v2\/types\/post"}],"author":[{"embeddable":true,"href":"https:\/\/quehacerpolitico.mx\/index.php?rest_route=\/wp\/v2\/users\/2"}],"replies":[{"embeddable":true,"href":"https:\/\/quehacerpolitico.mx\/index.php?rest_route=%2Fwp%2Fv2%2Fcomments&post=7289"}],"version-history":[{"count":0,"href":"https:\/\/quehacerpolitico.mx\/index.php?rest_route=\/wp\/v2\/posts\/7289\/revisions"}],"wp:featuredmedia":[{"embeddable":true,"href":"https:\/\/quehacerpolitico.mx\/index.php?rest_route=\/"}],"wp:attachment":[{"href":"https:\/\/quehacerpolitico.mx\/index.php?rest_route=%2Fwp%2Fv2%2Fmedia&parent=7289"}],"wp:term":[{"taxonomy":"category","embeddable":true,"href":"https:\/\/quehacerpolitico.mx\/index.php?rest_route=%2Fwp%2Fv2%2Fcategories&post=7289"},{"taxonomy":"post_tag","embeddable":true,"href":"https:\/\/quehacerpolitico.mx\/index.php?rest_route=%2Fwp%2Fv2%2Ftags&post=7289"}],"curies":[{"name":"wp","href":"https:\/\/api.w.org\/{rel}","templated":true}]}}