{"id":7281,"date":"2018-10-19T20:20:15","date_gmt":"2018-10-19T20:20:15","guid":{"rendered":"http:\/\/quehacerpolitico.mx\/prioridad-de-mexico-son-ninas-ninos-adultos-mayores-y-mujeres-embarazadas-migrantes-videgaray\/"},"modified":"2018-10-19T20:20:15","modified_gmt":"2018-10-19T20:20:15","slug":"prioridad-de-mexico-son-ninas-ninos-adultos-mayores-y-mujeres-embarazadas-migrantes-videgaray","status":"publish","type":"post","link":"https:\/\/quehacerpolitico.mx\/?p=7281","title":{"rendered":"Prioridad de M\u00e9xico son ni\u00f1as, ni\u00f1os, adultos mayores y mujeres embarazadas migrantes: Videgaray"},"content":{"rendered":"<h1>Prioridad de M\u00e9xico son ni\u00f1as, ni\u00f1os, adultos mayores y mujeres embarazadas migrantes: Videgaray<\/h1>\n<p>Por Redacci\u00f3n QP<\/p>\n<p>El Canciller mexicano <strong>Luis Videgaray<\/strong> asegur\u00f3 que en\u00a0<span class=\"s1\">el paso de la <strong>caravana migrante de hondure\u00f1os<\/strong>, que transitar\u00e1 por M\u00e9xico para llegar a Estados Unidos, la <strong>prioridad del Gobierno<\/strong> ser\u00e1 el bienestar de\u00a0ni\u00f1as, ni\u00f1os, adultos mayores y mujeres embarazadas migrantes; Videgaray asegur\u00f3 esto luego de reunirse con el Secretario de Estado de EU, <strong>Mike Pompeo<\/strong>, en la sede de la Secretar\u00eda de Relaciones Exteriores.<\/span><\/p>\n<p><span class=\"s1\">Al t\u00e9rmino de la reuni\u00f3n privada, donde\u00a0los funcionarios\u00a0discutieron temas sobre la relaci\u00f3n bilateral de las naciones,\u00a0Luis Videgaray asegur\u00f3 en un mensaje a medios que las\u00a0<strong>acciones en materia migratoria<\/strong> del pa\u00eds se centrar\u00e1n en el<strong> respecto a los derechos humanos<\/strong> y la protecci\u00f3n de dichos sectores, considerados como los m\u00e1s vulnerables dentro de la caravana.\u00a0<\/span><\/p>\n<p>Para ello, record\u00f3 el funcionario mexicano, solicit\u00f3 la intervenci\u00f3n de la Oficina del Alto Comisionado de las Naciones Unidas para los refugiados (ACNUR) para que atienda las solicitudes de<strong>\u00a0refugio de los migrantes<\/strong>\u00a0que arriben al pa\u00eds en la caravana hondure\u00f1a.\u00a0 \u201cHemos estado cerca de los grupos que integran la caravana explic\u00e1ndoles las opciones que encontrar\u00e1n al cruzar la frontera y motiv\u00e1ndolos a que su ingreso a M\u00e9xico sea conforme a las leyes\u201d, asegur\u00f3.<\/p>\n<blockquote>\n<p><span class=\"s1\">Respecto a las respuestas de ambas naciones en el tema, el\u00a0Secretario de Relaciones Exteriores dijo que el paso de la <strong>caravana migrante<\/strong> es un \u201creto trascendente\u201d que M\u00e9xico enfrentar\u00e1 como una pa\u00eds soberano. Al respecto se\u00f1al\u00f3: \u201cLa pol\u00edtica exterior de M\u00e9xico la definimos nosotros, como lo hace EU en su pa\u00eds, porque somos <strong>pa\u00edses soberanos<\/strong>\u201d.<\/span><\/p>\n<\/blockquote>\n<p><strong>Mike Pompeo<\/strong> tambi\u00e9n se pronunci\u00f3\u00a0 en ese sentido, se\u00f1al\u00f3 l<span class=\"s1\">a importancia de detener el flujo de migrante antes de que llegue a la frontera con EU. \u201cSabemos que M\u00e9xico enfrentar\u00e1 esta problem\u00e1tica con base en sus decisiones soberanas\u201d.\u00a0<\/span><\/p>\n<blockquote class=\"twitter-tweet\" data-width=\"550\" data-dnt=\"true\">\n<p lang=\"es\" dir=\"ltr\">El Secretario de <a href=\"https:\/\/twitter.com\/SRE_mx?ref_src=twsrc%5Etfw\">@SRE_mx<\/a> <a href=\"https:\/\/twitter.com\/LVidegaray?ref_src=twsrc%5Etfw\">@LVidegaray<\/a> recibi\u00f3 en la canciller\u00eda al <a href=\"https:\/\/twitter.com\/SecPompeo?ref_src=twsrc%5Etfw\">@SecPompeo<\/a> de <a href=\"https:\/\/twitter.com\/StateDept?ref_src=twsrc%5Etfw\">@StateDept<\/a> para dialogar sobre temas importantes de la relaci\u00f3n bilateral \ud83c\uddf2\ud83c\uddfd\ud83c\uddfa\ud83c\uddf8. <a href=\"https:\/\/twitter.com\/hashtag\/PompeoEnM%C3%A9xico?src=hash&amp;ref_src=twsrc%5Etfw\">#PompeoEnM\u00e9xico<\/a> <a href=\"https:\/\/twitter.com\/hashtag\/SociosVecinosFamilia?src=hash&amp;ref_src=twsrc%5Etfw\">#SociosVecinosFamilia<\/a> <a href=\"https:\/\/t.co\/1qmNicgnCK\">pic.twitter.com\/1qmNicgnCK<\/a><\/p>\n<p>&mdash; Embajada EU en Mex (@USEmbassyMEX) <a href=\"https:\/\/twitter.com\/USEmbassyMEX\/status\/1053308309145444353?ref_src=twsrc%5Etfw\">October 19, 2018<\/a><\/p><\/blockquote>\n<p><script async src=\"https:\/\/platform.twitter.com\/widgets.js\" charset=\"utf-8\"><\/script><\/p>\n<p>Pompeo y Videgaray reconocieron las diferencias que existe entre sus naciones, pero el Secretario estadounidense puso como ejemplo para hacerles frente el\u00a0nuevo acuerdo\u00a0trinacional alcanzado con Canad\u00e1 (nombrado T-MEC).<\/p>\n<p class=\"p1\">Pompeo arrib\u00f3 a la reuni\u00f3n a las 10:00 horas junto con el Secretario Asistente para el Hemisferio Occidental del Departamento de Estado de su pa\u00eds, Kim Breier, y con John Creamer, encargado de negocios de la Embajada de EU en M\u00e9xico.<\/p>\n<p>M\u00e1s tarde, el Secretario estadounidense se reunir\u00e1 con el pr\u00f3ximo titular de Relaciones Exteriores, Marcelo Ebrard, y posteriormente con el Presidente Enrique Pe\u00f1a Nieto.<\/p>\n<p>La Embajada de Estados Unidos inform\u00f3 que Mike Pompeo acudi\u00f3 al pa\u00eds con la intenci\u00f3n de reafirmar su compromiso de cooperar en aspectos como la econom\u00eda, seguridad y la reducci\u00f3n de la migraci\u00f3n ilegal.<\/p>\n<p>El encuentro entre funcionarios de este pa\u00eds se da a un d\u00eda de que el Presidente estadounidense, Donald Trump, amenaz\u00f3 con cerrar la frontera sur del pa\u00eds con M\u00e9xico si la caravana de miles de migrantes hondure\u00f1os que sali\u00f3 el pasado s\u00e1bado de Honduras con rumbo a Estados Unidos continua con su trayecto.<\/p>\n<p>\u201cAdem\u00e1s de detener todos los pagos a estos pa\u00edses, que parecen no tener casi control sobre su poblaci\u00f3n, debo, en los t\u00e9rminos m\u00e1s en\u00e9rgicos, pedir a M\u00e9xico que detenga este ataque, y si no puedo hacerlo, llamar\u00e9 al Ej\u00e9rcito de EU y CIERRE NUESTRA FRONTERA SUR!\u201d, sentenci\u00f3 Trump en su cuenta de Twitter.<\/p>\n","protected":false},"excerpt":{"rendered":"<p>Prioridad de M\u00e9xico son ni\u00f1as, ni\u00f1os, adultos mayores y mujeres embarazadas migrantes: Videgaray<br \/>\nPor Redacci\u00f3n QP<\/p>\n","protected":false},"author":2,"featured_media":7280,"comment_status":"open","ping_status":"open","sticky":false,"template":"","format":"standard","meta":{"_monsterinsights_skip_tracking":false,"_monsterinsights_sitenote_active":false,"_monsterinsights_sitenote_note":"","_monsterinsights_sitenote_category":0,"footnotes":""},"categories":[2],"tags":[],"class_list":["post-7281","post","type-post","status-publish","format-standard","has-post-thumbnail","hentry","category-noticias"],"yoast_head":"<!-- This site is optimized with the Yoast SEO plugin v27.3 - https:\/\/yoast.com\/product\/yoast-seo-wordpress\/ -->\n<title>Prioridad de M\u00e9xico son ni\u00f1as, ni\u00f1os, adultos mayores y mujeres embarazadas migrantes: Videgaray -<\/title>\n<meta name=\"robots\" content=\"index, follow, max-snippet:-1, max-image-preview:large, max-video-preview:-1\" \/>\n<link rel=\"canonical\" href=\"https:\/\/quehacerpolitico.mx\/?p=7281\" \/>\n<meta property=\"og:locale\" content=\"es_MX\" \/>\n<meta property=\"og:type\" content=\"article\" \/>\n<meta property=\"og:title\" content=\"Prioridad de M\u00e9xico son ni\u00f1as, ni\u00f1os, adultos mayores y mujeres embarazadas migrantes: Videgaray -\" \/>\n<meta property=\"og:description\" content=\"Prioridad de M\u00e9xico son ni\u00f1as, ni\u00f1os, adultos mayores y mujeres embarazadas migrantes: Videgaray Por Redacci\u00f3n QP\" \/>\n<meta property=\"og:url\" content=\"https:\/\/quehacerpolitico.mx\/?p=7281\" \/>\n<meta property=\"article:published_time\" content=\"2018-10-19T20:20:15+00:00\" \/>\n<meta name=\"author\" content=\"Redacci\u00f3n QP\" \/>\n<meta name=\"twitter:card\" content=\"summary_large_image\" \/>\n<meta name=\"twitter:label1\" content=\"Escrito por\" \/>\n\t<meta name=\"twitter:data1\" content=\"Redacci\u00f3n QP\" \/>\n\t<meta name=\"twitter:label2\" content=\"Tiempo de lectura\" \/>\n\t<meta name=\"twitter:data2\" content=\"3 minutos\" \/>\n<script type=\"application\/ld+json\" class=\"yoast-schema-graph\">{\"@context\":\"https:\\\/\\\/schema.org\",\"@graph\":[{\"@type\":\"Article\",\"@id\":\"https:\\\/\\\/quehacerpolitico.mx\\\/?p=7281#article\",\"isPartOf\":{\"@id\":\"https:\\\/\\\/quehacerpolitico.mx\\\/?p=7281\"},\"author\":{\"name\":\"Redacci\u00f3n QP\",\"@id\":\"https:\\\/\\\/quehacerpolitico.mx\\\/#\\\/schema\\\/person\\\/496d8ad2d1d3f8036101dca7ee39e585\"},\"headline\":\"Prioridad de M\u00e9xico son ni\u00f1as, ni\u00f1os, adultos mayores y mujeres embarazadas migrantes: Videgaray\",\"datePublished\":\"2018-10-19T20:20:15+00:00\",\"mainEntityOfPage\":{\"@id\":\"https:\\\/\\\/quehacerpolitico.mx\\\/?p=7281\"},\"wordCount\":622,\"commentCount\":0,\"image\":{\"@id\":\"https:\\\/\\\/quehacerpolitico.mx\\\/?p=7281#primaryimage\"},\"thumbnailUrl\":\"\",\"articleSection\":[\"Noticias\"],\"inLanguage\":\"es\",\"potentialAction\":[{\"@type\":\"CommentAction\",\"name\":\"Comment\",\"target\":[\"https:\\\/\\\/quehacerpolitico.mx\\\/?p=7281#respond\"]}]},{\"@type\":\"WebPage\",\"@id\":\"https:\\\/\\\/quehacerpolitico.mx\\\/?p=7281\",\"url\":\"https:\\\/\\\/quehacerpolitico.mx\\\/?p=7281\",\"name\":\"Prioridad de M\u00e9xico son ni\u00f1as, ni\u00f1os, adultos mayores y mujeres embarazadas migrantes: Videgaray -\",\"isPartOf\":{\"@id\":\"https:\\\/\\\/quehacerpolitico.mx\\\/#website\"},\"primaryImageOfPage\":{\"@id\":\"https:\\\/\\\/quehacerpolitico.mx\\\/?p=7281#primaryimage\"},\"image\":{\"@id\":\"https:\\\/\\\/quehacerpolitico.mx\\\/?p=7281#primaryimage\"},\"thumbnailUrl\":\"\",\"datePublished\":\"2018-10-19T20:20:15+00:00\",\"author\":{\"@id\":\"https:\\\/\\\/quehacerpolitico.mx\\\/#\\\/schema\\\/person\\\/496d8ad2d1d3f8036101dca7ee39e585\"},\"breadcrumb\":{\"@id\":\"https:\\\/\\\/quehacerpolitico.mx\\\/?p=7281#breadcrumb\"},\"inLanguage\":\"es\",\"potentialAction\":[{\"@type\":\"ReadAction\",\"target\":[\"https:\\\/\\\/quehacerpolitico.mx\\\/?p=7281\"]}]},{\"@type\":\"ImageObject\",\"inLanguage\":\"es\",\"@id\":\"https:\\\/\\\/quehacerpolitico.mx\\\/?p=7281#primaryimage\",\"url\":\"\",\"contentUrl\":\"\"},{\"@type\":\"BreadcrumbList\",\"@id\":\"https:\\\/\\\/quehacerpolitico.mx\\\/?p=7281#breadcrumb\",\"itemListElement\":[{\"@type\":\"ListItem\",\"position\":1,\"name\":\"Inicio\",\"item\":\"https:\\\/\\\/quehacerpolitico.mx\\\/\"},{\"@type\":\"ListItem\",\"position\":2,\"name\":\"Prioridad de M\u00e9xico son ni\u00f1as, ni\u00f1os, adultos mayores y mujeres embarazadas migrantes: Videgaray\"}]},{\"@type\":\"WebSite\",\"@id\":\"https:\\\/\\\/quehacerpolitico.mx\\\/#website\",\"url\":\"https:\\\/\\\/quehacerpolitico.mx\\\/\",\"name\":\"\",\"description\":\"\",\"potentialAction\":[{\"@type\":\"SearchAction\",\"target\":{\"@type\":\"EntryPoint\",\"urlTemplate\":\"https:\\\/\\\/quehacerpolitico.mx\\\/?s={search_term_string}\"},\"query-input\":{\"@type\":\"PropertyValueSpecification\",\"valueRequired\":true,\"valueName\":\"search_term_string\"}}],\"inLanguage\":\"es\"},{\"@type\":\"Person\",\"@id\":\"https:\\\/\\\/quehacerpolitico.mx\\\/#\\\/schema\\\/person\\\/496d8ad2d1d3f8036101dca7ee39e585\",\"name\":\"Redacci\u00f3n QP\",\"image\":{\"@type\":\"ImageObject\",\"inLanguage\":\"es\",\"@id\":\"https:\\\/\\\/secure.gravatar.com\\\/avatar\\\/c7164ed6fdec453195284ad24a5ae5b6e1eed2b848477fa2a4787ba9adf39a41?s=96&d=mm&r=g\",\"url\":\"https:\\\/\\\/secure.gravatar.com\\\/avatar\\\/c7164ed6fdec453195284ad24a5ae5b6e1eed2b848477fa2a4787ba9adf39a41?s=96&d=mm&r=g\",\"contentUrl\":\"https:\\\/\\\/secure.gravatar.com\\\/avatar\\\/c7164ed6fdec453195284ad24a5ae5b6e1eed2b848477fa2a4787ba9adf39a41?s=96&d=mm&r=g\",\"caption\":\"Redacci\u00f3n QP\"},\"url\":\"https:\\\/\\\/quehacerpolitico.mx\\\/?author=2\"}]}<\/script>\n<!-- \/ Yoast SEO plugin. -->","yoast_head_json":{"title":"Prioridad de M\u00e9xico son ni\u00f1as, ni\u00f1os, adultos mayores y mujeres embarazadas migrantes: Videgaray -","robots":{"index":"index","follow":"follow","max-snippet":"max-snippet:-1","max-image-preview":"max-image-preview:large","max-video-preview":"max-video-preview:-1"},"canonical":"https:\/\/quehacerpolitico.mx\/?p=7281","og_locale":"es_MX","og_type":"article","og_title":"Prioridad de M\u00e9xico son ni\u00f1as, ni\u00f1os, adultos mayores y mujeres embarazadas migrantes: Videgaray -","og_description":"Prioridad de M\u00e9xico son ni\u00f1as, ni\u00f1os, adultos mayores y mujeres embarazadas migrantes: Videgaray Por Redacci\u00f3n QP","og_url":"https:\/\/quehacerpolitico.mx\/?p=7281","article_published_time":"2018-10-19T20:20:15+00:00","author":"Redacci\u00f3n QP","twitter_card":"summary_large_image","twitter_misc":{"Escrito por":"Redacci\u00f3n QP","Tiempo de lectura":"3 minutos"},"schema":{"@context":"https:\/\/schema.org","@graph":[{"@type":"Article","@id":"https:\/\/quehacerpolitico.mx\/?p=7281#article","isPartOf":{"@id":"https:\/\/quehacerpolitico.mx\/?p=7281"},"author":{"name":"Redacci\u00f3n QP","@id":"https:\/\/quehacerpolitico.mx\/#\/schema\/person\/496d8ad2d1d3f8036101dca7ee39e585"},"headline":"Prioridad de M\u00e9xico son ni\u00f1as, ni\u00f1os, adultos mayores y mujeres embarazadas migrantes: Videgaray","datePublished":"2018-10-19T20:20:15+00:00","mainEntityOfPage":{"@id":"https:\/\/quehacerpolitico.mx\/?p=7281"},"wordCount":622,"commentCount":0,"image":{"@id":"https:\/\/quehacerpolitico.mx\/?p=7281#primaryimage"},"thumbnailUrl":"","articleSection":["Noticias"],"inLanguage":"es","potentialAction":[{"@type":"CommentAction","name":"Comment","target":["https:\/\/quehacerpolitico.mx\/?p=7281#respond"]}]},{"@type":"WebPage","@id":"https:\/\/quehacerpolitico.mx\/?p=7281","url":"https:\/\/quehacerpolitico.mx\/?p=7281","name":"Prioridad de M\u00e9xico son ni\u00f1as, ni\u00f1os, adultos mayores y mujeres embarazadas migrantes: Videgaray -","isPartOf":{"@id":"https:\/\/quehacerpolitico.mx\/#website"},"primaryImageOfPage":{"@id":"https:\/\/quehacerpolitico.mx\/?p=7281#primaryimage"},"image":{"@id":"https:\/\/quehacerpolitico.mx\/?p=7281#primaryimage"},"thumbnailUrl":"","datePublished":"2018-10-19T20:20:15+00:00","author":{"@id":"https:\/\/quehacerpolitico.mx\/#\/schema\/person\/496d8ad2d1d3f8036101dca7ee39e585"},"breadcrumb":{"@id":"https:\/\/quehacerpolitico.mx\/?p=7281#breadcrumb"},"inLanguage":"es","potentialAction":[{"@type":"ReadAction","target":["https:\/\/quehacerpolitico.mx\/?p=7281"]}]},{"@type":"ImageObject","inLanguage":"es","@id":"https:\/\/quehacerpolitico.mx\/?p=7281#primaryimage","url":"","contentUrl":""},{"@type":"BreadcrumbList","@id":"https:\/\/quehacerpolitico.mx\/?p=7281#breadcrumb","itemListElement":[{"@type":"ListItem","position":1,"name":"Inicio","item":"https:\/\/quehacerpolitico.mx\/"},{"@type":"ListItem","position":2,"name":"Prioridad de M\u00e9xico son ni\u00f1as, ni\u00f1os, adultos mayores y mujeres embarazadas migrantes: Videgaray"}]},{"@type":"WebSite","@id":"https:\/\/quehacerpolitico.mx\/#website","url":"https:\/\/quehacerpolitico.mx\/","name":"","description":"","potentialAction":[{"@type":"SearchAction","target":{"@type":"EntryPoint","urlTemplate":"https:\/\/quehacerpolitico.mx\/?s={search_term_string}"},"query-input":{"@type":"PropertyValueSpecification","valueRequired":true,"valueName":"search_term_string"}}],"inLanguage":"es"},{"@type":"Person","@id":"https:\/\/quehacerpolitico.mx\/#\/schema\/person\/496d8ad2d1d3f8036101dca7ee39e585","name":"Redacci\u00f3n QP","image":{"@type":"ImageObject","inLanguage":"es","@id":"https:\/\/secure.gravatar.com\/avatar\/c7164ed6fdec453195284ad24a5ae5b6e1eed2b848477fa2a4787ba9adf39a41?s=96&d=mm&r=g","url":"https:\/\/secure.gravatar.com\/avatar\/c7164ed6fdec453195284ad24a5ae5b6e1eed2b848477fa2a4787ba9adf39a41?s=96&d=mm&r=g","contentUrl":"https:\/\/secure.gravatar.com\/avatar\/c7164ed6fdec453195284ad24a5ae5b6e1eed2b848477fa2a4787ba9adf39a41?s=96&d=mm&r=g","caption":"Redacci\u00f3n QP"},"url":"https:\/\/quehacerpolitico.mx\/?author=2"}]}},"featured_image_urls":{"full":"","thumbnail":"","medium":"","medium_large":"","large":"","1536x1536":"","2048x2048":"","covernews-featured":"","covernews-medium":""},"author_info":{"display_name":"Redacci\u00f3n QP","author_link":"https:\/\/quehacerpolitico.mx\/?author=2"},"category_info":"<a href=\"https:\/\/quehacerpolitico.mx\/?cat=2\" rel=\"category\">Noticias<\/a>","tag_info":"Noticias","comment_count":"0","_links":{"self":[{"href":"https:\/\/quehacerpolitico.mx\/index.php?rest_route=\/wp\/v2\/posts\/7281","targetHints":{"allow":["GET"]}}],"collection":[{"href":"https:\/\/quehacerpolitico.mx\/index.php?rest_route=\/wp\/v2\/posts"}],"about":[{"href":"https:\/\/quehacerpolitico.mx\/index.php?rest_route=\/wp\/v2\/types\/post"}],"author":[{"embeddable":true,"href":"https:\/\/quehacerpolitico.mx\/index.php?rest_route=\/wp\/v2\/users\/2"}],"replies":[{"embeddable":true,"href":"https:\/\/quehacerpolitico.mx\/index.php?rest_route=%2Fwp%2Fv2%2Fcomments&post=7281"}],"version-history":[{"count":0,"href":"https:\/\/quehacerpolitico.mx\/index.php?rest_route=\/wp\/v2\/posts\/7281\/revisions"}],"wp:featuredmedia":[{"embeddable":true,"href":"https:\/\/quehacerpolitico.mx\/index.php?rest_route=\/"}],"wp:attachment":[{"href":"https:\/\/quehacerpolitico.mx\/index.php?rest_route=%2Fwp%2Fv2%2Fmedia&parent=7281"}],"wp:term":[{"taxonomy":"category","embeddable":true,"href":"https:\/\/quehacerpolitico.mx\/index.php?rest_route=%2Fwp%2Fv2%2Fcategories&post=7281"},{"taxonomy":"post_tag","embeddable":true,"href":"https:\/\/quehacerpolitico.mx\/index.php?rest_route=%2Fwp%2Fv2%2Ftags&post=7281"}],"curies":[{"name":"wp","href":"https:\/\/api.w.org\/{rel}","templated":true}]}}