{"id":7279,"date":"2018-10-19T20:13:30","date_gmt":"2018-10-19T20:13:30","guid":{"rendered":"http:\/\/quehacerpolitico.mx\/amlo-acuerda-con-el-bronco-ampliar-penales-e-invertir-en-mas-obras-publicas-de-nl\/"},"modified":"2018-10-19T20:13:30","modified_gmt":"2018-10-19T20:13:30","slug":"amlo-acuerda-con-el-bronco-ampliar-penales-e-invertir-en-mas-obras-publicas-de-nl","status":"publish","type":"post","link":"https:\/\/quehacerpolitico.mx\/?p=7279","title":{"rendered":"AMLO acuerda con \u201cEl Bronco\u201d ampliar penales e invertir en m\u00e1s obras p\u00fablicas de NL"},"content":{"rendered":"<h1>AMLO acuerda con \u201cEl Bronco\u201d ampliar penales e invertir en m\u00e1s obras p\u00fablicas de NL<\/h1>\n<p>Por Redacci\u00f3n QP<\/p>\n<p>El Presidente electo, <strong>Andr\u00e9s Manuel L\u00f3pez Obrador<\/strong>, anunci\u00f3 que la administraci\u00f3n federal que encabezar\u00e1 trabajar\u00e1 con el <strong>Gobierno de Nuevo Le\u00f3n<\/strong> para<strong> ampliar los penales<\/strong> de la entidad, favorecer el <strong>abasto de agua<\/strong> en Monterey con la construcci\u00f3n de una <strong>presa<\/strong> y adquirir m\u00e1s vagones del Metro.<\/p>\n<p>L\u00f3pez Obrador y el Gobernador de Nuevo Le\u00f3n, <strong>Jaime Rodr\u00edguez Calder\u00f3n<\/strong>, se reunieron hoy en Monterrey, al t\u00e9rmino del encuentro ofrecieron un mensaje a medios.\u00a0El morenista inform\u00f3 que se comprometi\u00f3 en ampliar los\u00a0reclusorios de la entidad, esto para evitar motines y agresiones dentro de ellos. Tambi\u00e9n acordaron a que la pr\u00f3xima administraci\u00f3n federal apoyar\u00e1 en la mejora del abasto de agua en la zona metropolitana de Monterrey con la construcci\u00f3n de la Presa Libertad, para ello, anunci\u00f3, \u201cse har\u00e1 un estudio para definir la construcci\u00f3n de la presa y que se aumente el abasto del agua\u201d.<\/p>\n<p>El tabasque\u00f1o anunci\u00f3 que en 2019 su administraci\u00f3n\u00a0invertir\u00e1 a la entidad del norte del pa\u00eds alrededor de 10 mil millones de pesos en programas sociales que buscar\u00e1n beneficiar a la gente m\u00e1s pobre.\u00a0 Entre los programas sociales que impulsar\u00e1 est\u00e1 mejorar el servicio de transporte p\u00fablico con el apoyo para la adquisici\u00f3n de trenes del metro.<\/p>\n<p>Del mismo modo habl\u00f3 sobre la cesi\u00f3n de terrenos de los actuales patios del ferrocarril, por la Avenida Manuel Barrag\u00e1n, para realizar un proyecto social. \u201cVamos a ceder los derechos de la federaci\u00f3n de los terrenos del ferrocarril para que ese espacio se pueda urbanizar en beneficio de Monterrey y de Nuevo L\u00e9on\u201d, asegur\u00f3.<\/p>\n<p>El pr\u00f3ximo l\u00edder del Ejecutivo\u00a0 dijo que en la entidad se aumentar\u00e1n las pensiones a adultos mayores: \u201cActualmente se les entregan mil 160 pesos cada dos meses, van a recibir el doble\u201d. Adem\u00e1s, se\u00f1al\u00f3 que se beneficiar\u00e1 a\u00a0cerca de 50 mil\u00a0 personas con discapacidad en situaci\u00f3n de pobreza con una pensi\u00f3n mensual; mientras que impulsar\u00e1 programas para contratar a j\u00f3venes estudiantes de preparatoria y educaci\u00f3n superior como aprendices.<\/p>\n<p>Sobre el proceso de descentralizaci\u00f3n, adelant\u00f3 que desde el pr\u00f3ximo a\u00f1o\u00a0Monterrey albergar\u00e1 a la Secretar\u00eda de Econom\u00eda del Gobierno Federal. Por otra parte,\u00a0Jaime Rodr\u00edguez mencion\u00f3 que la conversaci\u00f3n que sostuvo con el morenista y su equipo se centr\u00f3 en el problema de la pobreza extrema y<span class=\"Apple-converted-space\">\u00a0 <\/span>mejores oportunidades econ\u00f3micas para los nuevoleoneses.<\/p>\n<p>Luego de una reuni\u00f3n de cerca de dos horas, Andr\u00e9s Manuel reiter\u00f3 que su Gobierno no busca conflictos con la administraci\u00f3n local.\u00a0\u201cNo estamos apostando a la confrontaci\u00f3n, sino al trabajo conjunto, a la unidad, a lograr coordinarnos para beneficio del pueblo\u201d, enfatiz\u00f3.<\/p>\n<p><strong>EX ADVERSARIOS SE RE\u00daNEN\u00a0<\/strong><\/p>\n<p>Rodr\u00edguez Calder\u00f3n, ex contendiente a la Presidencia nacional en la elecci\u00f3n del 1 de julio, mantuvo un encuentro privado con L\u00f3pez Obrador en\u00a0 el despacho del Gobernador de Nuevo Le\u00f3n en que participaron integrantes del gabinete estatal, as\u00ed como alcaldes en funciones y electos.<\/p>\n<p>L\u00f3pez Obrador arrib\u00f3 en compa\u00f1\u00eda de\u00a0Judith D\u00edaz, desgiandas como Coordinadora de Programas Sociales en el Estado y el futuro titular de la Oficina de la Presidencia, Alfonso Romo.<\/p>\n<p>M\u00e1s tarde, como parte de su\u00a0gira nacional de agradecimiento, el\u00a0 Presidente electo realizar\u00e1 un acto p\u00fabico en la Explanada de los H\u00e9roes.<\/p>\n","protected":false},"excerpt":{"rendered":"<p>AMLO acuerda con \u201cEl Bronco\u201d ampliar penales e invertir en m\u00e1s obras p\u00fablicas de NL<br \/>\nPor Redacci\u00f3n QP<\/p>\n","protected":false},"author":2,"featured_media":7278,"comment_status":"open","ping_status":"open","sticky":false,"template":"","format":"standard","meta":{"_monsterinsights_skip_tracking":false,"_monsterinsights_sitenote_active":false,"_monsterinsights_sitenote_note":"","_monsterinsights_sitenote_category":0,"footnotes":""},"categories":[2],"tags":[],"class_list":["post-7279","post","type-post","status-publish","format-standard","has-post-thumbnail","hentry","category-noticias"],"yoast_head":"<!-- This site is optimized with the Yoast SEO plugin v27.3 - https:\/\/yoast.com\/product\/yoast-seo-wordpress\/ -->\n<title>AMLO acuerda con \u201cEl Bronco\u201d ampliar penales e invertir en m\u00e1s obras p\u00fablicas de NL -<\/title>\n<meta name=\"robots\" content=\"index, follow, max-snippet:-1, max-image-preview:large, max-video-preview:-1\" \/>\n<link rel=\"canonical\" href=\"https:\/\/quehacerpolitico.mx\/?p=7279\" \/>\n<meta property=\"og:locale\" content=\"es_MX\" \/>\n<meta property=\"og:type\" content=\"article\" \/>\n<meta property=\"og:title\" content=\"AMLO acuerda con \u201cEl Bronco\u201d ampliar penales e invertir en m\u00e1s obras p\u00fablicas de NL -\" \/>\n<meta property=\"og:description\" content=\"AMLO acuerda con \u201cEl Bronco\u201d ampliar penales e invertir en m\u00e1s obras p\u00fablicas de NL Por Redacci\u00f3n QP\" \/>\n<meta property=\"og:url\" content=\"https:\/\/quehacerpolitico.mx\/?p=7279\" \/>\n<meta property=\"article:published_time\" content=\"2018-10-19T20:13:30+00:00\" \/>\n<meta name=\"author\" content=\"Redacci\u00f3n QP\" \/>\n<meta name=\"twitter:card\" content=\"summary_large_image\" \/>\n<meta name=\"twitter:label1\" content=\"Escrito por\" \/>\n\t<meta name=\"twitter:data1\" content=\"Redacci\u00f3n QP\" \/>\n\t<meta name=\"twitter:label2\" content=\"Tiempo de lectura\" \/>\n\t<meta name=\"twitter:data2\" content=\"3 minutos\" \/>\n<script type=\"application\/ld+json\" class=\"yoast-schema-graph\">{\"@context\":\"https:\\\/\\\/schema.org\",\"@graph\":[{\"@type\":\"Article\",\"@id\":\"https:\\\/\\\/quehacerpolitico.mx\\\/?p=7279#article\",\"isPartOf\":{\"@id\":\"https:\\\/\\\/quehacerpolitico.mx\\\/?p=7279\"},\"author\":{\"name\":\"Redacci\u00f3n QP\",\"@id\":\"https:\\\/\\\/quehacerpolitico.mx\\\/#\\\/schema\\\/person\\\/496d8ad2d1d3f8036101dca7ee39e585\"},\"headline\":\"AMLO acuerda con \u201cEl Bronco\u201d ampliar penales e invertir en m\u00e1s obras p\u00fablicas de NL\",\"datePublished\":\"2018-10-19T20:13:30+00:00\",\"mainEntityOfPage\":{\"@id\":\"https:\\\/\\\/quehacerpolitico.mx\\\/?p=7279\"},\"wordCount\":615,\"commentCount\":0,\"image\":{\"@id\":\"https:\\\/\\\/quehacerpolitico.mx\\\/?p=7279#primaryimage\"},\"thumbnailUrl\":\"\",\"articleSection\":[\"Noticias\"],\"inLanguage\":\"es\",\"potentialAction\":[{\"@type\":\"CommentAction\",\"name\":\"Comment\",\"target\":[\"https:\\\/\\\/quehacerpolitico.mx\\\/?p=7279#respond\"]}]},{\"@type\":\"WebPage\",\"@id\":\"https:\\\/\\\/quehacerpolitico.mx\\\/?p=7279\",\"url\":\"https:\\\/\\\/quehacerpolitico.mx\\\/?p=7279\",\"name\":\"AMLO acuerda con \u201cEl Bronco\u201d ampliar penales e invertir en m\u00e1s obras p\u00fablicas de NL -\",\"isPartOf\":{\"@id\":\"https:\\\/\\\/quehacerpolitico.mx\\\/#website\"},\"primaryImageOfPage\":{\"@id\":\"https:\\\/\\\/quehacerpolitico.mx\\\/?p=7279#primaryimage\"},\"image\":{\"@id\":\"https:\\\/\\\/quehacerpolitico.mx\\\/?p=7279#primaryimage\"},\"thumbnailUrl\":\"\",\"datePublished\":\"2018-10-19T20:13:30+00:00\",\"author\":{\"@id\":\"https:\\\/\\\/quehacerpolitico.mx\\\/#\\\/schema\\\/person\\\/496d8ad2d1d3f8036101dca7ee39e585\"},\"breadcrumb\":{\"@id\":\"https:\\\/\\\/quehacerpolitico.mx\\\/?p=7279#breadcrumb\"},\"inLanguage\":\"es\",\"potentialAction\":[{\"@type\":\"ReadAction\",\"target\":[\"https:\\\/\\\/quehacerpolitico.mx\\\/?p=7279\"]}]},{\"@type\":\"ImageObject\",\"inLanguage\":\"es\",\"@id\":\"https:\\\/\\\/quehacerpolitico.mx\\\/?p=7279#primaryimage\",\"url\":\"\",\"contentUrl\":\"\"},{\"@type\":\"BreadcrumbList\",\"@id\":\"https:\\\/\\\/quehacerpolitico.mx\\\/?p=7279#breadcrumb\",\"itemListElement\":[{\"@type\":\"ListItem\",\"position\":1,\"name\":\"Inicio\",\"item\":\"https:\\\/\\\/quehacerpolitico.mx\\\/\"},{\"@type\":\"ListItem\",\"position\":2,\"name\":\"AMLO acuerda con \u201cEl Bronco\u201d ampliar penales e invertir en m\u00e1s obras p\u00fablicas de NL\"}]},{\"@type\":\"WebSite\",\"@id\":\"https:\\\/\\\/quehacerpolitico.mx\\\/#website\",\"url\":\"https:\\\/\\\/quehacerpolitico.mx\\\/\",\"name\":\"\",\"description\":\"\",\"potentialAction\":[{\"@type\":\"SearchAction\",\"target\":{\"@type\":\"EntryPoint\",\"urlTemplate\":\"https:\\\/\\\/quehacerpolitico.mx\\\/?s={search_term_string}\"},\"query-input\":{\"@type\":\"PropertyValueSpecification\",\"valueRequired\":true,\"valueName\":\"search_term_string\"}}],\"inLanguage\":\"es\"},{\"@type\":\"Person\",\"@id\":\"https:\\\/\\\/quehacerpolitico.mx\\\/#\\\/schema\\\/person\\\/496d8ad2d1d3f8036101dca7ee39e585\",\"name\":\"Redacci\u00f3n QP\",\"image\":{\"@type\":\"ImageObject\",\"inLanguage\":\"es\",\"@id\":\"https:\\\/\\\/secure.gravatar.com\\\/avatar\\\/c7164ed6fdec453195284ad24a5ae5b6e1eed2b848477fa2a4787ba9adf39a41?s=96&d=mm&r=g\",\"url\":\"https:\\\/\\\/secure.gravatar.com\\\/avatar\\\/c7164ed6fdec453195284ad24a5ae5b6e1eed2b848477fa2a4787ba9adf39a41?s=96&d=mm&r=g\",\"contentUrl\":\"https:\\\/\\\/secure.gravatar.com\\\/avatar\\\/c7164ed6fdec453195284ad24a5ae5b6e1eed2b848477fa2a4787ba9adf39a41?s=96&d=mm&r=g\",\"caption\":\"Redacci\u00f3n QP\"},\"url\":\"https:\\\/\\\/quehacerpolitico.mx\\\/?author=2\"}]}<\/script>\n<!-- \/ Yoast SEO plugin. -->","yoast_head_json":{"title":"AMLO acuerda con \u201cEl Bronco\u201d ampliar penales e invertir en m\u00e1s obras p\u00fablicas de NL -","robots":{"index":"index","follow":"follow","max-snippet":"max-snippet:-1","max-image-preview":"max-image-preview:large","max-video-preview":"max-video-preview:-1"},"canonical":"https:\/\/quehacerpolitico.mx\/?p=7279","og_locale":"es_MX","og_type":"article","og_title":"AMLO acuerda con \u201cEl Bronco\u201d ampliar penales e invertir en m\u00e1s obras p\u00fablicas de NL -","og_description":"AMLO acuerda con \u201cEl Bronco\u201d ampliar penales e invertir en m\u00e1s obras p\u00fablicas de NL Por Redacci\u00f3n QP","og_url":"https:\/\/quehacerpolitico.mx\/?p=7279","article_published_time":"2018-10-19T20:13:30+00:00","author":"Redacci\u00f3n QP","twitter_card":"summary_large_image","twitter_misc":{"Escrito por":"Redacci\u00f3n QP","Tiempo de lectura":"3 minutos"},"schema":{"@context":"https:\/\/schema.org","@graph":[{"@type":"Article","@id":"https:\/\/quehacerpolitico.mx\/?p=7279#article","isPartOf":{"@id":"https:\/\/quehacerpolitico.mx\/?p=7279"},"author":{"name":"Redacci\u00f3n QP","@id":"https:\/\/quehacerpolitico.mx\/#\/schema\/person\/496d8ad2d1d3f8036101dca7ee39e585"},"headline":"AMLO acuerda con \u201cEl Bronco\u201d ampliar penales e invertir en m\u00e1s obras p\u00fablicas de NL","datePublished":"2018-10-19T20:13:30+00:00","mainEntityOfPage":{"@id":"https:\/\/quehacerpolitico.mx\/?p=7279"},"wordCount":615,"commentCount":0,"image":{"@id":"https:\/\/quehacerpolitico.mx\/?p=7279#primaryimage"},"thumbnailUrl":"","articleSection":["Noticias"],"inLanguage":"es","potentialAction":[{"@type":"CommentAction","name":"Comment","target":["https:\/\/quehacerpolitico.mx\/?p=7279#respond"]}]},{"@type":"WebPage","@id":"https:\/\/quehacerpolitico.mx\/?p=7279","url":"https:\/\/quehacerpolitico.mx\/?p=7279","name":"AMLO acuerda con \u201cEl Bronco\u201d ampliar penales e invertir en m\u00e1s obras p\u00fablicas de NL -","isPartOf":{"@id":"https:\/\/quehacerpolitico.mx\/#website"},"primaryImageOfPage":{"@id":"https:\/\/quehacerpolitico.mx\/?p=7279#primaryimage"},"image":{"@id":"https:\/\/quehacerpolitico.mx\/?p=7279#primaryimage"},"thumbnailUrl":"","datePublished":"2018-10-19T20:13:30+00:00","author":{"@id":"https:\/\/quehacerpolitico.mx\/#\/schema\/person\/496d8ad2d1d3f8036101dca7ee39e585"},"breadcrumb":{"@id":"https:\/\/quehacerpolitico.mx\/?p=7279#breadcrumb"},"inLanguage":"es","potentialAction":[{"@type":"ReadAction","target":["https:\/\/quehacerpolitico.mx\/?p=7279"]}]},{"@type":"ImageObject","inLanguage":"es","@id":"https:\/\/quehacerpolitico.mx\/?p=7279#primaryimage","url":"","contentUrl":""},{"@type":"BreadcrumbList","@id":"https:\/\/quehacerpolitico.mx\/?p=7279#breadcrumb","itemListElement":[{"@type":"ListItem","position":1,"name":"Inicio","item":"https:\/\/quehacerpolitico.mx\/"},{"@type":"ListItem","position":2,"name":"AMLO acuerda con \u201cEl Bronco\u201d ampliar penales e invertir en m\u00e1s obras p\u00fablicas de NL"}]},{"@type":"WebSite","@id":"https:\/\/quehacerpolitico.mx\/#website","url":"https:\/\/quehacerpolitico.mx\/","name":"","description":"","potentialAction":[{"@type":"SearchAction","target":{"@type":"EntryPoint","urlTemplate":"https:\/\/quehacerpolitico.mx\/?s={search_term_string}"},"query-input":{"@type":"PropertyValueSpecification","valueRequired":true,"valueName":"search_term_string"}}],"inLanguage":"es"},{"@type":"Person","@id":"https:\/\/quehacerpolitico.mx\/#\/schema\/person\/496d8ad2d1d3f8036101dca7ee39e585","name":"Redacci\u00f3n QP","image":{"@type":"ImageObject","inLanguage":"es","@id":"https:\/\/secure.gravatar.com\/avatar\/c7164ed6fdec453195284ad24a5ae5b6e1eed2b848477fa2a4787ba9adf39a41?s=96&d=mm&r=g","url":"https:\/\/secure.gravatar.com\/avatar\/c7164ed6fdec453195284ad24a5ae5b6e1eed2b848477fa2a4787ba9adf39a41?s=96&d=mm&r=g","contentUrl":"https:\/\/secure.gravatar.com\/avatar\/c7164ed6fdec453195284ad24a5ae5b6e1eed2b848477fa2a4787ba9adf39a41?s=96&d=mm&r=g","caption":"Redacci\u00f3n QP"},"url":"https:\/\/quehacerpolitico.mx\/?author=2"}]}},"featured_image_urls":{"full":"","thumbnail":"","medium":"","medium_large":"","large":"","1536x1536":"","2048x2048":"","covernews-featured":"","covernews-medium":""},"author_info":{"display_name":"Redacci\u00f3n QP","author_link":"https:\/\/quehacerpolitico.mx\/?author=2"},"category_info":"<a href=\"https:\/\/quehacerpolitico.mx\/?cat=2\" rel=\"category\">Noticias<\/a>","tag_info":"Noticias","comment_count":"0","_links":{"self":[{"href":"https:\/\/quehacerpolitico.mx\/index.php?rest_route=\/wp\/v2\/posts\/7279","targetHints":{"allow":["GET"]}}],"collection":[{"href":"https:\/\/quehacerpolitico.mx\/index.php?rest_route=\/wp\/v2\/posts"}],"about":[{"href":"https:\/\/quehacerpolitico.mx\/index.php?rest_route=\/wp\/v2\/types\/post"}],"author":[{"embeddable":true,"href":"https:\/\/quehacerpolitico.mx\/index.php?rest_route=\/wp\/v2\/users\/2"}],"replies":[{"embeddable":true,"href":"https:\/\/quehacerpolitico.mx\/index.php?rest_route=%2Fwp%2Fv2%2Fcomments&post=7279"}],"version-history":[{"count":0,"href":"https:\/\/quehacerpolitico.mx\/index.php?rest_route=\/wp\/v2\/posts\/7279\/revisions"}],"wp:featuredmedia":[{"embeddable":true,"href":"https:\/\/quehacerpolitico.mx\/index.php?rest_route=\/"}],"wp:attachment":[{"href":"https:\/\/quehacerpolitico.mx\/index.php?rest_route=%2Fwp%2Fv2%2Fmedia&parent=7279"}],"wp:term":[{"taxonomy":"category","embeddable":true,"href":"https:\/\/quehacerpolitico.mx\/index.php?rest_route=%2Fwp%2Fv2%2Fcategories&post=7279"},{"taxonomy":"post_tag","embeddable":true,"href":"https:\/\/quehacerpolitico.mx\/index.php?rest_route=%2Fwp%2Fv2%2Ftags&post=7279"}],"curies":[{"name":"wp","href":"https:\/\/api.w.org\/{rel}","templated":true}]}}