{"id":7267,"date":"2018-10-19T16:17:22","date_gmt":"2018-10-19T16:17:22","guid":{"rendered":"http:\/\/quehacerpolitico.mx\/armando-quintero-alcalde-de-iztacalco-presenta-un-importante-programa-en-favor-de-las-mujeres\/"},"modified":"2018-10-19T16:17:22","modified_gmt":"2018-10-19T16:17:22","slug":"armando-quintero-alcalde-de-iztacalco-presenta-un-importante-programa-en-favor-de-las-mujeres","status":"publish","type":"post","link":"https:\/\/quehacerpolitico.mx\/?p=7267","title":{"rendered":"Armando Quintero, Alcalde de Iztacalco, presenta un importante programa en favor de las mujeres."},"content":{"rendered":"<h3 class=\"post-title entry-title\">Armando Quintero, Alcalde de Iztacalco, presenta un importante programa en favor de las mujeres.<\/h3>\n<p>Armando Quintero Mart\u00ednez, Alcalde de Iztacalco, present\u00f3 la Cartilla de los Derechos de las Mujeres y Ni\u00f1as, en la cu\u00e1l se exponen el derecho a la educaci\u00f3n, a la salud y a la no discriminaci\u00f3n, entre otros derechos. De la misma manera present\u00f3 a un grupo de Abogadas y Psic\u00f3logas , quienes ser\u00e1n las encargadas de defender y apoyar a las mujeres de Iztacalco que lo requieran.<\/p>\n<p>Durante su intervenci\u00f3n Quintero Mart\u00ednez coment\u00f3: &#8221; Las mujeres son la columna vertebral de mi pol\u00edtica social&#8221;, asimismo enfatiz\u00f3 : &#8220;la DEFENSOR\u00cdA DE LA MUJER es un compromiso que ya ten\u00eda con las Iztacalquenses desde mi primer d\u00eda de campa\u00f1a, &#8220;NO FUERON PROMESAS DE CAMPA\u00d1A, FUERON COMPROMISOS&#8221; as\u00ed lo afirm\u00f3 el Alcalde de Iztacalco.<\/p>\n<p>Por otra parte, coment\u00f3 que: El presupuesto del pr\u00f3ximo a\u00f1o, se ver\u00e1 reflejado en la asignaci\u00f3n de recursos a favor de la mujer, como la compra de tres mast\u00f3grafos, el primero dijo que ser\u00eda adquirido antes del t\u00e9rmino del a\u00f1o, asimismo aclar\u00f3 que ser\u00e1n de muy buena calidad, ya que la vida de las mujeres no tiene precio, cabe destacar que estos mast\u00f3grafos ser\u00e1n asignados a las colonias Agr\u00edcola Oriental, Pantitl\u00e1n y el tercero en la parte central de Iztacalco.<\/p>\n<p>El cuerpo de Abogadas y Psic\u00f3logas encargadas de la Defensor\u00eda de la mujer, tomaron protesta durante el evento, donde se comprometieron a trabajar por los derechos que amparan a todas las mujeres de la Alcald\u00eda y dejando en claro que ser\u00e1 de forma gratuita.<\/p>\n<p>Es importante se\u00f1alar que el Alcalde fue acompa\u00f1ado en el pres\u00eddium por la Licenciada Mar\u00eda de la Parra, Directora de la Defensor\u00eda de la mujer, la Directora General de Desarrollo Social Martha Albores Loesa, la Responsable de la Coordinaci\u00f3n de Cultura, Ileana Ram\u00edrez y la Jefa de Unidad Departamental de Equidad y G\u00e9nero Leticia Guti\u00e9rrez. \u00a0adem\u00e1s de los Concejales de Iztacalco.<\/p>\n","protected":false},"excerpt":{"rendered":"<p>Armando Quintero, Alcalde de Iztacalco, presenta un importante programa en favor de las mujeres.<br \/>\nPor Redacci\u00f3n QP<\/p>\n","protected":false},"author":2,"featured_media":7260,"comment_status":"open","ping_status":"open","sticky":false,"template":"","format":"standard","meta":{"_monsterinsights_skip_tracking":false,"_monsterinsights_sitenote_active":false,"_monsterinsights_sitenote_note":"","_monsterinsights_sitenote_category":0,"footnotes":""},"categories":[55],"tags":[],"class_list":["post-7267","post","type-post","status-publish","format-standard","has-post-thumbnail","hentry","category-cdmx"],"yoast_head":"<!-- This site is optimized with the Yoast SEO plugin v27.3 - https:\/\/yoast.com\/product\/yoast-seo-wordpress\/ -->\n<title>Armando Quintero, Alcalde de Iztacalco, presenta un importante programa en favor de las mujeres. -<\/title>\n<meta name=\"robots\" content=\"index, follow, max-snippet:-1, max-image-preview:large, max-video-preview:-1\" \/>\n<link rel=\"canonical\" href=\"https:\/\/quehacerpolitico.mx\/?p=7267\" \/>\n<meta property=\"og:locale\" content=\"es_MX\" \/>\n<meta property=\"og:type\" content=\"article\" \/>\n<meta property=\"og:title\" content=\"Armando Quintero, Alcalde de Iztacalco, presenta un importante programa en favor de las mujeres. -\" \/>\n<meta property=\"og:description\" content=\"Armando Quintero, Alcalde de Iztacalco, presenta un importante programa en favor de las mujeres. Por Redacci\u00f3n QP\" \/>\n<meta property=\"og:url\" content=\"https:\/\/quehacerpolitico.mx\/?p=7267\" \/>\n<meta property=\"article:published_time\" content=\"2018-10-19T16:17:22+00:00\" \/>\n<meta name=\"author\" content=\"Redacci\u00f3n QP\" \/>\n<meta name=\"twitter:card\" content=\"summary_large_image\" \/>\n<meta name=\"twitter:label1\" content=\"Escrito por\" \/>\n\t<meta name=\"twitter:data1\" content=\"Redacci\u00f3n QP\" \/>\n\t<meta name=\"twitter:label2\" content=\"Tiempo de lectura\" \/>\n\t<meta name=\"twitter:data2\" content=\"2 minutos\" \/>\n<script type=\"application\/ld+json\" class=\"yoast-schema-graph\">{\"@context\":\"https:\\\/\\\/schema.org\",\"@graph\":[{\"@type\":\"Article\",\"@id\":\"https:\\\/\\\/quehacerpolitico.mx\\\/?p=7267#article\",\"isPartOf\":{\"@id\":\"https:\\\/\\\/quehacerpolitico.mx\\\/?p=7267\"},\"author\":{\"name\":\"Redacci\u00f3n QP\",\"@id\":\"https:\\\/\\\/quehacerpolitico.mx\\\/#\\\/schema\\\/person\\\/496d8ad2d1d3f8036101dca7ee39e585\"},\"headline\":\"Armando Quintero, Alcalde de Iztacalco, presenta un importante programa en favor de las mujeres.\",\"datePublished\":\"2018-10-19T16:17:22+00:00\",\"mainEntityOfPage\":{\"@id\":\"https:\\\/\\\/quehacerpolitico.mx\\\/?p=7267\"},\"wordCount\":371,\"commentCount\":0,\"image\":{\"@id\":\"https:\\\/\\\/quehacerpolitico.mx\\\/?p=7267#primaryimage\"},\"thumbnailUrl\":\"\",\"articleSection\":[\"CDMX\"],\"inLanguage\":\"es\",\"potentialAction\":[{\"@type\":\"CommentAction\",\"name\":\"Comment\",\"target\":[\"https:\\\/\\\/quehacerpolitico.mx\\\/?p=7267#respond\"]}]},{\"@type\":\"WebPage\",\"@id\":\"https:\\\/\\\/quehacerpolitico.mx\\\/?p=7267\",\"url\":\"https:\\\/\\\/quehacerpolitico.mx\\\/?p=7267\",\"name\":\"Armando Quintero, Alcalde de Iztacalco, presenta un importante programa en favor de las mujeres. -\",\"isPartOf\":{\"@id\":\"https:\\\/\\\/quehacerpolitico.mx\\\/#website\"},\"primaryImageOfPage\":{\"@id\":\"https:\\\/\\\/quehacerpolitico.mx\\\/?p=7267#primaryimage\"},\"image\":{\"@id\":\"https:\\\/\\\/quehacerpolitico.mx\\\/?p=7267#primaryimage\"},\"thumbnailUrl\":\"\",\"datePublished\":\"2018-10-19T16:17:22+00:00\",\"author\":{\"@id\":\"https:\\\/\\\/quehacerpolitico.mx\\\/#\\\/schema\\\/person\\\/496d8ad2d1d3f8036101dca7ee39e585\"},\"breadcrumb\":{\"@id\":\"https:\\\/\\\/quehacerpolitico.mx\\\/?p=7267#breadcrumb\"},\"inLanguage\":\"es\",\"potentialAction\":[{\"@type\":\"ReadAction\",\"target\":[\"https:\\\/\\\/quehacerpolitico.mx\\\/?p=7267\"]}]},{\"@type\":\"ImageObject\",\"inLanguage\":\"es\",\"@id\":\"https:\\\/\\\/quehacerpolitico.mx\\\/?p=7267#primaryimage\",\"url\":\"\",\"contentUrl\":\"\"},{\"@type\":\"BreadcrumbList\",\"@id\":\"https:\\\/\\\/quehacerpolitico.mx\\\/?p=7267#breadcrumb\",\"itemListElement\":[{\"@type\":\"ListItem\",\"position\":1,\"name\":\"Inicio\",\"item\":\"https:\\\/\\\/quehacerpolitico.mx\\\/\"},{\"@type\":\"ListItem\",\"position\":2,\"name\":\"Armando Quintero, Alcalde de Iztacalco, presenta un importante programa en favor de las mujeres.\"}]},{\"@type\":\"WebSite\",\"@id\":\"https:\\\/\\\/quehacerpolitico.mx\\\/#website\",\"url\":\"https:\\\/\\\/quehacerpolitico.mx\\\/\",\"name\":\"\",\"description\":\"\",\"potentialAction\":[{\"@type\":\"SearchAction\",\"target\":{\"@type\":\"EntryPoint\",\"urlTemplate\":\"https:\\\/\\\/quehacerpolitico.mx\\\/?s={search_term_string}\"},\"query-input\":{\"@type\":\"PropertyValueSpecification\",\"valueRequired\":true,\"valueName\":\"search_term_string\"}}],\"inLanguage\":\"es\"},{\"@type\":\"Person\",\"@id\":\"https:\\\/\\\/quehacerpolitico.mx\\\/#\\\/schema\\\/person\\\/496d8ad2d1d3f8036101dca7ee39e585\",\"name\":\"Redacci\u00f3n QP\",\"image\":{\"@type\":\"ImageObject\",\"inLanguage\":\"es\",\"@id\":\"https:\\\/\\\/secure.gravatar.com\\\/avatar\\\/c7164ed6fdec453195284ad24a5ae5b6e1eed2b848477fa2a4787ba9adf39a41?s=96&d=mm&r=g\",\"url\":\"https:\\\/\\\/secure.gravatar.com\\\/avatar\\\/c7164ed6fdec453195284ad24a5ae5b6e1eed2b848477fa2a4787ba9adf39a41?s=96&d=mm&r=g\",\"contentUrl\":\"https:\\\/\\\/secure.gravatar.com\\\/avatar\\\/c7164ed6fdec453195284ad24a5ae5b6e1eed2b848477fa2a4787ba9adf39a41?s=96&d=mm&r=g\",\"caption\":\"Redacci\u00f3n QP\"},\"url\":\"https:\\\/\\\/quehacerpolitico.mx\\\/?author=2\"}]}<\/script>\n<!-- \/ Yoast SEO plugin. -->","yoast_head_json":{"title":"Armando Quintero, Alcalde de Iztacalco, presenta un importante programa en favor de las mujeres. -","robots":{"index":"index","follow":"follow","max-snippet":"max-snippet:-1","max-image-preview":"max-image-preview:large","max-video-preview":"max-video-preview:-1"},"canonical":"https:\/\/quehacerpolitico.mx\/?p=7267","og_locale":"es_MX","og_type":"article","og_title":"Armando Quintero, Alcalde de Iztacalco, presenta un importante programa en favor de las mujeres. -","og_description":"Armando Quintero, Alcalde de Iztacalco, presenta un importante programa en favor de las mujeres. Por Redacci\u00f3n QP","og_url":"https:\/\/quehacerpolitico.mx\/?p=7267","article_published_time":"2018-10-19T16:17:22+00:00","author":"Redacci\u00f3n QP","twitter_card":"summary_large_image","twitter_misc":{"Escrito por":"Redacci\u00f3n QP","Tiempo de lectura":"2 minutos"},"schema":{"@context":"https:\/\/schema.org","@graph":[{"@type":"Article","@id":"https:\/\/quehacerpolitico.mx\/?p=7267#article","isPartOf":{"@id":"https:\/\/quehacerpolitico.mx\/?p=7267"},"author":{"name":"Redacci\u00f3n QP","@id":"https:\/\/quehacerpolitico.mx\/#\/schema\/person\/496d8ad2d1d3f8036101dca7ee39e585"},"headline":"Armando Quintero, Alcalde de Iztacalco, presenta un importante programa en favor de las mujeres.","datePublished":"2018-10-19T16:17:22+00:00","mainEntityOfPage":{"@id":"https:\/\/quehacerpolitico.mx\/?p=7267"},"wordCount":371,"commentCount":0,"image":{"@id":"https:\/\/quehacerpolitico.mx\/?p=7267#primaryimage"},"thumbnailUrl":"","articleSection":["CDMX"],"inLanguage":"es","potentialAction":[{"@type":"CommentAction","name":"Comment","target":["https:\/\/quehacerpolitico.mx\/?p=7267#respond"]}]},{"@type":"WebPage","@id":"https:\/\/quehacerpolitico.mx\/?p=7267","url":"https:\/\/quehacerpolitico.mx\/?p=7267","name":"Armando Quintero, Alcalde de Iztacalco, presenta un importante programa en favor de las mujeres. -","isPartOf":{"@id":"https:\/\/quehacerpolitico.mx\/#website"},"primaryImageOfPage":{"@id":"https:\/\/quehacerpolitico.mx\/?p=7267#primaryimage"},"image":{"@id":"https:\/\/quehacerpolitico.mx\/?p=7267#primaryimage"},"thumbnailUrl":"","datePublished":"2018-10-19T16:17:22+00:00","author":{"@id":"https:\/\/quehacerpolitico.mx\/#\/schema\/person\/496d8ad2d1d3f8036101dca7ee39e585"},"breadcrumb":{"@id":"https:\/\/quehacerpolitico.mx\/?p=7267#breadcrumb"},"inLanguage":"es","potentialAction":[{"@type":"ReadAction","target":["https:\/\/quehacerpolitico.mx\/?p=7267"]}]},{"@type":"ImageObject","inLanguage":"es","@id":"https:\/\/quehacerpolitico.mx\/?p=7267#primaryimage","url":"","contentUrl":""},{"@type":"BreadcrumbList","@id":"https:\/\/quehacerpolitico.mx\/?p=7267#breadcrumb","itemListElement":[{"@type":"ListItem","position":1,"name":"Inicio","item":"https:\/\/quehacerpolitico.mx\/"},{"@type":"ListItem","position":2,"name":"Armando Quintero, Alcalde de Iztacalco, presenta un importante programa en favor de las mujeres."}]},{"@type":"WebSite","@id":"https:\/\/quehacerpolitico.mx\/#website","url":"https:\/\/quehacerpolitico.mx\/","name":"","description":"","potentialAction":[{"@type":"SearchAction","target":{"@type":"EntryPoint","urlTemplate":"https:\/\/quehacerpolitico.mx\/?s={search_term_string}"},"query-input":{"@type":"PropertyValueSpecification","valueRequired":true,"valueName":"search_term_string"}}],"inLanguage":"es"},{"@type":"Person","@id":"https:\/\/quehacerpolitico.mx\/#\/schema\/person\/496d8ad2d1d3f8036101dca7ee39e585","name":"Redacci\u00f3n QP","image":{"@type":"ImageObject","inLanguage":"es","@id":"https:\/\/secure.gravatar.com\/avatar\/c7164ed6fdec453195284ad24a5ae5b6e1eed2b848477fa2a4787ba9adf39a41?s=96&d=mm&r=g","url":"https:\/\/secure.gravatar.com\/avatar\/c7164ed6fdec453195284ad24a5ae5b6e1eed2b848477fa2a4787ba9adf39a41?s=96&d=mm&r=g","contentUrl":"https:\/\/secure.gravatar.com\/avatar\/c7164ed6fdec453195284ad24a5ae5b6e1eed2b848477fa2a4787ba9adf39a41?s=96&d=mm&r=g","caption":"Redacci\u00f3n QP"},"url":"https:\/\/quehacerpolitico.mx\/?author=2"}]}},"featured_image_urls":{"full":"","thumbnail":"","medium":"","medium_large":"","large":"","1536x1536":"","2048x2048":"","covernews-featured":"","covernews-medium":""},"author_info":{"display_name":"Redacci\u00f3n QP","author_link":"https:\/\/quehacerpolitico.mx\/?author=2"},"category_info":"<a href=\"https:\/\/quehacerpolitico.mx\/?cat=55\" rel=\"category\">CDMX<\/a>","tag_info":"CDMX","comment_count":"0","_links":{"self":[{"href":"https:\/\/quehacerpolitico.mx\/index.php?rest_route=\/wp\/v2\/posts\/7267","targetHints":{"allow":["GET"]}}],"collection":[{"href":"https:\/\/quehacerpolitico.mx\/index.php?rest_route=\/wp\/v2\/posts"}],"about":[{"href":"https:\/\/quehacerpolitico.mx\/index.php?rest_route=\/wp\/v2\/types\/post"}],"author":[{"embeddable":true,"href":"https:\/\/quehacerpolitico.mx\/index.php?rest_route=\/wp\/v2\/users\/2"}],"replies":[{"embeddable":true,"href":"https:\/\/quehacerpolitico.mx\/index.php?rest_route=%2Fwp%2Fv2%2Fcomments&post=7267"}],"version-history":[{"count":0,"href":"https:\/\/quehacerpolitico.mx\/index.php?rest_route=\/wp\/v2\/posts\/7267\/revisions"}],"wp:featuredmedia":[{"embeddable":true,"href":"https:\/\/quehacerpolitico.mx\/index.php?rest_route=\/"}],"wp:attachment":[{"href":"https:\/\/quehacerpolitico.mx\/index.php?rest_route=%2Fwp%2Fv2%2Fmedia&parent=7267"}],"wp:term":[{"taxonomy":"category","embeddable":true,"href":"https:\/\/quehacerpolitico.mx\/index.php?rest_route=%2Fwp%2Fv2%2Fcategories&post=7267"},{"taxonomy":"post_tag","embeddable":true,"href":"https:\/\/quehacerpolitico.mx\/index.php?rest_route=%2Fwp%2Fv2%2Ftags&post=7267"}],"curies":[{"name":"wp","href":"https:\/\/api.w.org\/{rel}","templated":true}]}}