{"id":7257,"date":"2018-10-19T16:00:49","date_gmt":"2018-10-19T16:00:49","guid":{"rendered":"http:\/\/quehacerpolitico.mx\/scjn-retira-proyecto-que-negaba-derechos-a-trabajadoras-del-hogar\/"},"modified":"2018-10-19T16:00:49","modified_gmt":"2018-10-19T16:00:49","slug":"scjn-retira-proyecto-que-negaba-derechos-a-trabajadoras-del-hogar","status":"publish","type":"post","link":"https:\/\/quehacerpolitico.mx\/?p=7257","title":{"rendered":"SCJN retira proyecto que negaba derechos a trabajadoras del hogar"},"content":{"rendered":"<h2 class=\"genTitle\">SCJN retira proyecto que negaba derechos a trabajadoras del hogar<\/h2>\n<p>La Suprema Corte de Justicia de la Naci\u00f3n (<strong>SCJN<\/strong>) retir\u00f3 un proyecto que negaba a las trabajadoras del hogar el reconocimiento de sus derechos laborales.<\/p>\n<p>El proyecto lo present\u00f3 el ministro <strong>Alberto P\u00e9rez Day\u00e1n<\/strong>, calificado por Organizaciones No Gubernamentales (ONG\u00b4S) como discriminatorio.<\/p>\n<blockquote>\n<p>\u201cEl hecho de que los empleados dom\u00e9sticos no se encuentren contemplados dentro del r\u00e9gimen obligatorio del Seguro Social atiende a una diferenciaci\u00f3n objetiva y razonable, a saber, que los empleados dom\u00e9sticos se distinguen intr\u00ednsecamente de los dem\u00e1s trabajadores, ya que la naturaleza y especificidades de su labores es de car\u00e1cter especial\u201d, se le\u00eda en el proyecto.<\/p>\n<\/blockquote>\n<h3>-Carta de activistas-<\/h3>\n<p>Por lo anterior, m\u00e1s de 120 activistas, defensores de derechos humanos y acad\u00e9micos publicaron una carta en la que acusaron que el proyecto 9\/2018, que ser\u00eda discutido en la Segunda Sala de la SCJN, era discriminatorio, porque legitimaba <strong>\u201cun trato asim\u00e9trico\u201d<\/strong> en materia de <strong>seguridad laboral.<\/strong><\/p>\n<p>Las organizaciones hicieron un llamado a los <strong>ministros de la Corte<\/strong> para que la redacci\u00f3n del nuevo proyecto \u201cest\u00e9 apegado a los est\u00e1ndares m\u00e1s altos de protecci\u00f3n de derechos humanos laborales para este sector de trabajadoras\u201d.<\/p>\n<p>Asimismo, hicieron un llamado al Legislativo para que realice las modificaciones necesarias a la Ley del Seguro Social y a la Ley Federal del Trabajo \u201cpara sentar las bases de igualdad que hist\u00f3ricamente se le han negado a este sector\u201d.<\/p>\n<h3>-Discriminaci\u00f3n-<\/h3>\n<p>El Consejo Nacional para Prevenir la Discriminaci\u00f3n (<strong>CONAPRED<\/strong>) informa que en M\u00e9xico, 2.3 millones de personas el equivalente a la poblaci\u00f3n total de Tabasco se dedican al trabajo del hogar, de ellas el 90% es mujer (<strong>INEGI<\/strong> 2016).<\/p>\n<p>Las trabajadoras del hogar han sido hist\u00f3ricamente objeto de una discriminaci\u00f3n estructural. Esto se debe a que enfrentan obst\u00e1culos para ejercer sus derechos a ra\u00edz, sobre todo, de la naturaleza misma de su empleo.<\/p>\n<blockquote>\n<p>La mayor parte de la sociedad no considera al trabajo del hogar como una ocupaci\u00f3n \u201creal\u201d, sino como parte de las actividades \u201cnormales\u201d o \u201cnaturales\u201d de las mujeres. \u00c9ste es un sector particularmente invisible y estigmatizado.<\/p>\n<\/blockquote>\n<h3>-Campa\u00f1a-<\/h3>\n<p>Con la finalidad de combatir la discriminaci\u00f3n, en febrero de este a\u00f1o se impuls\u00f3 en M\u00e9xico la campa\u00f1a <strong>\u201cEmpleo justo en casa\u201d<\/strong> con la finalidad de hacer visible la labor de 2.4 millones de trabajadoras del hogar en el pa\u00eds, e impulsar la lucha por sus derechos laborales.<\/p>\n<blockquote>\n<p>\u201cEl objetivo es llamar a empleadoras y empleadores de trabajadores del hogar a ser justos y reconocer los derechos que las trabajadoras ya tienen hoy por ley, y que no necesariamente conocemos, respetamos y garantizamos\u201d, explic\u00f3 la directora del Instituto de Liderazgo Simone de Beauvoir (ILSB), <strong>Ximena Andi\u00f3n.<\/strong><\/p>\n<\/blockquote>\n<p>Actualmente, tanto la <strong>Ley Federal del Trabajo<\/strong> como la Ley del Seguro Social contienen cap\u00edtulos espec\u00edficos para el trabajo dom\u00e9stico, con derecho a aguinaldo y vacaciones, pero con aspectos \u201cdiscriminatorios\u201d como jornadas de 12 horas.<\/p>\n<p>Por este motivo, <strong>la campa\u00f1a busca crear conciencia desde los hogares, a partir de comerciales en televisi\u00f3n<\/strong>, carteles publicitarios y una p\u00e1gina web que incluir\u00e1 desde ejemplos de contrato laboral a un manual del buen empleador.<\/p>\n","protected":false},"excerpt":{"rendered":"<p>SCJN retira proyecto que negaba derechos a trabajadoras del hogar<br \/>\nPor Redacci\u00f3n QP<\/p>\n","protected":false},"author":2,"featured_media":7256,"comment_status":"open","ping_status":"open","sticky":false,"template":"","format":"standard","meta":{"_monsterinsights_skip_tracking":false,"_monsterinsights_sitenote_active":false,"_monsterinsights_sitenote_note":"","_monsterinsights_sitenote_category":0,"footnotes":""},"categories":[2],"tags":[],"class_list":["post-7257","post","type-post","status-publish","format-standard","has-post-thumbnail","hentry","category-noticias"],"yoast_head":"<!-- This site is optimized with the Yoast SEO plugin v27.3 - https:\/\/yoast.com\/product\/yoast-seo-wordpress\/ -->\n<title>SCJN retira proyecto que negaba derechos a trabajadoras del hogar -<\/title>\n<meta name=\"robots\" content=\"index, follow, max-snippet:-1, max-image-preview:large, max-video-preview:-1\" \/>\n<link rel=\"canonical\" href=\"https:\/\/quehacerpolitico.mx\/?p=7257\" \/>\n<meta property=\"og:locale\" content=\"es_MX\" \/>\n<meta property=\"og:type\" content=\"article\" \/>\n<meta property=\"og:title\" content=\"SCJN retira proyecto que negaba derechos a trabajadoras del hogar -\" \/>\n<meta property=\"og:description\" content=\"SCJN retira proyecto que negaba derechos a trabajadoras del hogar Por Redacci\u00f3n QP\" \/>\n<meta property=\"og:url\" content=\"https:\/\/quehacerpolitico.mx\/?p=7257\" \/>\n<meta property=\"article:published_time\" content=\"2018-10-19T16:00:49+00:00\" \/>\n<meta name=\"author\" content=\"Redacci\u00f3n QP\" \/>\n<meta name=\"twitter:card\" content=\"summary_large_image\" \/>\n<meta name=\"twitter:label1\" content=\"Escrito por\" \/>\n\t<meta name=\"twitter:data1\" content=\"Redacci\u00f3n QP\" \/>\n\t<meta name=\"twitter:label2\" content=\"Tiempo de lectura\" \/>\n\t<meta name=\"twitter:data2\" content=\"3 minutos\" \/>\n<script type=\"application\/ld+json\" class=\"yoast-schema-graph\">{\"@context\":\"https:\\\/\\\/schema.org\",\"@graph\":[{\"@type\":\"Article\",\"@id\":\"https:\\\/\\\/quehacerpolitico.mx\\\/?p=7257#article\",\"isPartOf\":{\"@id\":\"https:\\\/\\\/quehacerpolitico.mx\\\/?p=7257\"},\"author\":{\"name\":\"Redacci\u00f3n QP\",\"@id\":\"https:\\\/\\\/quehacerpolitico.mx\\\/#\\\/schema\\\/person\\\/496d8ad2d1d3f8036101dca7ee39e585\"},\"headline\":\"SCJN retira proyecto que negaba derechos a trabajadoras del hogar\",\"datePublished\":\"2018-10-19T16:00:49+00:00\",\"mainEntityOfPage\":{\"@id\":\"https:\\\/\\\/quehacerpolitico.mx\\\/?p=7257\"},\"wordCount\":556,\"commentCount\":0,\"image\":{\"@id\":\"https:\\\/\\\/quehacerpolitico.mx\\\/?p=7257#primaryimage\"},\"thumbnailUrl\":\"\",\"articleSection\":[\"Noticias\"],\"inLanguage\":\"es\",\"potentialAction\":[{\"@type\":\"CommentAction\",\"name\":\"Comment\",\"target\":[\"https:\\\/\\\/quehacerpolitico.mx\\\/?p=7257#respond\"]}]},{\"@type\":\"WebPage\",\"@id\":\"https:\\\/\\\/quehacerpolitico.mx\\\/?p=7257\",\"url\":\"https:\\\/\\\/quehacerpolitico.mx\\\/?p=7257\",\"name\":\"SCJN retira proyecto que negaba derechos a trabajadoras del hogar -\",\"isPartOf\":{\"@id\":\"https:\\\/\\\/quehacerpolitico.mx\\\/#website\"},\"primaryImageOfPage\":{\"@id\":\"https:\\\/\\\/quehacerpolitico.mx\\\/?p=7257#primaryimage\"},\"image\":{\"@id\":\"https:\\\/\\\/quehacerpolitico.mx\\\/?p=7257#primaryimage\"},\"thumbnailUrl\":\"\",\"datePublished\":\"2018-10-19T16:00:49+00:00\",\"author\":{\"@id\":\"https:\\\/\\\/quehacerpolitico.mx\\\/#\\\/schema\\\/person\\\/496d8ad2d1d3f8036101dca7ee39e585\"},\"breadcrumb\":{\"@id\":\"https:\\\/\\\/quehacerpolitico.mx\\\/?p=7257#breadcrumb\"},\"inLanguage\":\"es\",\"potentialAction\":[{\"@type\":\"ReadAction\",\"target\":[\"https:\\\/\\\/quehacerpolitico.mx\\\/?p=7257\"]}]},{\"@type\":\"ImageObject\",\"inLanguage\":\"es\",\"@id\":\"https:\\\/\\\/quehacerpolitico.mx\\\/?p=7257#primaryimage\",\"url\":\"\",\"contentUrl\":\"\"},{\"@type\":\"BreadcrumbList\",\"@id\":\"https:\\\/\\\/quehacerpolitico.mx\\\/?p=7257#breadcrumb\",\"itemListElement\":[{\"@type\":\"ListItem\",\"position\":1,\"name\":\"Inicio\",\"item\":\"https:\\\/\\\/quehacerpolitico.mx\\\/\"},{\"@type\":\"ListItem\",\"position\":2,\"name\":\"SCJN retira proyecto que negaba derechos a trabajadoras del hogar\"}]},{\"@type\":\"WebSite\",\"@id\":\"https:\\\/\\\/quehacerpolitico.mx\\\/#website\",\"url\":\"https:\\\/\\\/quehacerpolitico.mx\\\/\",\"name\":\"\",\"description\":\"\",\"potentialAction\":[{\"@type\":\"SearchAction\",\"target\":{\"@type\":\"EntryPoint\",\"urlTemplate\":\"https:\\\/\\\/quehacerpolitico.mx\\\/?s={search_term_string}\"},\"query-input\":{\"@type\":\"PropertyValueSpecification\",\"valueRequired\":true,\"valueName\":\"search_term_string\"}}],\"inLanguage\":\"es\"},{\"@type\":\"Person\",\"@id\":\"https:\\\/\\\/quehacerpolitico.mx\\\/#\\\/schema\\\/person\\\/496d8ad2d1d3f8036101dca7ee39e585\",\"name\":\"Redacci\u00f3n QP\",\"image\":{\"@type\":\"ImageObject\",\"inLanguage\":\"es\",\"@id\":\"https:\\\/\\\/secure.gravatar.com\\\/avatar\\\/c7164ed6fdec453195284ad24a5ae5b6e1eed2b848477fa2a4787ba9adf39a41?s=96&d=mm&r=g\",\"url\":\"https:\\\/\\\/secure.gravatar.com\\\/avatar\\\/c7164ed6fdec453195284ad24a5ae5b6e1eed2b848477fa2a4787ba9adf39a41?s=96&d=mm&r=g\",\"contentUrl\":\"https:\\\/\\\/secure.gravatar.com\\\/avatar\\\/c7164ed6fdec453195284ad24a5ae5b6e1eed2b848477fa2a4787ba9adf39a41?s=96&d=mm&r=g\",\"caption\":\"Redacci\u00f3n QP\"},\"url\":\"https:\\\/\\\/quehacerpolitico.mx\\\/?author=2\"}]}<\/script>\n<!-- \/ Yoast SEO plugin. -->","yoast_head_json":{"title":"SCJN retira proyecto que negaba derechos a trabajadoras del hogar -","robots":{"index":"index","follow":"follow","max-snippet":"max-snippet:-1","max-image-preview":"max-image-preview:large","max-video-preview":"max-video-preview:-1"},"canonical":"https:\/\/quehacerpolitico.mx\/?p=7257","og_locale":"es_MX","og_type":"article","og_title":"SCJN retira proyecto que negaba derechos a trabajadoras del hogar -","og_description":"SCJN retira proyecto que negaba derechos a trabajadoras del hogar Por Redacci\u00f3n QP","og_url":"https:\/\/quehacerpolitico.mx\/?p=7257","article_published_time":"2018-10-19T16:00:49+00:00","author":"Redacci\u00f3n QP","twitter_card":"summary_large_image","twitter_misc":{"Escrito por":"Redacci\u00f3n QP","Tiempo de lectura":"3 minutos"},"schema":{"@context":"https:\/\/schema.org","@graph":[{"@type":"Article","@id":"https:\/\/quehacerpolitico.mx\/?p=7257#article","isPartOf":{"@id":"https:\/\/quehacerpolitico.mx\/?p=7257"},"author":{"name":"Redacci\u00f3n QP","@id":"https:\/\/quehacerpolitico.mx\/#\/schema\/person\/496d8ad2d1d3f8036101dca7ee39e585"},"headline":"SCJN retira proyecto que negaba derechos a trabajadoras del hogar","datePublished":"2018-10-19T16:00:49+00:00","mainEntityOfPage":{"@id":"https:\/\/quehacerpolitico.mx\/?p=7257"},"wordCount":556,"commentCount":0,"image":{"@id":"https:\/\/quehacerpolitico.mx\/?p=7257#primaryimage"},"thumbnailUrl":"","articleSection":["Noticias"],"inLanguage":"es","potentialAction":[{"@type":"CommentAction","name":"Comment","target":["https:\/\/quehacerpolitico.mx\/?p=7257#respond"]}]},{"@type":"WebPage","@id":"https:\/\/quehacerpolitico.mx\/?p=7257","url":"https:\/\/quehacerpolitico.mx\/?p=7257","name":"SCJN retira proyecto que negaba derechos a trabajadoras del hogar -","isPartOf":{"@id":"https:\/\/quehacerpolitico.mx\/#website"},"primaryImageOfPage":{"@id":"https:\/\/quehacerpolitico.mx\/?p=7257#primaryimage"},"image":{"@id":"https:\/\/quehacerpolitico.mx\/?p=7257#primaryimage"},"thumbnailUrl":"","datePublished":"2018-10-19T16:00:49+00:00","author":{"@id":"https:\/\/quehacerpolitico.mx\/#\/schema\/person\/496d8ad2d1d3f8036101dca7ee39e585"},"breadcrumb":{"@id":"https:\/\/quehacerpolitico.mx\/?p=7257#breadcrumb"},"inLanguage":"es","potentialAction":[{"@type":"ReadAction","target":["https:\/\/quehacerpolitico.mx\/?p=7257"]}]},{"@type":"ImageObject","inLanguage":"es","@id":"https:\/\/quehacerpolitico.mx\/?p=7257#primaryimage","url":"","contentUrl":""},{"@type":"BreadcrumbList","@id":"https:\/\/quehacerpolitico.mx\/?p=7257#breadcrumb","itemListElement":[{"@type":"ListItem","position":1,"name":"Inicio","item":"https:\/\/quehacerpolitico.mx\/"},{"@type":"ListItem","position":2,"name":"SCJN retira proyecto que negaba derechos a trabajadoras del hogar"}]},{"@type":"WebSite","@id":"https:\/\/quehacerpolitico.mx\/#website","url":"https:\/\/quehacerpolitico.mx\/","name":"","description":"","potentialAction":[{"@type":"SearchAction","target":{"@type":"EntryPoint","urlTemplate":"https:\/\/quehacerpolitico.mx\/?s={search_term_string}"},"query-input":{"@type":"PropertyValueSpecification","valueRequired":true,"valueName":"search_term_string"}}],"inLanguage":"es"},{"@type":"Person","@id":"https:\/\/quehacerpolitico.mx\/#\/schema\/person\/496d8ad2d1d3f8036101dca7ee39e585","name":"Redacci\u00f3n QP","image":{"@type":"ImageObject","inLanguage":"es","@id":"https:\/\/secure.gravatar.com\/avatar\/c7164ed6fdec453195284ad24a5ae5b6e1eed2b848477fa2a4787ba9adf39a41?s=96&d=mm&r=g","url":"https:\/\/secure.gravatar.com\/avatar\/c7164ed6fdec453195284ad24a5ae5b6e1eed2b848477fa2a4787ba9adf39a41?s=96&d=mm&r=g","contentUrl":"https:\/\/secure.gravatar.com\/avatar\/c7164ed6fdec453195284ad24a5ae5b6e1eed2b848477fa2a4787ba9adf39a41?s=96&d=mm&r=g","caption":"Redacci\u00f3n QP"},"url":"https:\/\/quehacerpolitico.mx\/?author=2"}]}},"featured_image_urls":{"full":"","thumbnail":"","medium":"","medium_large":"","large":"","1536x1536":"","2048x2048":"","covernews-featured":"","covernews-medium":""},"author_info":{"display_name":"Redacci\u00f3n QP","author_link":"https:\/\/quehacerpolitico.mx\/?author=2"},"category_info":"<a href=\"https:\/\/quehacerpolitico.mx\/?cat=2\" rel=\"category\">Noticias<\/a>","tag_info":"Noticias","comment_count":"0","_links":{"self":[{"href":"https:\/\/quehacerpolitico.mx\/index.php?rest_route=\/wp\/v2\/posts\/7257","targetHints":{"allow":["GET"]}}],"collection":[{"href":"https:\/\/quehacerpolitico.mx\/index.php?rest_route=\/wp\/v2\/posts"}],"about":[{"href":"https:\/\/quehacerpolitico.mx\/index.php?rest_route=\/wp\/v2\/types\/post"}],"author":[{"embeddable":true,"href":"https:\/\/quehacerpolitico.mx\/index.php?rest_route=\/wp\/v2\/users\/2"}],"replies":[{"embeddable":true,"href":"https:\/\/quehacerpolitico.mx\/index.php?rest_route=%2Fwp%2Fv2%2Fcomments&post=7257"}],"version-history":[{"count":0,"href":"https:\/\/quehacerpolitico.mx\/index.php?rest_route=\/wp\/v2\/posts\/7257\/revisions"}],"wp:featuredmedia":[{"embeddable":true,"href":"https:\/\/quehacerpolitico.mx\/index.php?rest_route=\/"}],"wp:attachment":[{"href":"https:\/\/quehacerpolitico.mx\/index.php?rest_route=%2Fwp%2Fv2%2Fmedia&parent=7257"}],"wp:term":[{"taxonomy":"category","embeddable":true,"href":"https:\/\/quehacerpolitico.mx\/index.php?rest_route=%2Fwp%2Fv2%2Fcategories&post=7257"},{"taxonomy":"post_tag","embeddable":true,"href":"https:\/\/quehacerpolitico.mx\/index.php?rest_route=%2Fwp%2Fv2%2Ftags&post=7257"}],"curies":[{"name":"wp","href":"https:\/\/api.w.org\/{rel}","templated":true}]}}