{"id":7251,"date":"2018-10-19T15:41:41","date_gmt":"2018-10-19T15:41:41","guid":{"rendered":"http:\/\/quehacerpolitico.mx\/ramon-n-acusado-de-abusar-a-37-ninos-en-cdmx-se-escondia-en-un-centro-de-adicciones-de-edomex\/"},"modified":"2018-10-19T15:41:41","modified_gmt":"2018-10-19T15:41:41","slug":"ramon-n-acusado-de-abusar-a-37-ninos-en-cdmx-se-escondia-en-un-centro-de-adicciones-de-edomex","status":"publish","type":"post","link":"https:\/\/quehacerpolitico.mx\/?p=7251","title":{"rendered":"Ram\u00f3n \u201cN\u201d, acusado de abusar a 37 ni\u00f1os en CdMx, se escond\u00eda en un centro de adicciones de Edomex"},"content":{"rendered":"<h1>Ram\u00f3n \u201cN\u201d, acusado de abusar a 37 ni\u00f1os en CdMx, se escond\u00eda en un centro de adicciones de Edomex<\/h1>\n<p>Personal de la Procuradur\u00eda General de la Rep\u00fablica (PGR) y de la\u00a0<strong>Fiscal\u00eda General de Justicia del Estado de M\u00e9xico<\/strong>(FGJEM) detuvieron anoche a\u00a0Ram\u00f3n \u201cN\u201d,\u00a0<strong>presunto agresor sexual de cerca de 37 alumnos<\/strong> del <strong>k\u00ednder<\/strong>\u00a0\u201cMarcelino Champagnat\u201d, ubicado en la Ciudad de M\u00e9xico,\u00a0en una cl\u00ednica para tratar adicciones de la\u00a0colonia Jardines de Casa Nueva, en Ecatepec, Estado de M\u00e9xico.<\/p>\n<blockquote>\n<p>La Procuradur\u00eda General lo inform\u00f3 as\u00ed en su cuenta de Twitter: \u201cPersonal de <b>PGR<\/b> y <b>PoliciaFedMex<\/b>, en coordinaci\u00f3n con la <b>FiscaliaEdomex<\/b>, cumpliment\u00f3 una orden de aprehensi\u00f3n contra Ram\u00f3n \u201cM\u201d, por su probable responsabilidad en el delito de pederastia, en agravio de un menor de tres a\u00f1os de edad, en el interior de un jard\u00edn de ni\u00f1os\u201d.<\/p>\n<blockquote class=\"twitter-tweet\" data-width=\"550\" data-dnt=\"true\">\n<p lang=\"es\" dir=\"ltr\">Elementos de la PGR y de la Policia Federal detuvieron a Ram\u00f3n \u201cM\u201d, el sujeto que supuestamente abus\u00f3 de de varios menores en el k\u00ednder Marcelino de Champagnat, en San Juan de Arag\u00f3n <a href=\"https:\/\/t.co\/229hWpR8FZ\">pic.twitter.com\/229hWpR8FZ<\/a><\/p>\n<p>&mdash; Ruido en la Red (@RuidoEnLaRed) <a href=\"https:\/\/twitter.com\/RuidoEnLaRed\/status\/1053295187588497409?ref_src=twsrc%5Etfw\">October 19, 2018<\/a><\/p><\/blockquote>\n<p><script async src=\"https:\/\/platform.twitter.com\/widgets.js\" charset=\"utf-8\"><\/script><\/p>\n<p>De acuerdo con la informaci\u00f3n, el sujeto fue trasladado esta ma\u00f1ana a la Subprocuradur\u00eda Especializada en Investigaci\u00f3n de Delincuencia Organizada (SEIDO), de la PGR, donde enfrentar\u00e1 las acusaciones que se le imputan.<\/p>\n<blockquote class=\"twitter-tweet\" data-width=\"550\" data-dnt=\"true\">\n<p lang=\"es\" dir=\"ltr\">Personal de <a href=\"https:\/\/twitter.com\/hashtag\/PGR?src=hash&amp;ref_src=twsrc%5Etfw\">#PGR<\/a> y <a href=\"https:\/\/twitter.com\/PoliciaFedMex?ref_src=twsrc%5Etfw\">@PoliciaFedMex<\/a>, en coordinaci\u00f3n con la <a href=\"https:\/\/twitter.com\/FiscaliaEdomex?ref_src=twsrc%5Etfw\">@FiscaliaEdomex<\/a>, cumpliment\u00f3 una orden de aprehensi\u00f3n contra Ram\u00f3n \u201cM\u201d, por su probable responsabilidad en el delito de pederastia, en agravio de un menor de tres a\u00f1os de edad, en el interior de un jard\u00edn de ni\u00f1os. <a href=\"https:\/\/t.co\/SzIs06Oxcn\">pic.twitter.com\/SzIs06Oxcn<\/a><\/p>\n<p>&mdash; FGR M\u00e9xico (@FGRMexico) <a href=\"https:\/\/twitter.com\/FGRMexico\/status\/1053293792848154626?ref_src=twsrc%5Etfw\">October 19, 2018<\/a><\/p><\/blockquote>\n<p><script async src=\"https:\/\/platform.twitter.com\/widgets.js\" charset=\"utf-8\"><\/script><\/p>\n<p>Asimismo, esta ma\u00f1ana <em>A Fondo Edomex<\/em>report\u00f3 que con\u00a0base en un convenio de colaboraci\u00f3n, las autoridades mexiquenses iniciaron la b\u00fasqueda del hombre, por lo que fue aprehendido en un \u201canexo\u201d del municipio de Ecatepec.<\/p>\n<p>El pasado 16 de octubre, padres de familia del Jard\u00edn de Ni\u00f1os\u00a0\u201cMarcelino de Champangat\u201d, ubicado en la colonia San Juan de Arag\u00f3n, Alcald\u00eda Gustavo A. Madero, se dieron cita fuera del colegio para\u00a0denunciar casos de presunto <strong>abuso sexual<\/strong>\u00a0cometidos por un\u00a0empleado.<\/p>\n<blockquote>\n<p>Seg\u00fan los padres de familia, el presunto culpable, quien fue identificado como\u00a0Ram\u00f3n \u201cN\u201d, <strong>abus\u00f3 de cerca de 37 ni\u00f1os<\/strong> en los sanitarios del plantel.<\/p>\n<\/blockquote>\n<p>En un inicio los padres cerraron la avenida 608 de esta Alcald\u00eda, sin embargo, polic\u00edas capitalinos los replegaron. Luego, los denunciantes se posesionaron fuera del plantel y colocaron pancartas.<\/p>\n<p>Adem\u00e1s, informaron que el pasado 15 de agosto levantaron una denuncia contra este trabajador en la Fiscal\u00eda Central de Investigaci\u00f3n para la Atenci\u00f3n de Delitos Sexuales.<\/p>\n<p><strong>PGR INCIA INVESTIGACI\u00d3N<\/strong><\/p>\n<p>La\u00a0Procuradur\u00eda General de la Rep\u00fablica (PGR) inform\u00f3 al d\u00eda siguiente que ya investiga el caso de\u00a0abuso sexual\u00a0contra los estudiantes de un k\u00ednder en la alcald\u00eda de Gustavo A. Madero, en la\u00a0Ciudad de M\u00e9xico.<\/p>\n<p>La autoridad indic\u00f3 el pasado 17 de octubre que tras recibir la denuncia, se inici\u00f3 una\u00a0una carpeta de investigaci\u00f3n. Representantes de la PGR sostuvieron una reuni\u00f3n con\u00a0padres de familia de los ni\u00f1os y ni\u00f1as v\u00edctimas.<\/p>\n<blockquote>\n<p>Durante la reuni\u00f3n a la que asistieron representantes de la Subsecretar\u00eda de Derechos Humanos, Prevenci\u00f3n del Delito y Servicios a la Comunidad (SDHPDSC), la Comisi\u00f3n Nacional de Derechos Humanos (CNDH), la Secretar\u00eda de Educaci\u00f3n P\u00fablica (SEP), el Sistema Nacional para el Desarrollo Integral de la Familia (DIF), la Comisi\u00f3n Ejecutiva de Atenci\u00f3n a V\u00edctimas (CEAV), la Ciudad de M\u00e9xico y la Procuradur\u00eda Federal de Protecci\u00f3n a Ni\u00f1os, Ni\u00f1as y Adolescentes, las autoridades se\u00f1alaron la forma en que se trabajar\u00e1 en el tema.<\/p>\n<\/blockquote>\n<p>Se detall\u00f3 adem\u00e1s que ya se labora con un equipo multidisciplinario en el caso de cuatro de los ni\u00f1os que fueron v\u00edctimas. Hasta el momento, la PGR ha tomado m\u00e1s de 20 declaraciones de los padres de familia.<\/p>\n<blockquote>\n<p>Asimismo, se expuso tambi\u00e9n que personal especializado de la Fiscal\u00eda Especial para los Delitos de Violencia contra las Mujeres y Trata de Personas (FEVIMTRA) ya acudi\u00f3 al jard\u00edn de ni\u00f1os para realizar diversas diligencias con el objeto de agilizar el proceso de investigaci\u00f3n.<\/p>\n<\/blockquote>\n<p>Las autoridades explicaron el procedimiento del proceso de entrevista a los menores para rendir declaraci\u00f3n y se enfatiz\u00f3 que en todo momento se actuar\u00e1 con salvaguarda de los derechos humanos y la integridad de los menores.<\/p>\n<p>Tanto la PGR como las dem\u00e1s autoridades federales y locales se comprometieron a trabajar conjuntamente y refrendaron su compromiso para esclarecer el caso en agravio de menores, cuyas edades oscilan entre los tres y cinco a\u00f1os.<\/p>\n<p><strong>SEP TIENE UBICADOS A RESPONSABLES: PADRES<\/strong><\/p>\n<p>Padres de los ni\u00f1os que sufrieron abuso sexual en el k\u00ednder\u00a0\u201cMarcelino Champagnat\u201d, en la Ciudad de M\u00e9xico, exigieron a las autoridades que presenten a los integrantes del personal de la escuela que son se\u00f1alados por las agresiones.<\/p>\n<p>La Secretar\u00eda de Educaci\u00f3n P\u00fablica (SEP) protege a\u00a0Ram\u00f3n Jacobo Morales, asistente administrativo que es se\u00f1alado por los abusos, de acuerdo con los familiares de las v\u00edctimas.<\/p>\n<blockquote>\n<p>\u201cLa SEP los est\u00e1 escondiendo, saben d\u00f3nde est\u00e1n, el lunes todav\u00eda estaban trabajando, desde el martes ya no se sabe nada de ellos\u201d, se\u00f1al\u00f3 Nancy Garc\u00eda, represente de los padres de familiares.<\/p>\n<\/blockquote>\n<p>\u201cEstamos indignados por c\u00f3mo se han manejado las cosas, ya que la SEP tiene ubicados (a los responsables) y ha querido ocultar este grave delito que se suscit\u00f3 en el turno matutino y vespertino de la escuela\u201d, indic\u00f3.<\/p>\n<blockquote class=\"twitter-tweet\" data-width=\"550\" data-dnt=\"true\">\n<p lang=\"es\" dir=\"ltr\"><a href=\"https:\/\/twitter.com\/hashtag\/ENVIVO?src=hash&amp;ref_src=twsrc%5Etfw\">#ENVIVO<\/a>: Ingresan al reclusorio sur  <br \/> a presunto agresor del Kinder Marcelino De Champagnat en San Juan de <a href=\"https:\/\/twitter.com\/hashtag\/Arag%C3%B3n?src=hash&amp;ref_src=twsrc%5Etfw\">#Arag\u00f3n<\/a>  <a href=\"https:\/\/t.co\/VhfOIWWiK8\">https:\/\/t.co\/VhfOIWWiK8<\/a><\/p>\n<p>&mdash; Milenio (@Milenio) <a href=\"https:\/\/twitter.com\/Milenio\/status\/1053305683821690886?ref_src=twsrc%5Etfw\">October 19, 2018<\/a><\/p><\/blockquote>\n<p><script async src=\"https:\/\/platform.twitter.com\/widgets.js\" charset=\"utf-8\"><\/script><\/p>\n<blockquote class=\"twitter-tweet\" data-width=\"550\" data-dnt=\"true\">\n<p lang=\"es\" dir=\"ltr\"><a href=\"https:\/\/twitter.com\/hashtag\/ENVIVO?src=hash&amp;ref_src=twsrc%5Etfw\">#ENVIVO<\/a>: Padres se re\u00fanen afuera del Kinder Marcelino De Champagnat en San Juan de <a href=\"https:\/\/twitter.com\/hashtag\/Arag%C3%B3n?src=hash&amp;ref_src=twsrc%5Etfw\">#Arag\u00f3n<\/a> tras presunta agresi\u00f3n sexual a ni\u00f1os <a href=\"https:\/\/t.co\/qyVJZuq9yg\">https:\/\/t.co\/qyVJZuq9yg<\/a><\/p>\n<p>&mdash; Milenio (@Milenio) <a href=\"https:\/\/twitter.com\/Milenio\/status\/1053300717493067776?ref_src=twsrc%5Etfw\">October 19, 2018<\/a><\/p><\/blockquote>\n<p><script async src=\"https:\/\/platform.twitter.com\/widgets.js\" charset=\"utf-8\"><\/script><\/p>\n<p>https:\/\/twitter.com\/milenio\/status\/1053293580264058881?s=21<\/p>\n<p>\u00a0<\/p>\n<\/blockquote>\n","protected":false},"excerpt":{"rendered":"<p>Ram\u00f3n \u201cN\u201d, acusado de abusar a 37 ni\u00f1os en CdMx, se escond\u00eda en un centro de adicciones de Edomex<br \/>\nPor Redacci\u00f3n QP<\/p>\n","protected":false},"author":2,"featured_media":7250,"comment_status":"open","ping_status":"open","sticky":false,"template":"","format":"standard","meta":{"_monsterinsights_skip_tracking":false,"_monsterinsights_sitenote_active":false,"_monsterinsights_sitenote_note":"","_monsterinsights_sitenote_category":0,"footnotes":""},"categories":[55],"tags":[],"class_list":["post-7251","post","type-post","status-publish","format-standard","has-post-thumbnail","hentry","category-cdmx"],"yoast_head":"<!-- This site is optimized with the Yoast SEO plugin v27.3 - https:\/\/yoast.com\/product\/yoast-seo-wordpress\/ -->\n<title>Ram\u00f3n \u201cN\u201d, acusado de abusar a 37 ni\u00f1os en CdMx, se escond\u00eda en un centro de adicciones de Edomex -<\/title>\n<meta name=\"robots\" content=\"index, follow, max-snippet:-1, max-image-preview:large, max-video-preview:-1\" \/>\n<link rel=\"canonical\" href=\"https:\/\/quehacerpolitico.mx\/?p=7251\" \/>\n<meta property=\"og:locale\" content=\"es_MX\" \/>\n<meta property=\"og:type\" content=\"article\" \/>\n<meta property=\"og:title\" content=\"Ram\u00f3n \u201cN\u201d, acusado de abusar a 37 ni\u00f1os en CdMx, se escond\u00eda en un centro de adicciones de Edomex -\" \/>\n<meta property=\"og:description\" content=\"Ram\u00f3n \u201cN\u201d, acusado de abusar a 37 ni\u00f1os en CdMx, se escond\u00eda en un centro de adicciones de Edomex Por Redacci\u00f3n QP\" \/>\n<meta property=\"og:url\" content=\"https:\/\/quehacerpolitico.mx\/?p=7251\" \/>\n<meta property=\"article:published_time\" content=\"2018-10-19T15:41:41+00:00\" \/>\n<meta name=\"author\" content=\"Redacci\u00f3n QP\" \/>\n<meta name=\"twitter:card\" content=\"summary_large_image\" \/>\n<meta name=\"twitter:label1\" content=\"Escrito por\" \/>\n\t<meta name=\"twitter:data1\" content=\"Redacci\u00f3n QP\" \/>\n\t<meta name=\"twitter:label2\" content=\"Tiempo de lectura\" \/>\n\t<meta name=\"twitter:data2\" content=\"4 minutos\" \/>\n<script type=\"application\/ld+json\" class=\"yoast-schema-graph\">{\"@context\":\"https:\\\/\\\/schema.org\",\"@graph\":[{\"@type\":\"Article\",\"@id\":\"https:\\\/\\\/quehacerpolitico.mx\\\/?p=7251#article\",\"isPartOf\":{\"@id\":\"https:\\\/\\\/quehacerpolitico.mx\\\/?p=7251\"},\"author\":{\"name\":\"Redacci\u00f3n QP\",\"@id\":\"https:\\\/\\\/quehacerpolitico.mx\\\/#\\\/schema\\\/person\\\/496d8ad2d1d3f8036101dca7ee39e585\"},\"headline\":\"Ram\u00f3n \u201cN\u201d, acusado de abusar a 37 ni\u00f1os en CdMx, se escond\u00eda en un centro de adicciones de Edomex\",\"datePublished\":\"2018-10-19T15:41:41+00:00\",\"mainEntityOfPage\":{\"@id\":\"https:\\\/\\\/quehacerpolitico.mx\\\/?p=7251\"},\"wordCount\":919,\"commentCount\":0,\"image\":{\"@id\":\"https:\\\/\\\/quehacerpolitico.mx\\\/?p=7251#primaryimage\"},\"thumbnailUrl\":\"\",\"articleSection\":[\"CDMX\"],\"inLanguage\":\"es\",\"potentialAction\":[{\"@type\":\"CommentAction\",\"name\":\"Comment\",\"target\":[\"https:\\\/\\\/quehacerpolitico.mx\\\/?p=7251#respond\"]}]},{\"@type\":\"WebPage\",\"@id\":\"https:\\\/\\\/quehacerpolitico.mx\\\/?p=7251\",\"url\":\"https:\\\/\\\/quehacerpolitico.mx\\\/?p=7251\",\"name\":\"Ram\u00f3n \u201cN\u201d, acusado de abusar a 37 ni\u00f1os en CdMx, se escond\u00eda en un centro de adicciones de Edomex -\",\"isPartOf\":{\"@id\":\"https:\\\/\\\/quehacerpolitico.mx\\\/#website\"},\"primaryImageOfPage\":{\"@id\":\"https:\\\/\\\/quehacerpolitico.mx\\\/?p=7251#primaryimage\"},\"image\":{\"@id\":\"https:\\\/\\\/quehacerpolitico.mx\\\/?p=7251#primaryimage\"},\"thumbnailUrl\":\"\",\"datePublished\":\"2018-10-19T15:41:41+00:00\",\"author\":{\"@id\":\"https:\\\/\\\/quehacerpolitico.mx\\\/#\\\/schema\\\/person\\\/496d8ad2d1d3f8036101dca7ee39e585\"},\"breadcrumb\":{\"@id\":\"https:\\\/\\\/quehacerpolitico.mx\\\/?p=7251#breadcrumb\"},\"inLanguage\":\"es\",\"potentialAction\":[{\"@type\":\"ReadAction\",\"target\":[\"https:\\\/\\\/quehacerpolitico.mx\\\/?p=7251\"]}]},{\"@type\":\"ImageObject\",\"inLanguage\":\"es\",\"@id\":\"https:\\\/\\\/quehacerpolitico.mx\\\/?p=7251#primaryimage\",\"url\":\"\",\"contentUrl\":\"\"},{\"@type\":\"BreadcrumbList\",\"@id\":\"https:\\\/\\\/quehacerpolitico.mx\\\/?p=7251#breadcrumb\",\"itemListElement\":[{\"@type\":\"ListItem\",\"position\":1,\"name\":\"Inicio\",\"item\":\"https:\\\/\\\/quehacerpolitico.mx\\\/\"},{\"@type\":\"ListItem\",\"position\":2,\"name\":\"Ram\u00f3n \u201cN\u201d, acusado de abusar a 37 ni\u00f1os en CdMx, se escond\u00eda en un centro de adicciones de Edomex\"}]},{\"@type\":\"WebSite\",\"@id\":\"https:\\\/\\\/quehacerpolitico.mx\\\/#website\",\"url\":\"https:\\\/\\\/quehacerpolitico.mx\\\/\",\"name\":\"\",\"description\":\"\",\"potentialAction\":[{\"@type\":\"SearchAction\",\"target\":{\"@type\":\"EntryPoint\",\"urlTemplate\":\"https:\\\/\\\/quehacerpolitico.mx\\\/?s={search_term_string}\"},\"query-input\":{\"@type\":\"PropertyValueSpecification\",\"valueRequired\":true,\"valueName\":\"search_term_string\"}}],\"inLanguage\":\"es\"},{\"@type\":\"Person\",\"@id\":\"https:\\\/\\\/quehacerpolitico.mx\\\/#\\\/schema\\\/person\\\/496d8ad2d1d3f8036101dca7ee39e585\",\"name\":\"Redacci\u00f3n QP\",\"image\":{\"@type\":\"ImageObject\",\"inLanguage\":\"es\",\"@id\":\"https:\\\/\\\/secure.gravatar.com\\\/avatar\\\/c7164ed6fdec453195284ad24a5ae5b6e1eed2b848477fa2a4787ba9adf39a41?s=96&d=mm&r=g\",\"url\":\"https:\\\/\\\/secure.gravatar.com\\\/avatar\\\/c7164ed6fdec453195284ad24a5ae5b6e1eed2b848477fa2a4787ba9adf39a41?s=96&d=mm&r=g\",\"contentUrl\":\"https:\\\/\\\/secure.gravatar.com\\\/avatar\\\/c7164ed6fdec453195284ad24a5ae5b6e1eed2b848477fa2a4787ba9adf39a41?s=96&d=mm&r=g\",\"caption\":\"Redacci\u00f3n QP\"},\"url\":\"https:\\\/\\\/quehacerpolitico.mx\\\/?author=2\"}]}<\/script>\n<!-- \/ Yoast SEO plugin. -->","yoast_head_json":{"title":"Ram\u00f3n \u201cN\u201d, acusado de abusar a 37 ni\u00f1os en CdMx, se escond\u00eda en un centro de adicciones de Edomex -","robots":{"index":"index","follow":"follow","max-snippet":"max-snippet:-1","max-image-preview":"max-image-preview:large","max-video-preview":"max-video-preview:-1"},"canonical":"https:\/\/quehacerpolitico.mx\/?p=7251","og_locale":"es_MX","og_type":"article","og_title":"Ram\u00f3n \u201cN\u201d, acusado de abusar a 37 ni\u00f1os en CdMx, se escond\u00eda en un centro de adicciones de Edomex -","og_description":"Ram\u00f3n \u201cN\u201d, acusado de abusar a 37 ni\u00f1os en CdMx, se escond\u00eda en un centro de adicciones de Edomex Por Redacci\u00f3n QP","og_url":"https:\/\/quehacerpolitico.mx\/?p=7251","article_published_time":"2018-10-19T15:41:41+00:00","author":"Redacci\u00f3n QP","twitter_card":"summary_large_image","twitter_misc":{"Escrito por":"Redacci\u00f3n QP","Tiempo de lectura":"4 minutos"},"schema":{"@context":"https:\/\/schema.org","@graph":[{"@type":"Article","@id":"https:\/\/quehacerpolitico.mx\/?p=7251#article","isPartOf":{"@id":"https:\/\/quehacerpolitico.mx\/?p=7251"},"author":{"name":"Redacci\u00f3n QP","@id":"https:\/\/quehacerpolitico.mx\/#\/schema\/person\/496d8ad2d1d3f8036101dca7ee39e585"},"headline":"Ram\u00f3n \u201cN\u201d, acusado de abusar a 37 ni\u00f1os en CdMx, se escond\u00eda en un centro de adicciones de Edomex","datePublished":"2018-10-19T15:41:41+00:00","mainEntityOfPage":{"@id":"https:\/\/quehacerpolitico.mx\/?p=7251"},"wordCount":919,"commentCount":0,"image":{"@id":"https:\/\/quehacerpolitico.mx\/?p=7251#primaryimage"},"thumbnailUrl":"","articleSection":["CDMX"],"inLanguage":"es","potentialAction":[{"@type":"CommentAction","name":"Comment","target":["https:\/\/quehacerpolitico.mx\/?p=7251#respond"]}]},{"@type":"WebPage","@id":"https:\/\/quehacerpolitico.mx\/?p=7251","url":"https:\/\/quehacerpolitico.mx\/?p=7251","name":"Ram\u00f3n \u201cN\u201d, acusado de abusar a 37 ni\u00f1os en CdMx, se escond\u00eda en un centro de adicciones de Edomex -","isPartOf":{"@id":"https:\/\/quehacerpolitico.mx\/#website"},"primaryImageOfPage":{"@id":"https:\/\/quehacerpolitico.mx\/?p=7251#primaryimage"},"image":{"@id":"https:\/\/quehacerpolitico.mx\/?p=7251#primaryimage"},"thumbnailUrl":"","datePublished":"2018-10-19T15:41:41+00:00","author":{"@id":"https:\/\/quehacerpolitico.mx\/#\/schema\/person\/496d8ad2d1d3f8036101dca7ee39e585"},"breadcrumb":{"@id":"https:\/\/quehacerpolitico.mx\/?p=7251#breadcrumb"},"inLanguage":"es","potentialAction":[{"@type":"ReadAction","target":["https:\/\/quehacerpolitico.mx\/?p=7251"]}]},{"@type":"ImageObject","inLanguage":"es","@id":"https:\/\/quehacerpolitico.mx\/?p=7251#primaryimage","url":"","contentUrl":""},{"@type":"BreadcrumbList","@id":"https:\/\/quehacerpolitico.mx\/?p=7251#breadcrumb","itemListElement":[{"@type":"ListItem","position":1,"name":"Inicio","item":"https:\/\/quehacerpolitico.mx\/"},{"@type":"ListItem","position":2,"name":"Ram\u00f3n \u201cN\u201d, acusado de abusar a 37 ni\u00f1os en CdMx, se escond\u00eda en un centro de adicciones de Edomex"}]},{"@type":"WebSite","@id":"https:\/\/quehacerpolitico.mx\/#website","url":"https:\/\/quehacerpolitico.mx\/","name":"","description":"","potentialAction":[{"@type":"SearchAction","target":{"@type":"EntryPoint","urlTemplate":"https:\/\/quehacerpolitico.mx\/?s={search_term_string}"},"query-input":{"@type":"PropertyValueSpecification","valueRequired":true,"valueName":"search_term_string"}}],"inLanguage":"es"},{"@type":"Person","@id":"https:\/\/quehacerpolitico.mx\/#\/schema\/person\/496d8ad2d1d3f8036101dca7ee39e585","name":"Redacci\u00f3n QP","image":{"@type":"ImageObject","inLanguage":"es","@id":"https:\/\/secure.gravatar.com\/avatar\/c7164ed6fdec453195284ad24a5ae5b6e1eed2b848477fa2a4787ba9adf39a41?s=96&d=mm&r=g","url":"https:\/\/secure.gravatar.com\/avatar\/c7164ed6fdec453195284ad24a5ae5b6e1eed2b848477fa2a4787ba9adf39a41?s=96&d=mm&r=g","contentUrl":"https:\/\/secure.gravatar.com\/avatar\/c7164ed6fdec453195284ad24a5ae5b6e1eed2b848477fa2a4787ba9adf39a41?s=96&d=mm&r=g","caption":"Redacci\u00f3n QP"},"url":"https:\/\/quehacerpolitico.mx\/?author=2"}]}},"featured_image_urls":{"full":"","thumbnail":"","medium":"","medium_large":"","large":"","1536x1536":"","2048x2048":"","covernews-featured":"","covernews-medium":""},"author_info":{"display_name":"Redacci\u00f3n QP","author_link":"https:\/\/quehacerpolitico.mx\/?author=2"},"category_info":"<a href=\"https:\/\/quehacerpolitico.mx\/?cat=55\" rel=\"category\">CDMX<\/a>","tag_info":"CDMX","comment_count":"0","_links":{"self":[{"href":"https:\/\/quehacerpolitico.mx\/index.php?rest_route=\/wp\/v2\/posts\/7251","targetHints":{"allow":["GET"]}}],"collection":[{"href":"https:\/\/quehacerpolitico.mx\/index.php?rest_route=\/wp\/v2\/posts"}],"about":[{"href":"https:\/\/quehacerpolitico.mx\/index.php?rest_route=\/wp\/v2\/types\/post"}],"author":[{"embeddable":true,"href":"https:\/\/quehacerpolitico.mx\/index.php?rest_route=\/wp\/v2\/users\/2"}],"replies":[{"embeddable":true,"href":"https:\/\/quehacerpolitico.mx\/index.php?rest_route=%2Fwp%2Fv2%2Fcomments&post=7251"}],"version-history":[{"count":0,"href":"https:\/\/quehacerpolitico.mx\/index.php?rest_route=\/wp\/v2\/posts\/7251\/revisions"}],"wp:featuredmedia":[{"embeddable":true,"href":"https:\/\/quehacerpolitico.mx\/index.php?rest_route=\/"}],"wp:attachment":[{"href":"https:\/\/quehacerpolitico.mx\/index.php?rest_route=%2Fwp%2Fv2%2Fmedia&parent=7251"}],"wp:term":[{"taxonomy":"category","embeddable":true,"href":"https:\/\/quehacerpolitico.mx\/index.php?rest_route=%2Fwp%2Fv2%2Fcategories&post=7251"},{"taxonomy":"post_tag","embeddable":true,"href":"https:\/\/quehacerpolitico.mx\/index.php?rest_route=%2Fwp%2Fv2%2Ftags&post=7251"}],"curies":[{"name":"wp","href":"https:\/\/api.w.org\/{rel}","templated":true}]}}