{"id":7246,"date":"2018-10-19T15:18:59","date_gmt":"2018-10-19T15:18:59","guid":{"rendered":"http:\/\/quehacerpolitico.mx\/morena-propone-compactar-y-disminuir-las-plazas-de-confianza-creadas-con-calderon-y-pena\/"},"modified":"2018-10-19T15:18:59","modified_gmt":"2018-10-19T15:18:59","slug":"morena-propone-compactar-y-disminuir-las-plazas-de-confianza-creadas-con-calderon-y-pena","status":"publish","type":"post","link":"https:\/\/quehacerpolitico.mx\/?p=7246","title":{"rendered":"Morena propone compactar y disminuir las plazas de confianza creadas con Calder\u00f3n y Pe\u00f1a"},"content":{"rendered":"<h1>Morena propone compactar y disminuir las plazas de confianza creadas con Calder\u00f3n y Pe\u00f1a<\/h1>\n<p>Movimiento Regeneraci\u00f3n Nacional (Morena) propuso el <strong>ajuste a la burocracia<\/strong> en el <strong>Gobierno federal<\/strong>, como parte de la<strong> pol\u00edtica de austeridad<\/strong> planteada por el pr\u00f3ximo sexenio.<\/p>\n<p>Una <strong>iniciativa<\/strong> para modificar la <strong>Ley Org\u00e1nica de la Administraci\u00f3n P\u00fablica Federal<\/strong>, propuesta por el coordinador de Morena en la C\u00e1mara de Diputados, Mario Delgado, plantea que el Gobierno de L\u00f3pez Obrador compacte y disminuya plazas de confianza de mandos medios y superiores que fueron creadas desde 2006, durante los sexenios de Felipe Calder\u00f3n y Enrique Pe\u00f1a Nieto. Adem\u00e1s de eliminar oficial\u00edas mayores y las direcciones adjuntas en secretar\u00edas de Estado.<\/p>\n<blockquote>\n<p>\u201cRespecto de las <strong>medidas de austeridad<\/strong>y racionalidad que el futuro gobierno instrumentar\u00e1 de inmediato, en futuras iniciativas, o mediante acuerdos ejecutivos, se proceder\u00e1 a determinar la compactaci\u00f3n o disminuci\u00f3n de plazas de mando medio o superior, incluyendo las direcciones generales adjuntas que fueron creadas a partir de diciembre de 2006 sin que mediara justificaci\u00f3n suficiente sobre su necesidad\u201d, se\u00f1ala la iniciativa.<\/p>\n<p>La propuesta plantea <strong>eliminar las oficial\u00edas mayores<\/strong> de las secretar\u00edas de Estado y otras dependencias de la Administraci\u00f3n P\u00fablica Federal para que se transformen en unidades administrativas m\u00e1s compactas, esto excepto en la Secretar\u00eda de Hacienda, la de Defensa Nacional y la Marina. Tambi\u00e9n se prev\u00e9 que la pol\u00edtica de comunicaci\u00f3n social sea dise\u00f1ada desde la Presidencia.<\/p>\n<blockquote>\n<p>En este ajuste a la composici\u00f3n de las oficinas de la administraci\u00f3n p\u00fablica federal subsistir\u00e1n \u201cexclusivamente las que sean necesarias\u201d, precisa, por lo que se ajustar\u00e1n sus gastos y se replantear\u00e1 su funcionalidad con base en sus resultados.<\/p>\n<\/blockquote>\n<p>Mario Delgado plante\u00f3 a la C\u00e1mara baja que las 2 mil 300 delegaciones, subdelegaciones y oficinas de representaci\u00f3n de dependencias y entidades federales existentes deber\u00e1n presentar sus resultados al titular del Poder Ejecutivo.<\/p>\n<p>\u201cAquellas delegaciones hoy existentes cuya presencia no se considere \u00fatil y resulte onerosa ser\u00e1n suprimidas\u201d, precisa el documento presentado ayer.<\/p>\n<\/blockquote>\n","protected":false},"excerpt":{"rendered":"<p>Morena propone compactar y disminuir las plazas de confianza creadas con Calder\u00f3n y Pe\u00f1a<br \/>\nPor Redacci\u00f3n QP<\/p>\n","protected":false},"author":2,"featured_media":7245,"comment_status":"open","ping_status":"open","sticky":false,"template":"","format":"standard","meta":{"_monsterinsights_skip_tracking":false,"_monsterinsights_sitenote_active":false,"_monsterinsights_sitenote_note":"","_monsterinsights_sitenote_category":0,"footnotes":""},"categories":[2],"tags":[],"class_list":["post-7246","post","type-post","status-publish","format-standard","has-post-thumbnail","hentry","category-noticias"],"yoast_head":"<!-- This site is optimized with the Yoast SEO plugin v27.3 - https:\/\/yoast.com\/product\/yoast-seo-wordpress\/ -->\n<title>Morena propone compactar y disminuir las plazas de confianza creadas con Calder\u00f3n y Pe\u00f1a -<\/title>\n<meta name=\"robots\" content=\"index, follow, max-snippet:-1, max-image-preview:large, max-video-preview:-1\" \/>\n<link rel=\"canonical\" href=\"https:\/\/quehacerpolitico.mx\/?p=7246\" \/>\n<meta property=\"og:locale\" content=\"es_MX\" \/>\n<meta property=\"og:type\" content=\"article\" \/>\n<meta property=\"og:title\" content=\"Morena propone compactar y disminuir las plazas de confianza creadas con Calder\u00f3n y Pe\u00f1a -\" \/>\n<meta property=\"og:description\" content=\"Morena propone compactar y disminuir las plazas de confianza creadas con Calder\u00f3n y Pe\u00f1a Por Redacci\u00f3n QP\" \/>\n<meta property=\"og:url\" content=\"https:\/\/quehacerpolitico.mx\/?p=7246\" \/>\n<meta property=\"article:published_time\" content=\"2018-10-19T15:18:59+00:00\" \/>\n<meta name=\"author\" content=\"Redacci\u00f3n QP\" \/>\n<meta name=\"twitter:card\" content=\"summary_large_image\" \/>\n<meta name=\"twitter:label1\" content=\"Escrito por\" \/>\n\t<meta name=\"twitter:data1\" content=\"Redacci\u00f3n QP\" \/>\n\t<meta name=\"twitter:label2\" content=\"Tiempo de lectura\" \/>\n\t<meta name=\"twitter:data2\" content=\"2 minutos\" \/>\n<script type=\"application\/ld+json\" class=\"yoast-schema-graph\">{\"@context\":\"https:\\\/\\\/schema.org\",\"@graph\":[{\"@type\":\"Article\",\"@id\":\"https:\\\/\\\/quehacerpolitico.mx\\\/?p=7246#article\",\"isPartOf\":{\"@id\":\"https:\\\/\\\/quehacerpolitico.mx\\\/?p=7246\"},\"author\":{\"name\":\"Redacci\u00f3n QP\",\"@id\":\"https:\\\/\\\/quehacerpolitico.mx\\\/#\\\/schema\\\/person\\\/496d8ad2d1d3f8036101dca7ee39e585\"},\"headline\":\"Morena propone compactar y disminuir las plazas de confianza creadas con Calder\u00f3n y Pe\u00f1a\",\"datePublished\":\"2018-10-19T15:18:59+00:00\",\"mainEntityOfPage\":{\"@id\":\"https:\\\/\\\/quehacerpolitico.mx\\\/?p=7246\"},\"wordCount\":370,\"commentCount\":0,\"image\":{\"@id\":\"https:\\\/\\\/quehacerpolitico.mx\\\/?p=7246#primaryimage\"},\"thumbnailUrl\":\"\",\"articleSection\":[\"Noticias\"],\"inLanguage\":\"es\",\"potentialAction\":[{\"@type\":\"CommentAction\",\"name\":\"Comment\",\"target\":[\"https:\\\/\\\/quehacerpolitico.mx\\\/?p=7246#respond\"]}]},{\"@type\":\"WebPage\",\"@id\":\"https:\\\/\\\/quehacerpolitico.mx\\\/?p=7246\",\"url\":\"https:\\\/\\\/quehacerpolitico.mx\\\/?p=7246\",\"name\":\"Morena propone compactar y disminuir las plazas de confianza creadas con Calder\u00f3n y Pe\u00f1a -\",\"isPartOf\":{\"@id\":\"https:\\\/\\\/quehacerpolitico.mx\\\/#website\"},\"primaryImageOfPage\":{\"@id\":\"https:\\\/\\\/quehacerpolitico.mx\\\/?p=7246#primaryimage\"},\"image\":{\"@id\":\"https:\\\/\\\/quehacerpolitico.mx\\\/?p=7246#primaryimage\"},\"thumbnailUrl\":\"\",\"datePublished\":\"2018-10-19T15:18:59+00:00\",\"author\":{\"@id\":\"https:\\\/\\\/quehacerpolitico.mx\\\/#\\\/schema\\\/person\\\/496d8ad2d1d3f8036101dca7ee39e585\"},\"breadcrumb\":{\"@id\":\"https:\\\/\\\/quehacerpolitico.mx\\\/?p=7246#breadcrumb\"},\"inLanguage\":\"es\",\"potentialAction\":[{\"@type\":\"ReadAction\",\"target\":[\"https:\\\/\\\/quehacerpolitico.mx\\\/?p=7246\"]}]},{\"@type\":\"ImageObject\",\"inLanguage\":\"es\",\"@id\":\"https:\\\/\\\/quehacerpolitico.mx\\\/?p=7246#primaryimage\",\"url\":\"\",\"contentUrl\":\"\"},{\"@type\":\"BreadcrumbList\",\"@id\":\"https:\\\/\\\/quehacerpolitico.mx\\\/?p=7246#breadcrumb\",\"itemListElement\":[{\"@type\":\"ListItem\",\"position\":1,\"name\":\"Inicio\",\"item\":\"https:\\\/\\\/quehacerpolitico.mx\\\/\"},{\"@type\":\"ListItem\",\"position\":2,\"name\":\"Morena propone compactar y disminuir las plazas de confianza creadas con Calder\u00f3n y Pe\u00f1a\"}]},{\"@type\":\"WebSite\",\"@id\":\"https:\\\/\\\/quehacerpolitico.mx\\\/#website\",\"url\":\"https:\\\/\\\/quehacerpolitico.mx\\\/\",\"name\":\"\",\"description\":\"\",\"potentialAction\":[{\"@type\":\"SearchAction\",\"target\":{\"@type\":\"EntryPoint\",\"urlTemplate\":\"https:\\\/\\\/quehacerpolitico.mx\\\/?s={search_term_string}\"},\"query-input\":{\"@type\":\"PropertyValueSpecification\",\"valueRequired\":true,\"valueName\":\"search_term_string\"}}],\"inLanguage\":\"es\"},{\"@type\":\"Person\",\"@id\":\"https:\\\/\\\/quehacerpolitico.mx\\\/#\\\/schema\\\/person\\\/496d8ad2d1d3f8036101dca7ee39e585\",\"name\":\"Redacci\u00f3n QP\",\"image\":{\"@type\":\"ImageObject\",\"inLanguage\":\"es\",\"@id\":\"https:\\\/\\\/secure.gravatar.com\\\/avatar\\\/c7164ed6fdec453195284ad24a5ae5b6e1eed2b848477fa2a4787ba9adf39a41?s=96&d=mm&r=g\",\"url\":\"https:\\\/\\\/secure.gravatar.com\\\/avatar\\\/c7164ed6fdec453195284ad24a5ae5b6e1eed2b848477fa2a4787ba9adf39a41?s=96&d=mm&r=g\",\"contentUrl\":\"https:\\\/\\\/secure.gravatar.com\\\/avatar\\\/c7164ed6fdec453195284ad24a5ae5b6e1eed2b848477fa2a4787ba9adf39a41?s=96&d=mm&r=g\",\"caption\":\"Redacci\u00f3n QP\"},\"url\":\"https:\\\/\\\/quehacerpolitico.mx\\\/?author=2\"}]}<\/script>\n<!-- \/ Yoast SEO plugin. -->","yoast_head_json":{"title":"Morena propone compactar y disminuir las plazas de confianza creadas con Calder\u00f3n y Pe\u00f1a -","robots":{"index":"index","follow":"follow","max-snippet":"max-snippet:-1","max-image-preview":"max-image-preview:large","max-video-preview":"max-video-preview:-1"},"canonical":"https:\/\/quehacerpolitico.mx\/?p=7246","og_locale":"es_MX","og_type":"article","og_title":"Morena propone compactar y disminuir las plazas de confianza creadas con Calder\u00f3n y Pe\u00f1a -","og_description":"Morena propone compactar y disminuir las plazas de confianza creadas con Calder\u00f3n y Pe\u00f1a Por Redacci\u00f3n QP","og_url":"https:\/\/quehacerpolitico.mx\/?p=7246","article_published_time":"2018-10-19T15:18:59+00:00","author":"Redacci\u00f3n QP","twitter_card":"summary_large_image","twitter_misc":{"Escrito por":"Redacci\u00f3n QP","Tiempo de lectura":"2 minutos"},"schema":{"@context":"https:\/\/schema.org","@graph":[{"@type":"Article","@id":"https:\/\/quehacerpolitico.mx\/?p=7246#article","isPartOf":{"@id":"https:\/\/quehacerpolitico.mx\/?p=7246"},"author":{"name":"Redacci\u00f3n QP","@id":"https:\/\/quehacerpolitico.mx\/#\/schema\/person\/496d8ad2d1d3f8036101dca7ee39e585"},"headline":"Morena propone compactar y disminuir las plazas de confianza creadas con Calder\u00f3n y Pe\u00f1a","datePublished":"2018-10-19T15:18:59+00:00","mainEntityOfPage":{"@id":"https:\/\/quehacerpolitico.mx\/?p=7246"},"wordCount":370,"commentCount":0,"image":{"@id":"https:\/\/quehacerpolitico.mx\/?p=7246#primaryimage"},"thumbnailUrl":"","articleSection":["Noticias"],"inLanguage":"es","potentialAction":[{"@type":"CommentAction","name":"Comment","target":["https:\/\/quehacerpolitico.mx\/?p=7246#respond"]}]},{"@type":"WebPage","@id":"https:\/\/quehacerpolitico.mx\/?p=7246","url":"https:\/\/quehacerpolitico.mx\/?p=7246","name":"Morena propone compactar y disminuir las plazas de confianza creadas con Calder\u00f3n y Pe\u00f1a -","isPartOf":{"@id":"https:\/\/quehacerpolitico.mx\/#website"},"primaryImageOfPage":{"@id":"https:\/\/quehacerpolitico.mx\/?p=7246#primaryimage"},"image":{"@id":"https:\/\/quehacerpolitico.mx\/?p=7246#primaryimage"},"thumbnailUrl":"","datePublished":"2018-10-19T15:18:59+00:00","author":{"@id":"https:\/\/quehacerpolitico.mx\/#\/schema\/person\/496d8ad2d1d3f8036101dca7ee39e585"},"breadcrumb":{"@id":"https:\/\/quehacerpolitico.mx\/?p=7246#breadcrumb"},"inLanguage":"es","potentialAction":[{"@type":"ReadAction","target":["https:\/\/quehacerpolitico.mx\/?p=7246"]}]},{"@type":"ImageObject","inLanguage":"es","@id":"https:\/\/quehacerpolitico.mx\/?p=7246#primaryimage","url":"","contentUrl":""},{"@type":"BreadcrumbList","@id":"https:\/\/quehacerpolitico.mx\/?p=7246#breadcrumb","itemListElement":[{"@type":"ListItem","position":1,"name":"Inicio","item":"https:\/\/quehacerpolitico.mx\/"},{"@type":"ListItem","position":2,"name":"Morena propone compactar y disminuir las plazas de confianza creadas con Calder\u00f3n y Pe\u00f1a"}]},{"@type":"WebSite","@id":"https:\/\/quehacerpolitico.mx\/#website","url":"https:\/\/quehacerpolitico.mx\/","name":"","description":"","potentialAction":[{"@type":"SearchAction","target":{"@type":"EntryPoint","urlTemplate":"https:\/\/quehacerpolitico.mx\/?s={search_term_string}"},"query-input":{"@type":"PropertyValueSpecification","valueRequired":true,"valueName":"search_term_string"}}],"inLanguage":"es"},{"@type":"Person","@id":"https:\/\/quehacerpolitico.mx\/#\/schema\/person\/496d8ad2d1d3f8036101dca7ee39e585","name":"Redacci\u00f3n QP","image":{"@type":"ImageObject","inLanguage":"es","@id":"https:\/\/secure.gravatar.com\/avatar\/c7164ed6fdec453195284ad24a5ae5b6e1eed2b848477fa2a4787ba9adf39a41?s=96&d=mm&r=g","url":"https:\/\/secure.gravatar.com\/avatar\/c7164ed6fdec453195284ad24a5ae5b6e1eed2b848477fa2a4787ba9adf39a41?s=96&d=mm&r=g","contentUrl":"https:\/\/secure.gravatar.com\/avatar\/c7164ed6fdec453195284ad24a5ae5b6e1eed2b848477fa2a4787ba9adf39a41?s=96&d=mm&r=g","caption":"Redacci\u00f3n QP"},"url":"https:\/\/quehacerpolitico.mx\/?author=2"}]}},"featured_image_urls":{"full":"","thumbnail":"","medium":"","medium_large":"","large":"","1536x1536":"","2048x2048":"","covernews-featured":"","covernews-medium":""},"author_info":{"display_name":"Redacci\u00f3n QP","author_link":"https:\/\/quehacerpolitico.mx\/?author=2"},"category_info":"<a href=\"https:\/\/quehacerpolitico.mx\/?cat=2\" rel=\"category\">Noticias<\/a>","tag_info":"Noticias","comment_count":"0","_links":{"self":[{"href":"https:\/\/quehacerpolitico.mx\/index.php?rest_route=\/wp\/v2\/posts\/7246","targetHints":{"allow":["GET"]}}],"collection":[{"href":"https:\/\/quehacerpolitico.mx\/index.php?rest_route=\/wp\/v2\/posts"}],"about":[{"href":"https:\/\/quehacerpolitico.mx\/index.php?rest_route=\/wp\/v2\/types\/post"}],"author":[{"embeddable":true,"href":"https:\/\/quehacerpolitico.mx\/index.php?rest_route=\/wp\/v2\/users\/2"}],"replies":[{"embeddable":true,"href":"https:\/\/quehacerpolitico.mx\/index.php?rest_route=%2Fwp%2Fv2%2Fcomments&post=7246"}],"version-history":[{"count":0,"href":"https:\/\/quehacerpolitico.mx\/index.php?rest_route=\/wp\/v2\/posts\/7246\/revisions"}],"wp:featuredmedia":[{"embeddable":true,"href":"https:\/\/quehacerpolitico.mx\/index.php?rest_route=\/"}],"wp:attachment":[{"href":"https:\/\/quehacerpolitico.mx\/index.php?rest_route=%2Fwp%2Fv2%2Fmedia&parent=7246"}],"wp:term":[{"taxonomy":"category","embeddable":true,"href":"https:\/\/quehacerpolitico.mx\/index.php?rest_route=%2Fwp%2Fv2%2Fcategories&post=7246"},{"taxonomy":"post_tag","embeddable":true,"href":"https:\/\/quehacerpolitico.mx\/index.php?rest_route=%2Fwp%2Fv2%2Ftags&post=7246"}],"curies":[{"name":"wp","href":"https:\/\/api.w.org\/{rel}","templated":true}]}}