{"id":7244,"date":"2018-10-19T15:13:18","date_gmt":"2018-10-19T15:13:18","guid":{"rendered":"http:\/\/quehacerpolitico.mx\/la-periodista-mexicana-alma-guillermoprieto-recibe-el-premio-princesa-de-asturias\/"},"modified":"2018-10-19T15:13:18","modified_gmt":"2018-10-19T15:13:18","slug":"la-periodista-mexicana-alma-guillermoprieto-recibe-el-premio-princesa-de-asturias","status":"publish","type":"post","link":"https:\/\/quehacerpolitico.mx\/?p=7244","title":{"rendered":"La periodista mexicana Alma Guillermoprieto recibe el Premio Princesa de Asturias"},"content":{"rendered":"<h1>La periodista mexicana Alma Guillermoprieto recibe el Premio Princesa de Asturias<\/h1>\n<p>El Rey de Espa\u00f1a Felipe VI acompa\u00f1ado de la Reina Letizia, entregaron el<strong>Premio Princesa\u00a0de\u00a0Asturias de Comunicaci\u00f3n y Humanidades<\/strong> a la periodista mexicana <strong>Alma Guillermoprieto<\/strong>.<\/p>\n<p>As\u00ed tambi\u00e9n el cineasta estadounidense <strong>Martin Scorsese<\/strong> fue distinguido con el\u00a0Premio\u00a0de las Artes, la escritora francesa Fred Vargas con el de Letras; el fil\u00f3sofo estadounidense Michael J. Sandel en Ciencias Sociales; la ocean\u00f3grafa norteamericana Sylvia A. Earle en Concordia; la ONG Amref Health \u00c1frica por Cooperaci\u00f3n Internacional; el monta\u00f1ero italiano Reinhold Messner y el polaco Krzysztof Wielicki en Deportes; y el paleont\u00f3logo sueco Svante P\u00e4\u00e4bo por Investigaci\u00f3n Cient\u00edfica y T\u00e9cnica.<\/p>\n<p>La reportera mexicana Alma Guillermoprieto advirti\u00f3 hace unos d\u00edas en ese pa\u00eds sobre el desarrollo de Internet y de las redes sociales ofrece un \u201cinmenso potencial\u201d para el periodismo si los informadores hallan nuevas f\u00f3rmulas para desarrollar en ese \u00e1mbito una labor \u201cindispensable\u201d.<\/p>\n<p>En su comparecencia ante los medios en Oviedo (Espa\u00f1a) tres d\u00edas antes de recoger el Premio Princesa de Asturias de Comunicaci\u00f3n y Humanidades, Guillermoprieto traslad\u00f3 una visi\u00f3n optimista del futuro de una profesi\u00f3n de la que no se sinti\u00f3 parte hasta que comprob\u00f3 \u201cque ten\u00eda lectores\u201d pues alguien le\u00eda en <em>The Guardian<\/em> en Londres sus cr\u00f3nicas sobre la revoluci\u00f3n sandinista.<\/p>\n<p>A partir del concepto de que su \u00fanica responsabilidad es con la gente que la lee, la autora de <em>La Habana en un espejo<\/em> lamenta que \u201cel estado de terror\u201d que gener\u00f3 la expansi\u00f3n de Internet, la avalancha de medios alternativos y la crisis causada en los medios tradicionales no haya permitido a\u00fan \u201cver ese nuevo mundo de internet con calma\u201d.<\/p>\n<blockquote>\n<p>\u201cNo creo de ninguna manera que vaya a acabar con el periodismo. Ofrece un potencial inmenso para hacerlo de una forma nueva, pero si no nos encargamos nosotros mismos de buscar formas diferentes y nuevas de periodismo virtual, nosotros vamos a ser los encargados de nuestra propia destrucci\u00f3n\u201d, advierti\u00f3.<\/p>\n<\/blockquote>\n<p>Apunt\u00f3 a que el modelo que haga sustentable el periodismo en internet \u201cest\u00e1 por crearse, pero tiene que existir\u201d para proveer a la sociedad de una labor \u201cindispensable\u201d.<\/p>\n<p>La reportera mexicana, de 69 a\u00f1os, aprecia como principal diferencia entre la prensa iberoamericana y la anglosajona, para la que ha trabajado casi toda su carrera, la mayor capacidad econ\u00f3mica en la segunda.<\/p>\n<p>As\u00ed, la prensa estadounidense \u201cmal que bien\u201d sigue pudiendo financiar grandes reportajes, capacitar a sus profesionales e incluir la cobertura internacional como una parte central de su labor mientras que la hispanoamericana \u201cno tiene la plata\u201d, los medios no puedan conceder a sus periodistas \u201cun mes para ir a reportear\u201d como s\u00ed hace ella en sus colaboraciones con publicaciones como la revista<em> The New Yorker<\/em>.<\/p>\n<blockquote>\n<p>\u201cOtra gran diferencia es que a nosotros nos matan y en Estados Unidos eso ocurre muy rara vez, pero en Colombia o Brasil la cifra de muertos es escandalosamente alta\u201d, lament\u00f3.<\/p>\n<\/blockquote>\n<p>Horas despu\u00e9s de mantener un encuentro titulado \u201cPeriodismo con Alma\u201d con j\u00f3venes informadores en el Centro Niemeyer de la localidad asturiana de Avil\u00e9s, la reportera mencion\u00f3 como cualidades indispensables en un informador \u201cla curiosidad, la capacidad y la terquedad\u201d que deben llevar a cada uno a descubrir \u201csu propia forma de ser periodista\u201d.<\/p>\n<blockquote>\n<p>\u201cEs lo que tiene de arte este oficio, que cada uno hace su propio periodismo\u201d, subraya esta reportera, a la que no le gusta cubrir historias sobre el poder ni sobre la pol\u00edtica.<\/p>\n<\/blockquote>\n<p>Guillermoprieto es la tercera mujer en obtener el galard\u00f3n de Comunicaci\u00f3n y Humanidades, por su profundo conocimiento de la compleja realidad latinoamericana y la forma en que sabe transmitirlo a los lectores angloparlantes.<\/p>\n<p><em>Con informaci\u00f3n de EFE<\/em><\/p>\n","protected":false},"excerpt":{"rendered":"<p>La periodista mexicana Alma Guillermoprieto recibe el Premio Princesa de Asturias<br \/>\nPor Redacci\u00f3n QP<\/p>\n","protected":false},"author":2,"featured_media":7243,"comment_status":"open","ping_status":"open","sticky":false,"template":"","format":"standard","meta":{"_monsterinsights_skip_tracking":false,"_monsterinsights_sitenote_active":false,"_monsterinsights_sitenote_note":"","_monsterinsights_sitenote_category":0,"footnotes":""},"categories":[58],"tags":[],"class_list":["post-7244","post","type-post","status-publish","format-standard","has-post-thumbnail","hentry","category-cultura"],"yoast_head":"<!-- This site is optimized with the Yoast SEO plugin v27.3 - https:\/\/yoast.com\/product\/yoast-seo-wordpress\/ -->\n<title>La periodista mexicana Alma Guillermoprieto recibe el Premio Princesa de Asturias -<\/title>\n<meta name=\"robots\" content=\"index, follow, max-snippet:-1, max-image-preview:large, max-video-preview:-1\" \/>\n<link rel=\"canonical\" href=\"https:\/\/quehacerpolitico.mx\/?p=7244\" \/>\n<meta property=\"og:locale\" content=\"es_MX\" \/>\n<meta property=\"og:type\" content=\"article\" \/>\n<meta property=\"og:title\" content=\"La periodista mexicana Alma Guillermoprieto recibe el Premio Princesa de Asturias -\" \/>\n<meta property=\"og:description\" content=\"La periodista mexicana Alma Guillermoprieto recibe el Premio Princesa de Asturias Por Redacci\u00f3n QP\" \/>\n<meta property=\"og:url\" content=\"https:\/\/quehacerpolitico.mx\/?p=7244\" \/>\n<meta property=\"article:published_time\" content=\"2018-10-19T15:13:18+00:00\" \/>\n<meta name=\"author\" content=\"Redacci\u00f3n QP\" \/>\n<meta name=\"twitter:card\" content=\"summary_large_image\" \/>\n<meta name=\"twitter:label1\" content=\"Escrito por\" \/>\n\t<meta name=\"twitter:data1\" content=\"Redacci\u00f3n QP\" \/>\n\t<meta name=\"twitter:label2\" content=\"Tiempo de lectura\" \/>\n\t<meta name=\"twitter:data2\" content=\"3 minutos\" \/>\n<script type=\"application\/ld+json\" class=\"yoast-schema-graph\">{\"@context\":\"https:\\\/\\\/schema.org\",\"@graph\":[{\"@type\":\"Article\",\"@id\":\"https:\\\/\\\/quehacerpolitico.mx\\\/?p=7244#article\",\"isPartOf\":{\"@id\":\"https:\\\/\\\/quehacerpolitico.mx\\\/?p=7244\"},\"author\":{\"name\":\"Redacci\u00f3n QP\",\"@id\":\"https:\\\/\\\/quehacerpolitico.mx\\\/#\\\/schema\\\/person\\\/496d8ad2d1d3f8036101dca7ee39e585\"},\"headline\":\"La periodista mexicana Alma Guillermoprieto recibe el Premio Princesa de Asturias\",\"datePublished\":\"2018-10-19T15:13:18+00:00\",\"mainEntityOfPage\":{\"@id\":\"https:\\\/\\\/quehacerpolitico.mx\\\/?p=7244\"},\"wordCount\":649,\"commentCount\":0,\"image\":{\"@id\":\"https:\\\/\\\/quehacerpolitico.mx\\\/?p=7244#primaryimage\"},\"thumbnailUrl\":\"\",\"articleSection\":[\"Cultura y Entretenimiento\"],\"inLanguage\":\"es\",\"potentialAction\":[{\"@type\":\"CommentAction\",\"name\":\"Comment\",\"target\":[\"https:\\\/\\\/quehacerpolitico.mx\\\/?p=7244#respond\"]}]},{\"@type\":\"WebPage\",\"@id\":\"https:\\\/\\\/quehacerpolitico.mx\\\/?p=7244\",\"url\":\"https:\\\/\\\/quehacerpolitico.mx\\\/?p=7244\",\"name\":\"La periodista mexicana Alma Guillermoprieto recibe el Premio Princesa de Asturias -\",\"isPartOf\":{\"@id\":\"https:\\\/\\\/quehacerpolitico.mx\\\/#website\"},\"primaryImageOfPage\":{\"@id\":\"https:\\\/\\\/quehacerpolitico.mx\\\/?p=7244#primaryimage\"},\"image\":{\"@id\":\"https:\\\/\\\/quehacerpolitico.mx\\\/?p=7244#primaryimage\"},\"thumbnailUrl\":\"\",\"datePublished\":\"2018-10-19T15:13:18+00:00\",\"author\":{\"@id\":\"https:\\\/\\\/quehacerpolitico.mx\\\/#\\\/schema\\\/person\\\/496d8ad2d1d3f8036101dca7ee39e585\"},\"breadcrumb\":{\"@id\":\"https:\\\/\\\/quehacerpolitico.mx\\\/?p=7244#breadcrumb\"},\"inLanguage\":\"es\",\"potentialAction\":[{\"@type\":\"ReadAction\",\"target\":[\"https:\\\/\\\/quehacerpolitico.mx\\\/?p=7244\"]}]},{\"@type\":\"ImageObject\",\"inLanguage\":\"es\",\"@id\":\"https:\\\/\\\/quehacerpolitico.mx\\\/?p=7244#primaryimage\",\"url\":\"\",\"contentUrl\":\"\"},{\"@type\":\"BreadcrumbList\",\"@id\":\"https:\\\/\\\/quehacerpolitico.mx\\\/?p=7244#breadcrumb\",\"itemListElement\":[{\"@type\":\"ListItem\",\"position\":1,\"name\":\"Inicio\",\"item\":\"https:\\\/\\\/quehacerpolitico.mx\\\/\"},{\"@type\":\"ListItem\",\"position\":2,\"name\":\"La periodista mexicana Alma Guillermoprieto recibe el Premio Princesa de Asturias\"}]},{\"@type\":\"WebSite\",\"@id\":\"https:\\\/\\\/quehacerpolitico.mx\\\/#website\",\"url\":\"https:\\\/\\\/quehacerpolitico.mx\\\/\",\"name\":\"\",\"description\":\"\",\"potentialAction\":[{\"@type\":\"SearchAction\",\"target\":{\"@type\":\"EntryPoint\",\"urlTemplate\":\"https:\\\/\\\/quehacerpolitico.mx\\\/?s={search_term_string}\"},\"query-input\":{\"@type\":\"PropertyValueSpecification\",\"valueRequired\":true,\"valueName\":\"search_term_string\"}}],\"inLanguage\":\"es\"},{\"@type\":\"Person\",\"@id\":\"https:\\\/\\\/quehacerpolitico.mx\\\/#\\\/schema\\\/person\\\/496d8ad2d1d3f8036101dca7ee39e585\",\"name\":\"Redacci\u00f3n QP\",\"image\":{\"@type\":\"ImageObject\",\"inLanguage\":\"es\",\"@id\":\"https:\\\/\\\/secure.gravatar.com\\\/avatar\\\/c7164ed6fdec453195284ad24a5ae5b6e1eed2b848477fa2a4787ba9adf39a41?s=96&d=mm&r=g\",\"url\":\"https:\\\/\\\/secure.gravatar.com\\\/avatar\\\/c7164ed6fdec453195284ad24a5ae5b6e1eed2b848477fa2a4787ba9adf39a41?s=96&d=mm&r=g\",\"contentUrl\":\"https:\\\/\\\/secure.gravatar.com\\\/avatar\\\/c7164ed6fdec453195284ad24a5ae5b6e1eed2b848477fa2a4787ba9adf39a41?s=96&d=mm&r=g\",\"caption\":\"Redacci\u00f3n QP\"},\"url\":\"https:\\\/\\\/quehacerpolitico.mx\\\/?author=2\"}]}<\/script>\n<!-- \/ Yoast SEO plugin. -->","yoast_head_json":{"title":"La periodista mexicana Alma Guillermoprieto recibe el Premio Princesa de Asturias -","robots":{"index":"index","follow":"follow","max-snippet":"max-snippet:-1","max-image-preview":"max-image-preview:large","max-video-preview":"max-video-preview:-1"},"canonical":"https:\/\/quehacerpolitico.mx\/?p=7244","og_locale":"es_MX","og_type":"article","og_title":"La periodista mexicana Alma Guillermoprieto recibe el Premio Princesa de Asturias -","og_description":"La periodista mexicana Alma Guillermoprieto recibe el Premio Princesa de Asturias Por Redacci\u00f3n QP","og_url":"https:\/\/quehacerpolitico.mx\/?p=7244","article_published_time":"2018-10-19T15:13:18+00:00","author":"Redacci\u00f3n QP","twitter_card":"summary_large_image","twitter_misc":{"Escrito por":"Redacci\u00f3n QP","Tiempo de lectura":"3 minutos"},"schema":{"@context":"https:\/\/schema.org","@graph":[{"@type":"Article","@id":"https:\/\/quehacerpolitico.mx\/?p=7244#article","isPartOf":{"@id":"https:\/\/quehacerpolitico.mx\/?p=7244"},"author":{"name":"Redacci\u00f3n QP","@id":"https:\/\/quehacerpolitico.mx\/#\/schema\/person\/496d8ad2d1d3f8036101dca7ee39e585"},"headline":"La periodista mexicana Alma Guillermoprieto recibe el Premio Princesa de Asturias","datePublished":"2018-10-19T15:13:18+00:00","mainEntityOfPage":{"@id":"https:\/\/quehacerpolitico.mx\/?p=7244"},"wordCount":649,"commentCount":0,"image":{"@id":"https:\/\/quehacerpolitico.mx\/?p=7244#primaryimage"},"thumbnailUrl":"","articleSection":["Cultura y Entretenimiento"],"inLanguage":"es","potentialAction":[{"@type":"CommentAction","name":"Comment","target":["https:\/\/quehacerpolitico.mx\/?p=7244#respond"]}]},{"@type":"WebPage","@id":"https:\/\/quehacerpolitico.mx\/?p=7244","url":"https:\/\/quehacerpolitico.mx\/?p=7244","name":"La periodista mexicana Alma Guillermoprieto recibe el Premio Princesa de Asturias -","isPartOf":{"@id":"https:\/\/quehacerpolitico.mx\/#website"},"primaryImageOfPage":{"@id":"https:\/\/quehacerpolitico.mx\/?p=7244#primaryimage"},"image":{"@id":"https:\/\/quehacerpolitico.mx\/?p=7244#primaryimage"},"thumbnailUrl":"","datePublished":"2018-10-19T15:13:18+00:00","author":{"@id":"https:\/\/quehacerpolitico.mx\/#\/schema\/person\/496d8ad2d1d3f8036101dca7ee39e585"},"breadcrumb":{"@id":"https:\/\/quehacerpolitico.mx\/?p=7244#breadcrumb"},"inLanguage":"es","potentialAction":[{"@type":"ReadAction","target":["https:\/\/quehacerpolitico.mx\/?p=7244"]}]},{"@type":"ImageObject","inLanguage":"es","@id":"https:\/\/quehacerpolitico.mx\/?p=7244#primaryimage","url":"","contentUrl":""},{"@type":"BreadcrumbList","@id":"https:\/\/quehacerpolitico.mx\/?p=7244#breadcrumb","itemListElement":[{"@type":"ListItem","position":1,"name":"Inicio","item":"https:\/\/quehacerpolitico.mx\/"},{"@type":"ListItem","position":2,"name":"La periodista mexicana Alma Guillermoprieto recibe el Premio Princesa de Asturias"}]},{"@type":"WebSite","@id":"https:\/\/quehacerpolitico.mx\/#website","url":"https:\/\/quehacerpolitico.mx\/","name":"","description":"","potentialAction":[{"@type":"SearchAction","target":{"@type":"EntryPoint","urlTemplate":"https:\/\/quehacerpolitico.mx\/?s={search_term_string}"},"query-input":{"@type":"PropertyValueSpecification","valueRequired":true,"valueName":"search_term_string"}}],"inLanguage":"es"},{"@type":"Person","@id":"https:\/\/quehacerpolitico.mx\/#\/schema\/person\/496d8ad2d1d3f8036101dca7ee39e585","name":"Redacci\u00f3n QP","image":{"@type":"ImageObject","inLanguage":"es","@id":"https:\/\/secure.gravatar.com\/avatar\/c7164ed6fdec453195284ad24a5ae5b6e1eed2b848477fa2a4787ba9adf39a41?s=96&d=mm&r=g","url":"https:\/\/secure.gravatar.com\/avatar\/c7164ed6fdec453195284ad24a5ae5b6e1eed2b848477fa2a4787ba9adf39a41?s=96&d=mm&r=g","contentUrl":"https:\/\/secure.gravatar.com\/avatar\/c7164ed6fdec453195284ad24a5ae5b6e1eed2b848477fa2a4787ba9adf39a41?s=96&d=mm&r=g","caption":"Redacci\u00f3n QP"},"url":"https:\/\/quehacerpolitico.mx\/?author=2"}]}},"featured_image_urls":{"full":"","thumbnail":"","medium":"","medium_large":"","large":"","1536x1536":"","2048x2048":"","covernews-featured":"","covernews-medium":""},"author_info":{"display_name":"Redacci\u00f3n QP","author_link":"https:\/\/quehacerpolitico.mx\/?author=2"},"category_info":"<a href=\"https:\/\/quehacerpolitico.mx\/?cat=58\" rel=\"category\">Cultura y Entretenimiento<\/a>","tag_info":"Cultura y Entretenimiento","comment_count":"0","_links":{"self":[{"href":"https:\/\/quehacerpolitico.mx\/index.php?rest_route=\/wp\/v2\/posts\/7244","targetHints":{"allow":["GET"]}}],"collection":[{"href":"https:\/\/quehacerpolitico.mx\/index.php?rest_route=\/wp\/v2\/posts"}],"about":[{"href":"https:\/\/quehacerpolitico.mx\/index.php?rest_route=\/wp\/v2\/types\/post"}],"author":[{"embeddable":true,"href":"https:\/\/quehacerpolitico.mx\/index.php?rest_route=\/wp\/v2\/users\/2"}],"replies":[{"embeddable":true,"href":"https:\/\/quehacerpolitico.mx\/index.php?rest_route=%2Fwp%2Fv2%2Fcomments&post=7244"}],"version-history":[{"count":0,"href":"https:\/\/quehacerpolitico.mx\/index.php?rest_route=\/wp\/v2\/posts\/7244\/revisions"}],"wp:featuredmedia":[{"embeddable":true,"href":"https:\/\/quehacerpolitico.mx\/index.php?rest_route=\/"}],"wp:attachment":[{"href":"https:\/\/quehacerpolitico.mx\/index.php?rest_route=%2Fwp%2Fv2%2Fmedia&parent=7244"}],"wp:term":[{"taxonomy":"category","embeddable":true,"href":"https:\/\/quehacerpolitico.mx\/index.php?rest_route=%2Fwp%2Fv2%2Fcategories&post=7244"},{"taxonomy":"post_tag","embeddable":true,"href":"https:\/\/quehacerpolitico.mx\/index.php?rest_route=%2Fwp%2Fv2%2Ftags&post=7244"}],"curies":[{"name":"wp","href":"https:\/\/api.w.org\/{rel}","templated":true}]}}