{"id":7221,"date":"2018-10-19T03:52:45","date_gmt":"2018-10-19T03:52:45","guid":{"rendered":"http:\/\/quehacerpolitico.mx\/video-militares-roban-patrulla-en-falso-reten\/"},"modified":"2018-10-19T03:52:45","modified_gmt":"2018-10-19T03:52:45","slug":"video-militares-roban-patrulla-en-falso-reten","status":"publish","type":"post","link":"https:\/\/quehacerpolitico.mx\/?p=7221","title":{"rendered":"[VIDEO] \u2018Militares\u2019 roban patrulla en falso ret\u00e9n"},"content":{"rendered":"<h2 class=\"genTitle\">[VIDEO] \u2018Militares\u2019 roban patrulla en falso ret\u00e9n<\/h2>\n<p>Un grupo disfrazado de <strong>militares<\/strong> y <strong>polic\u00edas<\/strong> de la <strong>Ciudad de M\u00e9xico<\/strong> robaron una <strong>patrulla<\/strong> y un cami\u00f3n de carga, en un falso<strong> ret\u00e9n<\/strong> en <strong>Tlalnepantla.<\/strong><\/p>\n<p>Establecieron puntos de inmovilizaci\u00f3n en avenida<strong>Reyes Heroles,<\/strong> casi en el cruce con <strong>Mario Col\u00edn<\/strong>, a la altura de\u00a0<strong>Valle Ceyl\u00e1n.<\/strong><\/p>\n<p>Debido a\u00a0<strong>videos<\/strong> <strong>virales<\/strong> de\u00a0<strong>redes sociales,\u00a0<\/strong>grabados por una patrulla que robaron, se conoce el <em>modus operandi<\/em> de este grupo.<\/p>\n<p>Estos sujetos se dedican a estafar a los conductores de tr\u00e1ilers para llevarse todo lo que puedan, incluso su veh\u00edculo.<\/p>\n<h2>El Video<\/h2>\n<p>Supuestos militares detienen a un <strong>oficial,<\/strong> perteneciente a la escolta de los <strong>Cuerpos de Seguridad Auxiliar del Estado de M\u00e9xico <\/strong>(Cusaem).<\/p>\n<p>El polic\u00eda se detiene detr\u00e1s de un cami\u00f3n, que robaron con anterioridad, a \u00e9l se acercan un hombre con uniforme policiaco y otro tipo militar que le piden salga de la patrulla.\u00a0<\/p>\n<p>Uno de los delincuentes se sube al veh\u00edculo del<strong>Cusaem<\/strong> mientras el otro inspecciona a la v\u00edctima y le roba el celular.<\/p>\n<p>Los hechos sucedieron en la avenida Reyes Heroles, continuaci\u00f3n de la<strong> autopista M\u00e9xico-Quer\u00e9taro<\/strong> hacia <strong>Vallejo<\/strong>, en la CDMX.<\/p>\n<p>El<strong> guardia<\/strong> del Cusaem fue supuestamente liberado en <strong>Ecatepec<\/strong>, sin da\u00f1os y no se sabe si el tr\u00e1iler transportaba mercanc\u00eda.<\/p>\n<p>Empresarios alertan que esta autopista y la avenida Reyes Heroles son de las vialidades con mayor incidencia en<strong> robo<\/strong> de veh\u00edculos de carga.<\/p>\n<p>https:\/\/twitter.com\/alertasurbanas\/status\/1052860944706101248?s=21<\/p>\n","protected":false},"excerpt":{"rendered":"<p>[VIDEO] \u2018Militares\u2019 roban patrulla en falso ret\u00e9n<br \/>\nPor Redacci\u00f3n QP<\/p>\n","protected":false},"author":2,"featured_media":7220,"comment_status":"open","ping_status":"open","sticky":false,"template":"","format":"standard","meta":{"_monsterinsights_skip_tracking":false,"_monsterinsights_sitenote_active":false,"_monsterinsights_sitenote_note":"","_monsterinsights_sitenote_category":0,"footnotes":""},"categories":[2],"tags":[],"class_list":["post-7221","post","type-post","status-publish","format-standard","has-post-thumbnail","hentry","category-noticias"],"yoast_head":"<!-- This site is optimized with the Yoast SEO plugin v27.3 - https:\/\/yoast.com\/product\/yoast-seo-wordpress\/ -->\n<title>[VIDEO] \u2018Militares\u2019 roban patrulla en falso ret\u00e9n -<\/title>\n<meta name=\"robots\" content=\"index, follow, max-snippet:-1, max-image-preview:large, max-video-preview:-1\" \/>\n<link rel=\"canonical\" href=\"https:\/\/quehacerpolitico.mx\/?p=7221\" \/>\n<meta property=\"og:locale\" content=\"es_MX\" \/>\n<meta property=\"og:type\" content=\"article\" \/>\n<meta property=\"og:title\" content=\"[VIDEO] \u2018Militares\u2019 roban patrulla en falso ret\u00e9n -\" \/>\n<meta property=\"og:description\" content=\"[VIDEO] \u2018Militares\u2019 roban patrulla en falso ret\u00e9n Por Redacci\u00f3n QP\" \/>\n<meta property=\"og:url\" content=\"https:\/\/quehacerpolitico.mx\/?p=7221\" \/>\n<meta property=\"article:published_time\" content=\"2018-10-19T03:52:45+00:00\" \/>\n<meta name=\"author\" content=\"Redacci\u00f3n QP\" \/>\n<meta name=\"twitter:card\" content=\"summary_large_image\" \/>\n<meta name=\"twitter:label1\" content=\"Escrito por\" \/>\n\t<meta name=\"twitter:data1\" content=\"Redacci\u00f3n QP\" \/>\n\t<meta name=\"twitter:label2\" content=\"Tiempo de lectura\" \/>\n\t<meta name=\"twitter:data2\" content=\"1 minuto\" \/>\n<script type=\"application\/ld+json\" class=\"yoast-schema-graph\">{\"@context\":\"https:\\\/\\\/schema.org\",\"@graph\":[{\"@type\":\"Article\",\"@id\":\"https:\\\/\\\/quehacerpolitico.mx\\\/?p=7221#article\",\"isPartOf\":{\"@id\":\"https:\\\/\\\/quehacerpolitico.mx\\\/?p=7221\"},\"author\":{\"name\":\"Redacci\u00f3n QP\",\"@id\":\"https:\\\/\\\/quehacerpolitico.mx\\\/#\\\/schema\\\/person\\\/496d8ad2d1d3f8036101dca7ee39e585\"},\"headline\":\"[VIDEO] \u2018Militares\u2019 roban patrulla en falso ret\u00e9n\",\"datePublished\":\"2018-10-19T03:52:45+00:00\",\"mainEntityOfPage\":{\"@id\":\"https:\\\/\\\/quehacerpolitico.mx\\\/?p=7221\"},\"wordCount\":268,\"commentCount\":0,\"image\":{\"@id\":\"https:\\\/\\\/quehacerpolitico.mx\\\/?p=7221#primaryimage\"},\"thumbnailUrl\":\"\",\"articleSection\":[\"Noticias\"],\"inLanguage\":\"es\",\"potentialAction\":[{\"@type\":\"CommentAction\",\"name\":\"Comment\",\"target\":[\"https:\\\/\\\/quehacerpolitico.mx\\\/?p=7221#respond\"]}]},{\"@type\":\"WebPage\",\"@id\":\"https:\\\/\\\/quehacerpolitico.mx\\\/?p=7221\",\"url\":\"https:\\\/\\\/quehacerpolitico.mx\\\/?p=7221\",\"name\":\"[VIDEO] \u2018Militares\u2019 roban patrulla en falso ret\u00e9n -\",\"isPartOf\":{\"@id\":\"https:\\\/\\\/quehacerpolitico.mx\\\/#website\"},\"primaryImageOfPage\":{\"@id\":\"https:\\\/\\\/quehacerpolitico.mx\\\/?p=7221#primaryimage\"},\"image\":{\"@id\":\"https:\\\/\\\/quehacerpolitico.mx\\\/?p=7221#primaryimage\"},\"thumbnailUrl\":\"\",\"datePublished\":\"2018-10-19T03:52:45+00:00\",\"author\":{\"@id\":\"https:\\\/\\\/quehacerpolitico.mx\\\/#\\\/schema\\\/person\\\/496d8ad2d1d3f8036101dca7ee39e585\"},\"breadcrumb\":{\"@id\":\"https:\\\/\\\/quehacerpolitico.mx\\\/?p=7221#breadcrumb\"},\"inLanguage\":\"es\",\"potentialAction\":[{\"@type\":\"ReadAction\",\"target\":[\"https:\\\/\\\/quehacerpolitico.mx\\\/?p=7221\"]}]},{\"@type\":\"ImageObject\",\"inLanguage\":\"es\",\"@id\":\"https:\\\/\\\/quehacerpolitico.mx\\\/?p=7221#primaryimage\",\"url\":\"\",\"contentUrl\":\"\"},{\"@type\":\"BreadcrumbList\",\"@id\":\"https:\\\/\\\/quehacerpolitico.mx\\\/?p=7221#breadcrumb\",\"itemListElement\":[{\"@type\":\"ListItem\",\"position\":1,\"name\":\"Inicio\",\"item\":\"https:\\\/\\\/quehacerpolitico.mx\\\/\"},{\"@type\":\"ListItem\",\"position\":2,\"name\":\"[VIDEO] \u2018Militares\u2019 roban patrulla en falso ret\u00e9n\"}]},{\"@type\":\"WebSite\",\"@id\":\"https:\\\/\\\/quehacerpolitico.mx\\\/#website\",\"url\":\"https:\\\/\\\/quehacerpolitico.mx\\\/\",\"name\":\"\",\"description\":\"\",\"potentialAction\":[{\"@type\":\"SearchAction\",\"target\":{\"@type\":\"EntryPoint\",\"urlTemplate\":\"https:\\\/\\\/quehacerpolitico.mx\\\/?s={search_term_string}\"},\"query-input\":{\"@type\":\"PropertyValueSpecification\",\"valueRequired\":true,\"valueName\":\"search_term_string\"}}],\"inLanguage\":\"es\"},{\"@type\":\"Person\",\"@id\":\"https:\\\/\\\/quehacerpolitico.mx\\\/#\\\/schema\\\/person\\\/496d8ad2d1d3f8036101dca7ee39e585\",\"name\":\"Redacci\u00f3n QP\",\"image\":{\"@type\":\"ImageObject\",\"inLanguage\":\"es\",\"@id\":\"https:\\\/\\\/secure.gravatar.com\\\/avatar\\\/c7164ed6fdec453195284ad24a5ae5b6e1eed2b848477fa2a4787ba9adf39a41?s=96&d=mm&r=g\",\"url\":\"https:\\\/\\\/secure.gravatar.com\\\/avatar\\\/c7164ed6fdec453195284ad24a5ae5b6e1eed2b848477fa2a4787ba9adf39a41?s=96&d=mm&r=g\",\"contentUrl\":\"https:\\\/\\\/secure.gravatar.com\\\/avatar\\\/c7164ed6fdec453195284ad24a5ae5b6e1eed2b848477fa2a4787ba9adf39a41?s=96&d=mm&r=g\",\"caption\":\"Redacci\u00f3n QP\"},\"url\":\"https:\\\/\\\/quehacerpolitico.mx\\\/?author=2\"}]}<\/script>\n<!-- \/ Yoast SEO plugin. -->","yoast_head_json":{"title":"[VIDEO] \u2018Militares\u2019 roban patrulla en falso ret\u00e9n -","robots":{"index":"index","follow":"follow","max-snippet":"max-snippet:-1","max-image-preview":"max-image-preview:large","max-video-preview":"max-video-preview:-1"},"canonical":"https:\/\/quehacerpolitico.mx\/?p=7221","og_locale":"es_MX","og_type":"article","og_title":"[VIDEO] \u2018Militares\u2019 roban patrulla en falso ret\u00e9n -","og_description":"[VIDEO] \u2018Militares\u2019 roban patrulla en falso ret\u00e9n Por Redacci\u00f3n QP","og_url":"https:\/\/quehacerpolitico.mx\/?p=7221","article_published_time":"2018-10-19T03:52:45+00:00","author":"Redacci\u00f3n QP","twitter_card":"summary_large_image","twitter_misc":{"Escrito por":"Redacci\u00f3n QP","Tiempo de lectura":"1 minuto"},"schema":{"@context":"https:\/\/schema.org","@graph":[{"@type":"Article","@id":"https:\/\/quehacerpolitico.mx\/?p=7221#article","isPartOf":{"@id":"https:\/\/quehacerpolitico.mx\/?p=7221"},"author":{"name":"Redacci\u00f3n QP","@id":"https:\/\/quehacerpolitico.mx\/#\/schema\/person\/496d8ad2d1d3f8036101dca7ee39e585"},"headline":"[VIDEO] \u2018Militares\u2019 roban patrulla en falso ret\u00e9n","datePublished":"2018-10-19T03:52:45+00:00","mainEntityOfPage":{"@id":"https:\/\/quehacerpolitico.mx\/?p=7221"},"wordCount":268,"commentCount":0,"image":{"@id":"https:\/\/quehacerpolitico.mx\/?p=7221#primaryimage"},"thumbnailUrl":"","articleSection":["Noticias"],"inLanguage":"es","potentialAction":[{"@type":"CommentAction","name":"Comment","target":["https:\/\/quehacerpolitico.mx\/?p=7221#respond"]}]},{"@type":"WebPage","@id":"https:\/\/quehacerpolitico.mx\/?p=7221","url":"https:\/\/quehacerpolitico.mx\/?p=7221","name":"[VIDEO] \u2018Militares\u2019 roban patrulla en falso ret\u00e9n -","isPartOf":{"@id":"https:\/\/quehacerpolitico.mx\/#website"},"primaryImageOfPage":{"@id":"https:\/\/quehacerpolitico.mx\/?p=7221#primaryimage"},"image":{"@id":"https:\/\/quehacerpolitico.mx\/?p=7221#primaryimage"},"thumbnailUrl":"","datePublished":"2018-10-19T03:52:45+00:00","author":{"@id":"https:\/\/quehacerpolitico.mx\/#\/schema\/person\/496d8ad2d1d3f8036101dca7ee39e585"},"breadcrumb":{"@id":"https:\/\/quehacerpolitico.mx\/?p=7221#breadcrumb"},"inLanguage":"es","potentialAction":[{"@type":"ReadAction","target":["https:\/\/quehacerpolitico.mx\/?p=7221"]}]},{"@type":"ImageObject","inLanguage":"es","@id":"https:\/\/quehacerpolitico.mx\/?p=7221#primaryimage","url":"","contentUrl":""},{"@type":"BreadcrumbList","@id":"https:\/\/quehacerpolitico.mx\/?p=7221#breadcrumb","itemListElement":[{"@type":"ListItem","position":1,"name":"Inicio","item":"https:\/\/quehacerpolitico.mx\/"},{"@type":"ListItem","position":2,"name":"[VIDEO] \u2018Militares\u2019 roban patrulla en falso ret\u00e9n"}]},{"@type":"WebSite","@id":"https:\/\/quehacerpolitico.mx\/#website","url":"https:\/\/quehacerpolitico.mx\/","name":"","description":"","potentialAction":[{"@type":"SearchAction","target":{"@type":"EntryPoint","urlTemplate":"https:\/\/quehacerpolitico.mx\/?s={search_term_string}"},"query-input":{"@type":"PropertyValueSpecification","valueRequired":true,"valueName":"search_term_string"}}],"inLanguage":"es"},{"@type":"Person","@id":"https:\/\/quehacerpolitico.mx\/#\/schema\/person\/496d8ad2d1d3f8036101dca7ee39e585","name":"Redacci\u00f3n QP","image":{"@type":"ImageObject","inLanguage":"es","@id":"https:\/\/secure.gravatar.com\/avatar\/c7164ed6fdec453195284ad24a5ae5b6e1eed2b848477fa2a4787ba9adf39a41?s=96&d=mm&r=g","url":"https:\/\/secure.gravatar.com\/avatar\/c7164ed6fdec453195284ad24a5ae5b6e1eed2b848477fa2a4787ba9adf39a41?s=96&d=mm&r=g","contentUrl":"https:\/\/secure.gravatar.com\/avatar\/c7164ed6fdec453195284ad24a5ae5b6e1eed2b848477fa2a4787ba9adf39a41?s=96&d=mm&r=g","caption":"Redacci\u00f3n QP"},"url":"https:\/\/quehacerpolitico.mx\/?author=2"}]}},"featured_image_urls":{"full":"","thumbnail":"","medium":"","medium_large":"","large":"","1536x1536":"","2048x2048":"","covernews-featured":"","covernews-medium":""},"author_info":{"display_name":"Redacci\u00f3n QP","author_link":"https:\/\/quehacerpolitico.mx\/?author=2"},"category_info":"<a href=\"https:\/\/quehacerpolitico.mx\/?cat=2\" rel=\"category\">Noticias<\/a>","tag_info":"Noticias","comment_count":"0","_links":{"self":[{"href":"https:\/\/quehacerpolitico.mx\/index.php?rest_route=\/wp\/v2\/posts\/7221","targetHints":{"allow":["GET"]}}],"collection":[{"href":"https:\/\/quehacerpolitico.mx\/index.php?rest_route=\/wp\/v2\/posts"}],"about":[{"href":"https:\/\/quehacerpolitico.mx\/index.php?rest_route=\/wp\/v2\/types\/post"}],"author":[{"embeddable":true,"href":"https:\/\/quehacerpolitico.mx\/index.php?rest_route=\/wp\/v2\/users\/2"}],"replies":[{"embeddable":true,"href":"https:\/\/quehacerpolitico.mx\/index.php?rest_route=%2Fwp%2Fv2%2Fcomments&post=7221"}],"version-history":[{"count":0,"href":"https:\/\/quehacerpolitico.mx\/index.php?rest_route=\/wp\/v2\/posts\/7221\/revisions"}],"wp:featuredmedia":[{"embeddable":true,"href":"https:\/\/quehacerpolitico.mx\/index.php?rest_route=\/"}],"wp:attachment":[{"href":"https:\/\/quehacerpolitico.mx\/index.php?rest_route=%2Fwp%2Fv2%2Fmedia&parent=7221"}],"wp:term":[{"taxonomy":"category","embeddable":true,"href":"https:\/\/quehacerpolitico.mx\/index.php?rest_route=%2Fwp%2Fv2%2Fcategories&post=7221"},{"taxonomy":"post_tag","embeddable":true,"href":"https:\/\/quehacerpolitico.mx\/index.php?rest_route=%2Fwp%2Fv2%2Ftags&post=7221"}],"curies":[{"name":"wp","href":"https:\/\/api.w.org\/{rel}","templated":true}]}}