{"id":7215,"date":"2018-10-19T03:24:18","date_gmt":"2018-10-19T03:24:18","guid":{"rendered":"http:\/\/quehacerpolitico.mx\/amlo-dice-no-al-fracking-en-coahuila-junto-al-gobernador-riquelme-uno-de-sus-grandes-promotores\/"},"modified":"2018-10-19T03:24:18","modified_gmt":"2018-10-19T03:24:18","slug":"amlo-dice-no-al-fracking-en-coahuila-junto-al-gobernador-riquelme-uno-de-sus-grandes-promotores","status":"publish","type":"post","link":"https:\/\/quehacerpolitico.mx\/?p=7215","title":{"rendered":"AMLO dice NO al fracking en Coahuila, junto al Gobernador Riquelme, uno de sus grandes promotores"},"content":{"rendered":"<h1>AMLO dice NO al fracking en Coahuila, junto al Gobernador Riquelme, uno de sus grandes promotores<\/h1>\n<p><strong>Andr\u00e9s Manuel L\u00f3pez Obrador<\/strong>, Presidente electo de la Rep\u00fablica, dijo hoy, despu\u00e9s de arribar a un encuentro con <strong>Miguel Riquelme Sol\u00eds<\/strong>, Gobernador de Coahuila, que el <strong>fracking<\/strong> se acab\u00f3.<\/p>\n<blockquote>\n<p>\u201cVenimos a hablar sobre temas para <strong>beneficio de Coahuila<\/strong>, pero lo que no va es el fracking\u201d, dijo el tabasque\u00f1o.<\/p>\n<\/blockquote>\n<p>En septiembre, Riquelme Sol\u00eds sali\u00f3\u00a0en defensa del\u00a0fracking. Primero llam\u00f3 a no \u201csatanizar\u201d esta pr\u00e1ctica y despu\u00e9s afirm\u00f3 que buscar\u00eda que los da\u00f1os al medio ambiente no sean tan graves con esta t\u00e9cnica usada para la\u00a0extracci\u00f3n del\u00a0gas shale y petr\u00f3leo.<\/p>\n<blockquote>\n<p>La defensa de este m\u00e9todo por parte del Gobernador, que se dio tras el anuncio de inversi\u00f3n de Lewis Energy en el estado, va en contra de organizaciones, que han expuesto que el n\u00famero de pozos de\u00a0fracking en el pa\u00eds\u00a0supera los 3 mil 350, y de lo dicho por el Presidente electo, Andr\u00e9s Manuel L\u00f3pez Obrador, quien declar\u00f3 su intenci\u00f3n de dejar de hacer uso de esta pr\u00e1ctica.<\/p>\n<\/blockquote>\n<p>El 5 de octubre, AMLO dijo que durante su administraci\u00f3n no se utilizar\u00e1 el m\u00e9todo del <strong>fracking<\/strong> para extraer hidrocarburos en M\u00e9xico.<\/p>\n<p>\u201cNo vamos a utilizar el famoso <em>fracking<\/em> para explotar este <strong>petr\u00f3leo<\/strong>. No vamos a usar esos m\u00e9todos de extracci\u00f3n de petr\u00f3leo, de gas. Eso no se va a aplicar\u201d, se\u00f1al\u00f3 despu\u00e9s de reunirse con Juan Manuel Carrera, Gobernador de San Luis Potos\u00ed.<\/p>\n<p><strong>\u00bfQu\u00e9 es la fracturaci\u00f3n hidr\u00e1ulica?<\/strong><\/p>\n<p>La<strong> fractura\u00a0<\/strong><b>hidr\u00e1ulica<\/b>\u00a0es una t\u00e9cnica que se basa en la inyecci\u00f3n a alta presi\u00f3n de agua y qu\u00edmicos t\u00f3xicos en pozos extractivos, con el fin de arreciar las fracturas de los sustratos rocosos y as\u00ed extraer gas o petr\u00f3leo.<\/p>\n<p>No es una actividad reciente sino que se utiliza en M\u00e9xico al menos desde 1980.<\/p>\n<p>El\u00a0<em>boom<\/em>\u00a0del fracking en Estados Unidos se ha esparcido a Latinoam\u00e9rica, pero la informaci\u00f3n a\u00fan es opaca en M\u00e9xico.<\/p>\n<blockquote>\n<p>\u201cTenemos informaci\u00f3n de que se ha hecho fracking en miles de pozos, pero lo que no nos est\u00e1n indicando es si se trata de fracking convencional o no convencional\u201d, explic\u00f3 Aroa de la Fuente L\u00f3pez, miembro de la Alianza contra el Fracking e investigadora del tanque de pensamiento Fundar.<\/p>\n<\/blockquote>\n<p>De acuerdo con un informe de Fundar: \u201cActividades Extractivas en M\u00e9xico: estado actual\u201d, hay 28 pozos exploratorios en yacimientos de lutitas \u2013formaciones rocosas poco permeables en el subsuelo\u2013, donde tambi\u00e9n se utiliza el fracking.<\/p>\n","protected":false},"excerpt":{"rendered":"<p>AMLO dice NO al fracking en Coahuila, junto al Gobernador Riquelme, uno de sus grandes promotores<br \/>\nPor Redacci\u00f3n QP<\/p>\n","protected":false},"author":2,"featured_media":7214,"comment_status":"open","ping_status":"open","sticky":false,"template":"","format":"standard","meta":{"_monsterinsights_skip_tracking":false,"_monsterinsights_sitenote_active":false,"_monsterinsights_sitenote_note":"","_monsterinsights_sitenote_category":0,"footnotes":""},"categories":[2],"tags":[],"class_list":["post-7215","post","type-post","status-publish","format-standard","has-post-thumbnail","hentry","category-noticias"],"yoast_head":"<!-- This site is optimized with the Yoast SEO plugin v27.3 - https:\/\/yoast.com\/product\/yoast-seo-wordpress\/ -->\n<title>AMLO dice NO al fracking en Coahuila, junto al Gobernador Riquelme, uno de sus grandes promotores -<\/title>\n<meta name=\"robots\" content=\"index, follow, max-snippet:-1, max-image-preview:large, max-video-preview:-1\" \/>\n<link rel=\"canonical\" href=\"https:\/\/quehacerpolitico.mx\/?p=7215\" \/>\n<meta property=\"og:locale\" content=\"es_MX\" \/>\n<meta property=\"og:type\" content=\"article\" \/>\n<meta property=\"og:title\" content=\"AMLO dice NO al fracking en Coahuila, junto al Gobernador Riquelme, uno de sus grandes promotores -\" \/>\n<meta property=\"og:description\" content=\"AMLO dice NO al fracking en Coahuila, junto al Gobernador Riquelme, uno de sus grandes promotores Por Redacci\u00f3n QP\" \/>\n<meta property=\"og:url\" content=\"https:\/\/quehacerpolitico.mx\/?p=7215\" \/>\n<meta property=\"article:published_time\" content=\"2018-10-19T03:24:18+00:00\" \/>\n<meta name=\"author\" content=\"Redacci\u00f3n QP\" \/>\n<meta name=\"twitter:card\" content=\"summary_large_image\" \/>\n<meta name=\"twitter:label1\" content=\"Escrito por\" \/>\n\t<meta name=\"twitter:data1\" content=\"Redacci\u00f3n QP\" \/>\n\t<meta name=\"twitter:label2\" content=\"Tiempo de lectura\" \/>\n\t<meta name=\"twitter:data2\" content=\"2 minutos\" \/>\n<script type=\"application\/ld+json\" class=\"yoast-schema-graph\">{\"@context\":\"https:\\\/\\\/schema.org\",\"@graph\":[{\"@type\":\"Article\",\"@id\":\"https:\\\/\\\/quehacerpolitico.mx\\\/?p=7215#article\",\"isPartOf\":{\"@id\":\"https:\\\/\\\/quehacerpolitico.mx\\\/?p=7215\"},\"author\":{\"name\":\"Redacci\u00f3n QP\",\"@id\":\"https:\\\/\\\/quehacerpolitico.mx\\\/#\\\/schema\\\/person\\\/496d8ad2d1d3f8036101dca7ee39e585\"},\"headline\":\"AMLO dice NO al fracking en Coahuila, junto al Gobernador Riquelme, uno de sus grandes promotores\",\"datePublished\":\"2018-10-19T03:24:18+00:00\",\"mainEntityOfPage\":{\"@id\":\"https:\\\/\\\/quehacerpolitico.mx\\\/?p=7215\"},\"wordCount\":466,\"commentCount\":0,\"image\":{\"@id\":\"https:\\\/\\\/quehacerpolitico.mx\\\/?p=7215#primaryimage\"},\"thumbnailUrl\":\"\",\"articleSection\":[\"Noticias\"],\"inLanguage\":\"es\",\"potentialAction\":[{\"@type\":\"CommentAction\",\"name\":\"Comment\",\"target\":[\"https:\\\/\\\/quehacerpolitico.mx\\\/?p=7215#respond\"]}]},{\"@type\":\"WebPage\",\"@id\":\"https:\\\/\\\/quehacerpolitico.mx\\\/?p=7215\",\"url\":\"https:\\\/\\\/quehacerpolitico.mx\\\/?p=7215\",\"name\":\"AMLO dice NO al fracking en Coahuila, junto al Gobernador Riquelme, uno de sus grandes promotores -\",\"isPartOf\":{\"@id\":\"https:\\\/\\\/quehacerpolitico.mx\\\/#website\"},\"primaryImageOfPage\":{\"@id\":\"https:\\\/\\\/quehacerpolitico.mx\\\/?p=7215#primaryimage\"},\"image\":{\"@id\":\"https:\\\/\\\/quehacerpolitico.mx\\\/?p=7215#primaryimage\"},\"thumbnailUrl\":\"\",\"datePublished\":\"2018-10-19T03:24:18+00:00\",\"author\":{\"@id\":\"https:\\\/\\\/quehacerpolitico.mx\\\/#\\\/schema\\\/person\\\/496d8ad2d1d3f8036101dca7ee39e585\"},\"breadcrumb\":{\"@id\":\"https:\\\/\\\/quehacerpolitico.mx\\\/?p=7215#breadcrumb\"},\"inLanguage\":\"es\",\"potentialAction\":[{\"@type\":\"ReadAction\",\"target\":[\"https:\\\/\\\/quehacerpolitico.mx\\\/?p=7215\"]}]},{\"@type\":\"ImageObject\",\"inLanguage\":\"es\",\"@id\":\"https:\\\/\\\/quehacerpolitico.mx\\\/?p=7215#primaryimage\",\"url\":\"\",\"contentUrl\":\"\"},{\"@type\":\"BreadcrumbList\",\"@id\":\"https:\\\/\\\/quehacerpolitico.mx\\\/?p=7215#breadcrumb\",\"itemListElement\":[{\"@type\":\"ListItem\",\"position\":1,\"name\":\"Inicio\",\"item\":\"https:\\\/\\\/quehacerpolitico.mx\\\/\"},{\"@type\":\"ListItem\",\"position\":2,\"name\":\"AMLO dice NO al fracking en Coahuila, junto al Gobernador Riquelme, uno de sus grandes promotores\"}]},{\"@type\":\"WebSite\",\"@id\":\"https:\\\/\\\/quehacerpolitico.mx\\\/#website\",\"url\":\"https:\\\/\\\/quehacerpolitico.mx\\\/\",\"name\":\"\",\"description\":\"\",\"potentialAction\":[{\"@type\":\"SearchAction\",\"target\":{\"@type\":\"EntryPoint\",\"urlTemplate\":\"https:\\\/\\\/quehacerpolitico.mx\\\/?s={search_term_string}\"},\"query-input\":{\"@type\":\"PropertyValueSpecification\",\"valueRequired\":true,\"valueName\":\"search_term_string\"}}],\"inLanguage\":\"es\"},{\"@type\":\"Person\",\"@id\":\"https:\\\/\\\/quehacerpolitico.mx\\\/#\\\/schema\\\/person\\\/496d8ad2d1d3f8036101dca7ee39e585\",\"name\":\"Redacci\u00f3n QP\",\"image\":{\"@type\":\"ImageObject\",\"inLanguage\":\"es\",\"@id\":\"https:\\\/\\\/secure.gravatar.com\\\/avatar\\\/c7164ed6fdec453195284ad24a5ae5b6e1eed2b848477fa2a4787ba9adf39a41?s=96&d=mm&r=g\",\"url\":\"https:\\\/\\\/secure.gravatar.com\\\/avatar\\\/c7164ed6fdec453195284ad24a5ae5b6e1eed2b848477fa2a4787ba9adf39a41?s=96&d=mm&r=g\",\"contentUrl\":\"https:\\\/\\\/secure.gravatar.com\\\/avatar\\\/c7164ed6fdec453195284ad24a5ae5b6e1eed2b848477fa2a4787ba9adf39a41?s=96&d=mm&r=g\",\"caption\":\"Redacci\u00f3n QP\"},\"url\":\"https:\\\/\\\/quehacerpolitico.mx\\\/?author=2\"}]}<\/script>\n<!-- \/ Yoast SEO plugin. -->","yoast_head_json":{"title":"AMLO dice NO al fracking en Coahuila, junto al Gobernador Riquelme, uno de sus grandes promotores -","robots":{"index":"index","follow":"follow","max-snippet":"max-snippet:-1","max-image-preview":"max-image-preview:large","max-video-preview":"max-video-preview:-1"},"canonical":"https:\/\/quehacerpolitico.mx\/?p=7215","og_locale":"es_MX","og_type":"article","og_title":"AMLO dice NO al fracking en Coahuila, junto al Gobernador Riquelme, uno de sus grandes promotores -","og_description":"AMLO dice NO al fracking en Coahuila, junto al Gobernador Riquelme, uno de sus grandes promotores Por Redacci\u00f3n QP","og_url":"https:\/\/quehacerpolitico.mx\/?p=7215","article_published_time":"2018-10-19T03:24:18+00:00","author":"Redacci\u00f3n QP","twitter_card":"summary_large_image","twitter_misc":{"Escrito por":"Redacci\u00f3n QP","Tiempo de lectura":"2 minutos"},"schema":{"@context":"https:\/\/schema.org","@graph":[{"@type":"Article","@id":"https:\/\/quehacerpolitico.mx\/?p=7215#article","isPartOf":{"@id":"https:\/\/quehacerpolitico.mx\/?p=7215"},"author":{"name":"Redacci\u00f3n QP","@id":"https:\/\/quehacerpolitico.mx\/#\/schema\/person\/496d8ad2d1d3f8036101dca7ee39e585"},"headline":"AMLO dice NO al fracking en Coahuila, junto al Gobernador Riquelme, uno de sus grandes promotores","datePublished":"2018-10-19T03:24:18+00:00","mainEntityOfPage":{"@id":"https:\/\/quehacerpolitico.mx\/?p=7215"},"wordCount":466,"commentCount":0,"image":{"@id":"https:\/\/quehacerpolitico.mx\/?p=7215#primaryimage"},"thumbnailUrl":"","articleSection":["Noticias"],"inLanguage":"es","potentialAction":[{"@type":"CommentAction","name":"Comment","target":["https:\/\/quehacerpolitico.mx\/?p=7215#respond"]}]},{"@type":"WebPage","@id":"https:\/\/quehacerpolitico.mx\/?p=7215","url":"https:\/\/quehacerpolitico.mx\/?p=7215","name":"AMLO dice NO al fracking en Coahuila, junto al Gobernador Riquelme, uno de sus grandes promotores -","isPartOf":{"@id":"https:\/\/quehacerpolitico.mx\/#website"},"primaryImageOfPage":{"@id":"https:\/\/quehacerpolitico.mx\/?p=7215#primaryimage"},"image":{"@id":"https:\/\/quehacerpolitico.mx\/?p=7215#primaryimage"},"thumbnailUrl":"","datePublished":"2018-10-19T03:24:18+00:00","author":{"@id":"https:\/\/quehacerpolitico.mx\/#\/schema\/person\/496d8ad2d1d3f8036101dca7ee39e585"},"breadcrumb":{"@id":"https:\/\/quehacerpolitico.mx\/?p=7215#breadcrumb"},"inLanguage":"es","potentialAction":[{"@type":"ReadAction","target":["https:\/\/quehacerpolitico.mx\/?p=7215"]}]},{"@type":"ImageObject","inLanguage":"es","@id":"https:\/\/quehacerpolitico.mx\/?p=7215#primaryimage","url":"","contentUrl":""},{"@type":"BreadcrumbList","@id":"https:\/\/quehacerpolitico.mx\/?p=7215#breadcrumb","itemListElement":[{"@type":"ListItem","position":1,"name":"Inicio","item":"https:\/\/quehacerpolitico.mx\/"},{"@type":"ListItem","position":2,"name":"AMLO dice NO al fracking en Coahuila, junto al Gobernador Riquelme, uno de sus grandes promotores"}]},{"@type":"WebSite","@id":"https:\/\/quehacerpolitico.mx\/#website","url":"https:\/\/quehacerpolitico.mx\/","name":"","description":"","potentialAction":[{"@type":"SearchAction","target":{"@type":"EntryPoint","urlTemplate":"https:\/\/quehacerpolitico.mx\/?s={search_term_string}"},"query-input":{"@type":"PropertyValueSpecification","valueRequired":true,"valueName":"search_term_string"}}],"inLanguage":"es"},{"@type":"Person","@id":"https:\/\/quehacerpolitico.mx\/#\/schema\/person\/496d8ad2d1d3f8036101dca7ee39e585","name":"Redacci\u00f3n QP","image":{"@type":"ImageObject","inLanguage":"es","@id":"https:\/\/secure.gravatar.com\/avatar\/c7164ed6fdec453195284ad24a5ae5b6e1eed2b848477fa2a4787ba9adf39a41?s=96&d=mm&r=g","url":"https:\/\/secure.gravatar.com\/avatar\/c7164ed6fdec453195284ad24a5ae5b6e1eed2b848477fa2a4787ba9adf39a41?s=96&d=mm&r=g","contentUrl":"https:\/\/secure.gravatar.com\/avatar\/c7164ed6fdec453195284ad24a5ae5b6e1eed2b848477fa2a4787ba9adf39a41?s=96&d=mm&r=g","caption":"Redacci\u00f3n QP"},"url":"https:\/\/quehacerpolitico.mx\/?author=2"}]}},"featured_image_urls":{"full":"","thumbnail":"","medium":"","medium_large":"","large":"","1536x1536":"","2048x2048":"","covernews-featured":"","covernews-medium":""},"author_info":{"display_name":"Redacci\u00f3n QP","author_link":"https:\/\/quehacerpolitico.mx\/?author=2"},"category_info":"<a href=\"https:\/\/quehacerpolitico.mx\/?cat=2\" rel=\"category\">Noticias<\/a>","tag_info":"Noticias","comment_count":"0","_links":{"self":[{"href":"https:\/\/quehacerpolitico.mx\/index.php?rest_route=\/wp\/v2\/posts\/7215","targetHints":{"allow":["GET"]}}],"collection":[{"href":"https:\/\/quehacerpolitico.mx\/index.php?rest_route=\/wp\/v2\/posts"}],"about":[{"href":"https:\/\/quehacerpolitico.mx\/index.php?rest_route=\/wp\/v2\/types\/post"}],"author":[{"embeddable":true,"href":"https:\/\/quehacerpolitico.mx\/index.php?rest_route=\/wp\/v2\/users\/2"}],"replies":[{"embeddable":true,"href":"https:\/\/quehacerpolitico.mx\/index.php?rest_route=%2Fwp%2Fv2%2Fcomments&post=7215"}],"version-history":[{"count":0,"href":"https:\/\/quehacerpolitico.mx\/index.php?rest_route=\/wp\/v2\/posts\/7215\/revisions"}],"wp:featuredmedia":[{"embeddable":true,"href":"https:\/\/quehacerpolitico.mx\/index.php?rest_route=\/"}],"wp:attachment":[{"href":"https:\/\/quehacerpolitico.mx\/index.php?rest_route=%2Fwp%2Fv2%2Fmedia&parent=7215"}],"wp:term":[{"taxonomy":"category","embeddable":true,"href":"https:\/\/quehacerpolitico.mx\/index.php?rest_route=%2Fwp%2Fv2%2Fcategories&post=7215"},{"taxonomy":"post_tag","embeddable":true,"href":"https:\/\/quehacerpolitico.mx\/index.php?rest_route=%2Fwp%2Fv2%2Ftags&post=7215"}],"curies":[{"name":"wp","href":"https:\/\/api.w.org\/{rel}","templated":true}]}}