{"id":7209,"date":"2018-10-19T03:05:40","date_gmt":"2018-10-19T03:05:40","guid":{"rendered":"http:\/\/quehacerpolitico.mx\/los-37485-desaparecidos-oficiales-en-mexico-podrian-ser-la-punta-del-iceberg-de-una-realidad-peor\/"},"modified":"2018-10-19T03:05:40","modified_gmt":"2018-10-19T03:05:40","slug":"los-37485-desaparecidos-oficiales-en-mexico-podrian-ser-la-punta-del-iceberg-de-una-realidad-peor","status":"publish","type":"post","link":"https:\/\/quehacerpolitico.mx\/?p=7209","title":{"rendered":"Los 37,485 desaparecidos oficiales en M\u00e9xico podr\u00edan ser la punta del iceberg de una realidad peor"},"content":{"rendered":"<h1>Los 37,485 desaparecidos oficiales en M\u00e9xico podr\u00edan ser la punta del iceberg de una realidad peor<\/h1>\n<p>Los 37 mil 485 casos oficiales de <strong>personas desaparecidas en M\u00e9xico<\/strong> <strong>son<\/strong> apenas la<strong> punta del iceberg<\/strong> en el aumento <strong>de violencia e insegurida<\/strong>d que se registra en este pa\u00eds en los \u00faltimos a\u00f1os.<\/p>\n<p>De esta tragedia uno de los datos m\u00e1s impactantes es que de todos los miles de desaparecidos solo se han identificado 340, menos del 1 por ciento.<\/p>\n<blockquote>\n<p>Seg\u00fan el secretario de Gobernaci\u00f3n, Alfonso Navarrete, \u201cseguramente es mucho m\u00e1s grande el n\u00famero de personas desaparecidas, pero tenemos que basarnos en datos oficiales\u201d.<\/p>\n<\/blockquote>\n<p>\u201cEste es uno de los temas m\u00e1s dolorosos y complejos que resiente nuestro pa\u00eds\u201d, dijo.<\/p>\n<p>Una muestra de la tragedia lo constituye el numero de cad\u00e1veres que se amontonan en las morgues o incluso en camiones, ya que las autoridades forenses est\u00e1n desbordadas.<\/p>\n<p>A mediados de septiembre, el hallazgo de dos contenedores de refrigeraci\u00f3n con m\u00e1s de 300 cad\u00e1veres en Guadalajara, oeste de M\u00e9xico, puso de manifiesto el nivel del problema de desapariciones que en este pa\u00eds.<\/p>\n<p>En aquel momento, el extitular del Instituto Jalisciense de Ciencias Forenses (IJCF), Luis Octavio Cotero, cont\u00f3 a Efe que la capacidad de los refrigeradores de la instituci\u00f3n era de 72 cuerpos \u201cpero tienen 144 porque hab\u00eda que forzar un poquito la capacidad\u201d.<\/p>\n<blockquote>\n<p>Explic\u00f3 que al ver que los \u201ccuerpos se estaban descomponiendo, la fiscal\u00eda tuvo la necesidad de contratar desde hace dos a\u00f1os ese (primer) cami\u00f3n refrigerante\u201d, que en un inicio conten\u00eda 200 cuerpos, aunque 100 cuerpos fueron identificados.<\/p>\n<div id=\"attachment_3486240\" class=\"wp-caption alignnone\"><img loading=\"lazy\" decoding=\"async\" class=\"size-full wp-image-3486240\" src=\"http:\/\/www.sinembargo.mx\/wp-content\/uploads\/2018\/10\/14735218.jpg\" sizes=\"auto, (max-width: 700px) 100vw, 700px\" srcset=\"http:\/\/www.sinembargo.mx\/wp-content\/uploads\/2018\/10\/14735218.jpg 700w, http:\/\/www.sinembargo.mx\/wp-content\/uploads\/2018\/10\/14735218-282x300.jpg 282w\" alt=\"\" width=\"700\" height=\"746\" \/><\/p>\n<p class=\"wp-caption-text\">Tras el intercambio de informaci\u00f3n, se concluy\u00f3 que en M\u00e9xico hay 4 mil 500 coincidencias entre cad\u00e1veres e identificaciones oficiales. Aunque s\u00f3lo del\u00a00.89 por ciento, o sea 340 casos, se tiene certeza. Foto: EFE<\/p>\n<\/div>\n<p>Apenas el martes, las autoridades de Jalisco encontraron 16 cad\u00e1veres en dos fosas clandestinas en el Municipio de Tonal\u00e1, que se suman a los 67 los cuerpos hallados en diez fosas clandestinas desde junio pasado en los municipios de Tlajomulco, Tlaquepaque, El Salto y Juanacatl\u00e1n, que forman parte de la zona metropolitana de Guadalajara.<\/p>\n<p>Ante la falta de certeza y de los limitados resultados de las autoridades, distintos colectivos de los estados de Veracruz, Sinaloa, Coahuila, Tamaulipas, Morelos, Guerrero y Michoac\u00e1n se han dado a la tarea llevar a cabo sus propias b\u00fasquedas e investigaciones.<\/p>\n<p>Uno de ellos es el Colectivo Solecito, una organizaci\u00f3n de madres y familiares de desaparecidos que ha encontrado numerosas fosas clandestinas, una de ellas en la que se localizaron 300 cad\u00e1veres, una de las m\u00e1s grandes del pa\u00eds.<\/p>\n<blockquote>\n<p>\u201cMi \u00fanica misi\u00f3n en la vida hoy en d\u00eda es buscar a nuestros amados desaparecidos y encontrarlos\u201d, dijo Luc\u00eda D\u00edaz Genao, fundadora del colectivo a mediados de septiembre, en un comunicado.<\/p>\n<\/blockquote>\n<p>Apenas el lunes, el presidente de la universidad estadounidense de Notre Dame, el reverendo John I. Jenkins, particip\u00f3 en una misa celebrada frente a la fosa y agradeci\u00f3 al colectivo su incansable lucha para afrontar las desapariciones en M\u00e9xico.<\/p>\n<blockquote>\n<p>Ante la cifra de desaparecidos, ofrecida la semana anterior por el actual Gobierno, el futuro subsecretario de Derechos Humanos de la Secretar\u00eda de Gobernaci\u00f3n, Alejandro Encinas, propuso la creaci\u00f3n de un sistema nacional forense al estimar que la localizaci\u00f3n e identificaci\u00f3n de personas desaparecidas llevada a cabo por la actual administraci\u00f3n ha sido deficiente.<\/p>\n<p>\u201cEs muy tard\u00eda la decisi\u00f3n del Gobierno federal actual para instalar el Sistema Nacional de B\u00fasqueda de Personas, casi un a\u00f1o despu\u00e9s de que fue publicada la ley. Un a\u00f1o perdido y el mejor indicador de ello es que menos del 1 por ciento por ciento de los cuerpos encontrados son los que se han podido identificar\u201d, dijo.<\/p>\n<p>Consider\u00f3 que la instalaci\u00f3n del Sistema \u201cse llev\u00f3 a cabo para cubrir el expediente y no para enfrentar el problema\u201d, apunt\u00f3.<\/p>\n<p>Hace dos semanas Loretta Ortiz, asesora en Derechos Humanos del pr\u00f3ximo Gobierno, que encabezar\u00e1 Andr\u00e9s Manuel L\u00f3pez Obrador a partir del 1 de diciembre, asegur\u00f3 que en el tema de las desapariciones no se pod\u00eda dar una cifra \u201cni medianamente cercana de los desaparecidos en territorio nacional\u201d.<\/p>\n<blockquote>\n<p>Precisamente el 30 de agosto, con motivo del D\u00eda de Internacional de las V\u00edctimas de Desapariciones Forzadas, el comisionado ejecutivo de Atenci\u00f3n a V\u00edctimas, Jaime Roch\u00edn, inform\u00f3 que, a la fecha, en el Registro Nacional de V\u00edctimas se tienen 1.394 personas inscritas por el delito de desaparici\u00f3n forzada.<\/p>\n<p>La mayor parte se concentra en los estados de Guerrero, Coahuila, Veracruz, Tamaulipas, Nuevo Le\u00f3n, M\u00e9xico y Guanajuato.<\/p>\n<p>Desde que el ex Presidente Felipe Calder\u00f3n (2006-2012) inici\u00f3 una guerra frontal contra grupos del narcotr\u00e1fico, los casos de personas no localizadas, extraviadas y desaparecidas, incluyendo v\u00edctimas de desaparici\u00f3n forzada, han ido en aumento en M\u00e9xico.<\/p>\n<p>Bajo el mandato de Pe\u00f1a Nieto (2012-2018), el caso m\u00e1s medi\u00e1tico ha sido la desaparici\u00f3n en 2014 de 43 estudiantes de la escuela para maestros de Ayotzinapa en manos de polic\u00edas corruptos.<\/p>\n<blockquote>\n<p>Uno de los pendientes del Gobierno de L\u00f3pez Obrador ser\u00e1 atender esa crisis, identificar a las v\u00edctimas y certeza a los familiares, un paso obligado en busca de la justicia a la que aspira M\u00e9xico.<\/p>\n<p>ConInformaci\u00f3n deEFE<\/p>\n<\/blockquote>\n<\/blockquote>\n<\/blockquote>\n<\/blockquote>\n","protected":false},"excerpt":{"rendered":"<p>Los 37,485 desaparecidos oficiales en M\u00e9xico podr\u00edan ser la punta del iceberg de una realidad peor<br \/>\nPor Redacci\u00f3n QP<\/p>\n","protected":false},"author":2,"featured_media":7208,"comment_status":"open","ping_status":"open","sticky":false,"template":"","format":"standard","meta":{"_monsterinsights_skip_tracking":false,"_monsterinsights_sitenote_active":false,"_monsterinsights_sitenote_note":"","_monsterinsights_sitenote_category":0,"footnotes":""},"categories":[2],"tags":[],"class_list":["post-7209","post","type-post","status-publish","format-standard","has-post-thumbnail","hentry","category-noticias"],"yoast_head":"<!-- This site is optimized with the Yoast SEO plugin v27.3 - https:\/\/yoast.com\/product\/yoast-seo-wordpress\/ -->\n<title>Los 37,485 desaparecidos oficiales en M\u00e9xico podr\u00edan ser la punta del iceberg de una realidad peor -<\/title>\n<meta name=\"robots\" content=\"index, follow, max-snippet:-1, max-image-preview:large, max-video-preview:-1\" \/>\n<link rel=\"canonical\" href=\"https:\/\/quehacerpolitico.mx\/?p=7209\" \/>\n<meta property=\"og:locale\" content=\"es_MX\" \/>\n<meta property=\"og:type\" content=\"article\" \/>\n<meta property=\"og:title\" content=\"Los 37,485 desaparecidos oficiales en M\u00e9xico podr\u00edan ser la punta del iceberg de una realidad peor -\" \/>\n<meta property=\"og:description\" content=\"Los 37,485 desaparecidos oficiales en M\u00e9xico podr\u00edan ser la punta del iceberg de una realidad peor Por Redacci\u00f3n QP\" \/>\n<meta property=\"og:url\" content=\"https:\/\/quehacerpolitico.mx\/?p=7209\" \/>\n<meta property=\"article:published_time\" content=\"2018-10-19T03:05:40+00:00\" \/>\n<meta name=\"author\" content=\"Redacci\u00f3n QP\" \/>\n<meta name=\"twitter:card\" content=\"summary_large_image\" \/>\n<meta name=\"twitter:label1\" content=\"Escrito por\" \/>\n\t<meta name=\"twitter:data1\" content=\"Redacci\u00f3n QP\" \/>\n\t<meta name=\"twitter:label2\" content=\"Tiempo de lectura\" \/>\n\t<meta name=\"twitter:data2\" content=\"5 minutos\" \/>\n<script type=\"application\/ld+json\" class=\"yoast-schema-graph\">{\"@context\":\"https:\\\/\\\/schema.org\",\"@graph\":[{\"@type\":\"Article\",\"@id\":\"https:\\\/\\\/quehacerpolitico.mx\\\/?p=7209#article\",\"isPartOf\":{\"@id\":\"https:\\\/\\\/quehacerpolitico.mx\\\/?p=7209\"},\"author\":{\"name\":\"Redacci\u00f3n QP\",\"@id\":\"https:\\\/\\\/quehacerpolitico.mx\\\/#\\\/schema\\\/person\\\/496d8ad2d1d3f8036101dca7ee39e585\"},\"headline\":\"Los 37,485 desaparecidos oficiales en M\u00e9xico podr\u00edan ser la punta del iceberg de una realidad peor\",\"datePublished\":\"2018-10-19T03:05:40+00:00\",\"mainEntityOfPage\":{\"@id\":\"https:\\\/\\\/quehacerpolitico.mx\\\/?p=7209\"},\"wordCount\":922,\"commentCount\":0,\"image\":{\"@id\":\"https:\\\/\\\/quehacerpolitico.mx\\\/?p=7209#primaryimage\"},\"thumbnailUrl\":\"\",\"articleSection\":[\"Noticias\"],\"inLanguage\":\"es\",\"potentialAction\":[{\"@type\":\"CommentAction\",\"name\":\"Comment\",\"target\":[\"https:\\\/\\\/quehacerpolitico.mx\\\/?p=7209#respond\"]}]},{\"@type\":\"WebPage\",\"@id\":\"https:\\\/\\\/quehacerpolitico.mx\\\/?p=7209\",\"url\":\"https:\\\/\\\/quehacerpolitico.mx\\\/?p=7209\",\"name\":\"Los 37,485 desaparecidos oficiales en M\u00e9xico podr\u00edan ser la punta del iceberg de una realidad peor -\",\"isPartOf\":{\"@id\":\"https:\\\/\\\/quehacerpolitico.mx\\\/#website\"},\"primaryImageOfPage\":{\"@id\":\"https:\\\/\\\/quehacerpolitico.mx\\\/?p=7209#primaryimage\"},\"image\":{\"@id\":\"https:\\\/\\\/quehacerpolitico.mx\\\/?p=7209#primaryimage\"},\"thumbnailUrl\":\"\",\"datePublished\":\"2018-10-19T03:05:40+00:00\",\"author\":{\"@id\":\"https:\\\/\\\/quehacerpolitico.mx\\\/#\\\/schema\\\/person\\\/496d8ad2d1d3f8036101dca7ee39e585\"},\"breadcrumb\":{\"@id\":\"https:\\\/\\\/quehacerpolitico.mx\\\/?p=7209#breadcrumb\"},\"inLanguage\":\"es\",\"potentialAction\":[{\"@type\":\"ReadAction\",\"target\":[\"https:\\\/\\\/quehacerpolitico.mx\\\/?p=7209\"]}]},{\"@type\":\"ImageObject\",\"inLanguage\":\"es\",\"@id\":\"https:\\\/\\\/quehacerpolitico.mx\\\/?p=7209#primaryimage\",\"url\":\"\",\"contentUrl\":\"\"},{\"@type\":\"BreadcrumbList\",\"@id\":\"https:\\\/\\\/quehacerpolitico.mx\\\/?p=7209#breadcrumb\",\"itemListElement\":[{\"@type\":\"ListItem\",\"position\":1,\"name\":\"Inicio\",\"item\":\"https:\\\/\\\/quehacerpolitico.mx\\\/\"},{\"@type\":\"ListItem\",\"position\":2,\"name\":\"Los 37,485 desaparecidos oficiales en M\u00e9xico podr\u00edan ser la punta del iceberg de una realidad peor\"}]},{\"@type\":\"WebSite\",\"@id\":\"https:\\\/\\\/quehacerpolitico.mx\\\/#website\",\"url\":\"https:\\\/\\\/quehacerpolitico.mx\\\/\",\"name\":\"\",\"description\":\"\",\"potentialAction\":[{\"@type\":\"SearchAction\",\"target\":{\"@type\":\"EntryPoint\",\"urlTemplate\":\"https:\\\/\\\/quehacerpolitico.mx\\\/?s={search_term_string}\"},\"query-input\":{\"@type\":\"PropertyValueSpecification\",\"valueRequired\":true,\"valueName\":\"search_term_string\"}}],\"inLanguage\":\"es\"},{\"@type\":\"Person\",\"@id\":\"https:\\\/\\\/quehacerpolitico.mx\\\/#\\\/schema\\\/person\\\/496d8ad2d1d3f8036101dca7ee39e585\",\"name\":\"Redacci\u00f3n QP\",\"image\":{\"@type\":\"ImageObject\",\"inLanguage\":\"es\",\"@id\":\"https:\\\/\\\/secure.gravatar.com\\\/avatar\\\/c7164ed6fdec453195284ad24a5ae5b6e1eed2b848477fa2a4787ba9adf39a41?s=96&d=mm&r=g\",\"url\":\"https:\\\/\\\/secure.gravatar.com\\\/avatar\\\/c7164ed6fdec453195284ad24a5ae5b6e1eed2b848477fa2a4787ba9adf39a41?s=96&d=mm&r=g\",\"contentUrl\":\"https:\\\/\\\/secure.gravatar.com\\\/avatar\\\/c7164ed6fdec453195284ad24a5ae5b6e1eed2b848477fa2a4787ba9adf39a41?s=96&d=mm&r=g\",\"caption\":\"Redacci\u00f3n QP\"},\"url\":\"https:\\\/\\\/quehacerpolitico.mx\\\/?author=2\"}]}<\/script>\n<!-- \/ Yoast SEO plugin. -->","yoast_head_json":{"title":"Los 37,485 desaparecidos oficiales en M\u00e9xico podr\u00edan ser la punta del iceberg de una realidad peor -","robots":{"index":"index","follow":"follow","max-snippet":"max-snippet:-1","max-image-preview":"max-image-preview:large","max-video-preview":"max-video-preview:-1"},"canonical":"https:\/\/quehacerpolitico.mx\/?p=7209","og_locale":"es_MX","og_type":"article","og_title":"Los 37,485 desaparecidos oficiales en M\u00e9xico podr\u00edan ser la punta del iceberg de una realidad peor -","og_description":"Los 37,485 desaparecidos oficiales en M\u00e9xico podr\u00edan ser la punta del iceberg de una realidad peor Por Redacci\u00f3n QP","og_url":"https:\/\/quehacerpolitico.mx\/?p=7209","article_published_time":"2018-10-19T03:05:40+00:00","author":"Redacci\u00f3n QP","twitter_card":"summary_large_image","twitter_misc":{"Escrito por":"Redacci\u00f3n QP","Tiempo de lectura":"5 minutos"},"schema":{"@context":"https:\/\/schema.org","@graph":[{"@type":"Article","@id":"https:\/\/quehacerpolitico.mx\/?p=7209#article","isPartOf":{"@id":"https:\/\/quehacerpolitico.mx\/?p=7209"},"author":{"name":"Redacci\u00f3n QP","@id":"https:\/\/quehacerpolitico.mx\/#\/schema\/person\/496d8ad2d1d3f8036101dca7ee39e585"},"headline":"Los 37,485 desaparecidos oficiales en M\u00e9xico podr\u00edan ser la punta del iceberg de una realidad peor","datePublished":"2018-10-19T03:05:40+00:00","mainEntityOfPage":{"@id":"https:\/\/quehacerpolitico.mx\/?p=7209"},"wordCount":922,"commentCount":0,"image":{"@id":"https:\/\/quehacerpolitico.mx\/?p=7209#primaryimage"},"thumbnailUrl":"","articleSection":["Noticias"],"inLanguage":"es","potentialAction":[{"@type":"CommentAction","name":"Comment","target":["https:\/\/quehacerpolitico.mx\/?p=7209#respond"]}]},{"@type":"WebPage","@id":"https:\/\/quehacerpolitico.mx\/?p=7209","url":"https:\/\/quehacerpolitico.mx\/?p=7209","name":"Los 37,485 desaparecidos oficiales en M\u00e9xico podr\u00edan ser la punta del iceberg de una realidad peor -","isPartOf":{"@id":"https:\/\/quehacerpolitico.mx\/#website"},"primaryImageOfPage":{"@id":"https:\/\/quehacerpolitico.mx\/?p=7209#primaryimage"},"image":{"@id":"https:\/\/quehacerpolitico.mx\/?p=7209#primaryimage"},"thumbnailUrl":"","datePublished":"2018-10-19T03:05:40+00:00","author":{"@id":"https:\/\/quehacerpolitico.mx\/#\/schema\/person\/496d8ad2d1d3f8036101dca7ee39e585"},"breadcrumb":{"@id":"https:\/\/quehacerpolitico.mx\/?p=7209#breadcrumb"},"inLanguage":"es","potentialAction":[{"@type":"ReadAction","target":["https:\/\/quehacerpolitico.mx\/?p=7209"]}]},{"@type":"ImageObject","inLanguage":"es","@id":"https:\/\/quehacerpolitico.mx\/?p=7209#primaryimage","url":"","contentUrl":""},{"@type":"BreadcrumbList","@id":"https:\/\/quehacerpolitico.mx\/?p=7209#breadcrumb","itemListElement":[{"@type":"ListItem","position":1,"name":"Inicio","item":"https:\/\/quehacerpolitico.mx\/"},{"@type":"ListItem","position":2,"name":"Los 37,485 desaparecidos oficiales en M\u00e9xico podr\u00edan ser la punta del iceberg de una realidad peor"}]},{"@type":"WebSite","@id":"https:\/\/quehacerpolitico.mx\/#website","url":"https:\/\/quehacerpolitico.mx\/","name":"","description":"","potentialAction":[{"@type":"SearchAction","target":{"@type":"EntryPoint","urlTemplate":"https:\/\/quehacerpolitico.mx\/?s={search_term_string}"},"query-input":{"@type":"PropertyValueSpecification","valueRequired":true,"valueName":"search_term_string"}}],"inLanguage":"es"},{"@type":"Person","@id":"https:\/\/quehacerpolitico.mx\/#\/schema\/person\/496d8ad2d1d3f8036101dca7ee39e585","name":"Redacci\u00f3n QP","image":{"@type":"ImageObject","inLanguage":"es","@id":"https:\/\/secure.gravatar.com\/avatar\/c7164ed6fdec453195284ad24a5ae5b6e1eed2b848477fa2a4787ba9adf39a41?s=96&d=mm&r=g","url":"https:\/\/secure.gravatar.com\/avatar\/c7164ed6fdec453195284ad24a5ae5b6e1eed2b848477fa2a4787ba9adf39a41?s=96&d=mm&r=g","contentUrl":"https:\/\/secure.gravatar.com\/avatar\/c7164ed6fdec453195284ad24a5ae5b6e1eed2b848477fa2a4787ba9adf39a41?s=96&d=mm&r=g","caption":"Redacci\u00f3n QP"},"url":"https:\/\/quehacerpolitico.mx\/?author=2"}]}},"featured_image_urls":{"full":"","thumbnail":"","medium":"","medium_large":"","large":"","1536x1536":"","2048x2048":"","covernews-featured":"","covernews-medium":""},"author_info":{"display_name":"Redacci\u00f3n QP","author_link":"https:\/\/quehacerpolitico.mx\/?author=2"},"category_info":"<a href=\"https:\/\/quehacerpolitico.mx\/?cat=2\" rel=\"category\">Noticias<\/a>","tag_info":"Noticias","comment_count":"0","_links":{"self":[{"href":"https:\/\/quehacerpolitico.mx\/index.php?rest_route=\/wp\/v2\/posts\/7209","targetHints":{"allow":["GET"]}}],"collection":[{"href":"https:\/\/quehacerpolitico.mx\/index.php?rest_route=\/wp\/v2\/posts"}],"about":[{"href":"https:\/\/quehacerpolitico.mx\/index.php?rest_route=\/wp\/v2\/types\/post"}],"author":[{"embeddable":true,"href":"https:\/\/quehacerpolitico.mx\/index.php?rest_route=\/wp\/v2\/users\/2"}],"replies":[{"embeddable":true,"href":"https:\/\/quehacerpolitico.mx\/index.php?rest_route=%2Fwp%2Fv2%2Fcomments&post=7209"}],"version-history":[{"count":0,"href":"https:\/\/quehacerpolitico.mx\/index.php?rest_route=\/wp\/v2\/posts\/7209\/revisions"}],"wp:featuredmedia":[{"embeddable":true,"href":"https:\/\/quehacerpolitico.mx\/index.php?rest_route=\/"}],"wp:attachment":[{"href":"https:\/\/quehacerpolitico.mx\/index.php?rest_route=%2Fwp%2Fv2%2Fmedia&parent=7209"}],"wp:term":[{"taxonomy":"category","embeddable":true,"href":"https:\/\/quehacerpolitico.mx\/index.php?rest_route=%2Fwp%2Fv2%2Fcategories&post=7209"},{"taxonomy":"post_tag","embeddable":true,"href":"https:\/\/quehacerpolitico.mx\/index.php?rest_route=%2Fwp%2Fv2%2Ftags&post=7209"}],"curies":[{"name":"wp","href":"https:\/\/api.w.org\/{rel}","templated":true}]}}