{"id":7207,"date":"2018-10-19T02:59:56","date_gmt":"2018-10-19T02:59:56","guid":{"rendered":"http:\/\/quehacerpolitico.mx\/aficionados-dudan-de-la-salud-de-maradona-por-video-que-muestra-sus-dificultades-para-caminar\/"},"modified":"2018-10-19T02:59:56","modified_gmt":"2018-10-19T02:59:56","slug":"aficionados-dudan-de-la-salud-de-maradona-por-video-que-muestra-sus-dificultades-para-caminar","status":"publish","type":"post","link":"https:\/\/quehacerpolitico.mx\/?p=7207","title":{"rendered":"Aficionados dudan de la salud de Maradona por VIDEO que muestra sus dificultades para caminar"},"content":{"rendered":"<h1>Aficionados dudan de la salud de Maradona por VIDEO que muestra sus dificultades para caminar<\/h1>\n<p>A 12 d\u00edas de cumplir 58 a\u00f1os, la salud del argentino<strong> Diego Armando Maradona<\/strong> ha vuelto a despertar <strong>incertidumbre<\/strong> luego de que un v\u00eddeo circulado en las redes sociales desvela sus<strong>problemas para caminar<\/strong>.<\/p>\n<p>Las im\u00e1genes muestran a Maradona caminando casi encorvado al lado de su asistente t\u00e9cnico, <strong>Luis Isla<\/strong>s, y su paso lento es m\u00e1s consecuencia de alguna dolencia que de los kilos de m\u00e1s en su anatom\u00eda, por lo que han aparecido versiones de un posible padecimiento de artrosis en ambas rodillas.<\/p>\n<p>Desde que dirigi\u00f3 su primer entrenamiento con los <strong>Dorados<\/strong>, Maradona mostr\u00f3 dificultades en su movimiento de cadera y aunque los trascendidos no han sido confirmados por el cuerpo m\u00e9dico del equipo, es un hecho que est\u00e1 alejado de una buena condici\u00f3n f\u00edsica.<\/p>\n<p>https:\/\/youtu.be\/4r1BEXZQu08<\/p>\n<p>Adem\u00e1s de las lesiones sufridas como futbolista profesional y de los abusos de drogas y alcohol por a\u00f1os, algo reconocido por \u00e9l mismo, Maradona sufri\u00f3 infiltraciones de manera regular cuando fue el mejor jugador del mundo y hace m\u00e1s de 20 a\u00f1os fue tratado con cortisona para aliviar dolores, lo cual suele dejar secuelas, seg\u00fan los m\u00e9dicos.<\/p>\n<p>Los antecedentes de<strong> Maradona<\/strong> delatan la mala salud del ahora entrenador, con un historial plagado de padecimientos: hipertensi\u00f3n en 1997, fallas del coraz\u00f3n en el 2000, infecci\u00f3n pulmonar en el 2004, obesidad en una parte de su vida e insomnio.<\/p>\n<p>Aunque en el a\u00f1o 2005 el ex futbolista se someti\u00f3 a una operaci\u00f3n de bypass g\u00e1strico, luego aument\u00f3 de peso y volvi\u00f3 a someterse a una operaci\u00f3n.<\/p>\n<p>En el pasado Mundial de Rusia 2018, el argentino estuvo a punto de desmayarse durante un partido de la selecci\u00f3n Albiceleste, despu\u00e9s de eso mantuvo un semblante aceptable en M\u00e9xico, donde fue contratado el mes pasado para dirigir a los Dorados, con los que lleva tres victorias y una derrota en la Liga de Ascenso.<\/p>\n<p>El pr\u00f3ximo s\u00e1bado, el entrenador argentino estar\u00e1 en el banquillo en el partido en que los Dorados, octavos de la clasificaci\u00f3n, visitar\u00e1n a los Mineros de Zacatecas, situados en el tercer puesto, a los que deben vencer para no salir de la zona de clasificaci\u00f3n.<\/p>\n<p>Con Informaci\u00f3n de EFE<\/p>\n","protected":false},"excerpt":{"rendered":"<p>Aficionados dudan de la salud de Maradona por VIDEO que muestra sus dificultades para caminar<br \/>\nPor Redacci\u00f3n QP<\/p>\n","protected":false},"author":2,"featured_media":7206,"comment_status":"open","ping_status":"open","sticky":false,"template":"","format":"standard","meta":{"_monsterinsights_skip_tracking":false,"_monsterinsights_sitenote_active":false,"_monsterinsights_sitenote_note":"","_monsterinsights_sitenote_category":0,"footnotes":""},"categories":[54],"tags":[],"class_list":["post-7207","post","type-post","status-publish","format-standard","has-post-thumbnail","hentry","category-deportes"],"yoast_head":"<!-- This site is optimized with the Yoast SEO plugin v27.3 - https:\/\/yoast.com\/product\/yoast-seo-wordpress\/ -->\n<title>Aficionados dudan de la salud de Maradona por VIDEO que muestra sus dificultades para caminar -<\/title>\n<meta name=\"robots\" content=\"index, follow, max-snippet:-1, max-image-preview:large, max-video-preview:-1\" \/>\n<link rel=\"canonical\" href=\"https:\/\/quehacerpolitico.mx\/?p=7207\" \/>\n<meta property=\"og:locale\" content=\"es_MX\" \/>\n<meta property=\"og:type\" content=\"article\" \/>\n<meta property=\"og:title\" content=\"Aficionados dudan de la salud de Maradona por VIDEO que muestra sus dificultades para caminar -\" \/>\n<meta property=\"og:description\" content=\"Aficionados dudan de la salud de Maradona por VIDEO que muestra sus dificultades para caminar Por Redacci\u00f3n QP\" \/>\n<meta property=\"og:url\" content=\"https:\/\/quehacerpolitico.mx\/?p=7207\" \/>\n<meta property=\"article:published_time\" content=\"2018-10-19T02:59:56+00:00\" \/>\n<meta name=\"author\" content=\"Redacci\u00f3n QP\" \/>\n<meta name=\"twitter:card\" content=\"summary_large_image\" \/>\n<meta name=\"twitter:label1\" content=\"Escrito por\" \/>\n\t<meta name=\"twitter:data1\" content=\"Redacci\u00f3n QP\" \/>\n\t<meta name=\"twitter:label2\" content=\"Tiempo de lectura\" \/>\n\t<meta name=\"twitter:data2\" content=\"2 minutos\" \/>\n<script type=\"application\/ld+json\" class=\"yoast-schema-graph\">{\"@context\":\"https:\\\/\\\/schema.org\",\"@graph\":[{\"@type\":\"Article\",\"@id\":\"https:\\\/\\\/quehacerpolitico.mx\\\/?p=7207#article\",\"isPartOf\":{\"@id\":\"https:\\\/\\\/quehacerpolitico.mx\\\/?p=7207\"},\"author\":{\"name\":\"Redacci\u00f3n QP\",\"@id\":\"https:\\\/\\\/quehacerpolitico.mx\\\/#\\\/schema\\\/person\\\/496d8ad2d1d3f8036101dca7ee39e585\"},\"headline\":\"Aficionados dudan de la salud de Maradona por VIDEO que muestra sus dificultades para caminar\",\"datePublished\":\"2018-10-19T02:59:56+00:00\",\"mainEntityOfPage\":{\"@id\":\"https:\\\/\\\/quehacerpolitico.mx\\\/?p=7207\"},\"wordCount\":413,\"commentCount\":0,\"image\":{\"@id\":\"https:\\\/\\\/quehacerpolitico.mx\\\/?p=7207#primaryimage\"},\"thumbnailUrl\":\"\",\"articleSection\":[\"Deportes\"],\"inLanguage\":\"es\",\"potentialAction\":[{\"@type\":\"CommentAction\",\"name\":\"Comment\",\"target\":[\"https:\\\/\\\/quehacerpolitico.mx\\\/?p=7207#respond\"]}]},{\"@type\":\"WebPage\",\"@id\":\"https:\\\/\\\/quehacerpolitico.mx\\\/?p=7207\",\"url\":\"https:\\\/\\\/quehacerpolitico.mx\\\/?p=7207\",\"name\":\"Aficionados dudan de la salud de Maradona por VIDEO que muestra sus dificultades para caminar -\",\"isPartOf\":{\"@id\":\"https:\\\/\\\/quehacerpolitico.mx\\\/#website\"},\"primaryImageOfPage\":{\"@id\":\"https:\\\/\\\/quehacerpolitico.mx\\\/?p=7207#primaryimage\"},\"image\":{\"@id\":\"https:\\\/\\\/quehacerpolitico.mx\\\/?p=7207#primaryimage\"},\"thumbnailUrl\":\"\",\"datePublished\":\"2018-10-19T02:59:56+00:00\",\"author\":{\"@id\":\"https:\\\/\\\/quehacerpolitico.mx\\\/#\\\/schema\\\/person\\\/496d8ad2d1d3f8036101dca7ee39e585\"},\"breadcrumb\":{\"@id\":\"https:\\\/\\\/quehacerpolitico.mx\\\/?p=7207#breadcrumb\"},\"inLanguage\":\"es\",\"potentialAction\":[{\"@type\":\"ReadAction\",\"target\":[\"https:\\\/\\\/quehacerpolitico.mx\\\/?p=7207\"]}]},{\"@type\":\"ImageObject\",\"inLanguage\":\"es\",\"@id\":\"https:\\\/\\\/quehacerpolitico.mx\\\/?p=7207#primaryimage\",\"url\":\"\",\"contentUrl\":\"\"},{\"@type\":\"BreadcrumbList\",\"@id\":\"https:\\\/\\\/quehacerpolitico.mx\\\/?p=7207#breadcrumb\",\"itemListElement\":[{\"@type\":\"ListItem\",\"position\":1,\"name\":\"Inicio\",\"item\":\"https:\\\/\\\/quehacerpolitico.mx\\\/\"},{\"@type\":\"ListItem\",\"position\":2,\"name\":\"Aficionados dudan de la salud de Maradona por VIDEO que muestra sus dificultades para caminar\"}]},{\"@type\":\"WebSite\",\"@id\":\"https:\\\/\\\/quehacerpolitico.mx\\\/#website\",\"url\":\"https:\\\/\\\/quehacerpolitico.mx\\\/\",\"name\":\"\",\"description\":\"\",\"potentialAction\":[{\"@type\":\"SearchAction\",\"target\":{\"@type\":\"EntryPoint\",\"urlTemplate\":\"https:\\\/\\\/quehacerpolitico.mx\\\/?s={search_term_string}\"},\"query-input\":{\"@type\":\"PropertyValueSpecification\",\"valueRequired\":true,\"valueName\":\"search_term_string\"}}],\"inLanguage\":\"es\"},{\"@type\":\"Person\",\"@id\":\"https:\\\/\\\/quehacerpolitico.mx\\\/#\\\/schema\\\/person\\\/496d8ad2d1d3f8036101dca7ee39e585\",\"name\":\"Redacci\u00f3n QP\",\"image\":{\"@type\":\"ImageObject\",\"inLanguage\":\"es\",\"@id\":\"https:\\\/\\\/secure.gravatar.com\\\/avatar\\\/c7164ed6fdec453195284ad24a5ae5b6e1eed2b848477fa2a4787ba9adf39a41?s=96&d=mm&r=g\",\"url\":\"https:\\\/\\\/secure.gravatar.com\\\/avatar\\\/c7164ed6fdec453195284ad24a5ae5b6e1eed2b848477fa2a4787ba9adf39a41?s=96&d=mm&r=g\",\"contentUrl\":\"https:\\\/\\\/secure.gravatar.com\\\/avatar\\\/c7164ed6fdec453195284ad24a5ae5b6e1eed2b848477fa2a4787ba9adf39a41?s=96&d=mm&r=g\",\"caption\":\"Redacci\u00f3n QP\"},\"url\":\"https:\\\/\\\/quehacerpolitico.mx\\\/?author=2\"}]}<\/script>\n<!-- \/ Yoast SEO plugin. -->","yoast_head_json":{"title":"Aficionados dudan de la salud de Maradona por VIDEO que muestra sus dificultades para caminar -","robots":{"index":"index","follow":"follow","max-snippet":"max-snippet:-1","max-image-preview":"max-image-preview:large","max-video-preview":"max-video-preview:-1"},"canonical":"https:\/\/quehacerpolitico.mx\/?p=7207","og_locale":"es_MX","og_type":"article","og_title":"Aficionados dudan de la salud de Maradona por VIDEO que muestra sus dificultades para caminar -","og_description":"Aficionados dudan de la salud de Maradona por VIDEO que muestra sus dificultades para caminar Por Redacci\u00f3n QP","og_url":"https:\/\/quehacerpolitico.mx\/?p=7207","article_published_time":"2018-10-19T02:59:56+00:00","author":"Redacci\u00f3n QP","twitter_card":"summary_large_image","twitter_misc":{"Escrito por":"Redacci\u00f3n QP","Tiempo de lectura":"2 minutos"},"schema":{"@context":"https:\/\/schema.org","@graph":[{"@type":"Article","@id":"https:\/\/quehacerpolitico.mx\/?p=7207#article","isPartOf":{"@id":"https:\/\/quehacerpolitico.mx\/?p=7207"},"author":{"name":"Redacci\u00f3n QP","@id":"https:\/\/quehacerpolitico.mx\/#\/schema\/person\/496d8ad2d1d3f8036101dca7ee39e585"},"headline":"Aficionados dudan de la salud de Maradona por VIDEO que muestra sus dificultades para caminar","datePublished":"2018-10-19T02:59:56+00:00","mainEntityOfPage":{"@id":"https:\/\/quehacerpolitico.mx\/?p=7207"},"wordCount":413,"commentCount":0,"image":{"@id":"https:\/\/quehacerpolitico.mx\/?p=7207#primaryimage"},"thumbnailUrl":"","articleSection":["Deportes"],"inLanguage":"es","potentialAction":[{"@type":"CommentAction","name":"Comment","target":["https:\/\/quehacerpolitico.mx\/?p=7207#respond"]}]},{"@type":"WebPage","@id":"https:\/\/quehacerpolitico.mx\/?p=7207","url":"https:\/\/quehacerpolitico.mx\/?p=7207","name":"Aficionados dudan de la salud de Maradona por VIDEO que muestra sus dificultades para caminar -","isPartOf":{"@id":"https:\/\/quehacerpolitico.mx\/#website"},"primaryImageOfPage":{"@id":"https:\/\/quehacerpolitico.mx\/?p=7207#primaryimage"},"image":{"@id":"https:\/\/quehacerpolitico.mx\/?p=7207#primaryimage"},"thumbnailUrl":"","datePublished":"2018-10-19T02:59:56+00:00","author":{"@id":"https:\/\/quehacerpolitico.mx\/#\/schema\/person\/496d8ad2d1d3f8036101dca7ee39e585"},"breadcrumb":{"@id":"https:\/\/quehacerpolitico.mx\/?p=7207#breadcrumb"},"inLanguage":"es","potentialAction":[{"@type":"ReadAction","target":["https:\/\/quehacerpolitico.mx\/?p=7207"]}]},{"@type":"ImageObject","inLanguage":"es","@id":"https:\/\/quehacerpolitico.mx\/?p=7207#primaryimage","url":"","contentUrl":""},{"@type":"BreadcrumbList","@id":"https:\/\/quehacerpolitico.mx\/?p=7207#breadcrumb","itemListElement":[{"@type":"ListItem","position":1,"name":"Inicio","item":"https:\/\/quehacerpolitico.mx\/"},{"@type":"ListItem","position":2,"name":"Aficionados dudan de la salud de Maradona por VIDEO que muestra sus dificultades para caminar"}]},{"@type":"WebSite","@id":"https:\/\/quehacerpolitico.mx\/#website","url":"https:\/\/quehacerpolitico.mx\/","name":"","description":"","potentialAction":[{"@type":"SearchAction","target":{"@type":"EntryPoint","urlTemplate":"https:\/\/quehacerpolitico.mx\/?s={search_term_string}"},"query-input":{"@type":"PropertyValueSpecification","valueRequired":true,"valueName":"search_term_string"}}],"inLanguage":"es"},{"@type":"Person","@id":"https:\/\/quehacerpolitico.mx\/#\/schema\/person\/496d8ad2d1d3f8036101dca7ee39e585","name":"Redacci\u00f3n QP","image":{"@type":"ImageObject","inLanguage":"es","@id":"https:\/\/secure.gravatar.com\/avatar\/c7164ed6fdec453195284ad24a5ae5b6e1eed2b848477fa2a4787ba9adf39a41?s=96&d=mm&r=g","url":"https:\/\/secure.gravatar.com\/avatar\/c7164ed6fdec453195284ad24a5ae5b6e1eed2b848477fa2a4787ba9adf39a41?s=96&d=mm&r=g","contentUrl":"https:\/\/secure.gravatar.com\/avatar\/c7164ed6fdec453195284ad24a5ae5b6e1eed2b848477fa2a4787ba9adf39a41?s=96&d=mm&r=g","caption":"Redacci\u00f3n QP"},"url":"https:\/\/quehacerpolitico.mx\/?author=2"}]}},"featured_image_urls":{"full":"","thumbnail":"","medium":"","medium_large":"","large":"","1536x1536":"","2048x2048":"","covernews-featured":"","covernews-medium":""},"author_info":{"display_name":"Redacci\u00f3n QP","author_link":"https:\/\/quehacerpolitico.mx\/?author=2"},"category_info":"<a href=\"https:\/\/quehacerpolitico.mx\/?cat=54\" rel=\"category\">Deportes<\/a>","tag_info":"Deportes","comment_count":"0","_links":{"self":[{"href":"https:\/\/quehacerpolitico.mx\/index.php?rest_route=\/wp\/v2\/posts\/7207","targetHints":{"allow":["GET"]}}],"collection":[{"href":"https:\/\/quehacerpolitico.mx\/index.php?rest_route=\/wp\/v2\/posts"}],"about":[{"href":"https:\/\/quehacerpolitico.mx\/index.php?rest_route=\/wp\/v2\/types\/post"}],"author":[{"embeddable":true,"href":"https:\/\/quehacerpolitico.mx\/index.php?rest_route=\/wp\/v2\/users\/2"}],"replies":[{"embeddable":true,"href":"https:\/\/quehacerpolitico.mx\/index.php?rest_route=%2Fwp%2Fv2%2Fcomments&post=7207"}],"version-history":[{"count":0,"href":"https:\/\/quehacerpolitico.mx\/index.php?rest_route=\/wp\/v2\/posts\/7207\/revisions"}],"wp:featuredmedia":[{"embeddable":true,"href":"https:\/\/quehacerpolitico.mx\/index.php?rest_route=\/"}],"wp:attachment":[{"href":"https:\/\/quehacerpolitico.mx\/index.php?rest_route=%2Fwp%2Fv2%2Fmedia&parent=7207"}],"wp:term":[{"taxonomy":"category","embeddable":true,"href":"https:\/\/quehacerpolitico.mx\/index.php?rest_route=%2Fwp%2Fv2%2Fcategories&post=7207"},{"taxonomy":"post_tag","embeddable":true,"href":"https:\/\/quehacerpolitico.mx\/index.php?rest_route=%2Fwp%2Fv2%2Ftags&post=7207"}],"curies":[{"name":"wp","href":"https:\/\/api.w.org\/{rel}","templated":true}]}}