{"id":7205,"date":"2018-10-19T02:52:43","date_gmt":"2018-10-19T02:52:43","guid":{"rendered":"http:\/\/quehacerpolitico.mx\/el-ex-boxeador-julio-cesar-chavez-inhalo-cocaina-en-el-bano-del-papa-juan-pablo-ii-se-senala-en-libro\/"},"modified":"2018-10-19T02:52:43","modified_gmt":"2018-10-19T02:52:43","slug":"el-ex-boxeador-julio-cesar-chavez-inhalo-cocaina-en-el-bano-del-papa-juan-pablo-ii-se-senala-en-libro","status":"publish","type":"post","link":"https:\/\/quehacerpolitico.mx\/?p=7205","title":{"rendered":"El ex boxeador Julio C\u00e9sar Ch\u00e1vez inhal\u00f3 coca\u00edna en el ba\u00f1o del Papa Juan Pablo II, se se\u00f1ala en libro"},"content":{"rendered":"<h1>El ex boxeador Julio C\u00e9sar Ch\u00e1vez inhal\u00f3 coca\u00edna en el ba\u00f1o del Papa Juan Pablo II, se se\u00f1ala en libro<\/h1>\n<p>Durante la d\u00e9cada de los 90, <strong>Julio C\u00e9sar Ch\u00e1vez<\/strong> tuvo la oportunidad de conocer al Papa Juan Pablo II en el Vaticano. Y adem\u00e1s se dio tiempo para inhalar coca\u00edna en el ba\u00f1o de la rec\u00e1mara del Pont\u00edfice.<\/p>\n<blockquote>\n<p>El pasaje se relata en el libro<em> Julio C\u00e9sar Ch\u00e1vez: La verdadera historia<\/em>, seg\u00fan lo da a conocer la revista <em>Qui\u00e9n<\/em>, en su edici\u00f3n digital, misma que reproduce algunos fragmentos del ejemplar.<\/p>\n<\/blockquote>\n<p>Seg\u00fan el relato del medio de comunicaci\u00f3n, luego de una serie de peleas celebradas en el a\u00f1o 1995, y despu\u00e9s de haber perdido su r\u00e9cord invicto contra Frankie Randall, situaci\u00f3n que lo lastim\u00f3 en su vida personal, Ch\u00e1vez hizo una pausa en su carrera y realiz\u00f3 un viaje por Europa.<\/p>\n<p>Cuando conoci\u00f3 Roma, el p\u00fagil pidi\u00f3 tener un encuentro con Su Santidad al grupo que lo acompa\u00f1aba, pero no quer\u00eda que fuera una misa sino una pl\u00e1tica privada.<\/p>\n<p><img loading=\"lazy\" decoding=\"async\" class=\"alignnone wp-image-3486254 size-full\" src=\"http:\/\/www.sinembargo.mx\/wp-content\/uploads\/2018\/10\/1539836940_059091_1539837785_sumario_normal.jpg\" sizes=\"auto, (max-width: 700px) 100vw, 700px\" srcset=\"http:\/\/www.sinembargo.mx\/wp-content\/uploads\/2018\/10\/1539836940_059091_1539837785_sumario_normal.jpg 700w, http:\/\/www.sinembargo.mx\/wp-content\/uploads\/2018\/10\/1539836940_059091_1539837785_sumario_normal-196x300.jpg 196w\" alt=\"\" width=\"700\" height=\"1073\" \/><\/p>\n<p>El Papa accedi\u00f3 a tener un encuentro con Julio C\u00e9sar tras el apoyo que recibi\u00f3 el exboxeador por parte de las altas esferas a las que conoc\u00eda.<\/p>\n<blockquote>\n<p>Durante el momento en el cual Juan Pablo II y Julio C\u00e9sar Ch\u00e1vez se conocieron, el mexicano le pidi\u00f3 al Pont\u00edfice que le mostrara su rec\u00e1mara, luego le solicit\u00f3 permiso para usar el ba\u00f1o y \u201centr\u00f3, mirando al techo para exclamar, de acuerdo a su hermano Rodolfo (Ch\u00e1vez): \u2018Disc\u00falpame, Diosito -se dijo entre dientes- perd\u00f3name&#8217;\u201d, relata la revista <em>Qui\u00e9n.<\/em><\/p>\n<\/blockquote>\n<p>\u201cMi hermano sac\u00f3 de su pantal\u00f3n un papel que envolv\u00eda coca\u00edna, la distribuy\u00f3 sobre el m\u00e1rmol del lavado para despu\u00e9s inhalarlo, dejando completamente limpia el \u00e1rea del lavamanos. Julio jal\u00f3 la palanca del excusado para que pensar\u00e1n que entr\u00f3 al ba\u00f1o por otra cosa. Volvi\u00f3 con Juan Pablo II y pasaron a otro recinto del Vaticano\u201d, reproduce <em>Qui\u00e9n.<\/em><\/p>\n<p>Con Informaci\u00f3n de AS M\u00e9xico\u00a0<\/p>\n","protected":false},"excerpt":{"rendered":"<p>El ex boxeador Julio C\u00e9sar Ch\u00e1vez inhal\u00f3 coca\u00edna en el ba\u00f1o del Papa Juan Pablo II, se se\u00f1ala en libro<br \/>\nPor Redacci\u00f3n QP<\/p>\n","protected":false},"author":2,"featured_media":7204,"comment_status":"open","ping_status":"open","sticky":false,"template":"","format":"standard","meta":{"_monsterinsights_skip_tracking":false,"_monsterinsights_sitenote_active":false,"_monsterinsights_sitenote_note":"","_monsterinsights_sitenote_category":0,"footnotes":""},"categories":[54],"tags":[],"class_list":["post-7205","post","type-post","status-publish","format-standard","has-post-thumbnail","hentry","category-deportes"],"yoast_head":"<!-- This site is optimized with the Yoast SEO plugin v27.3 - https:\/\/yoast.com\/product\/yoast-seo-wordpress\/ -->\n<title>El ex boxeador Julio C\u00e9sar Ch\u00e1vez inhal\u00f3 coca\u00edna en el ba\u00f1o del Papa Juan Pablo II, se se\u00f1ala en libro -<\/title>\n<meta name=\"robots\" content=\"index, follow, max-snippet:-1, max-image-preview:large, max-video-preview:-1\" \/>\n<link rel=\"canonical\" href=\"https:\/\/quehacerpolitico.mx\/?p=7205\" \/>\n<meta property=\"og:locale\" content=\"es_MX\" \/>\n<meta property=\"og:type\" content=\"article\" \/>\n<meta property=\"og:title\" content=\"El ex boxeador Julio C\u00e9sar Ch\u00e1vez inhal\u00f3 coca\u00edna en el ba\u00f1o del Papa Juan Pablo II, se se\u00f1ala en libro -\" \/>\n<meta property=\"og:description\" content=\"El ex boxeador Julio C\u00e9sar Ch\u00e1vez inhal\u00f3 coca\u00edna en el ba\u00f1o del Papa Juan Pablo II, se se\u00f1ala en libro Por Redacci\u00f3n QP\" \/>\n<meta property=\"og:url\" content=\"https:\/\/quehacerpolitico.mx\/?p=7205\" \/>\n<meta property=\"article:published_time\" content=\"2018-10-19T02:52:43+00:00\" \/>\n<meta name=\"author\" content=\"Redacci\u00f3n QP\" \/>\n<meta name=\"twitter:card\" content=\"summary_large_image\" \/>\n<meta name=\"twitter:label1\" content=\"Escrito por\" \/>\n\t<meta name=\"twitter:data1\" content=\"Redacci\u00f3n QP\" \/>\n\t<meta name=\"twitter:label2\" content=\"Tiempo de lectura\" \/>\n\t<meta name=\"twitter:data2\" content=\"2 minutos\" \/>\n<script type=\"application\/ld+json\" class=\"yoast-schema-graph\">{\"@context\":\"https:\\\/\\\/schema.org\",\"@graph\":[{\"@type\":\"Article\",\"@id\":\"https:\\\/\\\/quehacerpolitico.mx\\\/?p=7205#article\",\"isPartOf\":{\"@id\":\"https:\\\/\\\/quehacerpolitico.mx\\\/?p=7205\"},\"author\":{\"name\":\"Redacci\u00f3n QP\",\"@id\":\"https:\\\/\\\/quehacerpolitico.mx\\\/#\\\/schema\\\/person\\\/496d8ad2d1d3f8036101dca7ee39e585\"},\"headline\":\"El ex boxeador Julio C\u00e9sar Ch\u00e1vez inhal\u00f3 coca\u00edna en el ba\u00f1o del Papa Juan Pablo II, se se\u00f1ala en libro\",\"datePublished\":\"2018-10-19T02:52:43+00:00\",\"mainEntityOfPage\":{\"@id\":\"https:\\\/\\\/quehacerpolitico.mx\\\/?p=7205\"},\"wordCount\":390,\"commentCount\":0,\"image\":{\"@id\":\"https:\\\/\\\/quehacerpolitico.mx\\\/?p=7205#primaryimage\"},\"thumbnailUrl\":\"\",\"articleSection\":[\"Deportes\"],\"inLanguage\":\"es\",\"potentialAction\":[{\"@type\":\"CommentAction\",\"name\":\"Comment\",\"target\":[\"https:\\\/\\\/quehacerpolitico.mx\\\/?p=7205#respond\"]}]},{\"@type\":\"WebPage\",\"@id\":\"https:\\\/\\\/quehacerpolitico.mx\\\/?p=7205\",\"url\":\"https:\\\/\\\/quehacerpolitico.mx\\\/?p=7205\",\"name\":\"El ex boxeador Julio C\u00e9sar Ch\u00e1vez inhal\u00f3 coca\u00edna en el ba\u00f1o del Papa Juan Pablo II, se se\u00f1ala en libro -\",\"isPartOf\":{\"@id\":\"https:\\\/\\\/quehacerpolitico.mx\\\/#website\"},\"primaryImageOfPage\":{\"@id\":\"https:\\\/\\\/quehacerpolitico.mx\\\/?p=7205#primaryimage\"},\"image\":{\"@id\":\"https:\\\/\\\/quehacerpolitico.mx\\\/?p=7205#primaryimage\"},\"thumbnailUrl\":\"\",\"datePublished\":\"2018-10-19T02:52:43+00:00\",\"author\":{\"@id\":\"https:\\\/\\\/quehacerpolitico.mx\\\/#\\\/schema\\\/person\\\/496d8ad2d1d3f8036101dca7ee39e585\"},\"breadcrumb\":{\"@id\":\"https:\\\/\\\/quehacerpolitico.mx\\\/?p=7205#breadcrumb\"},\"inLanguage\":\"es\",\"potentialAction\":[{\"@type\":\"ReadAction\",\"target\":[\"https:\\\/\\\/quehacerpolitico.mx\\\/?p=7205\"]}]},{\"@type\":\"ImageObject\",\"inLanguage\":\"es\",\"@id\":\"https:\\\/\\\/quehacerpolitico.mx\\\/?p=7205#primaryimage\",\"url\":\"\",\"contentUrl\":\"\"},{\"@type\":\"BreadcrumbList\",\"@id\":\"https:\\\/\\\/quehacerpolitico.mx\\\/?p=7205#breadcrumb\",\"itemListElement\":[{\"@type\":\"ListItem\",\"position\":1,\"name\":\"Inicio\",\"item\":\"https:\\\/\\\/quehacerpolitico.mx\\\/\"},{\"@type\":\"ListItem\",\"position\":2,\"name\":\"El ex boxeador Julio C\u00e9sar Ch\u00e1vez inhal\u00f3 coca\u00edna en el ba\u00f1o del Papa Juan Pablo II, se se\u00f1ala en libro\"}]},{\"@type\":\"WebSite\",\"@id\":\"https:\\\/\\\/quehacerpolitico.mx\\\/#website\",\"url\":\"https:\\\/\\\/quehacerpolitico.mx\\\/\",\"name\":\"\",\"description\":\"\",\"potentialAction\":[{\"@type\":\"SearchAction\",\"target\":{\"@type\":\"EntryPoint\",\"urlTemplate\":\"https:\\\/\\\/quehacerpolitico.mx\\\/?s={search_term_string}\"},\"query-input\":{\"@type\":\"PropertyValueSpecification\",\"valueRequired\":true,\"valueName\":\"search_term_string\"}}],\"inLanguage\":\"es\"},{\"@type\":\"Person\",\"@id\":\"https:\\\/\\\/quehacerpolitico.mx\\\/#\\\/schema\\\/person\\\/496d8ad2d1d3f8036101dca7ee39e585\",\"name\":\"Redacci\u00f3n QP\",\"image\":{\"@type\":\"ImageObject\",\"inLanguage\":\"es\",\"@id\":\"https:\\\/\\\/secure.gravatar.com\\\/avatar\\\/c7164ed6fdec453195284ad24a5ae5b6e1eed2b848477fa2a4787ba9adf39a41?s=96&d=mm&r=g\",\"url\":\"https:\\\/\\\/secure.gravatar.com\\\/avatar\\\/c7164ed6fdec453195284ad24a5ae5b6e1eed2b848477fa2a4787ba9adf39a41?s=96&d=mm&r=g\",\"contentUrl\":\"https:\\\/\\\/secure.gravatar.com\\\/avatar\\\/c7164ed6fdec453195284ad24a5ae5b6e1eed2b848477fa2a4787ba9adf39a41?s=96&d=mm&r=g\",\"caption\":\"Redacci\u00f3n QP\"},\"url\":\"https:\\\/\\\/quehacerpolitico.mx\\\/?author=2\"}]}<\/script>\n<!-- \/ Yoast SEO plugin. -->","yoast_head_json":{"title":"El ex boxeador Julio C\u00e9sar Ch\u00e1vez inhal\u00f3 coca\u00edna en el ba\u00f1o del Papa Juan Pablo II, se se\u00f1ala en libro -","robots":{"index":"index","follow":"follow","max-snippet":"max-snippet:-1","max-image-preview":"max-image-preview:large","max-video-preview":"max-video-preview:-1"},"canonical":"https:\/\/quehacerpolitico.mx\/?p=7205","og_locale":"es_MX","og_type":"article","og_title":"El ex boxeador Julio C\u00e9sar Ch\u00e1vez inhal\u00f3 coca\u00edna en el ba\u00f1o del Papa Juan Pablo II, se se\u00f1ala en libro -","og_description":"El ex boxeador Julio C\u00e9sar Ch\u00e1vez inhal\u00f3 coca\u00edna en el ba\u00f1o del Papa Juan Pablo II, se se\u00f1ala en libro Por Redacci\u00f3n QP","og_url":"https:\/\/quehacerpolitico.mx\/?p=7205","article_published_time":"2018-10-19T02:52:43+00:00","author":"Redacci\u00f3n QP","twitter_card":"summary_large_image","twitter_misc":{"Escrito por":"Redacci\u00f3n QP","Tiempo de lectura":"2 minutos"},"schema":{"@context":"https:\/\/schema.org","@graph":[{"@type":"Article","@id":"https:\/\/quehacerpolitico.mx\/?p=7205#article","isPartOf":{"@id":"https:\/\/quehacerpolitico.mx\/?p=7205"},"author":{"name":"Redacci\u00f3n QP","@id":"https:\/\/quehacerpolitico.mx\/#\/schema\/person\/496d8ad2d1d3f8036101dca7ee39e585"},"headline":"El ex boxeador Julio C\u00e9sar Ch\u00e1vez inhal\u00f3 coca\u00edna en el ba\u00f1o del Papa Juan Pablo II, se se\u00f1ala en libro","datePublished":"2018-10-19T02:52:43+00:00","mainEntityOfPage":{"@id":"https:\/\/quehacerpolitico.mx\/?p=7205"},"wordCount":390,"commentCount":0,"image":{"@id":"https:\/\/quehacerpolitico.mx\/?p=7205#primaryimage"},"thumbnailUrl":"","articleSection":["Deportes"],"inLanguage":"es","potentialAction":[{"@type":"CommentAction","name":"Comment","target":["https:\/\/quehacerpolitico.mx\/?p=7205#respond"]}]},{"@type":"WebPage","@id":"https:\/\/quehacerpolitico.mx\/?p=7205","url":"https:\/\/quehacerpolitico.mx\/?p=7205","name":"El ex boxeador Julio C\u00e9sar Ch\u00e1vez inhal\u00f3 coca\u00edna en el ba\u00f1o del Papa Juan Pablo II, se se\u00f1ala en libro -","isPartOf":{"@id":"https:\/\/quehacerpolitico.mx\/#website"},"primaryImageOfPage":{"@id":"https:\/\/quehacerpolitico.mx\/?p=7205#primaryimage"},"image":{"@id":"https:\/\/quehacerpolitico.mx\/?p=7205#primaryimage"},"thumbnailUrl":"","datePublished":"2018-10-19T02:52:43+00:00","author":{"@id":"https:\/\/quehacerpolitico.mx\/#\/schema\/person\/496d8ad2d1d3f8036101dca7ee39e585"},"breadcrumb":{"@id":"https:\/\/quehacerpolitico.mx\/?p=7205#breadcrumb"},"inLanguage":"es","potentialAction":[{"@type":"ReadAction","target":["https:\/\/quehacerpolitico.mx\/?p=7205"]}]},{"@type":"ImageObject","inLanguage":"es","@id":"https:\/\/quehacerpolitico.mx\/?p=7205#primaryimage","url":"","contentUrl":""},{"@type":"BreadcrumbList","@id":"https:\/\/quehacerpolitico.mx\/?p=7205#breadcrumb","itemListElement":[{"@type":"ListItem","position":1,"name":"Inicio","item":"https:\/\/quehacerpolitico.mx\/"},{"@type":"ListItem","position":2,"name":"El ex boxeador Julio C\u00e9sar Ch\u00e1vez inhal\u00f3 coca\u00edna en el ba\u00f1o del Papa Juan Pablo II, se se\u00f1ala en libro"}]},{"@type":"WebSite","@id":"https:\/\/quehacerpolitico.mx\/#website","url":"https:\/\/quehacerpolitico.mx\/","name":"","description":"","potentialAction":[{"@type":"SearchAction","target":{"@type":"EntryPoint","urlTemplate":"https:\/\/quehacerpolitico.mx\/?s={search_term_string}"},"query-input":{"@type":"PropertyValueSpecification","valueRequired":true,"valueName":"search_term_string"}}],"inLanguage":"es"},{"@type":"Person","@id":"https:\/\/quehacerpolitico.mx\/#\/schema\/person\/496d8ad2d1d3f8036101dca7ee39e585","name":"Redacci\u00f3n QP","image":{"@type":"ImageObject","inLanguage":"es","@id":"https:\/\/secure.gravatar.com\/avatar\/c7164ed6fdec453195284ad24a5ae5b6e1eed2b848477fa2a4787ba9adf39a41?s=96&d=mm&r=g","url":"https:\/\/secure.gravatar.com\/avatar\/c7164ed6fdec453195284ad24a5ae5b6e1eed2b848477fa2a4787ba9adf39a41?s=96&d=mm&r=g","contentUrl":"https:\/\/secure.gravatar.com\/avatar\/c7164ed6fdec453195284ad24a5ae5b6e1eed2b848477fa2a4787ba9adf39a41?s=96&d=mm&r=g","caption":"Redacci\u00f3n QP"},"url":"https:\/\/quehacerpolitico.mx\/?author=2"}]}},"featured_image_urls":{"full":"","thumbnail":"","medium":"","medium_large":"","large":"","1536x1536":"","2048x2048":"","covernews-featured":"","covernews-medium":""},"author_info":{"display_name":"Redacci\u00f3n QP","author_link":"https:\/\/quehacerpolitico.mx\/?author=2"},"category_info":"<a href=\"https:\/\/quehacerpolitico.mx\/?cat=54\" rel=\"category\">Deportes<\/a>","tag_info":"Deportes","comment_count":"0","_links":{"self":[{"href":"https:\/\/quehacerpolitico.mx\/index.php?rest_route=\/wp\/v2\/posts\/7205","targetHints":{"allow":["GET"]}}],"collection":[{"href":"https:\/\/quehacerpolitico.mx\/index.php?rest_route=\/wp\/v2\/posts"}],"about":[{"href":"https:\/\/quehacerpolitico.mx\/index.php?rest_route=\/wp\/v2\/types\/post"}],"author":[{"embeddable":true,"href":"https:\/\/quehacerpolitico.mx\/index.php?rest_route=\/wp\/v2\/users\/2"}],"replies":[{"embeddable":true,"href":"https:\/\/quehacerpolitico.mx\/index.php?rest_route=%2Fwp%2Fv2%2Fcomments&post=7205"}],"version-history":[{"count":0,"href":"https:\/\/quehacerpolitico.mx\/index.php?rest_route=\/wp\/v2\/posts\/7205\/revisions"}],"wp:featuredmedia":[{"embeddable":true,"href":"https:\/\/quehacerpolitico.mx\/index.php?rest_route=\/"}],"wp:attachment":[{"href":"https:\/\/quehacerpolitico.mx\/index.php?rest_route=%2Fwp%2Fv2%2Fmedia&parent=7205"}],"wp:term":[{"taxonomy":"category","embeddable":true,"href":"https:\/\/quehacerpolitico.mx\/index.php?rest_route=%2Fwp%2Fv2%2Fcategories&post=7205"},{"taxonomy":"post_tag","embeddable":true,"href":"https:\/\/quehacerpolitico.mx\/index.php?rest_route=%2Fwp%2Fv2%2Ftags&post=7205"}],"curies":[{"name":"wp","href":"https:\/\/api.w.org\/{rel}","templated":true}]}}