{"id":7203,"date":"2018-10-19T02:45:56","date_gmt":"2018-10-19T02:45:56","guid":{"rendered":"http:\/\/quehacerpolitico.mx\/mexico-atendera-solicitudes-de-asilo-de-la-caravana-migrante-y-pedira-ayuda-a-naciones-unidas\/"},"modified":"2018-10-19T02:45:56","modified_gmt":"2018-10-19T02:45:56","slug":"mexico-atendera-solicitudes-de-asilo-de-la-caravana-migrante-y-pedira-ayuda-a-naciones-unidas","status":"publish","type":"post","link":"https:\/\/quehacerpolitico.mx\/?p=7203","title":{"rendered":"Mexico atender\u00e1 solicitudes de asilo de la Caravana Migrante, y pedir\u00e1 ayuda a Naciones Unidas"},"content":{"rendered":"<p>El <strong>Gobierno mexicano<\/strong> se prepara para la inminente llegada de los miles de miembros de la<strong> caravana de migrantes hondure\u00f1os<\/strong> que pretenden cruzar el pa\u00eds rumbo a<strong> Estados Unidos<\/strong>, con la advertencia de que deportar\u00e1 a quienes entren de forma ilegal, aunque atender\u00e1 a aquellos que soliciten <strong>refugio<\/strong>.<\/p>\n<p>El Gobierno de M\u00e9xico anunci\u00f3 que pedir\u00e1 la intervenci\u00f3n de la Oficina del Alto Comisionado de las Naciones Unidas para los refugiados (ACNUR) para que acompa\u00f1e la atenci\u00f3n de posibles solicitantes de<strong> refugio de los migrantes<\/strong> que arriben al pa\u00eds en la Caravana Hondure\u00f1a.<\/p>\n<p>Detall\u00f3 que la solicitud la llevar\u00e1 a cabo el Canciller Luis Videgaray durante su visita hoy al Secretario General de la Organizaci\u00f3n de las Naciones Unidas (ONU), Antonio Guterres, en Nueva York.<\/p>\n<blockquote>\n<p>\u201cEsta medida tiene como objetivo contribuir a una soluci\u00f3n de car\u00e1cter humanitario, apegada al marco legal, respetuosa de los derechos humanos, transparente y con el concurso de la comunidad internacional, a trav\u00e9s de las instancias correspondientes de la Organizaci\u00f3n de las Naciones Unidas\u201d, inform\u00f3 la Secretar\u00eda de Relaciones Exteriores en un comunicado.<\/p>\n<p>\u201cAsimismo, esta medida busca garantizar la seguridad e integridad de los migrantes, particularmente la de los menores de edad, los adultos mayores y las mujeres, y evitar que las personas sean enga\u00f1adas por organizaciones criminales internacionales dedicadas al tr\u00e1fico de personas, que ponen en peligro sus vidas\u201d, a\u00f1adi\u00f3.<\/p>\n<\/blockquote>\n<div id=\"attachment_3485944\" class=\"wp-caption alignnone\"><img loading=\"lazy\" decoding=\"async\" class=\"size-full wp-image-3485944\" src=\"http:\/\/www.sinembargo.mx\/wp-content\/uploads\/2018\/10\/14734166.jpg\" sizes=\"auto, (max-width: 700px) 100vw, 700px\" srcset=\"http:\/\/www.sinembargo.mx\/wp-content\/uploads\/2018\/10\/14734166.jpg 700w, http:\/\/www.sinembargo.mx\/wp-content\/uploads\/2018\/10\/14734166-300x200.jpg 300w\" alt=\"\" width=\"700\" height=\"467\" \/><\/p>\n<p class=\"wp-caption-text\">Cientos de inmigrantes hondure\u00f1os le dijeron adi\u00f3s esta ma\u00f1ana a la capital guatemalteca y siguen su camino a M\u00e9xico. Foto: EFE<\/p>\n<\/div>\n<p>El Gobierno mexicano tambi\u00e9n reiter\u00f3 que \u201ctoda persona que desee ingresar a territorio nacional debe hacerlo cumpliendo con los requisitos establecidos en la Ley de Migraci\u00f3n y por los puntos de entrada autorizados, y podr\u00e1 moverse con plena libertad en el mismo por el tiempo de vigencia de la visa.<\/p>\n<p class=\"p2\"><span class=\"s1\">El Secretario de Gobernaci\u00f3n, Alfonso Navarrete Prida, asegur\u00f3 que no se enviar\u00e1 a personal de las Fuerzas Armadas a la frontera sur del pa\u00eds, dijo que en lugar de esto pedir\u00e1 ayuda al <\/span><span class=\"s2\">Instituto Nacional de Migraci\u00f3n (<strong>INM<\/strong>), a la Polic\u00eda Federal y a la Comisi\u00f3n Nacional de los Derechos Humanos (<strong>CNDH<\/strong>) para atender a los migrantes.<\/span><\/p>\n<blockquote>\n<p class=\"p2\"><span class=\"s1\">Durante su comparecencia en la C\u00e1mara de Diputados Navarrete Prida expuso que hasta el momento el Gobierno mexicano no ha deportado a ning\u00fan migrante:\u00a0<\/span><span class=\"s1\">\u201cNosotros no hemos deportado por esta caravana hondure\u00f1a a persona alguna. Lo que estamos haciendo es advertir qu\u00e9 es lo que est\u00e1 ocurriendo. Nosotros no vamos a enviar fuerza armada a esto\u201d, asegur\u00f3.<\/span><\/p>\n<\/blockquote>\n<p>El tema \u201cva a ser muy complejo\u201d por el elevado volumen de migrantes del que se est\u00e1 hablando, se\u00f1al\u00f3 hoy el titular del INM, Gerardo El\u00edas Garc\u00eda Benavente.<\/p>\n<p>Un primer grupo de la caravana de migrantes hondure\u00f1os, que sali\u00f3 el pasado s\u00e1bado con destino a Estados Unidos, lleg\u00f3 ayer a la frontera de Guatemala con M\u00e9xico. Por el momento, est\u00e1n albergados en una casa del migrante de Tec\u00fan Um\u00e1n, localidad a la que el r\u00edo Suchiate separa de Ciudad Hidalgo.<\/p>\n<p>Otros miles de integrantes -la ONU estima que en la movilizaci\u00f3n participan 3 mil hondure\u00f1os- se encuentran m\u00e1s alejados, y salieron esta ma\u00f1ana de la capital guatemalteca.<\/p>\n<p>Su objetivo es cruzar a Chiapas y llegar a Tapachula. Desde el d\u00eda en que partieron de San Pedro Sula (al norte de Honduras), el Gobierno mexicano ha enviado varios comunicados en los que advierte que si ingresan al territorio nacional \u201cde manera irregular\u201d podr\u00e1n ser detenidos y retornados a su pa\u00eds de origen.<\/p>\n<p>Garc\u00eda Benavente record\u00f3 que, pese a esto, hay v\u00edas legales para que los migrantes sean atendidos por las autoridades mexicanas: \u201cHabr\u00e1 quien solicite una visa por razones humanitarias (\u2026) y quien solicite refugio, gente que no puede estar en su pa\u00eds y tiene la necesidad de abandonarlo\u201d.<\/p>\n<blockquote>\n<p>En el caso de que pidan refugio, la Comisi\u00f3n Mexicana de Ayuda a Refugiados (Comar) es el \u00f3rgano encargado en realizar el tr\u00e1mite, para el que la ley establece un plazo de respuesta m\u00e1ximo de 45 d\u00edas. Durante este tiempo, los migrantes deber\u00e1n permanecer en una estaci\u00f3n migratoria.<\/p>\n<\/blockquote>\n<p>En este sentido, el comisionado del INM destac\u00f3 que en Tapachula se encuentra la Siglo XXI, la m\u00e1s grande del pa\u00eds, que podr\u00eda llegar a albergar a un millar de estos migrantes, y el resto ser\u00edan repartidos en otros centros.<\/p>\n<p>A la frontera con Guatemala el Gobierno ha enviado unos 200 elementos de la Polic\u00eda Federal. \u201cNuestra presencia obedece a la apuesta por una migraci\u00f3n segura y regular\u201d, dijo a <em>Foro TV<\/em> el comisionado de este cuerpo, Manelich Castilla.<\/p>\n<p>Los agentes federales que han sido desplegados en los puntos por donde ingresar\u00e1n los migrantes -apunt\u00f3- \u201cno tienen armas\u201d y conocen el protocolo para evitar el uso excesivo de la fuerza.<\/p>\n<blockquote>\n<p>\u201cDesde el principio estamos pensando en un ejercicio de contenci\u00f3n que privilegie los derechos humanos de los migrantes. De ninguna manera estamos para reprimir; estamos para auxiliar\u201d, argument\u00f3 el comisionado.<\/p>\n<\/blockquote>\n<p>La presi\u00f3n sobre M\u00e9xico se ha intensificado despu\u00e9s de que el presidente de Estados Unidos, Donald Trump, amenazara hoy con cerrar la frontera sur del pa\u00eds si no se frena el trayecto de la <strong>caravana<\/strong>.<\/p>\n<blockquote>\n<p>\u201cAdem\u00e1s de detener todos los pagos a estos pa\u00edses, que parecen no tener casi control sobre su poblaci\u00f3n, debo, en los t\u00e9rminos m\u00e1s en\u00e9rgicos, pedir a M\u00e9xico que detenga este ataque, y si no puedo hacerlo, llamar\u00e9 al Ej\u00e9rcito de EU y [para que] CIERRE NUESTRA FRONTERA SUR!\u201d, sentenci\u00f3 el mandatario en su cuenta de Twitter.<\/p>\n<\/blockquote>\n<p><strong>LA AMENAZA NO ES LA SOLUCI\u00d3N: CNDH<\/strong><\/p>\n<p>Interrogado por periodistas sobre esta amenaza, el presidente de la CNDH de M\u00e9xico, Luis Ra\u00fal Gonz\u00e1lez, declar\u00f3 que \u201cla fuerza, la violencia y la amenaza nunca han sido la respuesta a necesidades de protecci\u00f3n de personas que no migran por gusto, sino por necesidad\u201d.<\/p>\n<blockquote>\n<p>\u201cMigran porque no tienen qu\u00e9 comer o preservando la vida, y M\u00e9xico tiene que ser congruente de rechazar esa pol\u00edtica de odio, xenof\u00f3bica y racista de los Estados Unidos\u201d, manifest\u00f3.<\/p>\n<\/blockquote>\n<p>Agreg\u00f3 que los mexicanos deben \u201canteponer la dignidad nacional rechazando esas conductas, no caer en la provocaci\u00f3n de contestar de igual forma, sino con la raz\u00f3n, con el derecho y aplicando el principio de congruencia, que significa que el mismo trato que queremos para los nacionales en Estados Unidos lo demos a los centroamericanos\u201d.<\/p>\n<p>El tema recuerda a la tensi\u00f3n que se desat\u00f3 entre M\u00e9xico y Estados Unidos con la caravana de migrantes centroamericanos que sali\u00f3 el pasado marzo desde Tapachula, Chiapas.<\/p>\n<p>Pese a que dicha iniciativa se repite cada a\u00f1o, en su \u00faltima edici\u00f3n Trump lanz\u00f3 duras cr\u00edticas contra ella e inst\u00f3 a M\u00e9xico a detener la movilizaci\u00f3n, a lo que el pa\u00eds latinoamericano respondi\u00f3 que su pol\u00edtica migratoria es soberana y no responde a presiones.<\/p>\n<p>Ayer, el Embajador de M\u00e9xico en Guatemala, Luis Manuel L\u00f3pez Moreno, se reuni\u00f3 con algunos participantes de la caravana.<\/p>\n<p>En el encuentro, el Gobierno \u201cdesminti\u00f3 la existencia de una visa de tr\u00e1nsito por territorio nacional para quienes desean llegar a la frontera norte de M\u00e9xico\u201d, afirm\u00f3 la Secretar\u00eda de Relaciones Exteriores en un comunicado.<\/p>\n","protected":false},"excerpt":{"rendered":"<p>Mexico atender\u00e1 solicitudes de asilo de la Caravana Migrante, y pedir\u00e1 ayuda a Naciones Unidas<br \/>\nPor Redacci\u00f3n QP<\/p>\n","protected":false},"author":2,"featured_media":7202,"comment_status":"open","ping_status":"open","sticky":false,"template":"","format":"standard","meta":{"_monsterinsights_skip_tracking":false,"_monsterinsights_sitenote_active":false,"_monsterinsights_sitenote_note":"","_monsterinsights_sitenote_category":0,"footnotes":""},"categories":[2],"tags":[],"class_list":["post-7203","post","type-post","status-publish","format-standard","has-post-thumbnail","hentry","category-noticias"],"yoast_head":"<!-- This site is optimized with the Yoast SEO plugin v27.3 - https:\/\/yoast.com\/product\/yoast-seo-wordpress\/ -->\n<title>Mexico atender\u00e1 solicitudes de asilo de la Caravana Migrante, y pedir\u00e1 ayuda a Naciones Unidas -<\/title>\n<meta name=\"robots\" content=\"index, follow, max-snippet:-1, max-image-preview:large, max-video-preview:-1\" \/>\n<link rel=\"canonical\" href=\"https:\/\/quehacerpolitico.mx\/?p=7203\" \/>\n<meta property=\"og:locale\" content=\"es_MX\" \/>\n<meta property=\"og:type\" content=\"article\" \/>\n<meta property=\"og:title\" content=\"Mexico atender\u00e1 solicitudes de asilo de la Caravana Migrante, y pedir\u00e1 ayuda a Naciones Unidas -\" \/>\n<meta property=\"og:description\" content=\"Mexico atender\u00e1 solicitudes de asilo de la Caravana Migrante, y pedir\u00e1 ayuda a Naciones Unidas Por Redacci\u00f3n QP\" \/>\n<meta property=\"og:url\" content=\"https:\/\/quehacerpolitico.mx\/?p=7203\" \/>\n<meta property=\"article:published_time\" content=\"2018-10-19T02:45:56+00:00\" \/>\n<meta name=\"author\" content=\"Redacci\u00f3n QP\" \/>\n<meta name=\"twitter:card\" content=\"summary_large_image\" \/>\n<meta name=\"twitter:label1\" content=\"Escrito por\" \/>\n\t<meta name=\"twitter:data1\" content=\"Redacci\u00f3n QP\" \/>\n\t<meta name=\"twitter:label2\" content=\"Tiempo de lectura\" \/>\n\t<meta name=\"twitter:data2\" content=\"6 minutos\" \/>\n<script type=\"application\/ld+json\" class=\"yoast-schema-graph\">{\"@context\":\"https:\\\/\\\/schema.org\",\"@graph\":[{\"@type\":\"Article\",\"@id\":\"https:\\\/\\\/quehacerpolitico.mx\\\/?p=7203#article\",\"isPartOf\":{\"@id\":\"https:\\\/\\\/quehacerpolitico.mx\\\/?p=7203\"},\"author\":{\"name\":\"Redacci\u00f3n QP\",\"@id\":\"https:\\\/\\\/quehacerpolitico.mx\\\/#\\\/schema\\\/person\\\/496d8ad2d1d3f8036101dca7ee39e585\"},\"headline\":\"Mexico atender\u00e1 solicitudes de asilo de la Caravana Migrante, y pedir\u00e1 ayuda a Naciones Unidas\",\"datePublished\":\"2018-10-19T02:45:56+00:00\",\"mainEntityOfPage\":{\"@id\":\"https:\\\/\\\/quehacerpolitico.mx\\\/?p=7203\"},\"wordCount\":1271,\"commentCount\":0,\"image\":{\"@id\":\"https:\\\/\\\/quehacerpolitico.mx\\\/?p=7203#primaryimage\"},\"thumbnailUrl\":\"\",\"articleSection\":[\"Noticias\"],\"inLanguage\":\"es\",\"potentialAction\":[{\"@type\":\"CommentAction\",\"name\":\"Comment\",\"target\":[\"https:\\\/\\\/quehacerpolitico.mx\\\/?p=7203#respond\"]}]},{\"@type\":\"WebPage\",\"@id\":\"https:\\\/\\\/quehacerpolitico.mx\\\/?p=7203\",\"url\":\"https:\\\/\\\/quehacerpolitico.mx\\\/?p=7203\",\"name\":\"Mexico atender\u00e1 solicitudes de asilo de la Caravana Migrante, y pedir\u00e1 ayuda a Naciones Unidas -\",\"isPartOf\":{\"@id\":\"https:\\\/\\\/quehacerpolitico.mx\\\/#website\"},\"primaryImageOfPage\":{\"@id\":\"https:\\\/\\\/quehacerpolitico.mx\\\/?p=7203#primaryimage\"},\"image\":{\"@id\":\"https:\\\/\\\/quehacerpolitico.mx\\\/?p=7203#primaryimage\"},\"thumbnailUrl\":\"\",\"datePublished\":\"2018-10-19T02:45:56+00:00\",\"author\":{\"@id\":\"https:\\\/\\\/quehacerpolitico.mx\\\/#\\\/schema\\\/person\\\/496d8ad2d1d3f8036101dca7ee39e585\"},\"breadcrumb\":{\"@id\":\"https:\\\/\\\/quehacerpolitico.mx\\\/?p=7203#breadcrumb\"},\"inLanguage\":\"es\",\"potentialAction\":[{\"@type\":\"ReadAction\",\"target\":[\"https:\\\/\\\/quehacerpolitico.mx\\\/?p=7203\"]}]},{\"@type\":\"ImageObject\",\"inLanguage\":\"es\",\"@id\":\"https:\\\/\\\/quehacerpolitico.mx\\\/?p=7203#primaryimage\",\"url\":\"\",\"contentUrl\":\"\"},{\"@type\":\"BreadcrumbList\",\"@id\":\"https:\\\/\\\/quehacerpolitico.mx\\\/?p=7203#breadcrumb\",\"itemListElement\":[{\"@type\":\"ListItem\",\"position\":1,\"name\":\"Inicio\",\"item\":\"https:\\\/\\\/quehacerpolitico.mx\\\/\"},{\"@type\":\"ListItem\",\"position\":2,\"name\":\"Mexico atender\u00e1 solicitudes de asilo de la Caravana Migrante, y pedir\u00e1 ayuda a Naciones Unidas\"}]},{\"@type\":\"WebSite\",\"@id\":\"https:\\\/\\\/quehacerpolitico.mx\\\/#website\",\"url\":\"https:\\\/\\\/quehacerpolitico.mx\\\/\",\"name\":\"\",\"description\":\"\",\"potentialAction\":[{\"@type\":\"SearchAction\",\"target\":{\"@type\":\"EntryPoint\",\"urlTemplate\":\"https:\\\/\\\/quehacerpolitico.mx\\\/?s={search_term_string}\"},\"query-input\":{\"@type\":\"PropertyValueSpecification\",\"valueRequired\":true,\"valueName\":\"search_term_string\"}}],\"inLanguage\":\"es\"},{\"@type\":\"Person\",\"@id\":\"https:\\\/\\\/quehacerpolitico.mx\\\/#\\\/schema\\\/person\\\/496d8ad2d1d3f8036101dca7ee39e585\",\"name\":\"Redacci\u00f3n QP\",\"image\":{\"@type\":\"ImageObject\",\"inLanguage\":\"es\",\"@id\":\"https:\\\/\\\/secure.gravatar.com\\\/avatar\\\/c7164ed6fdec453195284ad24a5ae5b6e1eed2b848477fa2a4787ba9adf39a41?s=96&d=mm&r=g\",\"url\":\"https:\\\/\\\/secure.gravatar.com\\\/avatar\\\/c7164ed6fdec453195284ad24a5ae5b6e1eed2b848477fa2a4787ba9adf39a41?s=96&d=mm&r=g\",\"contentUrl\":\"https:\\\/\\\/secure.gravatar.com\\\/avatar\\\/c7164ed6fdec453195284ad24a5ae5b6e1eed2b848477fa2a4787ba9adf39a41?s=96&d=mm&r=g\",\"caption\":\"Redacci\u00f3n QP\"},\"url\":\"https:\\\/\\\/quehacerpolitico.mx\\\/?author=2\"}]}<\/script>\n<!-- \/ Yoast SEO plugin. -->","yoast_head_json":{"title":"Mexico atender\u00e1 solicitudes de asilo de la Caravana Migrante, y pedir\u00e1 ayuda a Naciones Unidas -","robots":{"index":"index","follow":"follow","max-snippet":"max-snippet:-1","max-image-preview":"max-image-preview:large","max-video-preview":"max-video-preview:-1"},"canonical":"https:\/\/quehacerpolitico.mx\/?p=7203","og_locale":"es_MX","og_type":"article","og_title":"Mexico atender\u00e1 solicitudes de asilo de la Caravana Migrante, y pedir\u00e1 ayuda a Naciones Unidas -","og_description":"Mexico atender\u00e1 solicitudes de asilo de la Caravana Migrante, y pedir\u00e1 ayuda a Naciones Unidas Por Redacci\u00f3n QP","og_url":"https:\/\/quehacerpolitico.mx\/?p=7203","article_published_time":"2018-10-19T02:45:56+00:00","author":"Redacci\u00f3n QP","twitter_card":"summary_large_image","twitter_misc":{"Escrito por":"Redacci\u00f3n QP","Tiempo de lectura":"6 minutos"},"schema":{"@context":"https:\/\/schema.org","@graph":[{"@type":"Article","@id":"https:\/\/quehacerpolitico.mx\/?p=7203#article","isPartOf":{"@id":"https:\/\/quehacerpolitico.mx\/?p=7203"},"author":{"name":"Redacci\u00f3n QP","@id":"https:\/\/quehacerpolitico.mx\/#\/schema\/person\/496d8ad2d1d3f8036101dca7ee39e585"},"headline":"Mexico atender\u00e1 solicitudes de asilo de la Caravana Migrante, y pedir\u00e1 ayuda a Naciones Unidas","datePublished":"2018-10-19T02:45:56+00:00","mainEntityOfPage":{"@id":"https:\/\/quehacerpolitico.mx\/?p=7203"},"wordCount":1271,"commentCount":0,"image":{"@id":"https:\/\/quehacerpolitico.mx\/?p=7203#primaryimage"},"thumbnailUrl":"","articleSection":["Noticias"],"inLanguage":"es","potentialAction":[{"@type":"CommentAction","name":"Comment","target":["https:\/\/quehacerpolitico.mx\/?p=7203#respond"]}]},{"@type":"WebPage","@id":"https:\/\/quehacerpolitico.mx\/?p=7203","url":"https:\/\/quehacerpolitico.mx\/?p=7203","name":"Mexico atender\u00e1 solicitudes de asilo de la Caravana Migrante, y pedir\u00e1 ayuda a Naciones Unidas -","isPartOf":{"@id":"https:\/\/quehacerpolitico.mx\/#website"},"primaryImageOfPage":{"@id":"https:\/\/quehacerpolitico.mx\/?p=7203#primaryimage"},"image":{"@id":"https:\/\/quehacerpolitico.mx\/?p=7203#primaryimage"},"thumbnailUrl":"","datePublished":"2018-10-19T02:45:56+00:00","author":{"@id":"https:\/\/quehacerpolitico.mx\/#\/schema\/person\/496d8ad2d1d3f8036101dca7ee39e585"},"breadcrumb":{"@id":"https:\/\/quehacerpolitico.mx\/?p=7203#breadcrumb"},"inLanguage":"es","potentialAction":[{"@type":"ReadAction","target":["https:\/\/quehacerpolitico.mx\/?p=7203"]}]},{"@type":"ImageObject","inLanguage":"es","@id":"https:\/\/quehacerpolitico.mx\/?p=7203#primaryimage","url":"","contentUrl":""},{"@type":"BreadcrumbList","@id":"https:\/\/quehacerpolitico.mx\/?p=7203#breadcrumb","itemListElement":[{"@type":"ListItem","position":1,"name":"Inicio","item":"https:\/\/quehacerpolitico.mx\/"},{"@type":"ListItem","position":2,"name":"Mexico atender\u00e1 solicitudes de asilo de la Caravana Migrante, y pedir\u00e1 ayuda a Naciones Unidas"}]},{"@type":"WebSite","@id":"https:\/\/quehacerpolitico.mx\/#website","url":"https:\/\/quehacerpolitico.mx\/","name":"","description":"","potentialAction":[{"@type":"SearchAction","target":{"@type":"EntryPoint","urlTemplate":"https:\/\/quehacerpolitico.mx\/?s={search_term_string}"},"query-input":{"@type":"PropertyValueSpecification","valueRequired":true,"valueName":"search_term_string"}}],"inLanguage":"es"},{"@type":"Person","@id":"https:\/\/quehacerpolitico.mx\/#\/schema\/person\/496d8ad2d1d3f8036101dca7ee39e585","name":"Redacci\u00f3n QP","image":{"@type":"ImageObject","inLanguage":"es","@id":"https:\/\/secure.gravatar.com\/avatar\/c7164ed6fdec453195284ad24a5ae5b6e1eed2b848477fa2a4787ba9adf39a41?s=96&d=mm&r=g","url":"https:\/\/secure.gravatar.com\/avatar\/c7164ed6fdec453195284ad24a5ae5b6e1eed2b848477fa2a4787ba9adf39a41?s=96&d=mm&r=g","contentUrl":"https:\/\/secure.gravatar.com\/avatar\/c7164ed6fdec453195284ad24a5ae5b6e1eed2b848477fa2a4787ba9adf39a41?s=96&d=mm&r=g","caption":"Redacci\u00f3n QP"},"url":"https:\/\/quehacerpolitico.mx\/?author=2"}]}},"featured_image_urls":{"full":"","thumbnail":"","medium":"","medium_large":"","large":"","1536x1536":"","2048x2048":"","covernews-featured":"","covernews-medium":""},"author_info":{"display_name":"Redacci\u00f3n QP","author_link":"https:\/\/quehacerpolitico.mx\/?author=2"},"category_info":"<a href=\"https:\/\/quehacerpolitico.mx\/?cat=2\" rel=\"category\">Noticias<\/a>","tag_info":"Noticias","comment_count":"0","_links":{"self":[{"href":"https:\/\/quehacerpolitico.mx\/index.php?rest_route=\/wp\/v2\/posts\/7203","targetHints":{"allow":["GET"]}}],"collection":[{"href":"https:\/\/quehacerpolitico.mx\/index.php?rest_route=\/wp\/v2\/posts"}],"about":[{"href":"https:\/\/quehacerpolitico.mx\/index.php?rest_route=\/wp\/v2\/types\/post"}],"author":[{"embeddable":true,"href":"https:\/\/quehacerpolitico.mx\/index.php?rest_route=\/wp\/v2\/users\/2"}],"replies":[{"embeddable":true,"href":"https:\/\/quehacerpolitico.mx\/index.php?rest_route=%2Fwp%2Fv2%2Fcomments&post=7203"}],"version-history":[{"count":0,"href":"https:\/\/quehacerpolitico.mx\/index.php?rest_route=\/wp\/v2\/posts\/7203\/revisions"}],"wp:featuredmedia":[{"embeddable":true,"href":"https:\/\/quehacerpolitico.mx\/index.php?rest_route=\/"}],"wp:attachment":[{"href":"https:\/\/quehacerpolitico.mx\/index.php?rest_route=%2Fwp%2Fv2%2Fmedia&parent=7203"}],"wp:term":[{"taxonomy":"category","embeddable":true,"href":"https:\/\/quehacerpolitico.mx\/index.php?rest_route=%2Fwp%2Fv2%2Fcategories&post=7203"},{"taxonomy":"post_tag","embeddable":true,"href":"https:\/\/quehacerpolitico.mx\/index.php?rest_route=%2Fwp%2Fv2%2Ftags&post=7203"}],"curies":[{"name":"wp","href":"https:\/\/api.w.org\/{rel}","templated":true}]}}