{"id":7201,"date":"2018-10-19T02:30:28","date_gmt":"2018-10-19T02:30:28","guid":{"rendered":"http:\/\/quehacerpolitico.mx\/instante-metropolitano-francisco-rodriguez-claudia-sheinbaum-sostuvo-que-es-urgente-mejorar-la-atencion-a-victimas-en-la-pgjcdmx-esto-en-torno-al-caso-del-kinder-marcelino-de-champagna\/"},"modified":"2018-10-19T02:30:28","modified_gmt":"2018-10-19T02:30:28","slug":"instante-metropolitano-francisco-rodriguez-claudia-sheinbaum-sostuvo-que-es-urgente-mejorar-la-atencion-a-victimas-en-la-pgjcdmx-esto-en-torno-al-caso-del-kinder-marcelino-de-champagna","status":"publish","type":"post","link":"https:\/\/quehacerpolitico.mx\/?p=7201","title":{"rendered":"INSTANTE METROPOLITANO\/\/\/Francisco Rodr\u00edguez\/\/\/ Claudia Sheinbaum, sostuvo que es urgente mejorar la atenci\u00f3n a v\u00edctimas en la PGJCDMX, esto en torno al caso del k\u00ednder \u201cMarcelino de Champagnat\u201d * Por primera vez, personal de resguardo del Congreso de la Ciudad de M\u00e9xico impiden el acceso a medios de comunicaci\u00f3n al Pleno"},"content":{"rendered":"<p class=\"s3\"><span class=\"s2\"><span class=\"bumpedFont15\">Para<\/span><\/span> <span class=\"s2\"><span class=\"bumpedFont15\">Iniciar. &#8211;<\/span><\/span> <span class=\"s4\"><span class=\"bumpedFont15\">En conferencia de prensa en las instalaciones del Congreso de la Ciudad de M\u00e9xico, la Directora de Servicios Educativos de la SEP<\/span><\/span><span class=\"s4\"><span class=\"bumpedFont15\">;<\/span><\/span><span class=\"s4\"><span class=\"bumpedFont15\"> Norma Patricia S\u00e1nchez Regalado confirm\u00f3 que el presunto abusador de m\u00e1s de 30 ni\u00f1os del jard\u00edn de ni\u00f1os \u201cMarcelino de Champagnat\u201d ha seguido acudiendo a firmar diariamente a su sector escolar.<\/span><\/span><\/p>\n<p class=\"s3\"><span class=\"s4\"><span class=\"bumpedFont15\">\u201cEn la direcci\u00f3n operativa regional n\u00famero dos, desde el d\u00eda ocho de octubre, \u00e9l est\u00e1 ah\u00ed en esas \u00e1reas administrativas; todos, maestros y directivos del k\u00ednder, se est\u00e1n presentando todos los d\u00edas a trabajar y nosotros estamos haciendo todo el procedimiento administrativo, como el protocolo nos lo indica tanto en el \u00e1rea jur\u00eddica, administrativa, y nosotros tenemos que llevar la normatividad aplicable tambi\u00e9n conforme a derecho con los maestros\u201d, dijo S\u00e1nchez Regalado.<\/span><\/span><\/p>\n<p class=\"s3\"><span class=\"s4\"><span class=\"bumpedFont15\">A pesar de estar localizable a\u00fan no existe una orden de aprehensi\u00f3n en su contra, pues ning\u00fan proceso se ha terminado de configurar.<\/span><\/span><\/p>\n<p class=\"s3\"><span class=\"s4\"><span class=\"bumpedFont15\">Ante la denuncia de padres de familia por el presunto abuso sexual de sus hijos en el k\u00ednder Marcelino de Champagnat<\/span><\/span><span class=\"s4\"><span class=\"bumpedFont15\"> de la alcald\u00eda de Gustavo A. Madero<\/span><\/span><span class=\"s4\"><span class=\"bumpedFont15\">, la jefa de Gobierno electa, Claudia Sheinbaum, <\/span><\/span><span class=\"s4\"><span class=\"bumpedFont15\">sostuvo<\/span><\/span><span class=\"s4\"><span class=\"bumpedFont15\"> que es urgente mejorar la atenci\u00f3n a v\u00edctimas en la Procuradur\u00eda General de Justicia, pues hasta ahora ha demostrado ser deficiente.<\/span><\/span><\/p>\n<p class=\"s3\"><span class=\"s4\"><span class=\"bumpedFont15\">Cuestionada sobre si habr\u00e1 en su gesti\u00f3n alguna medida o acci\u00f3n para agilizar las denuncias por abuso sexual en escuelas, coment\u00f3 que lo que se necesita es hacer eficiente la atenci\u00f3n en la PGJ CDMX, tanto para estos casos como en otras denuncias.<\/span><\/span><\/p>\n<p class=\"s3\"><span class=\"s2\"><span class=\"bumpedFont15\">Hoy por <\/span><\/span><span class=\"s2\"><span class=\"bumpedFont15\">Hoy. &#8211;<\/span><\/span> <span class=\"s4\"><span class=\"bumpedFont15\">La bancada <\/span><\/span><span class=\"s4\"><span class=\"bumpedFont15\">de Morena<\/span><\/span><span class=\"s4\"><span class=\"bumpedFont15\"> en el Senado plante\u00f3 reformar la Ley Org\u00e1nica del Poder Judicial de la Federaci\u00f3n para aplicar ex\u00e1menes de control de confianza, entre otros el pol\u00edgrafo, a ministros, magistrados y jueces como mecanismo para combatir la corrupci\u00f3n.<\/span><\/span><\/p>\n<p class=\"s3\"><span class=\"s4\"><span class=\"bumpedFont15\">Seg\u00fan la propuesta del presidente de la Junta de Coordinaci\u00f3n Pol\u00edtica, Ricardo Monreal, los ex\u00e1menes de control de confianza para el ingreso, permanencia y promoci\u00f3n a la carrera judicial se integrar\u00e1n por las siguientes pruebas: Patrimonial y de entorno social, m\u00e9dico, psicom\u00e9trico, psicol\u00f3gico, poligr\u00e1fico, y toxicol\u00f3gico.<\/span><\/span><\/p>\n<p class=\"s3\"><span class=\"s4\"><span class=\"bumpedFont15\">Monreal aclar\u00f3 que con esta reforma no se pretende atacar ni poner en duda la dignidad de los juzgadores o de quienes toman decisiones en el seno del Poder Judicial o aspiran ingresar a \u00e9ste.<\/span><\/span><\/p>\n<p class=\"s3\"><span class=\"s4\"><span class=\"bumpedFont15\">Con esto<\/span><\/span><span class=\"s4\"><span class=\"bumpedFont15\">, se busca garantizar que los servidores p\u00fablicos que lo rigen cumplan con las exigencias del puesto.<\/span><\/span><\/p>\n<p class=\"s3\"><span class=\"s4\"><span class=\"bumpedFont15\">Por \u00faltimo, e<\/span><\/span><span class=\"s4\"><span class=\"bumpedFont15\">l legislador zacatecano cuestiona los motivos por el cual los jueces no tengan que someterse<\/span><\/span> <span class=\"s4\"><span class=\"bumpedFont15\">a evaluaciones, pues son servidores p\u00fablicos igual que los polic\u00edas <\/span><\/span><span class=\"s4\"><span class=\"bumpedFont15\">o ministerios<\/span><\/span><span class=\"s4\"><span class=\"bumpedFont15\"> p\u00fablicos y deben ser supervisados.<\/span><\/span><\/p>\n<p class=\"s3\"><span class=\"s2\"><span class=\"bumpedFont15\">Tras el <\/span><\/span><span class=\"s2\"><span class=\"bumpedFont15\">Recorrido. &#8211;<\/span><\/span> <span class=\"s4\"><span class=\"bumpedFont15\">El presidente de la C\u00e1mara de Diputados, Porfirio Mu\u00f1oz Ledo, anunci\u00f3 que presentar\u00e1 una iniciativa de reformas constitucionales en materia de derechos de las mujeres, pues es momento de iniciar un \u201ccambio radical en este tema\u201d.<\/span><\/span><\/p>\n<p class=\"s3\"><span class=\"s4\"><span class=\"bumpedFont15\">El legislador morenista se pronunci\u00f3 porque la pr\u00f3xima presidenta de M\u00e9xico debe ser mujer, dijo que \u201cse va a tomar el toro por los cuernos\u201d y convertir en normas federales disposiciones ya plasmadas en la Constituci\u00f3n de la Ciudad de M\u00e9xico.<\/span><\/span><\/p>\n<p class=\"s3\"><span class=\"s4\"><span class=\"bumpedFont15\">El punto relevante de la iniciativa, detall\u00f3, es establecer en la Carta Magna la garant\u00eda de igualdad sustantiva y paridad de g\u00e9nero en el acceso a la funci\u00f3n p\u00fablica, la promoci\u00f3n en los \u00f3rganos de gobierno y en la composici\u00f3n de los cuerpos administrativos de los Poderes de la Uni\u00f3n, de los tres \u00f3rdenes de gobierno y de los organismos constitucionales aut\u00f3nomos.<\/span><\/span><\/p>\n<p class=\"s3\"><span class=\"s4\"><span class=\"bumpedFont15\">Respecto a la Suprema Corte de Justicia de la Naci\u00f3n (SCJN), el planteamiento es que el <\/span><\/span><span class=\"s4\"><span class=\"bumpedFont15\">jefe<\/span><\/span><span class=\"s4\"><span class=\"bumpedFont15\"> del Ejecutivo env\u00ede propuestas exclusivamente de magistradas hasta que se logre la equidad de g\u00e9nero.<\/span><\/span><\/p>\n<p class=\"s3\"><span class=\"s2\"><span class=\"bumpedFont15\">Para <\/span><\/span><span class=\"s2\"><span class=\"bumpedFont15\">Acabar. &#8211;<\/span><\/span> <span class=\"s4\"><span class=\"bumpedFont15\">Una vez m\u00e1s, se mancha la <\/span><\/span><span class=\"s4\"><span class=\"bumpedFont15\">imagen<\/span><\/span><span class=\"s4\"><span class=\"bumpedFont15\"> de diputados de Morena al restringir el paso a diferentes reporteros y fot\u00f3grafos de los medios de comunicaci\u00f3n que cubren la fuente del Congreso de la Ciudad de M\u00e9xico en su I Legislatura, al ordenar al personal de resguardo colocar dos vallas<\/span><\/span><span class=\"s4\"><span class=\"bumpedFont15\"> con banda<\/span><\/span><span class=\"s4\"><span class=\"bumpedFont15\"> en las entradas que conducen al Pleno.<\/span><\/span><\/p>\n<p class=\"s3\"><span class=\"s4\"><span class=\"bumpedFont15\">Incluso, reporteros que cubren la fuente por a\u00f1os fueron desconocidos por dicho personal, que argumentaron que s\u00f3lo obedec\u00edan las \u00f3rdenes del vicecoordinador de Morena, el diputado Eduardo Santill\u00e1n P\u00e9rez, quien est\u00e1 molesto con la prensa, pues hab\u00edan evidenciado el mal trabajo de servicios parlamentarios, donde tiene gente <\/span><\/span><span class=\"s4\"><span class=\"bumpedFont15\">af\u00edn<\/span><\/span><span class=\"s4\"><span class=\"bumpedFont15\"> a \u00e9l.<\/span><\/span><\/p>\n<p class=\"s3\"><span class=\"s4\"><span class=\"bumpedFont15\">Y aunque al ser entrevistado, el legislador morenista argument<\/span><\/span><span class=\"s4\"><span class=\"bumpedFont15\">\u00f3<\/span><\/span> <span class=\"s4\"><span class=\"bumpedFont15\">en<\/span><\/span><span class=\"s4\"><span class=\"bumpedFont15\"> todo momento que no se<\/span><\/span><span class=\"s4\"><span class=\"bumpedFont15\"> est\u00e1 restringiendo el acceso a los medios acreditados, si reconoci\u00f3 que el personal de resguardo tiene la instrucci\u00f3n de no dejar pasar a personal ajeno que impidan el correcto desempe\u00f1o del trabajo legislativo, por ello s\u00f3lo se <\/span><\/span><span class=\"s4\"><span class=\"bumpedFont15\">les<\/span><\/span><span class=\"s4\"><span class=\"bumpedFont15\"> permitir\u00e1 a los diputados la presencia de dos asesores en el Pleno.<\/span><\/span><\/p>\n<p class=\"s3\"><span class=\"s4\"><span class=\"bumpedFont15\">Por \u00faltimo, explic\u00f3 que habr\u00e1 credencializaci\u00f3n para los medios acreditados para que puedan continuar con sus entrevistas, pero afuera del Pleno, y solamente podr\u00e1n acceder a los curules para solicitarles dicha informaci\u00f3n period\u00edstica.<\/span><\/span><span class=\"s4\"><span class=\"bumpedFont15\">La pregunta aqu\u00ed ser\u00e1 qui\u00e9n las otorgar\u00e1, si todav\u00eda no se nombra al responsable de comunicaci\u00f3n social del Congreso.<\/span><\/span><\/p>\n<p class=\"s3\"><span class=\"s4\"><span class=\"bumpedFont15\">pacorodca@yahoo.com.mx<\/span><\/span><\/p>\n","protected":false},"excerpt":{"rendered":"<p>INSTANTE METROPOLITANO<br \/>\n* Claudia Sheinbaum, sostuvo que es urgente mejorar la atenci\u00f3n a v\u00edctimas en la PGJCDMX, esto en torno al caso del k\u00ednder \u201cMarcelino de Champagnat\u201d<br \/>\n* Por primera vez, personal de resguardo del Congreso de la Ciudad de M\u00e9xico impiden el acceso a medios de comunicaci\u00f3n al Pleno<br \/>\nPor Francisco Rodr\u00edguez<\/p>\n","protected":false},"author":2,"featured_media":7200,"comment_status":"open","ping_status":"open","sticky":false,"template":"","format":"standard","meta":{"_monsterinsights_skip_tracking":false,"_monsterinsights_sitenote_active":false,"_monsterinsights_sitenote_note":"","_monsterinsights_sitenote_category":0,"footnotes":""},"categories":[55],"tags":[],"class_list":["post-7201","post","type-post","status-publish","format-standard","has-post-thumbnail","hentry","category-cdmx"],"yoast_head":"<!-- This site is optimized with the Yoast SEO plugin v27.3 - https:\/\/yoast.com\/product\/yoast-seo-wordpress\/ -->\n<title>INSTANTE METROPOLITANO\/\/\/Francisco Rodr\u00edguez\/\/\/ Claudia Sheinbaum, sostuvo que es urgente mejorar la atenci\u00f3n a v\u00edctimas en la PGJCDMX, esto en torno al caso del k\u00ednder \u201cMarcelino de Champagnat\u201d * Por primera vez, personal de resguardo del Congreso de la Ciudad de M\u00e9xico impiden el acceso a medios de comunicaci\u00f3n al Pleno -<\/title>\n<meta name=\"robots\" content=\"index, follow, max-snippet:-1, max-image-preview:large, max-video-preview:-1\" \/>\n<link rel=\"canonical\" href=\"https:\/\/quehacerpolitico.mx\/?p=7201\" \/>\n<meta property=\"og:locale\" content=\"es_MX\" \/>\n<meta property=\"og:type\" content=\"article\" \/>\n<meta property=\"og:title\" content=\"INSTANTE METROPOLITANO\/\/\/Francisco Rodr\u00edguez\/\/\/ Claudia Sheinbaum, sostuvo que es urgente mejorar la atenci\u00f3n a v\u00edctimas en la PGJCDMX, esto en torno al caso del k\u00ednder \u201cMarcelino de Champagnat\u201d * Por primera vez, personal de resguardo del Congreso de la Ciudad de M\u00e9xico impiden el acceso a medios de comunicaci\u00f3n al Pleno -\" \/>\n<meta property=\"og:description\" content=\"INSTANTE METROPOLITANO * Claudia Sheinbaum, sostuvo que es urgente mejorar la atenci\u00f3n a v\u00edctimas en la PGJCDMX, esto en torno al caso del k\u00ednder \u201cMarcelino de Champagnat\u201d * Por primera vez, personal de resguardo del Congreso de la Ciudad de M\u00e9xico impiden el acceso a medios de comunicaci\u00f3n al Pleno Por Francisco Rodr\u00edguez\" \/>\n<meta property=\"og:url\" content=\"https:\/\/quehacerpolitico.mx\/?p=7201\" \/>\n<meta property=\"article:published_time\" content=\"2018-10-19T02:30:28+00:00\" \/>\n<meta name=\"author\" content=\"Redacci\u00f3n QP\" \/>\n<meta name=\"twitter:card\" content=\"summary_large_image\" \/>\n<meta name=\"twitter:label1\" content=\"Escrito por\" \/>\n\t<meta name=\"twitter:data1\" content=\"Redacci\u00f3n QP\" \/>\n\t<meta name=\"twitter:label2\" content=\"Tiempo de lectura\" \/>\n\t<meta name=\"twitter:data2\" content=\"5 minutos\" \/>\n<script type=\"application\/ld+json\" class=\"yoast-schema-graph\">{\"@context\":\"https:\\\/\\\/schema.org\",\"@graph\":[{\"@type\":\"Article\",\"@id\":\"https:\\\/\\\/quehacerpolitico.mx\\\/?p=7201#article\",\"isPartOf\":{\"@id\":\"https:\\\/\\\/quehacerpolitico.mx\\\/?p=7201\"},\"author\":{\"name\":\"Redacci\u00f3n QP\",\"@id\":\"https:\\\/\\\/quehacerpolitico.mx\\\/#\\\/schema\\\/person\\\/496d8ad2d1d3f8036101dca7ee39e585\"},\"headline\":\"INSTANTE METROPOLITANO\\\/\\\/\\\/Francisco Rodr\u00edguez\\\/\\\/\\\/ Claudia Sheinbaum, sostuvo que es urgente mejorar la atenci\u00f3n a v\u00edctimas en la PGJCDMX, esto en torno al caso del k\u00ednder \u201cMarcelino de Champagnat\u201d * Por primera vez, personal de resguardo del Congreso de la Ciudad de M\u00e9xico impiden el acceso a medios de comunicaci\u00f3n al Pleno\",\"datePublished\":\"2018-10-19T02:30:28+00:00\",\"mainEntityOfPage\":{\"@id\":\"https:\\\/\\\/quehacerpolitico.mx\\\/?p=7201\"},\"wordCount\":975,\"commentCount\":0,\"image\":{\"@id\":\"https:\\\/\\\/quehacerpolitico.mx\\\/?p=7201#primaryimage\"},\"thumbnailUrl\":\"\",\"articleSection\":[\"CDMX\"],\"inLanguage\":\"es\",\"potentialAction\":[{\"@type\":\"CommentAction\",\"name\":\"Comment\",\"target\":[\"https:\\\/\\\/quehacerpolitico.mx\\\/?p=7201#respond\"]}]},{\"@type\":\"WebPage\",\"@id\":\"https:\\\/\\\/quehacerpolitico.mx\\\/?p=7201\",\"url\":\"https:\\\/\\\/quehacerpolitico.mx\\\/?p=7201\",\"name\":\"INSTANTE METROPOLITANO\\\/\\\/\\\/Francisco Rodr\u00edguez\\\/\\\/\\\/ Claudia Sheinbaum, sostuvo que es urgente mejorar la atenci\u00f3n a v\u00edctimas en la PGJCDMX, esto en torno al caso del k\u00ednder \u201cMarcelino de Champagnat\u201d * Por primera vez, personal de resguardo del Congreso de la Ciudad de M\u00e9xico impiden el acceso a medios de comunicaci\u00f3n al Pleno -\",\"isPartOf\":{\"@id\":\"https:\\\/\\\/quehacerpolitico.mx\\\/#website\"},\"primaryImageOfPage\":{\"@id\":\"https:\\\/\\\/quehacerpolitico.mx\\\/?p=7201#primaryimage\"},\"image\":{\"@id\":\"https:\\\/\\\/quehacerpolitico.mx\\\/?p=7201#primaryimage\"},\"thumbnailUrl\":\"\",\"datePublished\":\"2018-10-19T02:30:28+00:00\",\"author\":{\"@id\":\"https:\\\/\\\/quehacerpolitico.mx\\\/#\\\/schema\\\/person\\\/496d8ad2d1d3f8036101dca7ee39e585\"},\"breadcrumb\":{\"@id\":\"https:\\\/\\\/quehacerpolitico.mx\\\/?p=7201#breadcrumb\"},\"inLanguage\":\"es\",\"potentialAction\":[{\"@type\":\"ReadAction\",\"target\":[\"https:\\\/\\\/quehacerpolitico.mx\\\/?p=7201\"]}]},{\"@type\":\"ImageObject\",\"inLanguage\":\"es\",\"@id\":\"https:\\\/\\\/quehacerpolitico.mx\\\/?p=7201#primaryimage\",\"url\":\"\",\"contentUrl\":\"\"},{\"@type\":\"BreadcrumbList\",\"@id\":\"https:\\\/\\\/quehacerpolitico.mx\\\/?p=7201#breadcrumb\",\"itemListElement\":[{\"@type\":\"ListItem\",\"position\":1,\"name\":\"Inicio\",\"item\":\"https:\\\/\\\/quehacerpolitico.mx\\\/\"},{\"@type\":\"ListItem\",\"position\":2,\"name\":\"INSTANTE METROPOLITANO\\\/\\\/\\\/Francisco Rodr\u00edguez\\\/\\\/\\\/ Claudia Sheinbaum, sostuvo que es urgente mejorar la atenci\u00f3n a v\u00edctimas en la PGJCDMX, esto en torno al caso del k\u00ednder \u201cMarcelino de Champagnat\u201d * Por primera vez, personal de resguardo del Congreso de la Ciudad de M\u00e9xico impiden el acceso a medios de comunicaci\u00f3n al Pleno\"}]},{\"@type\":\"WebSite\",\"@id\":\"https:\\\/\\\/quehacerpolitico.mx\\\/#website\",\"url\":\"https:\\\/\\\/quehacerpolitico.mx\\\/\",\"name\":\"\",\"description\":\"\",\"potentialAction\":[{\"@type\":\"SearchAction\",\"target\":{\"@type\":\"EntryPoint\",\"urlTemplate\":\"https:\\\/\\\/quehacerpolitico.mx\\\/?s={search_term_string}\"},\"query-input\":{\"@type\":\"PropertyValueSpecification\",\"valueRequired\":true,\"valueName\":\"search_term_string\"}}],\"inLanguage\":\"es\"},{\"@type\":\"Person\",\"@id\":\"https:\\\/\\\/quehacerpolitico.mx\\\/#\\\/schema\\\/person\\\/496d8ad2d1d3f8036101dca7ee39e585\",\"name\":\"Redacci\u00f3n QP\",\"image\":{\"@type\":\"ImageObject\",\"inLanguage\":\"es\",\"@id\":\"https:\\\/\\\/secure.gravatar.com\\\/avatar\\\/c7164ed6fdec453195284ad24a5ae5b6e1eed2b848477fa2a4787ba9adf39a41?s=96&d=mm&r=g\",\"url\":\"https:\\\/\\\/secure.gravatar.com\\\/avatar\\\/c7164ed6fdec453195284ad24a5ae5b6e1eed2b848477fa2a4787ba9adf39a41?s=96&d=mm&r=g\",\"contentUrl\":\"https:\\\/\\\/secure.gravatar.com\\\/avatar\\\/c7164ed6fdec453195284ad24a5ae5b6e1eed2b848477fa2a4787ba9adf39a41?s=96&d=mm&r=g\",\"caption\":\"Redacci\u00f3n QP\"},\"url\":\"https:\\\/\\\/quehacerpolitico.mx\\\/?author=2\"}]}<\/script>\n<!-- \/ Yoast SEO plugin. -->","yoast_head_json":{"title":"INSTANTE METROPOLITANO\/\/\/Francisco Rodr\u00edguez\/\/\/ Claudia Sheinbaum, sostuvo que es urgente mejorar la atenci\u00f3n a v\u00edctimas en la PGJCDMX, esto en torno al caso del k\u00ednder \u201cMarcelino de Champagnat\u201d * Por primera vez, personal de resguardo del Congreso de la Ciudad de M\u00e9xico impiden el acceso a medios de comunicaci\u00f3n al Pleno -","robots":{"index":"index","follow":"follow","max-snippet":"max-snippet:-1","max-image-preview":"max-image-preview:large","max-video-preview":"max-video-preview:-1"},"canonical":"https:\/\/quehacerpolitico.mx\/?p=7201","og_locale":"es_MX","og_type":"article","og_title":"INSTANTE METROPOLITANO\/\/\/Francisco Rodr\u00edguez\/\/\/ Claudia Sheinbaum, sostuvo que es urgente mejorar la atenci\u00f3n a v\u00edctimas en la PGJCDMX, esto en torno al caso del k\u00ednder \u201cMarcelino de Champagnat\u201d * Por primera vez, personal de resguardo del Congreso de la Ciudad de M\u00e9xico impiden el acceso a medios de comunicaci\u00f3n al Pleno -","og_description":"INSTANTE METROPOLITANO * Claudia Sheinbaum, sostuvo que es urgente mejorar la atenci\u00f3n a v\u00edctimas en la PGJCDMX, esto en torno al caso del k\u00ednder \u201cMarcelino de Champagnat\u201d * Por primera vez, personal de resguardo del Congreso de la Ciudad de M\u00e9xico impiden el acceso a medios de comunicaci\u00f3n al Pleno Por Francisco Rodr\u00edguez","og_url":"https:\/\/quehacerpolitico.mx\/?p=7201","article_published_time":"2018-10-19T02:30:28+00:00","author":"Redacci\u00f3n QP","twitter_card":"summary_large_image","twitter_misc":{"Escrito por":"Redacci\u00f3n QP","Tiempo de lectura":"5 minutos"},"schema":{"@context":"https:\/\/schema.org","@graph":[{"@type":"Article","@id":"https:\/\/quehacerpolitico.mx\/?p=7201#article","isPartOf":{"@id":"https:\/\/quehacerpolitico.mx\/?p=7201"},"author":{"name":"Redacci\u00f3n QP","@id":"https:\/\/quehacerpolitico.mx\/#\/schema\/person\/496d8ad2d1d3f8036101dca7ee39e585"},"headline":"INSTANTE METROPOLITANO\/\/\/Francisco Rodr\u00edguez\/\/\/ Claudia Sheinbaum, sostuvo que es urgente mejorar la atenci\u00f3n a v\u00edctimas en la PGJCDMX, esto en torno al caso del k\u00ednder \u201cMarcelino de Champagnat\u201d * Por primera vez, personal de resguardo del Congreso de la Ciudad de M\u00e9xico impiden el acceso a medios de comunicaci\u00f3n al Pleno","datePublished":"2018-10-19T02:30:28+00:00","mainEntityOfPage":{"@id":"https:\/\/quehacerpolitico.mx\/?p=7201"},"wordCount":975,"commentCount":0,"image":{"@id":"https:\/\/quehacerpolitico.mx\/?p=7201#primaryimage"},"thumbnailUrl":"","articleSection":["CDMX"],"inLanguage":"es","potentialAction":[{"@type":"CommentAction","name":"Comment","target":["https:\/\/quehacerpolitico.mx\/?p=7201#respond"]}]},{"@type":"WebPage","@id":"https:\/\/quehacerpolitico.mx\/?p=7201","url":"https:\/\/quehacerpolitico.mx\/?p=7201","name":"INSTANTE METROPOLITANO\/\/\/Francisco Rodr\u00edguez\/\/\/ Claudia Sheinbaum, sostuvo que es urgente mejorar la atenci\u00f3n a v\u00edctimas en la PGJCDMX, esto en torno al caso del k\u00ednder \u201cMarcelino de Champagnat\u201d * Por primera vez, personal de resguardo del Congreso de la Ciudad de M\u00e9xico impiden el acceso a medios de comunicaci\u00f3n al Pleno -","isPartOf":{"@id":"https:\/\/quehacerpolitico.mx\/#website"},"primaryImageOfPage":{"@id":"https:\/\/quehacerpolitico.mx\/?p=7201#primaryimage"},"image":{"@id":"https:\/\/quehacerpolitico.mx\/?p=7201#primaryimage"},"thumbnailUrl":"","datePublished":"2018-10-19T02:30:28+00:00","author":{"@id":"https:\/\/quehacerpolitico.mx\/#\/schema\/person\/496d8ad2d1d3f8036101dca7ee39e585"},"breadcrumb":{"@id":"https:\/\/quehacerpolitico.mx\/?p=7201#breadcrumb"},"inLanguage":"es","potentialAction":[{"@type":"ReadAction","target":["https:\/\/quehacerpolitico.mx\/?p=7201"]}]},{"@type":"ImageObject","inLanguage":"es","@id":"https:\/\/quehacerpolitico.mx\/?p=7201#primaryimage","url":"","contentUrl":""},{"@type":"BreadcrumbList","@id":"https:\/\/quehacerpolitico.mx\/?p=7201#breadcrumb","itemListElement":[{"@type":"ListItem","position":1,"name":"Inicio","item":"https:\/\/quehacerpolitico.mx\/"},{"@type":"ListItem","position":2,"name":"INSTANTE METROPOLITANO\/\/\/Francisco Rodr\u00edguez\/\/\/ Claudia Sheinbaum, sostuvo que es urgente mejorar la atenci\u00f3n a v\u00edctimas en la PGJCDMX, esto en torno al caso del k\u00ednder \u201cMarcelino de Champagnat\u201d * Por primera vez, personal de resguardo del Congreso de la Ciudad de M\u00e9xico impiden el acceso a medios de comunicaci\u00f3n al Pleno"}]},{"@type":"WebSite","@id":"https:\/\/quehacerpolitico.mx\/#website","url":"https:\/\/quehacerpolitico.mx\/","name":"","description":"","potentialAction":[{"@type":"SearchAction","target":{"@type":"EntryPoint","urlTemplate":"https:\/\/quehacerpolitico.mx\/?s={search_term_string}"},"query-input":{"@type":"PropertyValueSpecification","valueRequired":true,"valueName":"search_term_string"}}],"inLanguage":"es"},{"@type":"Person","@id":"https:\/\/quehacerpolitico.mx\/#\/schema\/person\/496d8ad2d1d3f8036101dca7ee39e585","name":"Redacci\u00f3n QP","image":{"@type":"ImageObject","inLanguage":"es","@id":"https:\/\/secure.gravatar.com\/avatar\/c7164ed6fdec453195284ad24a5ae5b6e1eed2b848477fa2a4787ba9adf39a41?s=96&d=mm&r=g","url":"https:\/\/secure.gravatar.com\/avatar\/c7164ed6fdec453195284ad24a5ae5b6e1eed2b848477fa2a4787ba9adf39a41?s=96&d=mm&r=g","contentUrl":"https:\/\/secure.gravatar.com\/avatar\/c7164ed6fdec453195284ad24a5ae5b6e1eed2b848477fa2a4787ba9adf39a41?s=96&d=mm&r=g","caption":"Redacci\u00f3n QP"},"url":"https:\/\/quehacerpolitico.mx\/?author=2"}]}},"featured_image_urls":{"full":"","thumbnail":"","medium":"","medium_large":"","large":"","1536x1536":"","2048x2048":"","covernews-featured":"","covernews-medium":""},"author_info":{"display_name":"Redacci\u00f3n QP","author_link":"https:\/\/quehacerpolitico.mx\/?author=2"},"category_info":"<a href=\"https:\/\/quehacerpolitico.mx\/?cat=55\" rel=\"category\">CDMX<\/a>","tag_info":"CDMX","comment_count":"0","_links":{"self":[{"href":"https:\/\/quehacerpolitico.mx\/index.php?rest_route=\/wp\/v2\/posts\/7201","targetHints":{"allow":["GET"]}}],"collection":[{"href":"https:\/\/quehacerpolitico.mx\/index.php?rest_route=\/wp\/v2\/posts"}],"about":[{"href":"https:\/\/quehacerpolitico.mx\/index.php?rest_route=\/wp\/v2\/types\/post"}],"author":[{"embeddable":true,"href":"https:\/\/quehacerpolitico.mx\/index.php?rest_route=\/wp\/v2\/users\/2"}],"replies":[{"embeddable":true,"href":"https:\/\/quehacerpolitico.mx\/index.php?rest_route=%2Fwp%2Fv2%2Fcomments&post=7201"}],"version-history":[{"count":0,"href":"https:\/\/quehacerpolitico.mx\/index.php?rest_route=\/wp\/v2\/posts\/7201\/revisions"}],"wp:featuredmedia":[{"embeddable":true,"href":"https:\/\/quehacerpolitico.mx\/index.php?rest_route=\/"}],"wp:attachment":[{"href":"https:\/\/quehacerpolitico.mx\/index.php?rest_route=%2Fwp%2Fv2%2Fmedia&parent=7201"}],"wp:term":[{"taxonomy":"category","embeddable":true,"href":"https:\/\/quehacerpolitico.mx\/index.php?rest_route=%2Fwp%2Fv2%2Fcategories&post=7201"},{"taxonomy":"post_tag","embeddable":true,"href":"https:\/\/quehacerpolitico.mx\/index.php?rest_route=%2Fwp%2Fv2%2Ftags&post=7201"}],"curies":[{"name":"wp","href":"https:\/\/api.w.org\/{rel}","templated":true}]}}