{"id":7184,"date":"2018-10-18T16:36:50","date_gmt":"2018-10-18T16:36:50","guid":{"rendered":"http:\/\/quehacerpolitico.mx\/si-es-hombre-de-bien-epn-debe-dar-la-cara-no-buscar-el-amparo-de-la-corte-gobierno-de-chihuahua\/"},"modified":"2018-10-18T16:36:50","modified_gmt":"2018-10-18T16:36:50","slug":"si-es-hombre-de-bien-epn-debe-dar-la-cara-no-buscar-el-amparo-de-la-corte-gobierno-de-chihuahua","status":"publish","type":"post","link":"https:\/\/quehacerpolitico.mx\/?p=7184","title":{"rendered":"Si es hombre de bien, EPN debe dar la cara, no buscar el amparo de la Corte: Gobierno de Chihuahua"},"content":{"rendered":"<p>El Secretario General de <strong>Gobierno<\/strong> de <strong>Chihuahua<\/strong>, <strong>C\u00e9sar J\u00e1uregui<\/strong>Robles, llam\u00f3 al Presidente <strong>Enrique Pe\u00f1a Nieto<\/strong> a que \u201csi es un <strong>hombre de bien<\/strong>\u201d d\u00e9 la cara por la <strong>acusaciones<\/strong> en su contra y no intente escudarse en las instituciones.<\/p>\n<blockquote>\n<p>\u201cUn hombre de bien, como creo yo que es el Presidente de la Rep\u00fablica, deber\u00eda dar la cara por los hechos concretos que se le imputan y no venir a escudarse, y desde luego, ya ante la inminente salida de su encargo\u201d, indic\u00f3.<\/p>\n<\/blockquote>\n<p>En entrevista con Carmen Aristegui en <em>Radio Centro<\/em>, J\u00e1uregui calific\u00f3 como una situaci\u00f3n de abuso de autoridad el recurso que el Presidente Pe\u00f1a Nieto y su Gabinete promovieron ante la Suprema Corte de Justicia de la Naci\u00f3n (SCJN) para intentar blindarse ante las investigaciones del Gobierno de Chihuahua, encabezado por Javier Corral Jurado, en su contra.<\/p>\n<p>\u201cEs una situaci\u00f3n in\u00e9dita y es una situaci\u00f3n de abuso de parte de la autoridad federal, de someter a un poder judicial Federal, como es la SCJN, al an\u00e1lisis de una demanda que no es una controversia constitucional\u201d, dijo.<\/p>\n<p>Consider\u00f3 que con su recurso, el Presidente y sus funcionarios buscan inhibir, a trav\u00e9s de la SCJN, lo que es la acci\u00f3n de combate a la corrupci\u00f3n.<\/p>\n<blockquote>\n<p>\u201cMe parece de una imprudencia y de un abuso de poder el pretender involucrar a instancias, como a la SCJN, o heredando a las nuevas autoridades responsabilidades que no les competen. Hay una intensi\u00f3n abierta de distraer, de generar una serie de procedimientos y mecanismos para diluir\u201d, la investigaci\u00f3n, consider\u00f3 J\u00e1uregui.<\/p>\n<\/blockquote>\n<p>A menos de dos meses de que deje el poder, el Gobierno del Presidente Enrique Pe\u00f1a Nieto intenta blindarse ante una investigaci\u00f3n por corrupci\u00f3n que a la larga podr\u00eda afectar a funcionarios federales.<\/p>\n<p>La oficina jur\u00eddica de la Presidencia present\u00f3 una acci\u00f3n judicial ante la SCJN para proteger a todo funcionario federal de ser involucrados en un proceso penal en marcha en el estado de Chihuahua por el caso de presunto desv\u00edo de fondos p\u00fablicos a la campa\u00f1a electoral del Partido Revolucionario Institucional (PRI), que es precisamente el partido del Presidente de M\u00e9xico.<\/p>\n<p>Este es el primer caso que se conoce p\u00fablicamente en que la oficina jur\u00eddica del Presidente busca protegerlo y a sus funcionarios de una pesquisa por corrupci\u00f3n, destaca este jueves la agencia internacional de noticias <em>Associated Press<\/em>.<\/p>\n<p>Ayer, el Gobernador de Chihuahua, Javier Corral Jurado, dijo que es revelador que Enrique Pe\u00f1a Nieto, Presidente de M\u00e9xico, se sienta tocado por las investigaciones que se realizan en la entidad norte\u00f1a.<\/p>\n<p>Corral expuso que las acciones de Pe\u00f1a delatan una preocupaci\u00f3n personal. \u201cPol\u00edticamente hablando es revelador que Pe\u00f1a se sienta tocado por las investigaciones de Chihuahua, pero el instrumento jur\u00eddico es muy cuestionable creemos que no va a prosperar\u201d, dijo en entrevista con medios de comunicaci\u00f3n en Hidalgo del Parral.<\/p>\n<div id=\"attachment_3485996\" class=\"wp-caption alignnone\"><img loading=\"lazy\" decoding=\"async\" class=\"size-full wp-image-3485996\" src=\"http:\/\/www.sinembargo.mx\/wp-content\/uploads\/2018\/10\/epn_reunion_gabinete-1_7.jpg\" sizes=\"auto, (max-width: 700px) 100vw, 700px\" srcset=\"http:\/\/www.sinembargo.mx\/wp-content\/uploads\/2018\/10\/epn_reunion_gabinete-1_7.jpg 700w, http:\/\/www.sinembargo.mx\/wp-content\/uploads\/2018\/10\/epn_reunion_gabinete-1_7-300x162.jpg 300w\" alt=\"\" width=\"700\" height=\"377\" \/><\/p>\n<p class=\"wp-caption-text\">La oficina jur\u00eddica de la Presidencia present\u00f3 una acci\u00f3n judicial ante la SCJN para proteger a todo funcionario federal de ser involucrados en un proceso penal en marcha en el estado de Chihuahua. Foto: Cuartoscuro<\/p>\n<\/div>\n<p><strong>UN BLINDAJE IN\u00c9DITO<\/strong><\/p>\n<p>La Suprema Corte recibi\u00f3 el 11 de octubre la controversia constitucional remitida por esa oficina jur\u00eddica, aunque no se supo del caso hasta que el diario <em>Reforma<\/em> public\u00f3 el mi\u00e9rcoles la informaci\u00f3n. El documento judicial es p\u00fablico. Ahora, de acuerdo a los procedimientos del alto tribunal, debe ser remitido a un magistrado para que decida si lo admite a tr\u00e1mite o no.<\/p>\n<p>En diciembre de 2017, las autoridades detuvieron a Alejandro Guti\u00e9rrez Guti\u00e9rrez, ex secretario general adjunto del PRI, por su supuesta participaci\u00f3n en un plan para desviar unos 240 millones de pesos de fondos p\u00fablicos de Chihuahua para campa\u00f1as pol\u00edticas.<\/p>\n<p>Supuestamente, el desv\u00edo ocurri\u00f3 en 2016 y las autoridades estatales buscan al ex Gobernador C\u00e9sar Duarte J\u00e1quez, militante del PRI y actualmente pr\u00f3fugo, para que responda ante la Ley por \u00e9se y otros posibles delitos que le ha sumado el actual Gobierno de Chihuahua, a cargo del panista Javier Corral Jurado.<\/p>\n<p>La Procuradur\u00eda General de la Rep\u00fablica (PGR) se involucr\u00f3 tambi\u00e9n en el caso de Guti\u00e9rrez quien, finalmente, fue exonerado por esa Fiscal\u00eda de sus cargos y puesto en libertad a finales de septiembre de este a\u00f1o.<\/p>\n<p>Javier Corral, mandatario de la entidad norte\u00f1a, ha criticado duramente la acci\u00f3n de la justicia federal en este caso. En una entrevista tras el anuncio de exoneraci\u00f3n de Guti\u00e9rrez, calific\u00f3 todo el proceso de \u201csimulaci\u00f3n\u201d y dijo que \u201cla corrupci\u00f3n no se encapsul\u00f3 en los estados\u201d, sino que \u201ctrascendi\u00f3 a nivel federal, toc\u00f3 a funcionarios del Gobierno de Pe\u00f1a Nieto y al propio Pe\u00f1a Nieto, y por eso han ido a estos actos de cinismo\u201d.<\/p>\n<p>Con este panorama de fondo es que la oficina jur\u00eddica de la Presidencia interpuso la controversia constitucional en contra del actual Gobernador y del Poder Judicial de ese estado.<br \/>\u201cAunque en M\u00e9xico es habitual que funcionarios p\u00fablicos que temen ser detenidos o afectados por una investigaci\u00f3n se amparen ante los tribunales de acciones judiciales futuras, no hay antecedentes de este tipo de demanda ejercida desde la misma Presidencia de la Rep\u00fablica ante el alto tribunal\u201d, expone la agencia AP.<\/p>\n<p>La controversia impugna \u201clas investigaciones, averiguaciones, carpetas de investigaci\u00f3n, solicitudes de informaci\u00f3n, \u00f3rdenes de investigaci\u00f3n y solicitudes de colaboraci\u00f3n que refieran, mencionen o relacionen a actuales o anteriores funcionarios p\u00fablicos federales, que se relacionen directa o indirectamente con el ejercicio de sus funciones\u201d.<\/p>\n<p>Tambi\u00e9n la emisi\u00f3n de citatorios, \u00f3rdenes de detenci\u00f3n, de aprehensi\u00f3n y las solicitudes de arraigo existentes o inminentes y hasta que cualquier funcionario de Chihuahua comunique de cualquier manera algo de las investigaciones actuales o futuras con \u201cotros sujetos, cualquiera que sea su funci\u00f3n\u201d.<\/p>\n<p>En un comunicado emitido ayer por la noche, el Gobernador chihuahuense consider\u00f3 \u201crevelador\u201d que el presidente \u201cse sienta tocado por las investigaciones que se realizan en Chihuahua\u201d, y dijo que la decisi\u00f3n jur\u00eddica de Pe\u00f1a Nieto es \u201cerr\u00f3nea\u201d, no cree que prospere y delata, a su juicio, una \u201cpreocupaci\u00f3n personal\u201d del mandatario.<\/p>\n<p>\u201cLa corrupci\u00f3n ha sido uno de los grandes lastres de este gobierno, que finaliza el 30 de noviembre. Adem\u00e1s, al menos tres exgobernadores estatales del PRI est\u00e1n detenidos y bajo investigaci\u00f3n por corrupci\u00f3n. De hecho, los analistas consideran que ese problema fue una de las principales causas por las que el partido perdi\u00f3 las elecciones en julio pasado\u201d, destaca tambi\u00e9n la agencia internacional de noticias.<\/p>\n","protected":false},"excerpt":{"rendered":"<p>Si es hombre de bien, EPN debe dar la cara, no buscar el amparo de la Corte: Gobierno de Chihuahua<br \/>\nPor Redacci\u00f3n QP<\/p>\n","protected":false},"author":2,"featured_media":7183,"comment_status":"open","ping_status":"open","sticky":false,"template":"","format":"standard","meta":{"_monsterinsights_skip_tracking":false,"_monsterinsights_sitenote_active":false,"_monsterinsights_sitenote_note":"","_monsterinsights_sitenote_category":0,"footnotes":""},"categories":[2],"tags":[],"class_list":["post-7184","post","type-post","status-publish","format-standard","has-post-thumbnail","hentry","category-noticias"],"yoast_head":"<!-- This site is optimized with the Yoast SEO plugin v27.3 - https:\/\/yoast.com\/product\/yoast-seo-wordpress\/ -->\n<title>Si es hombre de bien, EPN debe dar la cara, no buscar el amparo de la Corte: Gobierno de Chihuahua -<\/title>\n<meta name=\"robots\" content=\"index, follow, max-snippet:-1, max-image-preview:large, max-video-preview:-1\" \/>\n<link rel=\"canonical\" href=\"https:\/\/quehacerpolitico.mx\/?p=7184\" \/>\n<meta property=\"og:locale\" content=\"es_MX\" \/>\n<meta property=\"og:type\" content=\"article\" \/>\n<meta property=\"og:title\" content=\"Si es hombre de bien, EPN debe dar la cara, no buscar el amparo de la Corte: Gobierno de Chihuahua -\" \/>\n<meta property=\"og:description\" content=\"Si es hombre de bien, EPN debe dar la cara, no buscar el amparo de la Corte: Gobierno de Chihuahua Por Redacci\u00f3n QP\" \/>\n<meta property=\"og:url\" content=\"https:\/\/quehacerpolitico.mx\/?p=7184\" \/>\n<meta property=\"article:published_time\" content=\"2018-10-18T16:36:50+00:00\" \/>\n<meta name=\"author\" content=\"Redacci\u00f3n QP\" \/>\n<meta name=\"twitter:card\" content=\"summary_large_image\" \/>\n<meta name=\"twitter:label1\" content=\"Escrito por\" \/>\n\t<meta name=\"twitter:data1\" content=\"Redacci\u00f3n QP\" \/>\n\t<meta name=\"twitter:label2\" content=\"Tiempo de lectura\" \/>\n\t<meta name=\"twitter:data2\" content=\"6 minutos\" \/>\n<script type=\"application\/ld+json\" class=\"yoast-schema-graph\">{\"@context\":\"https:\\\/\\\/schema.org\",\"@graph\":[{\"@type\":\"Article\",\"@id\":\"https:\\\/\\\/quehacerpolitico.mx\\\/?p=7184#article\",\"isPartOf\":{\"@id\":\"https:\\\/\\\/quehacerpolitico.mx\\\/?p=7184\"},\"author\":{\"name\":\"Redacci\u00f3n QP\",\"@id\":\"https:\\\/\\\/quehacerpolitico.mx\\\/#\\\/schema\\\/person\\\/496d8ad2d1d3f8036101dca7ee39e585\"},\"headline\":\"Si es hombre de bien, EPN debe dar la cara, no buscar el amparo de la Corte: Gobierno de Chihuahua\",\"datePublished\":\"2018-10-18T16:36:50+00:00\",\"mainEntityOfPage\":{\"@id\":\"https:\\\/\\\/quehacerpolitico.mx\\\/?p=7184\"},\"wordCount\":1164,\"commentCount\":0,\"image\":{\"@id\":\"https:\\\/\\\/quehacerpolitico.mx\\\/?p=7184#primaryimage\"},\"thumbnailUrl\":\"\",\"articleSection\":[\"Noticias\"],\"inLanguage\":\"es\",\"potentialAction\":[{\"@type\":\"CommentAction\",\"name\":\"Comment\",\"target\":[\"https:\\\/\\\/quehacerpolitico.mx\\\/?p=7184#respond\"]}]},{\"@type\":\"WebPage\",\"@id\":\"https:\\\/\\\/quehacerpolitico.mx\\\/?p=7184\",\"url\":\"https:\\\/\\\/quehacerpolitico.mx\\\/?p=7184\",\"name\":\"Si es hombre de bien, EPN debe dar la cara, no buscar el amparo de la Corte: Gobierno de Chihuahua -\",\"isPartOf\":{\"@id\":\"https:\\\/\\\/quehacerpolitico.mx\\\/#website\"},\"primaryImageOfPage\":{\"@id\":\"https:\\\/\\\/quehacerpolitico.mx\\\/?p=7184#primaryimage\"},\"image\":{\"@id\":\"https:\\\/\\\/quehacerpolitico.mx\\\/?p=7184#primaryimage\"},\"thumbnailUrl\":\"\",\"datePublished\":\"2018-10-18T16:36:50+00:00\",\"author\":{\"@id\":\"https:\\\/\\\/quehacerpolitico.mx\\\/#\\\/schema\\\/person\\\/496d8ad2d1d3f8036101dca7ee39e585\"},\"breadcrumb\":{\"@id\":\"https:\\\/\\\/quehacerpolitico.mx\\\/?p=7184#breadcrumb\"},\"inLanguage\":\"es\",\"potentialAction\":[{\"@type\":\"ReadAction\",\"target\":[\"https:\\\/\\\/quehacerpolitico.mx\\\/?p=7184\"]}]},{\"@type\":\"ImageObject\",\"inLanguage\":\"es\",\"@id\":\"https:\\\/\\\/quehacerpolitico.mx\\\/?p=7184#primaryimage\",\"url\":\"\",\"contentUrl\":\"\"},{\"@type\":\"BreadcrumbList\",\"@id\":\"https:\\\/\\\/quehacerpolitico.mx\\\/?p=7184#breadcrumb\",\"itemListElement\":[{\"@type\":\"ListItem\",\"position\":1,\"name\":\"Inicio\",\"item\":\"https:\\\/\\\/quehacerpolitico.mx\\\/\"},{\"@type\":\"ListItem\",\"position\":2,\"name\":\"Si es hombre de bien, EPN debe dar la cara, no buscar el amparo de la Corte: Gobierno de Chihuahua\"}]},{\"@type\":\"WebSite\",\"@id\":\"https:\\\/\\\/quehacerpolitico.mx\\\/#website\",\"url\":\"https:\\\/\\\/quehacerpolitico.mx\\\/\",\"name\":\"\",\"description\":\"\",\"potentialAction\":[{\"@type\":\"SearchAction\",\"target\":{\"@type\":\"EntryPoint\",\"urlTemplate\":\"https:\\\/\\\/quehacerpolitico.mx\\\/?s={search_term_string}\"},\"query-input\":{\"@type\":\"PropertyValueSpecification\",\"valueRequired\":true,\"valueName\":\"search_term_string\"}}],\"inLanguage\":\"es\"},{\"@type\":\"Person\",\"@id\":\"https:\\\/\\\/quehacerpolitico.mx\\\/#\\\/schema\\\/person\\\/496d8ad2d1d3f8036101dca7ee39e585\",\"name\":\"Redacci\u00f3n QP\",\"image\":{\"@type\":\"ImageObject\",\"inLanguage\":\"es\",\"@id\":\"https:\\\/\\\/secure.gravatar.com\\\/avatar\\\/c7164ed6fdec453195284ad24a5ae5b6e1eed2b848477fa2a4787ba9adf39a41?s=96&d=mm&r=g\",\"url\":\"https:\\\/\\\/secure.gravatar.com\\\/avatar\\\/c7164ed6fdec453195284ad24a5ae5b6e1eed2b848477fa2a4787ba9adf39a41?s=96&d=mm&r=g\",\"contentUrl\":\"https:\\\/\\\/secure.gravatar.com\\\/avatar\\\/c7164ed6fdec453195284ad24a5ae5b6e1eed2b848477fa2a4787ba9adf39a41?s=96&d=mm&r=g\",\"caption\":\"Redacci\u00f3n QP\"},\"url\":\"https:\\\/\\\/quehacerpolitico.mx\\\/?author=2\"}]}<\/script>\n<!-- \/ Yoast SEO plugin. -->","yoast_head_json":{"title":"Si es hombre de bien, EPN debe dar la cara, no buscar el amparo de la Corte: Gobierno de Chihuahua -","robots":{"index":"index","follow":"follow","max-snippet":"max-snippet:-1","max-image-preview":"max-image-preview:large","max-video-preview":"max-video-preview:-1"},"canonical":"https:\/\/quehacerpolitico.mx\/?p=7184","og_locale":"es_MX","og_type":"article","og_title":"Si es hombre de bien, EPN debe dar la cara, no buscar el amparo de la Corte: Gobierno de Chihuahua -","og_description":"Si es hombre de bien, EPN debe dar la cara, no buscar el amparo de la Corte: Gobierno de Chihuahua Por Redacci\u00f3n QP","og_url":"https:\/\/quehacerpolitico.mx\/?p=7184","article_published_time":"2018-10-18T16:36:50+00:00","author":"Redacci\u00f3n QP","twitter_card":"summary_large_image","twitter_misc":{"Escrito por":"Redacci\u00f3n QP","Tiempo de lectura":"6 minutos"},"schema":{"@context":"https:\/\/schema.org","@graph":[{"@type":"Article","@id":"https:\/\/quehacerpolitico.mx\/?p=7184#article","isPartOf":{"@id":"https:\/\/quehacerpolitico.mx\/?p=7184"},"author":{"name":"Redacci\u00f3n QP","@id":"https:\/\/quehacerpolitico.mx\/#\/schema\/person\/496d8ad2d1d3f8036101dca7ee39e585"},"headline":"Si es hombre de bien, EPN debe dar la cara, no buscar el amparo de la Corte: Gobierno de Chihuahua","datePublished":"2018-10-18T16:36:50+00:00","mainEntityOfPage":{"@id":"https:\/\/quehacerpolitico.mx\/?p=7184"},"wordCount":1164,"commentCount":0,"image":{"@id":"https:\/\/quehacerpolitico.mx\/?p=7184#primaryimage"},"thumbnailUrl":"","articleSection":["Noticias"],"inLanguage":"es","potentialAction":[{"@type":"CommentAction","name":"Comment","target":["https:\/\/quehacerpolitico.mx\/?p=7184#respond"]}]},{"@type":"WebPage","@id":"https:\/\/quehacerpolitico.mx\/?p=7184","url":"https:\/\/quehacerpolitico.mx\/?p=7184","name":"Si es hombre de bien, EPN debe dar la cara, no buscar el amparo de la Corte: Gobierno de Chihuahua -","isPartOf":{"@id":"https:\/\/quehacerpolitico.mx\/#website"},"primaryImageOfPage":{"@id":"https:\/\/quehacerpolitico.mx\/?p=7184#primaryimage"},"image":{"@id":"https:\/\/quehacerpolitico.mx\/?p=7184#primaryimage"},"thumbnailUrl":"","datePublished":"2018-10-18T16:36:50+00:00","author":{"@id":"https:\/\/quehacerpolitico.mx\/#\/schema\/person\/496d8ad2d1d3f8036101dca7ee39e585"},"breadcrumb":{"@id":"https:\/\/quehacerpolitico.mx\/?p=7184#breadcrumb"},"inLanguage":"es","potentialAction":[{"@type":"ReadAction","target":["https:\/\/quehacerpolitico.mx\/?p=7184"]}]},{"@type":"ImageObject","inLanguage":"es","@id":"https:\/\/quehacerpolitico.mx\/?p=7184#primaryimage","url":"","contentUrl":""},{"@type":"BreadcrumbList","@id":"https:\/\/quehacerpolitico.mx\/?p=7184#breadcrumb","itemListElement":[{"@type":"ListItem","position":1,"name":"Inicio","item":"https:\/\/quehacerpolitico.mx\/"},{"@type":"ListItem","position":2,"name":"Si es hombre de bien, EPN debe dar la cara, no buscar el amparo de la Corte: Gobierno de Chihuahua"}]},{"@type":"WebSite","@id":"https:\/\/quehacerpolitico.mx\/#website","url":"https:\/\/quehacerpolitico.mx\/","name":"","description":"","potentialAction":[{"@type":"SearchAction","target":{"@type":"EntryPoint","urlTemplate":"https:\/\/quehacerpolitico.mx\/?s={search_term_string}"},"query-input":{"@type":"PropertyValueSpecification","valueRequired":true,"valueName":"search_term_string"}}],"inLanguage":"es"},{"@type":"Person","@id":"https:\/\/quehacerpolitico.mx\/#\/schema\/person\/496d8ad2d1d3f8036101dca7ee39e585","name":"Redacci\u00f3n QP","image":{"@type":"ImageObject","inLanguage":"es","@id":"https:\/\/secure.gravatar.com\/avatar\/c7164ed6fdec453195284ad24a5ae5b6e1eed2b848477fa2a4787ba9adf39a41?s=96&d=mm&r=g","url":"https:\/\/secure.gravatar.com\/avatar\/c7164ed6fdec453195284ad24a5ae5b6e1eed2b848477fa2a4787ba9adf39a41?s=96&d=mm&r=g","contentUrl":"https:\/\/secure.gravatar.com\/avatar\/c7164ed6fdec453195284ad24a5ae5b6e1eed2b848477fa2a4787ba9adf39a41?s=96&d=mm&r=g","caption":"Redacci\u00f3n QP"},"url":"https:\/\/quehacerpolitico.mx\/?author=2"}]}},"featured_image_urls":{"full":"","thumbnail":"","medium":"","medium_large":"","large":"","1536x1536":"","2048x2048":"","covernews-featured":"","covernews-medium":""},"author_info":{"display_name":"Redacci\u00f3n QP","author_link":"https:\/\/quehacerpolitico.mx\/?author=2"},"category_info":"<a href=\"https:\/\/quehacerpolitico.mx\/?cat=2\" rel=\"category\">Noticias<\/a>","tag_info":"Noticias","comment_count":"0","_links":{"self":[{"href":"https:\/\/quehacerpolitico.mx\/index.php?rest_route=\/wp\/v2\/posts\/7184","targetHints":{"allow":["GET"]}}],"collection":[{"href":"https:\/\/quehacerpolitico.mx\/index.php?rest_route=\/wp\/v2\/posts"}],"about":[{"href":"https:\/\/quehacerpolitico.mx\/index.php?rest_route=\/wp\/v2\/types\/post"}],"author":[{"embeddable":true,"href":"https:\/\/quehacerpolitico.mx\/index.php?rest_route=\/wp\/v2\/users\/2"}],"replies":[{"embeddable":true,"href":"https:\/\/quehacerpolitico.mx\/index.php?rest_route=%2Fwp%2Fv2%2Fcomments&post=7184"}],"version-history":[{"count":0,"href":"https:\/\/quehacerpolitico.mx\/index.php?rest_route=\/wp\/v2\/posts\/7184\/revisions"}],"wp:featuredmedia":[{"embeddable":true,"href":"https:\/\/quehacerpolitico.mx\/index.php?rest_route=\/"}],"wp:attachment":[{"href":"https:\/\/quehacerpolitico.mx\/index.php?rest_route=%2Fwp%2Fv2%2Fmedia&parent=7184"}],"wp:term":[{"taxonomy":"category","embeddable":true,"href":"https:\/\/quehacerpolitico.mx\/index.php?rest_route=%2Fwp%2Fv2%2Fcategories&post=7184"},{"taxonomy":"post_tag","embeddable":true,"href":"https:\/\/quehacerpolitico.mx\/index.php?rest_route=%2Fwp%2Fv2%2Ftags&post=7184"}],"curies":[{"name":"wp","href":"https:\/\/api.w.org\/{rel}","templated":true}]}}