{"id":7174,"date":"2018-10-18T15:17:44","date_gmt":"2018-10-18T15:17:44","guid":{"rendered":"http:\/\/quehacerpolitico.mx\/lopez-obrador-promete-dar-visas-de-trabajo-a-migrantes-centroamericanos\/"},"modified":"2018-10-18T15:17:44","modified_gmt":"2018-10-18T15:17:44","slug":"lopez-obrador-promete-dar-visas-de-trabajo-a-migrantes-centroamericanos","status":"publish","type":"post","link":"https:\/\/quehacerpolitico.mx\/?p=7174","title":{"rendered":"L\u00f3pez Obrador promete dar visas de trabajo a migrantes centroamericanos"},"content":{"rendered":"<p>El Presidente electo de M\u00e9xico, Andr\u00e9s Manuel L\u00f3pez Obrador, se comprometi\u00f3 a que su Gobierno dar\u00e1 visas de trabajo a los centroamericanos que dejan sus pa\u00edses al insistir que la migraci\u00f3n se debe atender con opciones m\u00e1s que con deportaciones.<\/p>\n<p>Tras una reuni\u00f3n con el gobernador de Tamaulipas, Francisco Garc\u00eda Cabeza de Vaca, el Mandatario electo se\u00f1al\u00f3 que el proyecto para otorgar permisos de empleo ser\u00e1 una medida para frenar la migraci\u00f3n ilegal. \u201cNosotros, a partir del 1 de diciembre, vamos a dar trabajo, empleo a centroamericanos. Es un plan que tenemos, que el que quiera trabajar en M\u00e9xico va a tener una visa de trabajo, no s\u00f3lo con deportaciones sino dando opciones, dando alternativas\u201d.<\/p>\n<div id=\"div-pos-2\">Record\u00f3 que junto con Estados Unidos y Canad\u00e1 busca un acuerdo conjunto para echar a andar un plan de desarrollo que incluya a Centroam\u00e9rica y, de esa manera, enfrentar el efecto migratorio y no con deportaciones ni medidas coercitivas, sino dando opci\u00f3n a quienes salen de sus pueblos en busca de trabajo.<\/div>\n<div>\n<p>\u201cLo ideal es que nadie se vea obligado a migrar\u201d, expres\u00f3 en el contexto de la caravana de migrantes que parti\u00f3 de Honduras con unas dos mil personas rumbo a la Uni\u00f3n Americana.<\/p>\n<p>L\u00f3pez Obrador record\u00f3 que en su \u00faltima conversaci\u00f3n telef\u00f3nica con el presidente de Estados Unidos, Donald Trump, adem\u00e1s de celebrar el acuerdo comercial de Norteam\u00e9rica, hablaron de un plan de desarrollo que incluye a Centroam\u00e9rica.<\/p>\n<p>La Comisi\u00f3n Nacional de los Derechos Humanos solicit\u00f3 a las autoridades federales y de Chiapas resguardar los derechos de los hondure\u00f1os de la caravana que ya ingres\u00f3 a Guatemala y que tiene a Tapachula como escala.<\/p>\n<p>Las secretar\u00edas de Relaciones Exteriores y de Gobernaci\u00f3n informaron que se permitir\u00e1 el libre paso a \u201ctoda persona que desee ingresar a territorio nacional y cuente con los documentos de viaje y una visa concedida por el Gobierno de M\u00e9xico\u201d.<\/p>\n<h4>Parte nuevo grupo hacia la Uni\u00f3n Americana<\/h4>\n<p>Alrededor de 300 hondure\u00f1os iniciaron otra caravana en la que intentar\u00e1n cruzar El Salvador y llegar a Estados Unidos, pese a la advertencia del presidente estadounidense, Donald Trump, de cancelar la ayuda que concede a su pa\u00eds si no se detiene una primera caminata que avanza hacia esa naci\u00f3n.<\/p>\n<p>Los inmigrantes hondure\u00f1os salen de su pa\u00eds por la aduana de El Amatillo, frontera entre Honduras y El Salvador, afirm\u00f3 la Polic\u00eda.<\/p>\n<p>Se\u00f1al\u00f3 que las autoridades hondure\u00f1as han pedido a los inmigrantes \u201cdesistir\u201d de su pretensi\u00f3n de abandonar el pa\u00eds con la idea de llegar a Estados Unidos, pero no han tenido un resultado positivo.<\/p>\n<p>Con Informaci\u00f3n de EFE<\/p>\n<\/div>\n","protected":false},"excerpt":{"rendered":"<p>El presidente electo declara que su gobierno har\u00e1 m\u00e1s que deportaciones para manejar el fen\u00f3meno migratorio, el cual es el eje de un plan de desarrollo que ya hablado con Donald Trump<br \/>\nPor Redacci\u00f3n QP<\/p>\n","protected":false},"author":2,"featured_media":7173,"comment_status":"open","ping_status":"open","sticky":false,"template":"","format":"standard","meta":{"_monsterinsights_skip_tracking":false,"_monsterinsights_sitenote_active":false,"_monsterinsights_sitenote_note":"","_monsterinsights_sitenote_category":0,"footnotes":""},"categories":[2],"tags":[],"class_list":["post-7174","post","type-post","status-publish","format-standard","has-post-thumbnail","hentry","category-noticias"],"yoast_head":"<!-- This site is optimized with the Yoast SEO plugin v27.3 - https:\/\/yoast.com\/product\/yoast-seo-wordpress\/ -->\n<title>L\u00f3pez Obrador promete dar visas de trabajo a migrantes centroamericanos -<\/title>\n<meta name=\"robots\" content=\"index, follow, max-snippet:-1, max-image-preview:large, max-video-preview:-1\" \/>\n<link rel=\"canonical\" href=\"https:\/\/quehacerpolitico.mx\/?p=7174\" \/>\n<meta property=\"og:locale\" content=\"es_MX\" \/>\n<meta property=\"og:type\" content=\"article\" \/>\n<meta property=\"og:title\" content=\"L\u00f3pez Obrador promete dar visas de trabajo a migrantes centroamericanos -\" \/>\n<meta property=\"og:description\" content=\"El presidente electo declara que su gobierno har\u00e1 m\u00e1s que deportaciones para manejar el fen\u00f3meno migratorio, el cual es el eje de un plan de desarrollo que ya hablado con Donald Trump Por Redacci\u00f3n QP\" \/>\n<meta property=\"og:url\" content=\"https:\/\/quehacerpolitico.mx\/?p=7174\" \/>\n<meta property=\"article:published_time\" content=\"2018-10-18T15:17:44+00:00\" \/>\n<meta name=\"author\" content=\"Redacci\u00f3n QP\" \/>\n<meta name=\"twitter:card\" content=\"summary_large_image\" \/>\n<meta name=\"twitter:label1\" content=\"Escrito por\" \/>\n\t<meta name=\"twitter:data1\" content=\"Redacci\u00f3n QP\" \/>\n\t<meta name=\"twitter:label2\" content=\"Tiempo de lectura\" \/>\n\t<meta name=\"twitter:data2\" content=\"2 minutos\" \/>\n<script type=\"application\/ld+json\" class=\"yoast-schema-graph\">{\"@context\":\"https:\\\/\\\/schema.org\",\"@graph\":[{\"@type\":\"Article\",\"@id\":\"https:\\\/\\\/quehacerpolitico.mx\\\/?p=7174#article\",\"isPartOf\":{\"@id\":\"https:\\\/\\\/quehacerpolitico.mx\\\/?p=7174\"},\"author\":{\"name\":\"Redacci\u00f3n QP\",\"@id\":\"https:\\\/\\\/quehacerpolitico.mx\\\/#\\\/schema\\\/person\\\/496d8ad2d1d3f8036101dca7ee39e585\"},\"headline\":\"L\u00f3pez Obrador promete dar visas de trabajo a migrantes centroamericanos\",\"datePublished\":\"2018-10-18T15:17:44+00:00\",\"mainEntityOfPage\":{\"@id\":\"https:\\\/\\\/quehacerpolitico.mx\\\/?p=7174\"},\"wordCount\":474,\"commentCount\":0,\"image\":{\"@id\":\"https:\\\/\\\/quehacerpolitico.mx\\\/?p=7174#primaryimage\"},\"thumbnailUrl\":\"\",\"articleSection\":[\"Noticias\"],\"inLanguage\":\"es\",\"potentialAction\":[{\"@type\":\"CommentAction\",\"name\":\"Comment\",\"target\":[\"https:\\\/\\\/quehacerpolitico.mx\\\/?p=7174#respond\"]}]},{\"@type\":\"WebPage\",\"@id\":\"https:\\\/\\\/quehacerpolitico.mx\\\/?p=7174\",\"url\":\"https:\\\/\\\/quehacerpolitico.mx\\\/?p=7174\",\"name\":\"L\u00f3pez Obrador promete dar visas de trabajo a migrantes centroamericanos -\",\"isPartOf\":{\"@id\":\"https:\\\/\\\/quehacerpolitico.mx\\\/#website\"},\"primaryImageOfPage\":{\"@id\":\"https:\\\/\\\/quehacerpolitico.mx\\\/?p=7174#primaryimage\"},\"image\":{\"@id\":\"https:\\\/\\\/quehacerpolitico.mx\\\/?p=7174#primaryimage\"},\"thumbnailUrl\":\"\",\"datePublished\":\"2018-10-18T15:17:44+00:00\",\"author\":{\"@id\":\"https:\\\/\\\/quehacerpolitico.mx\\\/#\\\/schema\\\/person\\\/496d8ad2d1d3f8036101dca7ee39e585\"},\"breadcrumb\":{\"@id\":\"https:\\\/\\\/quehacerpolitico.mx\\\/?p=7174#breadcrumb\"},\"inLanguage\":\"es\",\"potentialAction\":[{\"@type\":\"ReadAction\",\"target\":[\"https:\\\/\\\/quehacerpolitico.mx\\\/?p=7174\"]}]},{\"@type\":\"ImageObject\",\"inLanguage\":\"es\",\"@id\":\"https:\\\/\\\/quehacerpolitico.mx\\\/?p=7174#primaryimage\",\"url\":\"\",\"contentUrl\":\"\"},{\"@type\":\"BreadcrumbList\",\"@id\":\"https:\\\/\\\/quehacerpolitico.mx\\\/?p=7174#breadcrumb\",\"itemListElement\":[{\"@type\":\"ListItem\",\"position\":1,\"name\":\"Inicio\",\"item\":\"https:\\\/\\\/quehacerpolitico.mx\\\/\"},{\"@type\":\"ListItem\",\"position\":2,\"name\":\"L\u00f3pez Obrador promete dar visas de trabajo a migrantes centroamericanos\"}]},{\"@type\":\"WebSite\",\"@id\":\"https:\\\/\\\/quehacerpolitico.mx\\\/#website\",\"url\":\"https:\\\/\\\/quehacerpolitico.mx\\\/\",\"name\":\"\",\"description\":\"\",\"potentialAction\":[{\"@type\":\"SearchAction\",\"target\":{\"@type\":\"EntryPoint\",\"urlTemplate\":\"https:\\\/\\\/quehacerpolitico.mx\\\/?s={search_term_string}\"},\"query-input\":{\"@type\":\"PropertyValueSpecification\",\"valueRequired\":true,\"valueName\":\"search_term_string\"}}],\"inLanguage\":\"es\"},{\"@type\":\"Person\",\"@id\":\"https:\\\/\\\/quehacerpolitico.mx\\\/#\\\/schema\\\/person\\\/496d8ad2d1d3f8036101dca7ee39e585\",\"name\":\"Redacci\u00f3n QP\",\"image\":{\"@type\":\"ImageObject\",\"inLanguage\":\"es\",\"@id\":\"https:\\\/\\\/secure.gravatar.com\\\/avatar\\\/c7164ed6fdec453195284ad24a5ae5b6e1eed2b848477fa2a4787ba9adf39a41?s=96&d=mm&r=g\",\"url\":\"https:\\\/\\\/secure.gravatar.com\\\/avatar\\\/c7164ed6fdec453195284ad24a5ae5b6e1eed2b848477fa2a4787ba9adf39a41?s=96&d=mm&r=g\",\"contentUrl\":\"https:\\\/\\\/secure.gravatar.com\\\/avatar\\\/c7164ed6fdec453195284ad24a5ae5b6e1eed2b848477fa2a4787ba9adf39a41?s=96&d=mm&r=g\",\"caption\":\"Redacci\u00f3n QP\"},\"url\":\"https:\\\/\\\/quehacerpolitico.mx\\\/?author=2\"}]}<\/script>\n<!-- \/ Yoast SEO plugin. -->","yoast_head_json":{"title":"L\u00f3pez Obrador promete dar visas de trabajo a migrantes centroamericanos -","robots":{"index":"index","follow":"follow","max-snippet":"max-snippet:-1","max-image-preview":"max-image-preview:large","max-video-preview":"max-video-preview:-1"},"canonical":"https:\/\/quehacerpolitico.mx\/?p=7174","og_locale":"es_MX","og_type":"article","og_title":"L\u00f3pez Obrador promete dar visas de trabajo a migrantes centroamericanos -","og_description":"El presidente electo declara que su gobierno har\u00e1 m\u00e1s que deportaciones para manejar el fen\u00f3meno migratorio, el cual es el eje de un plan de desarrollo que ya hablado con Donald Trump Por Redacci\u00f3n QP","og_url":"https:\/\/quehacerpolitico.mx\/?p=7174","article_published_time":"2018-10-18T15:17:44+00:00","author":"Redacci\u00f3n QP","twitter_card":"summary_large_image","twitter_misc":{"Escrito por":"Redacci\u00f3n QP","Tiempo de lectura":"2 minutos"},"schema":{"@context":"https:\/\/schema.org","@graph":[{"@type":"Article","@id":"https:\/\/quehacerpolitico.mx\/?p=7174#article","isPartOf":{"@id":"https:\/\/quehacerpolitico.mx\/?p=7174"},"author":{"name":"Redacci\u00f3n QP","@id":"https:\/\/quehacerpolitico.mx\/#\/schema\/person\/496d8ad2d1d3f8036101dca7ee39e585"},"headline":"L\u00f3pez Obrador promete dar visas de trabajo a migrantes centroamericanos","datePublished":"2018-10-18T15:17:44+00:00","mainEntityOfPage":{"@id":"https:\/\/quehacerpolitico.mx\/?p=7174"},"wordCount":474,"commentCount":0,"image":{"@id":"https:\/\/quehacerpolitico.mx\/?p=7174#primaryimage"},"thumbnailUrl":"","articleSection":["Noticias"],"inLanguage":"es","potentialAction":[{"@type":"CommentAction","name":"Comment","target":["https:\/\/quehacerpolitico.mx\/?p=7174#respond"]}]},{"@type":"WebPage","@id":"https:\/\/quehacerpolitico.mx\/?p=7174","url":"https:\/\/quehacerpolitico.mx\/?p=7174","name":"L\u00f3pez Obrador promete dar visas de trabajo a migrantes centroamericanos -","isPartOf":{"@id":"https:\/\/quehacerpolitico.mx\/#website"},"primaryImageOfPage":{"@id":"https:\/\/quehacerpolitico.mx\/?p=7174#primaryimage"},"image":{"@id":"https:\/\/quehacerpolitico.mx\/?p=7174#primaryimage"},"thumbnailUrl":"","datePublished":"2018-10-18T15:17:44+00:00","author":{"@id":"https:\/\/quehacerpolitico.mx\/#\/schema\/person\/496d8ad2d1d3f8036101dca7ee39e585"},"breadcrumb":{"@id":"https:\/\/quehacerpolitico.mx\/?p=7174#breadcrumb"},"inLanguage":"es","potentialAction":[{"@type":"ReadAction","target":["https:\/\/quehacerpolitico.mx\/?p=7174"]}]},{"@type":"ImageObject","inLanguage":"es","@id":"https:\/\/quehacerpolitico.mx\/?p=7174#primaryimage","url":"","contentUrl":""},{"@type":"BreadcrumbList","@id":"https:\/\/quehacerpolitico.mx\/?p=7174#breadcrumb","itemListElement":[{"@type":"ListItem","position":1,"name":"Inicio","item":"https:\/\/quehacerpolitico.mx\/"},{"@type":"ListItem","position":2,"name":"L\u00f3pez Obrador promete dar visas de trabajo a migrantes centroamericanos"}]},{"@type":"WebSite","@id":"https:\/\/quehacerpolitico.mx\/#website","url":"https:\/\/quehacerpolitico.mx\/","name":"","description":"","potentialAction":[{"@type":"SearchAction","target":{"@type":"EntryPoint","urlTemplate":"https:\/\/quehacerpolitico.mx\/?s={search_term_string}"},"query-input":{"@type":"PropertyValueSpecification","valueRequired":true,"valueName":"search_term_string"}}],"inLanguage":"es"},{"@type":"Person","@id":"https:\/\/quehacerpolitico.mx\/#\/schema\/person\/496d8ad2d1d3f8036101dca7ee39e585","name":"Redacci\u00f3n QP","image":{"@type":"ImageObject","inLanguage":"es","@id":"https:\/\/secure.gravatar.com\/avatar\/c7164ed6fdec453195284ad24a5ae5b6e1eed2b848477fa2a4787ba9adf39a41?s=96&d=mm&r=g","url":"https:\/\/secure.gravatar.com\/avatar\/c7164ed6fdec453195284ad24a5ae5b6e1eed2b848477fa2a4787ba9adf39a41?s=96&d=mm&r=g","contentUrl":"https:\/\/secure.gravatar.com\/avatar\/c7164ed6fdec453195284ad24a5ae5b6e1eed2b848477fa2a4787ba9adf39a41?s=96&d=mm&r=g","caption":"Redacci\u00f3n QP"},"url":"https:\/\/quehacerpolitico.mx\/?author=2"}]}},"featured_image_urls":{"full":"","thumbnail":"","medium":"","medium_large":"","large":"","1536x1536":"","2048x2048":"","covernews-featured":"","covernews-medium":""},"author_info":{"display_name":"Redacci\u00f3n QP","author_link":"https:\/\/quehacerpolitico.mx\/?author=2"},"category_info":"<a href=\"https:\/\/quehacerpolitico.mx\/?cat=2\" rel=\"category\">Noticias<\/a>","tag_info":"Noticias","comment_count":"0","_links":{"self":[{"href":"https:\/\/quehacerpolitico.mx\/index.php?rest_route=\/wp\/v2\/posts\/7174","targetHints":{"allow":["GET"]}}],"collection":[{"href":"https:\/\/quehacerpolitico.mx\/index.php?rest_route=\/wp\/v2\/posts"}],"about":[{"href":"https:\/\/quehacerpolitico.mx\/index.php?rest_route=\/wp\/v2\/types\/post"}],"author":[{"embeddable":true,"href":"https:\/\/quehacerpolitico.mx\/index.php?rest_route=\/wp\/v2\/users\/2"}],"replies":[{"embeddable":true,"href":"https:\/\/quehacerpolitico.mx\/index.php?rest_route=%2Fwp%2Fv2%2Fcomments&post=7174"}],"version-history":[{"count":0,"href":"https:\/\/quehacerpolitico.mx\/index.php?rest_route=\/wp\/v2\/posts\/7174\/revisions"}],"wp:featuredmedia":[{"embeddable":true,"href":"https:\/\/quehacerpolitico.mx\/index.php?rest_route=\/"}],"wp:attachment":[{"href":"https:\/\/quehacerpolitico.mx\/index.php?rest_route=%2Fwp%2Fv2%2Fmedia&parent=7174"}],"wp:term":[{"taxonomy":"category","embeddable":true,"href":"https:\/\/quehacerpolitico.mx\/index.php?rest_route=%2Fwp%2Fv2%2Fcategories&post=7174"},{"taxonomy":"post_tag","embeddable":true,"href":"https:\/\/quehacerpolitico.mx\/index.php?rest_route=%2Fwp%2Fv2%2Ftags&post=7174"}],"curies":[{"name":"wp","href":"https:\/\/api.w.org\/{rel}","templated":true}]}}