{"id":71582,"date":"2021-01-07T17:19:15","date_gmt":"2021-01-07T17:19:15","guid":{"rendered":"https:\/\/quehacerpolitico.mx\/?p=71582"},"modified":"2021-01-07T17:19:15","modified_gmt":"2021-01-07T17:19:15","slug":"no-vamos-tener-problemas-ni-pleitos-con-joe-biden-asegura-amlo","status":"publish","type":"post","link":"https:\/\/quehacerpolitico.mx\/?p=71582","title":{"rendered":"No vamos a tener problemas ni pleitos con Joe Biden, asegura AMLO"},"content":{"rendered":"<h1>No vamos a tener problemas ni pleitos con Joe Biden, asegura AMLO<br \/>\nPor Redacci\u00f3n QP<\/h1>\n<p>AMLO revel\u00f3 que todav\u00eda no ha sido invitado a la toma de posesi\u00f3n del presidente electo de EEUU, Joe Biden<\/p>\n<p>El presidente<strong> Andr\u00e9s Manuel L\u00f3pez Obrador (AMLO)<\/strong> asever\u00f3 que M\u00e9xico no va a tener problemas ni pleitos con el presidente electo de Estados Unidos, Joe Biden, cuando \u00e9ste asuma el poder.<\/p>\n<blockquote><p>\u201cTenemos muy buena relaci\u00f3n con todos los gobiernos, mantenemos muy buena relaci\u00f3n con el presidente Trump y consideramos que no vamos a tener ninguna diferencia, no vamos a tener problemas, no va haber pleitos con el presidente Biden\u201d, afirm\u00f3.<\/p><\/blockquote>\n<p>En su conferencia de prensa matutina, el Jefe del Ejecutivo Federal se\u00f1al\u00f3 que ambos mandatarios deben ponerse de acuerdo y trabajar en beneficioso de 38 millones de mexicanos que laboran en Estados Unidos y un mill\u00f3n de estadounidenses que viven en M\u00e9xico.<\/p>\n<blockquote><p>\u201cTiene que haber una pol\u00edtica de buena vecindad por muchas razones, son 38 millones de mexicanos que viven, trabajan en Estados Unidos, es la comunidad hispana m\u00e1s importante en Estados Unidos, tambi\u00e9n aqu\u00ed viven m\u00e1s de 1 mill\u00f3n de estadounidenses en M\u00e9xico, es donde viven m\u00e1s estadounidenses de todo el mundo, en M\u00e9xico\u201d, dijo AMLO.<\/p><\/blockquote>\n<blockquote class=\"twitter-tweet\" data-width=\"550\" data-dnt=\"true\">\n<p lang=\"es\" dir=\"ltr\">&quot;No podemos ser vecinos distantes&quot;.<\/p>\n<p>Dice el presidente L\u00f3pez Obrador que su gobierno no tendr\u00e1 pleitos ni diferencias ni problemas con el presidente electo de EE.UU., Joe Biden.<\/p>\n<p>\u00bfUstedes que opinan? <a href=\"https:\/\/t.co\/c89xvEtTfy\">pic.twitter.com\/c89xvEtTfy<\/a><\/p>\n<p>&mdash; Ruido en la Red (@RuidoEnLaRed) <a href=\"https:\/\/twitter.com\/RuidoEnLaRed\/status\/1347187492185722881?ref_src=twsrc%5Etfw\">January 7, 2021<\/a><\/p><\/blockquote>\n<p><script async src=\"https:\/\/platform.twitter.com\/widgets.js\" charset=\"utf-8\"><\/script><\/p>\n<p>L\u00f3pez Obrador indic\u00f3 que existen relaciones econ\u00f3micas comerciales en la frontera que son una potencia.<\/p>\n<blockquote><p>\u201cEntonces, las relaciones econ\u00f3micas comerciales, la frontera de 3 mil 180 kil\u00f3metros en estados de la Uni\u00f3n Americana que son en s\u00ed mismos potencias en lo econ\u00f3mico: Texas, California, Arizona, Nuevo M\u00e9xico, en fin\u201d, destac\u00f3 el presidente mexicano.<\/p><\/blockquote>\n<p>AMLO le dese\u00f3 al presidente electo Joe Biden y al pueblo de Estados Unidos que les vaya muy bien.<\/p>\n<p>Finalmente, el mandatario mexicano revel\u00f3 que todav\u00eda no ha sido invitado a la toma de posesi\u00f3n de Biden,<\/p>\n<blockquote><p>\u201cNo tengo invitaci\u00f3n y he decidido salir poco, desde que estoy en la presidencia s\u00f3lo he hecho un viaje a Washington, a la Casa Blanca porque era muy importante el que se iniciara lo del tratado de libre comercio\u201d, se\u00f1al\u00f3 L\u00f3pez Obrador.<\/p><\/blockquote>\n<p>Y asegur\u00f3 que la mejor pol\u00edtica exterior es la interior, pese a que muchos diplom\u00e1ticos de carrera no les gusta mucho este pensamiento.<\/p>\n<blockquote><p>\u201cSiempre he pensado que la mejor pol\u00edtica exterior es la interior, esto a veces no les gusta mucho a los diplom\u00e1ticos de carrera, porque como es natural, su trabajo es la diplomacia, la pol\u00edtica exterior, pero yo considero que, si hacemos bien las cosas en M\u00e9xico, si limpiamos nuestra casa, nos van a respetar siempre afuera\u201d, sentenci\u00f3 AMLO.<\/p><\/blockquote>\n<p>Con informaci\u00f3n de redes sociales Gobierno de M\u00e9xico<\/p>\n","protected":false},"excerpt":{"rendered":"<p>No vamos a tener problemas ni pleitos con Joe Biden, asegura AMLO Por Redacci\u00f3n QP&#8230;<\/p>\n","protected":false},"author":2,"featured_media":71585,"comment_status":"open","ping_status":"open","sticky":false,"template":"","format":"standard","meta":{"_monsterinsights_skip_tracking":false,"_monsterinsights_sitenote_active":false,"_monsterinsights_sitenote_note":"","_monsterinsights_sitenote_category":0,"footnotes":""},"categories":[2],"tags":[],"class_list":["post-71582","post","type-post","status-publish","format-standard","has-post-thumbnail","hentry","category-noticias"],"yoast_head":"<!-- This site is optimized with the Yoast SEO plugin v27.3 - https:\/\/yoast.com\/product\/yoast-seo-wordpress\/ -->\n<title>No vamos a tener problemas ni pleitos con Joe Biden, asegura AMLO -<\/title>\n<meta name=\"robots\" content=\"index, follow, max-snippet:-1, max-image-preview:large, max-video-preview:-1\" \/>\n<link rel=\"canonical\" href=\"https:\/\/quehacerpolitico.mx\/?p=71582\" \/>\n<meta property=\"og:locale\" content=\"es_MX\" \/>\n<meta property=\"og:type\" content=\"article\" \/>\n<meta property=\"og:title\" content=\"No vamos a tener problemas ni pleitos con Joe Biden, asegura AMLO -\" \/>\n<meta property=\"og:description\" content=\"No vamos a tener problemas ni pleitos con Joe Biden, asegura AMLO Por Redacci\u00f3n QP...\" \/>\n<meta property=\"og:url\" content=\"https:\/\/quehacerpolitico.mx\/?p=71582\" \/>\n<meta property=\"article:published_time\" content=\"2021-01-07T17:19:15+00:00\" \/>\n<meta property=\"og:image\" content=\"https:\/\/quehacerpolitico.mx\/wp-content\/uploads\/2021\/01\/B30DE7D3-C60C-4F02-95A1-CAF19A060933.jpeg\" \/>\n\t<meta property=\"og:image:width\" content=\"1242\" \/>\n\t<meta property=\"og:image:height\" content=\"667\" \/>\n\t<meta property=\"og:image:type\" content=\"image\/jpeg\" \/>\n<meta name=\"author\" content=\"Redacci\u00f3n QP\" \/>\n<meta name=\"twitter:card\" content=\"summary_large_image\" \/>\n<meta name=\"twitter:label1\" content=\"Escrito por\" \/>\n\t<meta name=\"twitter:data1\" content=\"Redacci\u00f3n QP\" \/>\n\t<meta name=\"twitter:label2\" content=\"Tiempo de lectura\" \/>\n\t<meta name=\"twitter:data2\" content=\"2 minutos\" \/>\n<script type=\"application\/ld+json\" class=\"yoast-schema-graph\">{\"@context\":\"https:\\\/\\\/schema.org\",\"@graph\":[{\"@type\":\"Article\",\"@id\":\"https:\\\/\\\/quehacerpolitico.mx\\\/?p=71582#article\",\"isPartOf\":{\"@id\":\"https:\\\/\\\/quehacerpolitico.mx\\\/?p=71582\"},\"author\":{\"name\":\"Redacci\u00f3n QP\",\"@id\":\"https:\\\/\\\/quehacerpolitico.mx\\\/#\\\/schema\\\/person\\\/496d8ad2d1d3f8036101dca7ee39e585\"},\"headline\":\"No vamos a tener problemas ni pleitos con Joe Biden, asegura AMLO\",\"datePublished\":\"2021-01-07T17:19:15+00:00\",\"mainEntityOfPage\":{\"@id\":\"https:\\\/\\\/quehacerpolitico.mx\\\/?p=71582\"},\"wordCount\":476,\"commentCount\":0,\"image\":{\"@id\":\"https:\\\/\\\/quehacerpolitico.mx\\\/?p=71582#primaryimage\"},\"thumbnailUrl\":\"https:\\\/\\\/quehacerpolitico.mx\\\/wp-content\\\/uploads\\\/2021\\\/01\\\/B30DE7D3-C60C-4F02-95A1-CAF19A060933.jpeg\",\"articleSection\":[\"Noticias\"],\"inLanguage\":\"es\",\"potentialAction\":[{\"@type\":\"CommentAction\",\"name\":\"Comment\",\"target\":[\"https:\\\/\\\/quehacerpolitico.mx\\\/?p=71582#respond\"]}]},{\"@type\":\"WebPage\",\"@id\":\"https:\\\/\\\/quehacerpolitico.mx\\\/?p=71582\",\"url\":\"https:\\\/\\\/quehacerpolitico.mx\\\/?p=71582\",\"name\":\"No vamos a tener problemas ni pleitos con Joe Biden, asegura AMLO -\",\"isPartOf\":{\"@id\":\"https:\\\/\\\/quehacerpolitico.mx\\\/#website\"},\"primaryImageOfPage\":{\"@id\":\"https:\\\/\\\/quehacerpolitico.mx\\\/?p=71582#primaryimage\"},\"image\":{\"@id\":\"https:\\\/\\\/quehacerpolitico.mx\\\/?p=71582#primaryimage\"},\"thumbnailUrl\":\"https:\\\/\\\/quehacerpolitico.mx\\\/wp-content\\\/uploads\\\/2021\\\/01\\\/B30DE7D3-C60C-4F02-95A1-CAF19A060933.jpeg\",\"datePublished\":\"2021-01-07T17:19:15+00:00\",\"author\":{\"@id\":\"https:\\\/\\\/quehacerpolitico.mx\\\/#\\\/schema\\\/person\\\/496d8ad2d1d3f8036101dca7ee39e585\"},\"breadcrumb\":{\"@id\":\"https:\\\/\\\/quehacerpolitico.mx\\\/?p=71582#breadcrumb\"},\"inLanguage\":\"es\",\"potentialAction\":[{\"@type\":\"ReadAction\",\"target\":[\"https:\\\/\\\/quehacerpolitico.mx\\\/?p=71582\"]}]},{\"@type\":\"ImageObject\",\"inLanguage\":\"es\",\"@id\":\"https:\\\/\\\/quehacerpolitico.mx\\\/?p=71582#primaryimage\",\"url\":\"https:\\\/\\\/quehacerpolitico.mx\\\/wp-content\\\/uploads\\\/2021\\\/01\\\/B30DE7D3-C60C-4F02-95A1-CAF19A060933.jpeg\",\"contentUrl\":\"https:\\\/\\\/quehacerpolitico.mx\\\/wp-content\\\/uploads\\\/2021\\\/01\\\/B30DE7D3-C60C-4F02-95A1-CAF19A060933.jpeg\",\"width\":1242,\"height\":667},{\"@type\":\"BreadcrumbList\",\"@id\":\"https:\\\/\\\/quehacerpolitico.mx\\\/?p=71582#breadcrumb\",\"itemListElement\":[{\"@type\":\"ListItem\",\"position\":1,\"name\":\"Inicio\",\"item\":\"https:\\\/\\\/quehacerpolitico.mx\\\/\"},{\"@type\":\"ListItem\",\"position\":2,\"name\":\"No vamos a tener problemas ni pleitos con Joe Biden, asegura AMLO\"}]},{\"@type\":\"WebSite\",\"@id\":\"https:\\\/\\\/quehacerpolitico.mx\\\/#website\",\"url\":\"https:\\\/\\\/quehacerpolitico.mx\\\/\",\"name\":\"\",\"description\":\"\",\"potentialAction\":[{\"@type\":\"SearchAction\",\"target\":{\"@type\":\"EntryPoint\",\"urlTemplate\":\"https:\\\/\\\/quehacerpolitico.mx\\\/?s={search_term_string}\"},\"query-input\":{\"@type\":\"PropertyValueSpecification\",\"valueRequired\":true,\"valueName\":\"search_term_string\"}}],\"inLanguage\":\"es\"},{\"@type\":\"Person\",\"@id\":\"https:\\\/\\\/quehacerpolitico.mx\\\/#\\\/schema\\\/person\\\/496d8ad2d1d3f8036101dca7ee39e585\",\"name\":\"Redacci\u00f3n QP\",\"image\":{\"@type\":\"ImageObject\",\"inLanguage\":\"es\",\"@id\":\"https:\\\/\\\/secure.gravatar.com\\\/avatar\\\/c7164ed6fdec453195284ad24a5ae5b6e1eed2b848477fa2a4787ba9adf39a41?s=96&d=mm&r=g\",\"url\":\"https:\\\/\\\/secure.gravatar.com\\\/avatar\\\/c7164ed6fdec453195284ad24a5ae5b6e1eed2b848477fa2a4787ba9adf39a41?s=96&d=mm&r=g\",\"contentUrl\":\"https:\\\/\\\/secure.gravatar.com\\\/avatar\\\/c7164ed6fdec453195284ad24a5ae5b6e1eed2b848477fa2a4787ba9adf39a41?s=96&d=mm&r=g\",\"caption\":\"Redacci\u00f3n QP\"},\"url\":\"https:\\\/\\\/quehacerpolitico.mx\\\/?author=2\"}]}<\/script>\n<!-- \/ Yoast SEO plugin. -->","yoast_head_json":{"title":"No vamos a tener problemas ni pleitos con Joe Biden, asegura AMLO -","robots":{"index":"index","follow":"follow","max-snippet":"max-snippet:-1","max-image-preview":"max-image-preview:large","max-video-preview":"max-video-preview:-1"},"canonical":"https:\/\/quehacerpolitico.mx\/?p=71582","og_locale":"es_MX","og_type":"article","og_title":"No vamos a tener problemas ni pleitos con Joe Biden, asegura AMLO -","og_description":"No vamos a tener problemas ni pleitos con Joe Biden, asegura AMLO Por Redacci\u00f3n QP...","og_url":"https:\/\/quehacerpolitico.mx\/?p=71582","article_published_time":"2021-01-07T17:19:15+00:00","og_image":[{"width":1242,"height":667,"url":"https:\/\/quehacerpolitico.mx\/wp-content\/uploads\/2021\/01\/B30DE7D3-C60C-4F02-95A1-CAF19A060933.jpeg","type":"image\/jpeg"}],"author":"Redacci\u00f3n QP","twitter_card":"summary_large_image","twitter_misc":{"Escrito por":"Redacci\u00f3n QP","Tiempo de lectura":"2 minutos"},"schema":{"@context":"https:\/\/schema.org","@graph":[{"@type":"Article","@id":"https:\/\/quehacerpolitico.mx\/?p=71582#article","isPartOf":{"@id":"https:\/\/quehacerpolitico.mx\/?p=71582"},"author":{"name":"Redacci\u00f3n QP","@id":"https:\/\/quehacerpolitico.mx\/#\/schema\/person\/496d8ad2d1d3f8036101dca7ee39e585"},"headline":"No vamos a tener problemas ni pleitos con Joe Biden, asegura AMLO","datePublished":"2021-01-07T17:19:15+00:00","mainEntityOfPage":{"@id":"https:\/\/quehacerpolitico.mx\/?p=71582"},"wordCount":476,"commentCount":0,"image":{"@id":"https:\/\/quehacerpolitico.mx\/?p=71582#primaryimage"},"thumbnailUrl":"https:\/\/quehacerpolitico.mx\/wp-content\/uploads\/2021\/01\/B30DE7D3-C60C-4F02-95A1-CAF19A060933.jpeg","articleSection":["Noticias"],"inLanguage":"es","potentialAction":[{"@type":"CommentAction","name":"Comment","target":["https:\/\/quehacerpolitico.mx\/?p=71582#respond"]}]},{"@type":"WebPage","@id":"https:\/\/quehacerpolitico.mx\/?p=71582","url":"https:\/\/quehacerpolitico.mx\/?p=71582","name":"No vamos a tener problemas ni pleitos con Joe Biden, asegura AMLO -","isPartOf":{"@id":"https:\/\/quehacerpolitico.mx\/#website"},"primaryImageOfPage":{"@id":"https:\/\/quehacerpolitico.mx\/?p=71582#primaryimage"},"image":{"@id":"https:\/\/quehacerpolitico.mx\/?p=71582#primaryimage"},"thumbnailUrl":"https:\/\/quehacerpolitico.mx\/wp-content\/uploads\/2021\/01\/B30DE7D3-C60C-4F02-95A1-CAF19A060933.jpeg","datePublished":"2021-01-07T17:19:15+00:00","author":{"@id":"https:\/\/quehacerpolitico.mx\/#\/schema\/person\/496d8ad2d1d3f8036101dca7ee39e585"},"breadcrumb":{"@id":"https:\/\/quehacerpolitico.mx\/?p=71582#breadcrumb"},"inLanguage":"es","potentialAction":[{"@type":"ReadAction","target":["https:\/\/quehacerpolitico.mx\/?p=71582"]}]},{"@type":"ImageObject","inLanguage":"es","@id":"https:\/\/quehacerpolitico.mx\/?p=71582#primaryimage","url":"https:\/\/quehacerpolitico.mx\/wp-content\/uploads\/2021\/01\/B30DE7D3-C60C-4F02-95A1-CAF19A060933.jpeg","contentUrl":"https:\/\/quehacerpolitico.mx\/wp-content\/uploads\/2021\/01\/B30DE7D3-C60C-4F02-95A1-CAF19A060933.jpeg","width":1242,"height":667},{"@type":"BreadcrumbList","@id":"https:\/\/quehacerpolitico.mx\/?p=71582#breadcrumb","itemListElement":[{"@type":"ListItem","position":1,"name":"Inicio","item":"https:\/\/quehacerpolitico.mx\/"},{"@type":"ListItem","position":2,"name":"No vamos a tener problemas ni pleitos con Joe Biden, asegura AMLO"}]},{"@type":"WebSite","@id":"https:\/\/quehacerpolitico.mx\/#website","url":"https:\/\/quehacerpolitico.mx\/","name":"","description":"","potentialAction":[{"@type":"SearchAction","target":{"@type":"EntryPoint","urlTemplate":"https:\/\/quehacerpolitico.mx\/?s={search_term_string}"},"query-input":{"@type":"PropertyValueSpecification","valueRequired":true,"valueName":"search_term_string"}}],"inLanguage":"es"},{"@type":"Person","@id":"https:\/\/quehacerpolitico.mx\/#\/schema\/person\/496d8ad2d1d3f8036101dca7ee39e585","name":"Redacci\u00f3n QP","image":{"@type":"ImageObject","inLanguage":"es","@id":"https:\/\/secure.gravatar.com\/avatar\/c7164ed6fdec453195284ad24a5ae5b6e1eed2b848477fa2a4787ba9adf39a41?s=96&d=mm&r=g","url":"https:\/\/secure.gravatar.com\/avatar\/c7164ed6fdec453195284ad24a5ae5b6e1eed2b848477fa2a4787ba9adf39a41?s=96&d=mm&r=g","contentUrl":"https:\/\/secure.gravatar.com\/avatar\/c7164ed6fdec453195284ad24a5ae5b6e1eed2b848477fa2a4787ba9adf39a41?s=96&d=mm&r=g","caption":"Redacci\u00f3n QP"},"url":"https:\/\/quehacerpolitico.mx\/?author=2"}]}},"featured_image_urls":{"full":["https:\/\/quehacerpolitico.mx\/wp-content\/uploads\/2021\/01\/B30DE7D3-C60C-4F02-95A1-CAF19A060933.jpeg",1242,667,false],"thumbnail":["https:\/\/quehacerpolitico.mx\/wp-content\/uploads\/2021\/01\/B30DE7D3-C60C-4F02-95A1-CAF19A060933-150x150.jpeg",150,150,true],"medium":["https:\/\/quehacerpolitico.mx\/wp-content\/uploads\/2021\/01\/B30DE7D3-C60C-4F02-95A1-CAF19A060933-300x161.jpeg",300,161,true],"medium_large":["https:\/\/quehacerpolitico.mx\/wp-content\/uploads\/2021\/01\/B30DE7D3-C60C-4F02-95A1-CAF19A060933-768x412.jpeg",640,343,true],"large":["https:\/\/quehacerpolitico.mx\/wp-content\/uploads\/2021\/01\/B30DE7D3-C60C-4F02-95A1-CAF19A060933-1024x550.jpeg",640,344,true],"1536x1536":["https:\/\/quehacerpolitico.mx\/wp-content\/uploads\/2021\/01\/B30DE7D3-C60C-4F02-95A1-CAF19A060933.jpeg",1242,667,false],"2048x2048":["https:\/\/quehacerpolitico.mx\/wp-content\/uploads\/2021\/01\/B30DE7D3-C60C-4F02-95A1-CAF19A060933.jpeg",1242,667,false],"covernews-featured":["https:\/\/quehacerpolitico.mx\/wp-content\/uploads\/2021\/01\/B30DE7D3-C60C-4F02-95A1-CAF19A060933.jpeg",1024,550,false],"covernews-medium":["https:\/\/quehacerpolitico.mx\/wp-content\/uploads\/2021\/01\/B30DE7D3-C60C-4F02-95A1-CAF19A060933.jpeg",540,290,false]},"author_info":{"display_name":"Redacci\u00f3n QP","author_link":"https:\/\/quehacerpolitico.mx\/?author=2"},"category_info":"<a href=\"https:\/\/quehacerpolitico.mx\/?cat=2\" rel=\"category\">Noticias<\/a>","tag_info":"Noticias","comment_count":"0","_links":{"self":[{"href":"https:\/\/quehacerpolitico.mx\/index.php?rest_route=\/wp\/v2\/posts\/71582","targetHints":{"allow":["GET"]}}],"collection":[{"href":"https:\/\/quehacerpolitico.mx\/index.php?rest_route=\/wp\/v2\/posts"}],"about":[{"href":"https:\/\/quehacerpolitico.mx\/index.php?rest_route=\/wp\/v2\/types\/post"}],"author":[{"embeddable":true,"href":"https:\/\/quehacerpolitico.mx\/index.php?rest_route=\/wp\/v2\/users\/2"}],"replies":[{"embeddable":true,"href":"https:\/\/quehacerpolitico.mx\/index.php?rest_route=%2Fwp%2Fv2%2Fcomments&post=71582"}],"version-history":[{"count":0,"href":"https:\/\/quehacerpolitico.mx\/index.php?rest_route=\/wp\/v2\/posts\/71582\/revisions"}],"wp:featuredmedia":[{"embeddable":true,"href":"https:\/\/quehacerpolitico.mx\/index.php?rest_route=\/wp\/v2\/media\/71585"}],"wp:attachment":[{"href":"https:\/\/quehacerpolitico.mx\/index.php?rest_route=%2Fwp%2Fv2%2Fmedia&parent=71582"}],"wp:term":[{"taxonomy":"category","embeddable":true,"href":"https:\/\/quehacerpolitico.mx\/index.php?rest_route=%2Fwp%2Fv2%2Fcategories&post=71582"},{"taxonomy":"post_tag","embeddable":true,"href":"https:\/\/quehacerpolitico.mx\/index.php?rest_route=%2Fwp%2Fv2%2Ftags&post=71582"}],"curies":[{"name":"wp","href":"https:\/\/api.w.org\/{rel}","templated":true}]}}