{"id":7158,"date":"2018-10-18T14:38:44","date_gmt":"2018-10-18T14:38:44","guid":{"rendered":"http:\/\/quehacerpolitico.mx\/la-unam-expulsa-a-cuatro-estudiantes-mas-por-ataque-porril-en-cu-suman-35\/"},"modified":"2018-10-18T14:38:44","modified_gmt":"2018-10-18T14:38:44","slug":"la-unam-expulsa-a-cuatro-estudiantes-mas-por-ataque-porril-en-cu-suman-35","status":"publish","type":"post","link":"https:\/\/quehacerpolitico.mx\/?p=7158","title":{"rendered":"La UNAM expulsa a cuatro estudiantes m\u00e1s por ataque porril en CU; suman 35"},"content":{"rendered":"<p><strong>Cuatro alumnos <\/strong>de la <strong>Universidad Nacional Aut\u00f3noma de M\u00e9xico (UNAM)<\/strong> fueron expulsados de la instituci\u00f3n educativa luego de que fueron identificados como participantes de las <strong>agresiones<\/strong>cometidas contra <strong>estudiantes<\/strong> en Ciudad Universitaria el pasado 3 de septiembre.<\/p>\n<p>La <strong>UNAM<\/strong> inform\u00f3 de la <strong>expulsi\u00f3n<\/strong> en un comunicado e identific\u00f3 a los implicados como Jos\u00e9 Pablo Cubas Onofre, de la Facultad de Estudios Superiores Acatl\u00e1n; Luis \u00c1ngel Nava Delgado del Colegio de Ciencias y Humanidades (CCH) Azcapotzalco; as\u00ed como Yahir Valdez Gonz\u00e1lez y Atzin Eluney Ord\u00f3\u00f1ez Salinas del CCH Naucalpan.<\/p>\n<p>De acuerdo con la instancia educativa, hasta el momento suman 35 las personas expulsadas por los hechos violentos que dejaron a al menos 12 estudientes lesionados.<\/p>\n<p>El pasado 3 de septiembre estudiantes del CCH plantel Azcapotzalco fueron agredidos por presuntos <strong>porros<\/strong> con palos, tubos, piedras y botellas; los alumnos se manifestaban pac\u00edficamente y solicitaban la atenci\u00f3n a sus demandas de contar con profesores para todas sus materias y erradicar los costos de inscripci\u00f3n injustificados.<\/p>\n<p><strong>UNAM INVESTIGA SUPUESTA AGRESI\u00d3N A ALUMNA<\/strong><\/p>\n<p>El pasado domingo 14 de octubre la\u00a0Asamblea Interuniversitaria\u00a0denunci\u00f3 este domingo que una\u00a0<strong>vocera<\/strong>\u00a0del Colegio de Ciencias y Humanidades (CCH)\u00a0Naucalpan\u00a0fue golpeada y apu\u00f1alada ayer en las inmediaciones del plantel, sin embargo, la <strong>UNAM<\/strong>\u00a0inform\u00f3 que en ninguna de las\u00a0agencias del Ministerio P\u00fablico del municipio donde se encuentra la escuela se ha presentado una\u00a0denuncia\u00a0por el caso.<\/p>\n<blockquote>\n<p>\u201cEn ninguno de los hospitales de la zona se tiene registro del ingreso de una persona con lesiones de arma punzo cortante como las que refiere la\u00a0denuncia\u00a0an\u00f3nima\u201d, asegur\u00f3\u00a0la m\u00e1xima casa de estudios en un comunicado.<\/p>\n<\/blockquote>\n<p>Asimismo, se\u00f1al\u00f3 que no se tiene\u00a0conocimiento de alguna queja o petici\u00f3n de apoyo a las autoridades del plantel por parte de amigos o familiares, por lo que la oficina de la Abogada General de la\u00a0<strong>UNAM<\/strong>\u00a0est\u00e1 abocada a la indagatoria del caso desde la noche de ayer s\u00e1bado y solicita atentamente la colaboraci\u00f3n de quien pudiera tener informaci\u00f3n al respecto.<\/p>\n","protected":false},"excerpt":{"rendered":"<p>La UNAM expulsa a cuatro estudiantes m\u00e1s por ataque porril en CU; suman 35<br \/>\nPor Redacci\u00f3n QP<\/p>\n","protected":false},"author":2,"featured_media":7157,"comment_status":"open","ping_status":"open","sticky":false,"template":"","format":"standard","meta":{"_monsterinsights_skip_tracking":false,"_monsterinsights_sitenote_active":false,"_monsterinsights_sitenote_note":"","_monsterinsights_sitenote_category":0,"footnotes":""},"categories":[55],"tags":[],"class_list":["post-7158","post","type-post","status-publish","format-standard","has-post-thumbnail","hentry","category-cdmx"],"yoast_head":"<!-- This site is optimized with the Yoast SEO plugin v27.3 - https:\/\/yoast.com\/product\/yoast-seo-wordpress\/ -->\n<title>La UNAM expulsa a cuatro estudiantes m\u00e1s por ataque porril en CU; suman 35 -<\/title>\n<meta name=\"robots\" content=\"index, follow, max-snippet:-1, max-image-preview:large, max-video-preview:-1\" \/>\n<link rel=\"canonical\" href=\"https:\/\/quehacerpolitico.mx\/?p=7158\" \/>\n<meta property=\"og:locale\" content=\"es_MX\" \/>\n<meta property=\"og:type\" content=\"article\" \/>\n<meta property=\"og:title\" content=\"La UNAM expulsa a cuatro estudiantes m\u00e1s por ataque porril en CU; suman 35 -\" \/>\n<meta property=\"og:description\" content=\"La UNAM expulsa a cuatro estudiantes m\u00e1s por ataque porril en CU; suman 35 Por Redacci\u00f3n QP\" \/>\n<meta property=\"og:url\" content=\"https:\/\/quehacerpolitico.mx\/?p=7158\" \/>\n<meta property=\"article:published_time\" content=\"2018-10-18T14:38:44+00:00\" \/>\n<meta name=\"author\" content=\"Redacci\u00f3n QP\" \/>\n<meta name=\"twitter:card\" content=\"summary_large_image\" \/>\n<meta name=\"twitter:label1\" content=\"Escrito por\" \/>\n\t<meta name=\"twitter:data1\" content=\"Redacci\u00f3n QP\" \/>\n\t<meta name=\"twitter:label2\" content=\"Tiempo de lectura\" \/>\n\t<meta name=\"twitter:data2\" content=\"2 minutos\" \/>\n<script type=\"application\/ld+json\" class=\"yoast-schema-graph\">{\"@context\":\"https:\\\/\\\/schema.org\",\"@graph\":[{\"@type\":\"Article\",\"@id\":\"https:\\\/\\\/quehacerpolitico.mx\\\/?p=7158#article\",\"isPartOf\":{\"@id\":\"https:\\\/\\\/quehacerpolitico.mx\\\/?p=7158\"},\"author\":{\"name\":\"Redacci\u00f3n QP\",\"@id\":\"https:\\\/\\\/quehacerpolitico.mx\\\/#\\\/schema\\\/person\\\/496d8ad2d1d3f8036101dca7ee39e585\"},\"headline\":\"La UNAM expulsa a cuatro estudiantes m\u00e1s por ataque porril en CU; suman 35\",\"datePublished\":\"2018-10-18T14:38:44+00:00\",\"mainEntityOfPage\":{\"@id\":\"https:\\\/\\\/quehacerpolitico.mx\\\/?p=7158\"},\"wordCount\":358,\"commentCount\":0,\"image\":{\"@id\":\"https:\\\/\\\/quehacerpolitico.mx\\\/?p=7158#primaryimage\"},\"thumbnailUrl\":\"\",\"articleSection\":[\"CDMX\"],\"inLanguage\":\"es\",\"potentialAction\":[{\"@type\":\"CommentAction\",\"name\":\"Comment\",\"target\":[\"https:\\\/\\\/quehacerpolitico.mx\\\/?p=7158#respond\"]}]},{\"@type\":\"WebPage\",\"@id\":\"https:\\\/\\\/quehacerpolitico.mx\\\/?p=7158\",\"url\":\"https:\\\/\\\/quehacerpolitico.mx\\\/?p=7158\",\"name\":\"La UNAM expulsa a cuatro estudiantes m\u00e1s por ataque porril en CU; suman 35 -\",\"isPartOf\":{\"@id\":\"https:\\\/\\\/quehacerpolitico.mx\\\/#website\"},\"primaryImageOfPage\":{\"@id\":\"https:\\\/\\\/quehacerpolitico.mx\\\/?p=7158#primaryimage\"},\"image\":{\"@id\":\"https:\\\/\\\/quehacerpolitico.mx\\\/?p=7158#primaryimage\"},\"thumbnailUrl\":\"\",\"datePublished\":\"2018-10-18T14:38:44+00:00\",\"author\":{\"@id\":\"https:\\\/\\\/quehacerpolitico.mx\\\/#\\\/schema\\\/person\\\/496d8ad2d1d3f8036101dca7ee39e585\"},\"breadcrumb\":{\"@id\":\"https:\\\/\\\/quehacerpolitico.mx\\\/?p=7158#breadcrumb\"},\"inLanguage\":\"es\",\"potentialAction\":[{\"@type\":\"ReadAction\",\"target\":[\"https:\\\/\\\/quehacerpolitico.mx\\\/?p=7158\"]}]},{\"@type\":\"ImageObject\",\"inLanguage\":\"es\",\"@id\":\"https:\\\/\\\/quehacerpolitico.mx\\\/?p=7158#primaryimage\",\"url\":\"\",\"contentUrl\":\"\"},{\"@type\":\"BreadcrumbList\",\"@id\":\"https:\\\/\\\/quehacerpolitico.mx\\\/?p=7158#breadcrumb\",\"itemListElement\":[{\"@type\":\"ListItem\",\"position\":1,\"name\":\"Inicio\",\"item\":\"https:\\\/\\\/quehacerpolitico.mx\\\/\"},{\"@type\":\"ListItem\",\"position\":2,\"name\":\"La UNAM expulsa a cuatro estudiantes m\u00e1s por ataque porril en CU; suman 35\"}]},{\"@type\":\"WebSite\",\"@id\":\"https:\\\/\\\/quehacerpolitico.mx\\\/#website\",\"url\":\"https:\\\/\\\/quehacerpolitico.mx\\\/\",\"name\":\"\",\"description\":\"\",\"potentialAction\":[{\"@type\":\"SearchAction\",\"target\":{\"@type\":\"EntryPoint\",\"urlTemplate\":\"https:\\\/\\\/quehacerpolitico.mx\\\/?s={search_term_string}\"},\"query-input\":{\"@type\":\"PropertyValueSpecification\",\"valueRequired\":true,\"valueName\":\"search_term_string\"}}],\"inLanguage\":\"es\"},{\"@type\":\"Person\",\"@id\":\"https:\\\/\\\/quehacerpolitico.mx\\\/#\\\/schema\\\/person\\\/496d8ad2d1d3f8036101dca7ee39e585\",\"name\":\"Redacci\u00f3n QP\",\"image\":{\"@type\":\"ImageObject\",\"inLanguage\":\"es\",\"@id\":\"https:\\\/\\\/secure.gravatar.com\\\/avatar\\\/c7164ed6fdec453195284ad24a5ae5b6e1eed2b848477fa2a4787ba9adf39a41?s=96&d=mm&r=g\",\"url\":\"https:\\\/\\\/secure.gravatar.com\\\/avatar\\\/c7164ed6fdec453195284ad24a5ae5b6e1eed2b848477fa2a4787ba9adf39a41?s=96&d=mm&r=g\",\"contentUrl\":\"https:\\\/\\\/secure.gravatar.com\\\/avatar\\\/c7164ed6fdec453195284ad24a5ae5b6e1eed2b848477fa2a4787ba9adf39a41?s=96&d=mm&r=g\",\"caption\":\"Redacci\u00f3n QP\"},\"url\":\"https:\\\/\\\/quehacerpolitico.mx\\\/?author=2\"}]}<\/script>\n<!-- \/ Yoast SEO plugin. -->","yoast_head_json":{"title":"La UNAM expulsa a cuatro estudiantes m\u00e1s por ataque porril en CU; suman 35 -","robots":{"index":"index","follow":"follow","max-snippet":"max-snippet:-1","max-image-preview":"max-image-preview:large","max-video-preview":"max-video-preview:-1"},"canonical":"https:\/\/quehacerpolitico.mx\/?p=7158","og_locale":"es_MX","og_type":"article","og_title":"La UNAM expulsa a cuatro estudiantes m\u00e1s por ataque porril en CU; suman 35 -","og_description":"La UNAM expulsa a cuatro estudiantes m\u00e1s por ataque porril en CU; suman 35 Por Redacci\u00f3n QP","og_url":"https:\/\/quehacerpolitico.mx\/?p=7158","article_published_time":"2018-10-18T14:38:44+00:00","author":"Redacci\u00f3n QP","twitter_card":"summary_large_image","twitter_misc":{"Escrito por":"Redacci\u00f3n QP","Tiempo de lectura":"2 minutos"},"schema":{"@context":"https:\/\/schema.org","@graph":[{"@type":"Article","@id":"https:\/\/quehacerpolitico.mx\/?p=7158#article","isPartOf":{"@id":"https:\/\/quehacerpolitico.mx\/?p=7158"},"author":{"name":"Redacci\u00f3n QP","@id":"https:\/\/quehacerpolitico.mx\/#\/schema\/person\/496d8ad2d1d3f8036101dca7ee39e585"},"headline":"La UNAM expulsa a cuatro estudiantes m\u00e1s por ataque porril en CU; suman 35","datePublished":"2018-10-18T14:38:44+00:00","mainEntityOfPage":{"@id":"https:\/\/quehacerpolitico.mx\/?p=7158"},"wordCount":358,"commentCount":0,"image":{"@id":"https:\/\/quehacerpolitico.mx\/?p=7158#primaryimage"},"thumbnailUrl":"","articleSection":["CDMX"],"inLanguage":"es","potentialAction":[{"@type":"CommentAction","name":"Comment","target":["https:\/\/quehacerpolitico.mx\/?p=7158#respond"]}]},{"@type":"WebPage","@id":"https:\/\/quehacerpolitico.mx\/?p=7158","url":"https:\/\/quehacerpolitico.mx\/?p=7158","name":"La UNAM expulsa a cuatro estudiantes m\u00e1s por ataque porril en CU; suman 35 -","isPartOf":{"@id":"https:\/\/quehacerpolitico.mx\/#website"},"primaryImageOfPage":{"@id":"https:\/\/quehacerpolitico.mx\/?p=7158#primaryimage"},"image":{"@id":"https:\/\/quehacerpolitico.mx\/?p=7158#primaryimage"},"thumbnailUrl":"","datePublished":"2018-10-18T14:38:44+00:00","author":{"@id":"https:\/\/quehacerpolitico.mx\/#\/schema\/person\/496d8ad2d1d3f8036101dca7ee39e585"},"breadcrumb":{"@id":"https:\/\/quehacerpolitico.mx\/?p=7158#breadcrumb"},"inLanguage":"es","potentialAction":[{"@type":"ReadAction","target":["https:\/\/quehacerpolitico.mx\/?p=7158"]}]},{"@type":"ImageObject","inLanguage":"es","@id":"https:\/\/quehacerpolitico.mx\/?p=7158#primaryimage","url":"","contentUrl":""},{"@type":"BreadcrumbList","@id":"https:\/\/quehacerpolitico.mx\/?p=7158#breadcrumb","itemListElement":[{"@type":"ListItem","position":1,"name":"Inicio","item":"https:\/\/quehacerpolitico.mx\/"},{"@type":"ListItem","position":2,"name":"La UNAM expulsa a cuatro estudiantes m\u00e1s por ataque porril en CU; suman 35"}]},{"@type":"WebSite","@id":"https:\/\/quehacerpolitico.mx\/#website","url":"https:\/\/quehacerpolitico.mx\/","name":"","description":"","potentialAction":[{"@type":"SearchAction","target":{"@type":"EntryPoint","urlTemplate":"https:\/\/quehacerpolitico.mx\/?s={search_term_string}"},"query-input":{"@type":"PropertyValueSpecification","valueRequired":true,"valueName":"search_term_string"}}],"inLanguage":"es"},{"@type":"Person","@id":"https:\/\/quehacerpolitico.mx\/#\/schema\/person\/496d8ad2d1d3f8036101dca7ee39e585","name":"Redacci\u00f3n QP","image":{"@type":"ImageObject","inLanguage":"es","@id":"https:\/\/secure.gravatar.com\/avatar\/c7164ed6fdec453195284ad24a5ae5b6e1eed2b848477fa2a4787ba9adf39a41?s=96&d=mm&r=g","url":"https:\/\/secure.gravatar.com\/avatar\/c7164ed6fdec453195284ad24a5ae5b6e1eed2b848477fa2a4787ba9adf39a41?s=96&d=mm&r=g","contentUrl":"https:\/\/secure.gravatar.com\/avatar\/c7164ed6fdec453195284ad24a5ae5b6e1eed2b848477fa2a4787ba9adf39a41?s=96&d=mm&r=g","caption":"Redacci\u00f3n QP"},"url":"https:\/\/quehacerpolitico.mx\/?author=2"}]}},"featured_image_urls":{"full":"","thumbnail":"","medium":"","medium_large":"","large":"","1536x1536":"","2048x2048":"","covernews-featured":"","covernews-medium":""},"author_info":{"display_name":"Redacci\u00f3n QP","author_link":"https:\/\/quehacerpolitico.mx\/?author=2"},"category_info":"<a href=\"https:\/\/quehacerpolitico.mx\/?cat=55\" rel=\"category\">CDMX<\/a>","tag_info":"CDMX","comment_count":"0","_links":{"self":[{"href":"https:\/\/quehacerpolitico.mx\/index.php?rest_route=\/wp\/v2\/posts\/7158","targetHints":{"allow":["GET"]}}],"collection":[{"href":"https:\/\/quehacerpolitico.mx\/index.php?rest_route=\/wp\/v2\/posts"}],"about":[{"href":"https:\/\/quehacerpolitico.mx\/index.php?rest_route=\/wp\/v2\/types\/post"}],"author":[{"embeddable":true,"href":"https:\/\/quehacerpolitico.mx\/index.php?rest_route=\/wp\/v2\/users\/2"}],"replies":[{"embeddable":true,"href":"https:\/\/quehacerpolitico.mx\/index.php?rest_route=%2Fwp%2Fv2%2Fcomments&post=7158"}],"version-history":[{"count":0,"href":"https:\/\/quehacerpolitico.mx\/index.php?rest_route=\/wp\/v2\/posts\/7158\/revisions"}],"wp:featuredmedia":[{"embeddable":true,"href":"https:\/\/quehacerpolitico.mx\/index.php?rest_route=\/"}],"wp:attachment":[{"href":"https:\/\/quehacerpolitico.mx\/index.php?rest_route=%2Fwp%2Fv2%2Fmedia&parent=7158"}],"wp:term":[{"taxonomy":"category","embeddable":true,"href":"https:\/\/quehacerpolitico.mx\/index.php?rest_route=%2Fwp%2Fv2%2Fcategories&post=7158"},{"taxonomy":"post_tag","embeddable":true,"href":"https:\/\/quehacerpolitico.mx\/index.php?rest_route=%2Fwp%2Fv2%2Ftags&post=7158"}],"curies":[{"name":"wp","href":"https:\/\/api.w.org\/{rel}","templated":true}]}}