{"id":71576,"date":"2021-01-07T16:37:05","date_gmt":"2021-01-07T16:37:05","guid":{"rendered":"https:\/\/quehacerpolitico.mx\/?p=71576"},"modified":"2021-01-07T16:37:05","modified_gmt":"2021-01-07T16:37:05","slug":"joe-biden-reconocio-que-mexico-atiende-mejor-el-covid-19-que-estados-unidos-amlo","status":"publish","type":"post","link":"https:\/\/quehacerpolitico.mx\/?p=71576","title":{"rendered":"Joe Biden reconoci\u00f3 que M\u00e9xico atiende mejor el COVID-19 que Estados Unidos: AMLO"},"content":{"rendered":"<h1>Joe Biden reconoci\u00f3 que M\u00e9xico atiende mejor el COVID-19 que Estados Unidos: AMLO<br \/>\nPor Redacci\u00f3n QP<\/h1>\n<p>El presidente de M\u00e9xico acot\u00f3 que no valen las comparaciones\u00a0porque se trata de vidas humanas<\/p>\n<p>El presidente de M\u00e9xico, <strong>Andr\u00e9s Manuel L\u00f3pez Obrador<\/strong>, dijo el jueves que el gobernante electo de Estados Unidos, el dem\u00f3crata <strong>Joe Biden<\/strong>, le coment\u00f3 en una llamada telef\u00f3nica que sostuvieron recientemente que la naci\u00f3n latinoamericana est\u00e1 atendiendo mejor la pandemia que su pa\u00eds.<\/p>\n<blockquote><p>\u201cEn la llamada que tuve con el presidente Biden, tratamos el tema y \u00e9l reconoci\u00f3 que estaba mejor la atenci\u00f3n en M\u00e9xico sobre el problema que lo que ellos estaban haciendo\u201d, revel\u00f3 L\u00f3pez Obrador en su rueda de prensa diaria.<\/p><\/blockquote>\n<p>El presidente insisti\u00f3 en que a M\u00e9xico le va mejor ante la pandemia que a Estados Unidos, pero acot\u00f3 que no valen las comparaciones\u00a0porque se trata de vidas humanas.<\/p>\n<p>Al ser cuestionado sobre el llamado de m\u00e9dicos a la poblaci\u00f3n a quedarse en casa, el presidente se\u00f1al\u00f3 que se est\u00e1 extendiendo la capacidad hospitalaria.<\/p>\n<blockquote><p>\u00a0\u201cLa capacidad de ocupaci\u00f3n se mantiene, claro aqu\u00ed en la Ciudad (de M\u00e9xico) ayer alrededor del 85 por ciento de ocupaci\u00f3n de las camas, eso es lo m\u00e1s alto que tenemos en el pa\u00eds, no hemos llegado a la ciudad del 90 por ciento de ocupaci\u00f3n de camas\u201d, dijo.<\/p><\/blockquote>\n<p>A\u00f1adi\u00f3 que existe una reserva y que todos los d\u00edas se trabaja con ese prop\u00f3sito. Hizo un llamado a los medios de comunicaci\u00f3n para que ayuden, que no alarmen y que sean objetivos.<\/p>\n<h2>AMLO defiende nuevamente a L\u00f3pez-Gatell<\/h2>\n<p>Se refiri\u00f3 a los ataques contra el subsecretario de Salud, <strong>Hugo L\u00f3pez-Gatell<\/strong>, y dijo que \u00e9stos no ayudan. Insisti\u00f3 en que el subsecretario es un profesionista destacad\u00edsimo, \u201cque nos ayuda mucho, un hombre muy sensible, honesto, preparado\u201d.<\/p>\n<blockquote><p>\u201cSe han contratado cerca de 70 mil trabajadores de la salud, somos el primer pa\u00eds en Am\u00e9rica Latina en vacunaci\u00f3n, estamos haciendo todo un esfuerzo, la gente se ha portado muy bien, muy bien, respetuosa, no as\u00ed los mismos medios, aunque se molesten conmigo, para no generalizar, no as\u00ed la mayor\u00eda de los medios\u201d, concluy\u00f3.<\/p><\/blockquote>\n<p>Seg\u00fan un recuento diario que realiza Reuters, Estados Unidos ocupa el primer lugar en n\u00famero total de muertes asociadas al coronavirus, con m\u00e1s de 360,000, y M\u00e9xico el cuarto, con cerca de 130,000.<\/p>\n<blockquote class=\"twitter-tweet\" data-width=\"550\" data-dnt=\"true\">\n<p lang=\"es\" dir=\"ltr\">Pobrecito \ud83e\udd7a <\/p>\n<p>El presidente <a href=\"https:\/\/twitter.com\/lopezobrador_?ref_src=twsrc%5Etfw\">@lopezobrador_<\/a> pidi\u00f3 a los medios de comunicaci\u00f3n que sean objetivos y que ya no ataquen al subsecretario de Salud. <a href=\"https:\/\/t.co\/are3j2LDai\">pic.twitter.com\/are3j2LDai<\/a><\/p>\n<p>&mdash; Ruido en la Red (@RuidoEnLaRed) <a href=\"https:\/\/twitter.com\/RuidoEnLaRed\/status\/1347207919272554497?ref_src=twsrc%5Etfw\">January 7, 2021<\/a><\/p><\/blockquote>\n<p><script async src=\"https:\/\/platform.twitter.com\/widgets.js\" charset=\"utf-8\"><\/script><\/p>\n<p><em>Con informaci\u00f3n de Presidencia de la Rep\u00fablica y Reuters<\/em><\/p>\n","protected":false},"excerpt":{"rendered":"<p>Joe Biden reconoci\u00f3 que M\u00e9xico atiende mejor el COVID-19 que Estados Unidos: AMLO Por Redacci\u00f3n&#8230;<\/p>\n","protected":false},"author":2,"featured_media":71579,"comment_status":"open","ping_status":"open","sticky":false,"template":"","format":"standard","meta":{"_monsterinsights_skip_tracking":false,"_monsterinsights_sitenote_active":false,"_monsterinsights_sitenote_note":"","_monsterinsights_sitenote_category":0,"footnotes":""},"categories":[2],"tags":[],"class_list":["post-71576","post","type-post","status-publish","format-standard","has-post-thumbnail","hentry","category-noticias"],"yoast_head":"<!-- This site is optimized with the Yoast SEO plugin v27.3 - https:\/\/yoast.com\/product\/yoast-seo-wordpress\/ -->\n<title>Joe Biden reconoci\u00f3 que M\u00e9xico atiende mejor el COVID-19 que Estados Unidos: AMLO -<\/title>\n<meta name=\"robots\" content=\"index, follow, max-snippet:-1, max-image-preview:large, max-video-preview:-1\" \/>\n<link rel=\"canonical\" href=\"https:\/\/quehacerpolitico.mx\/?p=71576\" \/>\n<meta property=\"og:locale\" content=\"es_MX\" \/>\n<meta property=\"og:type\" content=\"article\" \/>\n<meta property=\"og:title\" content=\"Joe Biden reconoci\u00f3 que M\u00e9xico atiende mejor el COVID-19 que Estados Unidos: AMLO -\" \/>\n<meta property=\"og:description\" content=\"Joe Biden reconoci\u00f3 que M\u00e9xico atiende mejor el COVID-19 que Estados Unidos: AMLO Por Redacci\u00f3n...\" \/>\n<meta property=\"og:url\" content=\"https:\/\/quehacerpolitico.mx\/?p=71576\" \/>\n<meta property=\"article:published_time\" content=\"2021-01-07T16:37:05+00:00\" \/>\n<meta property=\"og:image\" content=\"https:\/\/quehacerpolitico.mx\/wp-content\/uploads\/2021\/01\/6AAE4F03-D9E7-4DDD-AC7B-1E2442BE79F2.jpeg\" \/>\n\t<meta property=\"og:image:width\" content=\"1242\" \/>\n\t<meta property=\"og:image:height\" content=\"669\" \/>\n\t<meta property=\"og:image:type\" content=\"image\/jpeg\" \/>\n<meta name=\"author\" content=\"Redacci\u00f3n QP\" \/>\n<meta name=\"twitter:card\" content=\"summary_large_image\" \/>\n<meta name=\"twitter:label1\" content=\"Escrito por\" \/>\n\t<meta name=\"twitter:data1\" content=\"Redacci\u00f3n QP\" \/>\n\t<meta name=\"twitter:label2\" content=\"Tiempo de lectura\" \/>\n\t<meta name=\"twitter:data2\" content=\"2 minutos\" \/>\n<script type=\"application\/ld+json\" class=\"yoast-schema-graph\">{\"@context\":\"https:\\\/\\\/schema.org\",\"@graph\":[{\"@type\":\"Article\",\"@id\":\"https:\\\/\\\/quehacerpolitico.mx\\\/?p=71576#article\",\"isPartOf\":{\"@id\":\"https:\\\/\\\/quehacerpolitico.mx\\\/?p=71576\"},\"author\":{\"name\":\"Redacci\u00f3n QP\",\"@id\":\"https:\\\/\\\/quehacerpolitico.mx\\\/#\\\/schema\\\/person\\\/496d8ad2d1d3f8036101dca7ee39e585\"},\"headline\":\"Joe Biden reconoci\u00f3 que M\u00e9xico atiende mejor el COVID-19 que Estados Unidos: AMLO\",\"datePublished\":\"2021-01-07T16:37:05+00:00\",\"mainEntityOfPage\":{\"@id\":\"https:\\\/\\\/quehacerpolitico.mx\\\/?p=71576\"},\"wordCount\":446,\"commentCount\":0,\"image\":{\"@id\":\"https:\\\/\\\/quehacerpolitico.mx\\\/?p=71576#primaryimage\"},\"thumbnailUrl\":\"https:\\\/\\\/quehacerpolitico.mx\\\/wp-content\\\/uploads\\\/2021\\\/01\\\/6AAE4F03-D9E7-4DDD-AC7B-1E2442BE79F2.jpeg\",\"articleSection\":[\"Noticias\"],\"inLanguage\":\"es\",\"potentialAction\":[{\"@type\":\"CommentAction\",\"name\":\"Comment\",\"target\":[\"https:\\\/\\\/quehacerpolitico.mx\\\/?p=71576#respond\"]}]},{\"@type\":\"WebPage\",\"@id\":\"https:\\\/\\\/quehacerpolitico.mx\\\/?p=71576\",\"url\":\"https:\\\/\\\/quehacerpolitico.mx\\\/?p=71576\",\"name\":\"Joe Biden reconoci\u00f3 que M\u00e9xico atiende mejor el COVID-19 que Estados Unidos: AMLO -\",\"isPartOf\":{\"@id\":\"https:\\\/\\\/quehacerpolitico.mx\\\/#website\"},\"primaryImageOfPage\":{\"@id\":\"https:\\\/\\\/quehacerpolitico.mx\\\/?p=71576#primaryimage\"},\"image\":{\"@id\":\"https:\\\/\\\/quehacerpolitico.mx\\\/?p=71576#primaryimage\"},\"thumbnailUrl\":\"https:\\\/\\\/quehacerpolitico.mx\\\/wp-content\\\/uploads\\\/2021\\\/01\\\/6AAE4F03-D9E7-4DDD-AC7B-1E2442BE79F2.jpeg\",\"datePublished\":\"2021-01-07T16:37:05+00:00\",\"author\":{\"@id\":\"https:\\\/\\\/quehacerpolitico.mx\\\/#\\\/schema\\\/person\\\/496d8ad2d1d3f8036101dca7ee39e585\"},\"breadcrumb\":{\"@id\":\"https:\\\/\\\/quehacerpolitico.mx\\\/?p=71576#breadcrumb\"},\"inLanguage\":\"es\",\"potentialAction\":[{\"@type\":\"ReadAction\",\"target\":[\"https:\\\/\\\/quehacerpolitico.mx\\\/?p=71576\"]}]},{\"@type\":\"ImageObject\",\"inLanguage\":\"es\",\"@id\":\"https:\\\/\\\/quehacerpolitico.mx\\\/?p=71576#primaryimage\",\"url\":\"https:\\\/\\\/quehacerpolitico.mx\\\/wp-content\\\/uploads\\\/2021\\\/01\\\/6AAE4F03-D9E7-4DDD-AC7B-1E2442BE79F2.jpeg\",\"contentUrl\":\"https:\\\/\\\/quehacerpolitico.mx\\\/wp-content\\\/uploads\\\/2021\\\/01\\\/6AAE4F03-D9E7-4DDD-AC7B-1E2442BE79F2.jpeg\",\"width\":1242,\"height\":669},{\"@type\":\"BreadcrumbList\",\"@id\":\"https:\\\/\\\/quehacerpolitico.mx\\\/?p=71576#breadcrumb\",\"itemListElement\":[{\"@type\":\"ListItem\",\"position\":1,\"name\":\"Inicio\",\"item\":\"https:\\\/\\\/quehacerpolitico.mx\\\/\"},{\"@type\":\"ListItem\",\"position\":2,\"name\":\"Joe Biden reconoci\u00f3 que M\u00e9xico atiende mejor el COVID-19 que Estados Unidos: AMLO\"}]},{\"@type\":\"WebSite\",\"@id\":\"https:\\\/\\\/quehacerpolitico.mx\\\/#website\",\"url\":\"https:\\\/\\\/quehacerpolitico.mx\\\/\",\"name\":\"\",\"description\":\"\",\"potentialAction\":[{\"@type\":\"SearchAction\",\"target\":{\"@type\":\"EntryPoint\",\"urlTemplate\":\"https:\\\/\\\/quehacerpolitico.mx\\\/?s={search_term_string}\"},\"query-input\":{\"@type\":\"PropertyValueSpecification\",\"valueRequired\":true,\"valueName\":\"search_term_string\"}}],\"inLanguage\":\"es\"},{\"@type\":\"Person\",\"@id\":\"https:\\\/\\\/quehacerpolitico.mx\\\/#\\\/schema\\\/person\\\/496d8ad2d1d3f8036101dca7ee39e585\",\"name\":\"Redacci\u00f3n QP\",\"image\":{\"@type\":\"ImageObject\",\"inLanguage\":\"es\",\"@id\":\"https:\\\/\\\/secure.gravatar.com\\\/avatar\\\/c7164ed6fdec453195284ad24a5ae5b6e1eed2b848477fa2a4787ba9adf39a41?s=96&d=mm&r=g\",\"url\":\"https:\\\/\\\/secure.gravatar.com\\\/avatar\\\/c7164ed6fdec453195284ad24a5ae5b6e1eed2b848477fa2a4787ba9adf39a41?s=96&d=mm&r=g\",\"contentUrl\":\"https:\\\/\\\/secure.gravatar.com\\\/avatar\\\/c7164ed6fdec453195284ad24a5ae5b6e1eed2b848477fa2a4787ba9adf39a41?s=96&d=mm&r=g\",\"caption\":\"Redacci\u00f3n QP\"},\"url\":\"https:\\\/\\\/quehacerpolitico.mx\\\/?author=2\"}]}<\/script>\n<!-- \/ Yoast SEO plugin. -->","yoast_head_json":{"title":"Joe Biden reconoci\u00f3 que M\u00e9xico atiende mejor el COVID-19 que Estados Unidos: AMLO -","robots":{"index":"index","follow":"follow","max-snippet":"max-snippet:-1","max-image-preview":"max-image-preview:large","max-video-preview":"max-video-preview:-1"},"canonical":"https:\/\/quehacerpolitico.mx\/?p=71576","og_locale":"es_MX","og_type":"article","og_title":"Joe Biden reconoci\u00f3 que M\u00e9xico atiende mejor el COVID-19 que Estados Unidos: AMLO -","og_description":"Joe Biden reconoci\u00f3 que M\u00e9xico atiende mejor el COVID-19 que Estados Unidos: AMLO Por Redacci\u00f3n...","og_url":"https:\/\/quehacerpolitico.mx\/?p=71576","article_published_time":"2021-01-07T16:37:05+00:00","og_image":[{"width":1242,"height":669,"url":"https:\/\/quehacerpolitico.mx\/wp-content\/uploads\/2021\/01\/6AAE4F03-D9E7-4DDD-AC7B-1E2442BE79F2.jpeg","type":"image\/jpeg"}],"author":"Redacci\u00f3n QP","twitter_card":"summary_large_image","twitter_misc":{"Escrito por":"Redacci\u00f3n QP","Tiempo de lectura":"2 minutos"},"schema":{"@context":"https:\/\/schema.org","@graph":[{"@type":"Article","@id":"https:\/\/quehacerpolitico.mx\/?p=71576#article","isPartOf":{"@id":"https:\/\/quehacerpolitico.mx\/?p=71576"},"author":{"name":"Redacci\u00f3n QP","@id":"https:\/\/quehacerpolitico.mx\/#\/schema\/person\/496d8ad2d1d3f8036101dca7ee39e585"},"headline":"Joe Biden reconoci\u00f3 que M\u00e9xico atiende mejor el COVID-19 que Estados Unidos: AMLO","datePublished":"2021-01-07T16:37:05+00:00","mainEntityOfPage":{"@id":"https:\/\/quehacerpolitico.mx\/?p=71576"},"wordCount":446,"commentCount":0,"image":{"@id":"https:\/\/quehacerpolitico.mx\/?p=71576#primaryimage"},"thumbnailUrl":"https:\/\/quehacerpolitico.mx\/wp-content\/uploads\/2021\/01\/6AAE4F03-D9E7-4DDD-AC7B-1E2442BE79F2.jpeg","articleSection":["Noticias"],"inLanguage":"es","potentialAction":[{"@type":"CommentAction","name":"Comment","target":["https:\/\/quehacerpolitico.mx\/?p=71576#respond"]}]},{"@type":"WebPage","@id":"https:\/\/quehacerpolitico.mx\/?p=71576","url":"https:\/\/quehacerpolitico.mx\/?p=71576","name":"Joe Biden reconoci\u00f3 que M\u00e9xico atiende mejor el COVID-19 que Estados Unidos: AMLO -","isPartOf":{"@id":"https:\/\/quehacerpolitico.mx\/#website"},"primaryImageOfPage":{"@id":"https:\/\/quehacerpolitico.mx\/?p=71576#primaryimage"},"image":{"@id":"https:\/\/quehacerpolitico.mx\/?p=71576#primaryimage"},"thumbnailUrl":"https:\/\/quehacerpolitico.mx\/wp-content\/uploads\/2021\/01\/6AAE4F03-D9E7-4DDD-AC7B-1E2442BE79F2.jpeg","datePublished":"2021-01-07T16:37:05+00:00","author":{"@id":"https:\/\/quehacerpolitico.mx\/#\/schema\/person\/496d8ad2d1d3f8036101dca7ee39e585"},"breadcrumb":{"@id":"https:\/\/quehacerpolitico.mx\/?p=71576#breadcrumb"},"inLanguage":"es","potentialAction":[{"@type":"ReadAction","target":["https:\/\/quehacerpolitico.mx\/?p=71576"]}]},{"@type":"ImageObject","inLanguage":"es","@id":"https:\/\/quehacerpolitico.mx\/?p=71576#primaryimage","url":"https:\/\/quehacerpolitico.mx\/wp-content\/uploads\/2021\/01\/6AAE4F03-D9E7-4DDD-AC7B-1E2442BE79F2.jpeg","contentUrl":"https:\/\/quehacerpolitico.mx\/wp-content\/uploads\/2021\/01\/6AAE4F03-D9E7-4DDD-AC7B-1E2442BE79F2.jpeg","width":1242,"height":669},{"@type":"BreadcrumbList","@id":"https:\/\/quehacerpolitico.mx\/?p=71576#breadcrumb","itemListElement":[{"@type":"ListItem","position":1,"name":"Inicio","item":"https:\/\/quehacerpolitico.mx\/"},{"@type":"ListItem","position":2,"name":"Joe Biden reconoci\u00f3 que M\u00e9xico atiende mejor el COVID-19 que Estados Unidos: AMLO"}]},{"@type":"WebSite","@id":"https:\/\/quehacerpolitico.mx\/#website","url":"https:\/\/quehacerpolitico.mx\/","name":"","description":"","potentialAction":[{"@type":"SearchAction","target":{"@type":"EntryPoint","urlTemplate":"https:\/\/quehacerpolitico.mx\/?s={search_term_string}"},"query-input":{"@type":"PropertyValueSpecification","valueRequired":true,"valueName":"search_term_string"}}],"inLanguage":"es"},{"@type":"Person","@id":"https:\/\/quehacerpolitico.mx\/#\/schema\/person\/496d8ad2d1d3f8036101dca7ee39e585","name":"Redacci\u00f3n QP","image":{"@type":"ImageObject","inLanguage":"es","@id":"https:\/\/secure.gravatar.com\/avatar\/c7164ed6fdec453195284ad24a5ae5b6e1eed2b848477fa2a4787ba9adf39a41?s=96&d=mm&r=g","url":"https:\/\/secure.gravatar.com\/avatar\/c7164ed6fdec453195284ad24a5ae5b6e1eed2b848477fa2a4787ba9adf39a41?s=96&d=mm&r=g","contentUrl":"https:\/\/secure.gravatar.com\/avatar\/c7164ed6fdec453195284ad24a5ae5b6e1eed2b848477fa2a4787ba9adf39a41?s=96&d=mm&r=g","caption":"Redacci\u00f3n QP"},"url":"https:\/\/quehacerpolitico.mx\/?author=2"}]}},"featured_image_urls":{"full":["https:\/\/quehacerpolitico.mx\/wp-content\/uploads\/2021\/01\/6AAE4F03-D9E7-4DDD-AC7B-1E2442BE79F2.jpeg",1242,669,false],"thumbnail":["https:\/\/quehacerpolitico.mx\/wp-content\/uploads\/2021\/01\/6AAE4F03-D9E7-4DDD-AC7B-1E2442BE79F2-150x150.jpeg",150,150,true],"medium":["https:\/\/quehacerpolitico.mx\/wp-content\/uploads\/2021\/01\/6AAE4F03-D9E7-4DDD-AC7B-1E2442BE79F2-300x162.jpeg",300,162,true],"medium_large":["https:\/\/quehacerpolitico.mx\/wp-content\/uploads\/2021\/01\/6AAE4F03-D9E7-4DDD-AC7B-1E2442BE79F2-768x414.jpeg",640,345,true],"large":["https:\/\/quehacerpolitico.mx\/wp-content\/uploads\/2021\/01\/6AAE4F03-D9E7-4DDD-AC7B-1E2442BE79F2-1024x552.jpeg",640,345,true],"1536x1536":["https:\/\/quehacerpolitico.mx\/wp-content\/uploads\/2021\/01\/6AAE4F03-D9E7-4DDD-AC7B-1E2442BE79F2.jpeg",1242,669,false],"2048x2048":["https:\/\/quehacerpolitico.mx\/wp-content\/uploads\/2021\/01\/6AAE4F03-D9E7-4DDD-AC7B-1E2442BE79F2.jpeg",1242,669,false],"covernews-featured":["https:\/\/quehacerpolitico.mx\/wp-content\/uploads\/2021\/01\/6AAE4F03-D9E7-4DDD-AC7B-1E2442BE79F2.jpeg",1024,552,false],"covernews-medium":["https:\/\/quehacerpolitico.mx\/wp-content\/uploads\/2021\/01\/6AAE4F03-D9E7-4DDD-AC7B-1E2442BE79F2.jpeg",540,291,false]},"author_info":{"display_name":"Redacci\u00f3n QP","author_link":"https:\/\/quehacerpolitico.mx\/?author=2"},"category_info":"<a href=\"https:\/\/quehacerpolitico.mx\/?cat=2\" rel=\"category\">Noticias<\/a>","tag_info":"Noticias","comment_count":"0","_links":{"self":[{"href":"https:\/\/quehacerpolitico.mx\/index.php?rest_route=\/wp\/v2\/posts\/71576","targetHints":{"allow":["GET"]}}],"collection":[{"href":"https:\/\/quehacerpolitico.mx\/index.php?rest_route=\/wp\/v2\/posts"}],"about":[{"href":"https:\/\/quehacerpolitico.mx\/index.php?rest_route=\/wp\/v2\/types\/post"}],"author":[{"embeddable":true,"href":"https:\/\/quehacerpolitico.mx\/index.php?rest_route=\/wp\/v2\/users\/2"}],"replies":[{"embeddable":true,"href":"https:\/\/quehacerpolitico.mx\/index.php?rest_route=%2Fwp%2Fv2%2Fcomments&post=71576"}],"version-history":[{"count":0,"href":"https:\/\/quehacerpolitico.mx\/index.php?rest_route=\/wp\/v2\/posts\/71576\/revisions"}],"wp:featuredmedia":[{"embeddable":true,"href":"https:\/\/quehacerpolitico.mx\/index.php?rest_route=\/wp\/v2\/media\/71579"}],"wp:attachment":[{"href":"https:\/\/quehacerpolitico.mx\/index.php?rest_route=%2Fwp%2Fv2%2Fmedia&parent=71576"}],"wp:term":[{"taxonomy":"category","embeddable":true,"href":"https:\/\/quehacerpolitico.mx\/index.php?rest_route=%2Fwp%2Fv2%2Fcategories&post=71576"},{"taxonomy":"post_tag","embeddable":true,"href":"https:\/\/quehacerpolitico.mx\/index.php?rest_route=%2Fwp%2Fv2%2Ftags&post=71576"}],"curies":[{"name":"wp","href":"https:\/\/api.w.org\/{rel}","templated":true}]}}