{"id":71553,"date":"2021-01-07T15:45:51","date_gmt":"2021-01-07T15:45:51","guid":{"rendered":"https:\/\/quehacerpolitico.mx\/?p=71553"},"modified":"2021-01-07T15:45:51","modified_gmt":"2021-01-07T15:45:51","slug":"no-vamos-intervenir-en-asuntos-que-corresponden-estadounidenses-amlo","status":"publish","type":"post","link":"https:\/\/quehacerpolitico.mx\/?p=71553","title":{"rendered":"No vamos a intervenir en asuntos que corresponden a estadounidenses: AMLO"},"content":{"rendered":"<h1>No vamos a intervenir en asuntos que corresponden a estadounidenses: AMLO<br \/>\nPor Redacci\u00f3n QP<\/h1>\n<p>El presidente Andr\u00e9s Manuel L\u00f3pez Obrador se\u00f1al\u00f3 que siempre es muy lamentable el que se pierdan vidas humanas<\/p>\n<p>El presidente <strong><span class=\"amp-wp-5443cfc\" data-amp-original-style=\"color: #000000;\">Andr\u00e9s Manuel L\u00f3pez Obrador (AMLO)<\/span><\/strong> asegur\u00f3 que M\u00e9xico no intervendr\u00e1 en asuntos que corresponde resolver a estadounidenses, tras la irrupci\u00f3n violenta por parte de simpatizantes de <strong>Donald Trump<\/strong> en el <strong>Capitolio<\/strong> de Estados Unidos durante una sesi\u00f3n para\u00a0ratificar la victoria del presidente electo,<strong>Joe Biden.<\/strong><\/p>\n<p><iframe loading=\"lazy\" title=\"AMLO lamenta muertes por toma de Capitolio de EU\" width=\"640\" height=\"360\" src=\"https:\/\/www.youtube.com\/embed\/hSJnFtHg9DU?feature=oembed\" frameborder=\"0\" allow=\"accelerometer; autoplay; clipboard-write; encrypted-media; gyroscope; picture-in-picture; web-share\" referrerpolicy=\"strict-origin-when-cross-origin\" allowfullscreen><\/iframe><\/p>\n<blockquote><p>\u201cNosotros siempre hemos actuado con respecto a la pol\u00edtica interna de otros pa\u00edses, as\u00ed lo establece nuestra Constituci\u00f3n, son principios de pol\u00edtica exterior, la no intervenci\u00f3n, la autodeterminaci\u00f3n de los pueblos, no vamos nosotros a intervenir en estos asuntos que corresponden resolver y atender a los estadounidenses\u201d, dijo AMLO en su conferencia de prensa matutina.<\/p><\/blockquote>\n<p>El mandatario mexicano se\u00f1al\u00f3 que su gobierno siempre ha buscado que todos los conflictos\u00a0 se resuelven mediante el di\u00e1logo y por la v\u00eda pac\u00edfica.<\/p>\n<blockquote><p>\u201cSiempre hemos buscado que todos los conflictos, y esto aplica para la pol\u00edtica exterior y para pol\u00edtica interna, se resuelven mediante el di\u00e1logo, por la v\u00eda pac\u00edfica. La Constituci\u00f3n establece en conflictos internacionales la soluci\u00f3n pac\u00edfica de las controversias, y esto pues tambi\u00e9n debe de ser norma en lo interno\u201d, dijo AMLO.<\/p><\/blockquote>\n<p><span class=\"amp-wp-5443cfc\" data-amp-original-style=\"color: #000000;\">L\u00f3pez Obrador<\/span> lament\u00f3 la p\u00e9rdida de vidas humanas durante el asalto y dese\u00f3 que siempre haya paz, prevalezca la <strong>democracia<\/strong> y que haya libertades.<\/p>\n<p>El pasado 6 de enero del 2021 simpatizantes del presidente saliente Donal Trump tomaron por asalto al <strong>Capitolio de EEUU <\/strong>cuando ambas c\u00e1maras celebraran una sesi\u00f3n para corroborar la victoria electoral de<strong> Joe Biden<\/strong> en las elecciones de noviembre pasado.<\/p>\n<p>Este acto violento dej\u00f3 cuatro personas muertas, 14 polic\u00edas heridos y por lo menos 52 detenidos.<\/p>\n<p>Adem\u00e1s, la alcaldesa de Washington, Muriel Bowser, decret\u00f3 estado de emergencia p\u00fablica en la capital, el cual terminar\u00e1 hasta despu\u00e9s de la investidura del presidente electo, Joe Biden, prevista para el 20 de enero.<\/p>\n<p>Tambi\u00e9n se inform\u00f3 que las autoridades desactivaron dos bombas caseras en las inmediaciones de las sedes de los comit\u00e9s nacionales (secretariados) de los partidos dem\u00f3crata y republicano.<\/p>\n<p>Medios estadounidenses reportaron el hallazgo de un veh\u00edculo en las inmediaciones del Capitolio, que en su interior hab\u00eda un rifle y hasta diez bombas molotov.<\/p>\n<p>Con informaci\u00f3n de redes sociales Gobierno de M\u00e9xico<\/p>\n","protected":false},"excerpt":{"rendered":"<p>No vamos a intervenir en asuntos que corresponden a estadounidenses: AMLO Por Redacci\u00f3n QP El&#8230;<\/p>\n","protected":false},"author":2,"featured_media":71556,"comment_status":"open","ping_status":"open","sticky":false,"template":"","format":"standard","meta":{"_monsterinsights_skip_tracking":false,"_monsterinsights_sitenote_active":false,"_monsterinsights_sitenote_note":"","_monsterinsights_sitenote_category":0,"footnotes":""},"categories":[2],"tags":[],"class_list":["post-71553","post","type-post","status-publish","format-standard","has-post-thumbnail","hentry","category-noticias"],"yoast_head":"<!-- This site is optimized with the Yoast SEO plugin v27.3 - https:\/\/yoast.com\/product\/yoast-seo-wordpress\/ -->\n<title>No vamos a intervenir en asuntos que corresponden a estadounidenses: AMLO -<\/title>\n<meta name=\"robots\" content=\"index, follow, max-snippet:-1, max-image-preview:large, max-video-preview:-1\" \/>\n<link rel=\"canonical\" href=\"https:\/\/quehacerpolitico.mx\/?p=71553\" \/>\n<meta property=\"og:locale\" content=\"es_MX\" \/>\n<meta property=\"og:type\" content=\"article\" \/>\n<meta property=\"og:title\" content=\"No vamos a intervenir en asuntos que corresponden a estadounidenses: AMLO -\" \/>\n<meta property=\"og:description\" content=\"No vamos a intervenir en asuntos que corresponden a estadounidenses: AMLO Por Redacci\u00f3n QP El...\" \/>\n<meta property=\"og:url\" content=\"https:\/\/quehacerpolitico.mx\/?p=71553\" \/>\n<meta property=\"article:published_time\" content=\"2021-01-07T15:45:51+00:00\" \/>\n<meta property=\"og:image\" content=\"https:\/\/quehacerpolitico.mx\/wp-content\/uploads\/2021\/01\/581C67F5-7281-45A8-B42C-B557AE521ADB.jpeg\" \/>\n\t<meta property=\"og:image:width\" content=\"1242\" \/>\n\t<meta property=\"og:image:height\" content=\"670\" \/>\n\t<meta property=\"og:image:type\" content=\"image\/jpeg\" \/>\n<meta name=\"author\" content=\"Redacci\u00f3n QP\" \/>\n<meta name=\"twitter:card\" content=\"summary_large_image\" \/>\n<meta name=\"twitter:label1\" content=\"Escrito por\" \/>\n\t<meta name=\"twitter:data1\" content=\"Redacci\u00f3n QP\" \/>\n\t<meta name=\"twitter:label2\" content=\"Tiempo de lectura\" \/>\n\t<meta name=\"twitter:data2\" content=\"2 minutos\" \/>\n<script type=\"application\/ld+json\" class=\"yoast-schema-graph\">{\"@context\":\"https:\\\/\\\/schema.org\",\"@graph\":[{\"@type\":\"Article\",\"@id\":\"https:\\\/\\\/quehacerpolitico.mx\\\/?p=71553#article\",\"isPartOf\":{\"@id\":\"https:\\\/\\\/quehacerpolitico.mx\\\/?p=71553\"},\"author\":{\"name\":\"Redacci\u00f3n QP\",\"@id\":\"https:\\\/\\\/quehacerpolitico.mx\\\/#\\\/schema\\\/person\\\/496d8ad2d1d3f8036101dca7ee39e585\"},\"headline\":\"No vamos a intervenir en asuntos que corresponden a estadounidenses: AMLO\",\"datePublished\":\"2021-01-07T15:45:51+00:00\",\"mainEntityOfPage\":{\"@id\":\"https:\\\/\\\/quehacerpolitico.mx\\\/?p=71553\"},\"wordCount\":439,\"commentCount\":0,\"image\":{\"@id\":\"https:\\\/\\\/quehacerpolitico.mx\\\/?p=71553#primaryimage\"},\"thumbnailUrl\":\"https:\\\/\\\/quehacerpolitico.mx\\\/wp-content\\\/uploads\\\/2021\\\/01\\\/581C67F5-7281-45A8-B42C-B557AE521ADB.jpeg\",\"articleSection\":[\"Noticias\"],\"inLanguage\":\"es\",\"potentialAction\":[{\"@type\":\"CommentAction\",\"name\":\"Comment\",\"target\":[\"https:\\\/\\\/quehacerpolitico.mx\\\/?p=71553#respond\"]}]},{\"@type\":\"WebPage\",\"@id\":\"https:\\\/\\\/quehacerpolitico.mx\\\/?p=71553\",\"url\":\"https:\\\/\\\/quehacerpolitico.mx\\\/?p=71553\",\"name\":\"No vamos a intervenir en asuntos que corresponden a estadounidenses: AMLO -\",\"isPartOf\":{\"@id\":\"https:\\\/\\\/quehacerpolitico.mx\\\/#website\"},\"primaryImageOfPage\":{\"@id\":\"https:\\\/\\\/quehacerpolitico.mx\\\/?p=71553#primaryimage\"},\"image\":{\"@id\":\"https:\\\/\\\/quehacerpolitico.mx\\\/?p=71553#primaryimage\"},\"thumbnailUrl\":\"https:\\\/\\\/quehacerpolitico.mx\\\/wp-content\\\/uploads\\\/2021\\\/01\\\/581C67F5-7281-45A8-B42C-B557AE521ADB.jpeg\",\"datePublished\":\"2021-01-07T15:45:51+00:00\",\"author\":{\"@id\":\"https:\\\/\\\/quehacerpolitico.mx\\\/#\\\/schema\\\/person\\\/496d8ad2d1d3f8036101dca7ee39e585\"},\"breadcrumb\":{\"@id\":\"https:\\\/\\\/quehacerpolitico.mx\\\/?p=71553#breadcrumb\"},\"inLanguage\":\"es\",\"potentialAction\":[{\"@type\":\"ReadAction\",\"target\":[\"https:\\\/\\\/quehacerpolitico.mx\\\/?p=71553\"]}]},{\"@type\":\"ImageObject\",\"inLanguage\":\"es\",\"@id\":\"https:\\\/\\\/quehacerpolitico.mx\\\/?p=71553#primaryimage\",\"url\":\"https:\\\/\\\/quehacerpolitico.mx\\\/wp-content\\\/uploads\\\/2021\\\/01\\\/581C67F5-7281-45A8-B42C-B557AE521ADB.jpeg\",\"contentUrl\":\"https:\\\/\\\/quehacerpolitico.mx\\\/wp-content\\\/uploads\\\/2021\\\/01\\\/581C67F5-7281-45A8-B42C-B557AE521ADB.jpeg\",\"width\":1242,\"height\":670},{\"@type\":\"BreadcrumbList\",\"@id\":\"https:\\\/\\\/quehacerpolitico.mx\\\/?p=71553#breadcrumb\",\"itemListElement\":[{\"@type\":\"ListItem\",\"position\":1,\"name\":\"Inicio\",\"item\":\"https:\\\/\\\/quehacerpolitico.mx\\\/\"},{\"@type\":\"ListItem\",\"position\":2,\"name\":\"No vamos a intervenir en asuntos que corresponden a estadounidenses: AMLO\"}]},{\"@type\":\"WebSite\",\"@id\":\"https:\\\/\\\/quehacerpolitico.mx\\\/#website\",\"url\":\"https:\\\/\\\/quehacerpolitico.mx\\\/\",\"name\":\"\",\"description\":\"\",\"potentialAction\":[{\"@type\":\"SearchAction\",\"target\":{\"@type\":\"EntryPoint\",\"urlTemplate\":\"https:\\\/\\\/quehacerpolitico.mx\\\/?s={search_term_string}\"},\"query-input\":{\"@type\":\"PropertyValueSpecification\",\"valueRequired\":true,\"valueName\":\"search_term_string\"}}],\"inLanguage\":\"es\"},{\"@type\":\"Person\",\"@id\":\"https:\\\/\\\/quehacerpolitico.mx\\\/#\\\/schema\\\/person\\\/496d8ad2d1d3f8036101dca7ee39e585\",\"name\":\"Redacci\u00f3n QP\",\"image\":{\"@type\":\"ImageObject\",\"inLanguage\":\"es\",\"@id\":\"https:\\\/\\\/secure.gravatar.com\\\/avatar\\\/c7164ed6fdec453195284ad24a5ae5b6e1eed2b848477fa2a4787ba9adf39a41?s=96&d=mm&r=g\",\"url\":\"https:\\\/\\\/secure.gravatar.com\\\/avatar\\\/c7164ed6fdec453195284ad24a5ae5b6e1eed2b848477fa2a4787ba9adf39a41?s=96&d=mm&r=g\",\"contentUrl\":\"https:\\\/\\\/secure.gravatar.com\\\/avatar\\\/c7164ed6fdec453195284ad24a5ae5b6e1eed2b848477fa2a4787ba9adf39a41?s=96&d=mm&r=g\",\"caption\":\"Redacci\u00f3n QP\"},\"url\":\"https:\\\/\\\/quehacerpolitico.mx\\\/?author=2\"}]}<\/script>\n<!-- \/ Yoast SEO plugin. -->","yoast_head_json":{"title":"No vamos a intervenir en asuntos que corresponden a estadounidenses: AMLO -","robots":{"index":"index","follow":"follow","max-snippet":"max-snippet:-1","max-image-preview":"max-image-preview:large","max-video-preview":"max-video-preview:-1"},"canonical":"https:\/\/quehacerpolitico.mx\/?p=71553","og_locale":"es_MX","og_type":"article","og_title":"No vamos a intervenir en asuntos que corresponden a estadounidenses: AMLO -","og_description":"No vamos a intervenir en asuntos que corresponden a estadounidenses: AMLO Por Redacci\u00f3n QP El...","og_url":"https:\/\/quehacerpolitico.mx\/?p=71553","article_published_time":"2021-01-07T15:45:51+00:00","og_image":[{"width":1242,"height":670,"url":"https:\/\/quehacerpolitico.mx\/wp-content\/uploads\/2021\/01\/581C67F5-7281-45A8-B42C-B557AE521ADB.jpeg","type":"image\/jpeg"}],"author":"Redacci\u00f3n QP","twitter_card":"summary_large_image","twitter_misc":{"Escrito por":"Redacci\u00f3n QP","Tiempo de lectura":"2 minutos"},"schema":{"@context":"https:\/\/schema.org","@graph":[{"@type":"Article","@id":"https:\/\/quehacerpolitico.mx\/?p=71553#article","isPartOf":{"@id":"https:\/\/quehacerpolitico.mx\/?p=71553"},"author":{"name":"Redacci\u00f3n QP","@id":"https:\/\/quehacerpolitico.mx\/#\/schema\/person\/496d8ad2d1d3f8036101dca7ee39e585"},"headline":"No vamos a intervenir en asuntos que corresponden a estadounidenses: AMLO","datePublished":"2021-01-07T15:45:51+00:00","mainEntityOfPage":{"@id":"https:\/\/quehacerpolitico.mx\/?p=71553"},"wordCount":439,"commentCount":0,"image":{"@id":"https:\/\/quehacerpolitico.mx\/?p=71553#primaryimage"},"thumbnailUrl":"https:\/\/quehacerpolitico.mx\/wp-content\/uploads\/2021\/01\/581C67F5-7281-45A8-B42C-B557AE521ADB.jpeg","articleSection":["Noticias"],"inLanguage":"es","potentialAction":[{"@type":"CommentAction","name":"Comment","target":["https:\/\/quehacerpolitico.mx\/?p=71553#respond"]}]},{"@type":"WebPage","@id":"https:\/\/quehacerpolitico.mx\/?p=71553","url":"https:\/\/quehacerpolitico.mx\/?p=71553","name":"No vamos a intervenir en asuntos que corresponden a estadounidenses: AMLO -","isPartOf":{"@id":"https:\/\/quehacerpolitico.mx\/#website"},"primaryImageOfPage":{"@id":"https:\/\/quehacerpolitico.mx\/?p=71553#primaryimage"},"image":{"@id":"https:\/\/quehacerpolitico.mx\/?p=71553#primaryimage"},"thumbnailUrl":"https:\/\/quehacerpolitico.mx\/wp-content\/uploads\/2021\/01\/581C67F5-7281-45A8-B42C-B557AE521ADB.jpeg","datePublished":"2021-01-07T15:45:51+00:00","author":{"@id":"https:\/\/quehacerpolitico.mx\/#\/schema\/person\/496d8ad2d1d3f8036101dca7ee39e585"},"breadcrumb":{"@id":"https:\/\/quehacerpolitico.mx\/?p=71553#breadcrumb"},"inLanguage":"es","potentialAction":[{"@type":"ReadAction","target":["https:\/\/quehacerpolitico.mx\/?p=71553"]}]},{"@type":"ImageObject","inLanguage":"es","@id":"https:\/\/quehacerpolitico.mx\/?p=71553#primaryimage","url":"https:\/\/quehacerpolitico.mx\/wp-content\/uploads\/2021\/01\/581C67F5-7281-45A8-B42C-B557AE521ADB.jpeg","contentUrl":"https:\/\/quehacerpolitico.mx\/wp-content\/uploads\/2021\/01\/581C67F5-7281-45A8-B42C-B557AE521ADB.jpeg","width":1242,"height":670},{"@type":"BreadcrumbList","@id":"https:\/\/quehacerpolitico.mx\/?p=71553#breadcrumb","itemListElement":[{"@type":"ListItem","position":1,"name":"Inicio","item":"https:\/\/quehacerpolitico.mx\/"},{"@type":"ListItem","position":2,"name":"No vamos a intervenir en asuntos que corresponden a estadounidenses: AMLO"}]},{"@type":"WebSite","@id":"https:\/\/quehacerpolitico.mx\/#website","url":"https:\/\/quehacerpolitico.mx\/","name":"","description":"","potentialAction":[{"@type":"SearchAction","target":{"@type":"EntryPoint","urlTemplate":"https:\/\/quehacerpolitico.mx\/?s={search_term_string}"},"query-input":{"@type":"PropertyValueSpecification","valueRequired":true,"valueName":"search_term_string"}}],"inLanguage":"es"},{"@type":"Person","@id":"https:\/\/quehacerpolitico.mx\/#\/schema\/person\/496d8ad2d1d3f8036101dca7ee39e585","name":"Redacci\u00f3n QP","image":{"@type":"ImageObject","inLanguage":"es","@id":"https:\/\/secure.gravatar.com\/avatar\/c7164ed6fdec453195284ad24a5ae5b6e1eed2b848477fa2a4787ba9adf39a41?s=96&d=mm&r=g","url":"https:\/\/secure.gravatar.com\/avatar\/c7164ed6fdec453195284ad24a5ae5b6e1eed2b848477fa2a4787ba9adf39a41?s=96&d=mm&r=g","contentUrl":"https:\/\/secure.gravatar.com\/avatar\/c7164ed6fdec453195284ad24a5ae5b6e1eed2b848477fa2a4787ba9adf39a41?s=96&d=mm&r=g","caption":"Redacci\u00f3n QP"},"url":"https:\/\/quehacerpolitico.mx\/?author=2"}]}},"featured_image_urls":{"full":["https:\/\/quehacerpolitico.mx\/wp-content\/uploads\/2021\/01\/581C67F5-7281-45A8-B42C-B557AE521ADB.jpeg",1242,670,false],"thumbnail":["https:\/\/quehacerpolitico.mx\/wp-content\/uploads\/2021\/01\/581C67F5-7281-45A8-B42C-B557AE521ADB-150x150.jpeg",150,150,true],"medium":["https:\/\/quehacerpolitico.mx\/wp-content\/uploads\/2021\/01\/581C67F5-7281-45A8-B42C-B557AE521ADB-300x162.jpeg",300,162,true],"medium_large":["https:\/\/quehacerpolitico.mx\/wp-content\/uploads\/2021\/01\/581C67F5-7281-45A8-B42C-B557AE521ADB-768x414.jpeg",640,345,true],"large":["https:\/\/quehacerpolitico.mx\/wp-content\/uploads\/2021\/01\/581C67F5-7281-45A8-B42C-B557AE521ADB-1024x552.jpeg",640,345,true],"1536x1536":["https:\/\/quehacerpolitico.mx\/wp-content\/uploads\/2021\/01\/581C67F5-7281-45A8-B42C-B557AE521ADB.jpeg",1242,670,false],"2048x2048":["https:\/\/quehacerpolitico.mx\/wp-content\/uploads\/2021\/01\/581C67F5-7281-45A8-B42C-B557AE521ADB.jpeg",1242,670,false],"covernews-featured":["https:\/\/quehacerpolitico.mx\/wp-content\/uploads\/2021\/01\/581C67F5-7281-45A8-B42C-B557AE521ADB.jpeg",1024,552,false],"covernews-medium":["https:\/\/quehacerpolitico.mx\/wp-content\/uploads\/2021\/01\/581C67F5-7281-45A8-B42C-B557AE521ADB.jpeg",540,291,false]},"author_info":{"display_name":"Redacci\u00f3n QP","author_link":"https:\/\/quehacerpolitico.mx\/?author=2"},"category_info":"<a href=\"https:\/\/quehacerpolitico.mx\/?cat=2\" rel=\"category\">Noticias<\/a>","tag_info":"Noticias","comment_count":"0","_links":{"self":[{"href":"https:\/\/quehacerpolitico.mx\/index.php?rest_route=\/wp\/v2\/posts\/71553","targetHints":{"allow":["GET"]}}],"collection":[{"href":"https:\/\/quehacerpolitico.mx\/index.php?rest_route=\/wp\/v2\/posts"}],"about":[{"href":"https:\/\/quehacerpolitico.mx\/index.php?rest_route=\/wp\/v2\/types\/post"}],"author":[{"embeddable":true,"href":"https:\/\/quehacerpolitico.mx\/index.php?rest_route=\/wp\/v2\/users\/2"}],"replies":[{"embeddable":true,"href":"https:\/\/quehacerpolitico.mx\/index.php?rest_route=%2Fwp%2Fv2%2Fcomments&post=71553"}],"version-history":[{"count":0,"href":"https:\/\/quehacerpolitico.mx\/index.php?rest_route=\/wp\/v2\/posts\/71553\/revisions"}],"wp:featuredmedia":[{"embeddable":true,"href":"https:\/\/quehacerpolitico.mx\/index.php?rest_route=\/wp\/v2\/media\/71556"}],"wp:attachment":[{"href":"https:\/\/quehacerpolitico.mx\/index.php?rest_route=%2Fwp%2Fv2%2Fmedia&parent=71553"}],"wp:term":[{"taxonomy":"category","embeddable":true,"href":"https:\/\/quehacerpolitico.mx\/index.php?rest_route=%2Fwp%2Fv2%2Fcategories&post=71553"},{"taxonomy":"post_tag","embeddable":true,"href":"https:\/\/quehacerpolitico.mx\/index.php?rest_route=%2Fwp%2Fv2%2Ftags&post=71553"}],"curies":[{"name":"wp","href":"https:\/\/api.w.org\/{rel}","templated":true}]}}