{"id":7154,"date":"2018-10-18T14:25:56","date_gmt":"2018-10-18T14:25:56","guid":{"rendered":"http:\/\/quehacerpolitico.mx\/la-caravana-migrante-que-tiene-a-trump-tan-enojado-ya-llego-a-la-frontera-de-mexico-y-guatemala\/"},"modified":"2018-10-18T14:25:56","modified_gmt":"2018-10-18T14:25:56","slug":"la-caravana-migrante-que-tiene-a-trump-tan-enojado-ya-llego-a-la-frontera-de-mexico-y-guatemala","status":"publish","type":"post","link":"https:\/\/quehacerpolitico.mx\/?p=7154","title":{"rendered":"La Caravana Migrante que tiene a Trump tan enojado ya lleg\u00f3 a la frontera de M\u00e9xico y Guatemala"},"content":{"rendered":"<p>El primer grupo de la <strong>Caravana Migrante<\/strong> se acerc\u00f3 al puente fronterizo que <strong>conecta a Guatemala con M\u00e9xico<\/strong> y camin\u00f3 unos metros. Despu\u00e9s de viajar m\u00e1s de 700 kil\u00f3metros a pie y en auto a tramos, los caminantes se detuvieron a unos pasos de su destino y se sentaron en el suelo.<\/p>\n<p>Eran cuatro mujeres, con sus ni\u00f1os y tres hombres, que fueron alcanzados por una persona que les advirti\u00f3 que no los dejar\u00edan pasar y comenz\u00f3 a predicarles mensajes religiosos que ellos no parec\u00edan escuchar porque de inmediato comenzaron a buscar soluciones.<\/p>\n<p>En el grupo estaba Ram\u00f3n Rodr\u00edguez, de 58 a\u00f1os, quien dej\u00f3 a su hija y a su hijo en su casa de Villanueva, departamento de Cort\u00e9s, Honduras. Se ve\u00eda cansado y desesperado. Lo que \u00e9l dijo es parecido a lo que han dicho siempre las personas migrantes centroamericanas: que su pa\u00eds ya no sirve para vivir. Pero fue diferente c\u00f3mo lo dijo.<\/p>\n<blockquote>\n<p>\u201cVine caminando en partes. Venimos buscando la ayuda porque no tenemos empleo ni medicinas. No tenemos ni qu\u00e9 comer, nosotros no venimos a robar. Venimos a trabajar pero nosotros estamos confundidos de que ellos crean que nosotros somos ladrones\u201d, expres\u00f3.<\/p>\n<\/blockquote>\n<p>Despu\u00e9s cont\u00f3 que sus hijos llevan tres a\u00f1os buscando trabajo y \u00e9l, cinco. Detr\u00e1s suyo se miraban el r\u00edo Suchiate (frontera natural entre ambos pa\u00edses) y se divisaba M\u00e9xico.<\/p>\n<div id=\"attachment_3485924\" class=\"wp-caption alignnone\"><img loading=\"lazy\" decoding=\"async\" class=\"size-full wp-image-3485924\" src=\"http:\/\/www.sinembargo.mx\/wp-content\/uploads\/2018\/10\/migrantes-6.jpg\" sizes=\"auto, (max-width: 700px) 100vw, 700px\" srcset=\"http:\/\/www.sinembargo.mx\/wp-content\/uploads\/2018\/10\/migrantes-6.jpg 700w, http:\/\/www.sinembargo.mx\/wp-content\/uploads\/2018\/10\/migrantes-6-300x159.jpg 300w\" alt=\"\" width=\"700\" height=\"370\" \/><\/p>\n<p class=\"wp-caption-text\">Migrantes hondure\u00f1os que forman parte de una caravana que intenta llegar a Estados Unidos. Foto: AP<\/p>\n<\/div>\n<p>Lo que no se ve\u00eda es la presencia del operativo especial de la Polic\u00eda Federal (PF) y del Instituto Nacional de Migraci\u00f3n (INM).<\/p>\n<p>Una hora antes del t\u00edmido acercamiento del primer contingente de la Caravana Migrante, en la garita migratoria que est\u00e1 al otro lado del puente, el comisionado del INM, Gerardo Garc\u00eda, le dec\u00eda a los medios de comunicaci\u00f3n que s\u00f3lo entrar\u00e1n al pa\u00eds los que tengan visa y los que no, ser\u00e1n detenidos.<\/p>\n<p>Ah\u00ed mismo, el comisionado general de la Polic\u00eda Federal, Manelich Castillo Cravioto, declar\u00f3 que la dependencia a su cargo tiene los elementos capacitados para desempe\u00f1arse en \u201ccondiciones extremas\u201d listos para permanecer el tiempo que sea necesario apoyando las labores de seguridad ante la llegada de la Caravana Migrante.<\/p>\n<p>Ram\u00f3n Rodr\u00edguez \u2014quien fue parte del contingente que sali\u00f3 desde el 13 de octubre de San Pedro Sula y creci\u00f3 hasta superar las 3000 personas antes de romper el cerco policial de Guatemala \u2014,viaj\u00f3 en tr\u00e1ilers y coches hasta llegar al puente fronterizo.<\/p>\n<p>\u00c9l y las dem\u00e1s personas retrocedieron y se fueron hacia el centro de la ciudad, ya mejor informados sobre lo que podr\u00eda sucederles, para esperar a miles que vienen atr\u00e1s de ellos porque creen que as\u00ed van a lograr entrar a M\u00e9xico, aunque las autoridades dijeron que no lo permitir\u00e1n, y despu\u00e9s seguir hacia Estados Unidos, donde las autoridades tambi\u00e9n dijeron que la frontera estar\u00e1 cerrada.<\/p>\n<p>El peque\u00f1o grupo se intern\u00f3 a una iglesia evang\u00e9lica habituada a atender migrantes, en una galera donde cientos de personas esperan su momento para intentar cruzar. Entre miles de conversaciones que ah\u00ed se dan, se escuch\u00f3 a un hombre gritar: \u201c\u00a1corran la voz, que nadie se vaya a lo loco!\u201d.<\/p>\n<p>Otro suger\u00eda que \u201ctodos nos vayamos juntos\u201d y una madre de familia agradec\u00eda que pudo llegar con su hijo en el primer contingente gracias a la solidaridad del pueblo Guatemalteco que la mantuvo alimentada durante todo el trayecto y siempre ayud\u00e1ndola a desplazarse, haciendo soportable su viaje.<\/p>\n<p>Pero tambi\u00e9n abundaban los recuerdos de mujeres que rompieron en llanto, cargando melatas y beb\u00e9s, y que no pudieron m\u00e1s, e historias de menores de edad que no pudieron seguir por problemas de salud y de m\u00e1s personas sucumbiendo al cansancio.<\/p>\n<div id=\"attachment_3485934\" class=\"wp-caption alignnone\"><img loading=\"lazy\" decoding=\"async\" class=\"size-full wp-image-3485934\" src=\"http:\/\/www.sinembargo.mx\/wp-content\/uploads\/2018\/10\/caravana-m.jpg\" sizes=\"auto, (max-width: 700px) 100vw, 700px\" srcset=\"http:\/\/www.sinembargo.mx\/wp-content\/uploads\/2018\/10\/caravana-m.jpg 700w, http:\/\/www.sinembargo.mx\/wp-content\/uploads\/2018\/10\/caravana-m-300x157.jpg 300w\" alt=\"\" width=\"700\" height=\"366\" \/><\/p>\n<p class=\"wp-caption-text\">La Caravana sali\u00f3 de de Chiquimula, Guatemala, el mi\u00e9rcoles 17 de octubre de 2018. Foto: AP<\/p>\n<\/div>\n<p>Entre el grupo que se comunicaba bajo el fuerte ruido de la lluvia golpeando el techo de l\u00e1mina, tambi\u00e9n hab\u00edan muestras de j\u00fabilo porque llegaron muy lejos y nombraban con frecuencia a \u201clos que traen la bandera\u201d.<\/p>\n<p>Se refieren al contingente mayor que, de acuerdo con informaci\u00f3n emitida desde Guatemala, ya se encuentra en la capital de ese pa\u00eds y saldr\u00e1 este jueves temprano hacia Tec\u00fan Um\u00e1n cargando con la bandera hondure\u00f1a y tambi\u00e9n con su firme intenci\u00f3n de cruzar hacia M\u00e9xico.<\/p>\n<p>Este jueves por la ma\u00f1ana tendr\u00e1n una reuni\u00f3n para decidir qu\u00e9 van hacer cuando llegue la ola de paisanos con ese gran pedazo de tela azul y blanco que, a pesar de todo, a\u00fan los representa.<\/p>\n<p>Con Informaci\u00f3n de Chiapas Paralelo\u00a0<\/p>\n","protected":false},"excerpt":{"rendered":"<p>La Caravana Migrante que tiene a Trump tan enojado ya lleg\u00f3 a la frontera de M\u00e9xico y Guatemala<br \/>\nPor Redacci\u00f3n QP<\/p>\n","protected":false},"author":2,"featured_media":7153,"comment_status":"open","ping_status":"open","sticky":false,"template":"","format":"standard","meta":{"_monsterinsights_skip_tracking":false,"_monsterinsights_sitenote_active":false,"_monsterinsights_sitenote_note":"","_monsterinsights_sitenote_category":0,"footnotes":""},"categories":[2],"tags":[],"class_list":["post-7154","post","type-post","status-publish","format-standard","has-post-thumbnail","hentry","category-noticias"],"yoast_head":"<!-- This site is optimized with the Yoast SEO plugin v27.3 - https:\/\/yoast.com\/product\/yoast-seo-wordpress\/ -->\n<title>La Caravana Migrante que tiene a Trump tan enojado ya lleg\u00f3 a la frontera de M\u00e9xico y Guatemala -<\/title>\n<meta name=\"robots\" content=\"index, follow, max-snippet:-1, max-image-preview:large, max-video-preview:-1\" \/>\n<link rel=\"canonical\" href=\"https:\/\/quehacerpolitico.mx\/?p=7154\" \/>\n<meta property=\"og:locale\" content=\"es_MX\" \/>\n<meta property=\"og:type\" content=\"article\" \/>\n<meta property=\"og:title\" content=\"La Caravana Migrante que tiene a Trump tan enojado ya lleg\u00f3 a la frontera de M\u00e9xico y Guatemala -\" \/>\n<meta property=\"og:description\" content=\"La Caravana Migrante que tiene a Trump tan enojado ya lleg\u00f3 a la frontera de M\u00e9xico y Guatemala Por Redacci\u00f3n QP\" \/>\n<meta property=\"og:url\" content=\"https:\/\/quehacerpolitico.mx\/?p=7154\" \/>\n<meta property=\"article:published_time\" content=\"2018-10-18T14:25:56+00:00\" \/>\n<meta name=\"author\" content=\"Redacci\u00f3n QP\" \/>\n<meta name=\"twitter:card\" content=\"summary_large_image\" \/>\n<meta name=\"twitter:label1\" content=\"Escrito por\" \/>\n\t<meta name=\"twitter:data1\" content=\"Redacci\u00f3n QP\" \/>\n\t<meta name=\"twitter:label2\" content=\"Tiempo de lectura\" \/>\n\t<meta name=\"twitter:data2\" content=\"4 minutos\" \/>\n<script type=\"application\/ld+json\" class=\"yoast-schema-graph\">{\"@context\":\"https:\\\/\\\/schema.org\",\"@graph\":[{\"@type\":\"Article\",\"@id\":\"https:\\\/\\\/quehacerpolitico.mx\\\/?p=7154#article\",\"isPartOf\":{\"@id\":\"https:\\\/\\\/quehacerpolitico.mx\\\/?p=7154\"},\"author\":{\"name\":\"Redacci\u00f3n QP\",\"@id\":\"https:\\\/\\\/quehacerpolitico.mx\\\/#\\\/schema\\\/person\\\/496d8ad2d1d3f8036101dca7ee39e585\"},\"headline\":\"La Caravana Migrante que tiene a Trump tan enojado ya lleg\u00f3 a la frontera de M\u00e9xico y Guatemala\",\"datePublished\":\"2018-10-18T14:25:56+00:00\",\"mainEntityOfPage\":{\"@id\":\"https:\\\/\\\/quehacerpolitico.mx\\\/?p=7154\"},\"wordCount\":833,\"commentCount\":0,\"image\":{\"@id\":\"https:\\\/\\\/quehacerpolitico.mx\\\/?p=7154#primaryimage\"},\"thumbnailUrl\":\"\",\"articleSection\":[\"Noticias\"],\"inLanguage\":\"es\",\"potentialAction\":[{\"@type\":\"CommentAction\",\"name\":\"Comment\",\"target\":[\"https:\\\/\\\/quehacerpolitico.mx\\\/?p=7154#respond\"]}]},{\"@type\":\"WebPage\",\"@id\":\"https:\\\/\\\/quehacerpolitico.mx\\\/?p=7154\",\"url\":\"https:\\\/\\\/quehacerpolitico.mx\\\/?p=7154\",\"name\":\"La Caravana Migrante que tiene a Trump tan enojado ya lleg\u00f3 a la frontera de M\u00e9xico y Guatemala -\",\"isPartOf\":{\"@id\":\"https:\\\/\\\/quehacerpolitico.mx\\\/#website\"},\"primaryImageOfPage\":{\"@id\":\"https:\\\/\\\/quehacerpolitico.mx\\\/?p=7154#primaryimage\"},\"image\":{\"@id\":\"https:\\\/\\\/quehacerpolitico.mx\\\/?p=7154#primaryimage\"},\"thumbnailUrl\":\"\",\"datePublished\":\"2018-10-18T14:25:56+00:00\",\"author\":{\"@id\":\"https:\\\/\\\/quehacerpolitico.mx\\\/#\\\/schema\\\/person\\\/496d8ad2d1d3f8036101dca7ee39e585\"},\"breadcrumb\":{\"@id\":\"https:\\\/\\\/quehacerpolitico.mx\\\/?p=7154#breadcrumb\"},\"inLanguage\":\"es\",\"potentialAction\":[{\"@type\":\"ReadAction\",\"target\":[\"https:\\\/\\\/quehacerpolitico.mx\\\/?p=7154\"]}]},{\"@type\":\"ImageObject\",\"inLanguage\":\"es\",\"@id\":\"https:\\\/\\\/quehacerpolitico.mx\\\/?p=7154#primaryimage\",\"url\":\"\",\"contentUrl\":\"\"},{\"@type\":\"BreadcrumbList\",\"@id\":\"https:\\\/\\\/quehacerpolitico.mx\\\/?p=7154#breadcrumb\",\"itemListElement\":[{\"@type\":\"ListItem\",\"position\":1,\"name\":\"Inicio\",\"item\":\"https:\\\/\\\/quehacerpolitico.mx\\\/\"},{\"@type\":\"ListItem\",\"position\":2,\"name\":\"La Caravana Migrante que tiene a Trump tan enojado ya lleg\u00f3 a la frontera de M\u00e9xico y Guatemala\"}]},{\"@type\":\"WebSite\",\"@id\":\"https:\\\/\\\/quehacerpolitico.mx\\\/#website\",\"url\":\"https:\\\/\\\/quehacerpolitico.mx\\\/\",\"name\":\"\",\"description\":\"\",\"potentialAction\":[{\"@type\":\"SearchAction\",\"target\":{\"@type\":\"EntryPoint\",\"urlTemplate\":\"https:\\\/\\\/quehacerpolitico.mx\\\/?s={search_term_string}\"},\"query-input\":{\"@type\":\"PropertyValueSpecification\",\"valueRequired\":true,\"valueName\":\"search_term_string\"}}],\"inLanguage\":\"es\"},{\"@type\":\"Person\",\"@id\":\"https:\\\/\\\/quehacerpolitico.mx\\\/#\\\/schema\\\/person\\\/496d8ad2d1d3f8036101dca7ee39e585\",\"name\":\"Redacci\u00f3n QP\",\"image\":{\"@type\":\"ImageObject\",\"inLanguage\":\"es\",\"@id\":\"https:\\\/\\\/secure.gravatar.com\\\/avatar\\\/c7164ed6fdec453195284ad24a5ae5b6e1eed2b848477fa2a4787ba9adf39a41?s=96&d=mm&r=g\",\"url\":\"https:\\\/\\\/secure.gravatar.com\\\/avatar\\\/c7164ed6fdec453195284ad24a5ae5b6e1eed2b848477fa2a4787ba9adf39a41?s=96&d=mm&r=g\",\"contentUrl\":\"https:\\\/\\\/secure.gravatar.com\\\/avatar\\\/c7164ed6fdec453195284ad24a5ae5b6e1eed2b848477fa2a4787ba9adf39a41?s=96&d=mm&r=g\",\"caption\":\"Redacci\u00f3n QP\"},\"url\":\"https:\\\/\\\/quehacerpolitico.mx\\\/?author=2\"}]}<\/script>\n<!-- \/ Yoast SEO plugin. -->","yoast_head_json":{"title":"La Caravana Migrante que tiene a Trump tan enojado ya lleg\u00f3 a la frontera de M\u00e9xico y Guatemala -","robots":{"index":"index","follow":"follow","max-snippet":"max-snippet:-1","max-image-preview":"max-image-preview:large","max-video-preview":"max-video-preview:-1"},"canonical":"https:\/\/quehacerpolitico.mx\/?p=7154","og_locale":"es_MX","og_type":"article","og_title":"La Caravana Migrante que tiene a Trump tan enojado ya lleg\u00f3 a la frontera de M\u00e9xico y Guatemala -","og_description":"La Caravana Migrante que tiene a Trump tan enojado ya lleg\u00f3 a la frontera de M\u00e9xico y Guatemala Por Redacci\u00f3n QP","og_url":"https:\/\/quehacerpolitico.mx\/?p=7154","article_published_time":"2018-10-18T14:25:56+00:00","author":"Redacci\u00f3n QP","twitter_card":"summary_large_image","twitter_misc":{"Escrito por":"Redacci\u00f3n QP","Tiempo de lectura":"4 minutos"},"schema":{"@context":"https:\/\/schema.org","@graph":[{"@type":"Article","@id":"https:\/\/quehacerpolitico.mx\/?p=7154#article","isPartOf":{"@id":"https:\/\/quehacerpolitico.mx\/?p=7154"},"author":{"name":"Redacci\u00f3n QP","@id":"https:\/\/quehacerpolitico.mx\/#\/schema\/person\/496d8ad2d1d3f8036101dca7ee39e585"},"headline":"La Caravana Migrante que tiene a Trump tan enojado ya lleg\u00f3 a la frontera de M\u00e9xico y Guatemala","datePublished":"2018-10-18T14:25:56+00:00","mainEntityOfPage":{"@id":"https:\/\/quehacerpolitico.mx\/?p=7154"},"wordCount":833,"commentCount":0,"image":{"@id":"https:\/\/quehacerpolitico.mx\/?p=7154#primaryimage"},"thumbnailUrl":"","articleSection":["Noticias"],"inLanguage":"es","potentialAction":[{"@type":"CommentAction","name":"Comment","target":["https:\/\/quehacerpolitico.mx\/?p=7154#respond"]}]},{"@type":"WebPage","@id":"https:\/\/quehacerpolitico.mx\/?p=7154","url":"https:\/\/quehacerpolitico.mx\/?p=7154","name":"La Caravana Migrante que tiene a Trump tan enojado ya lleg\u00f3 a la frontera de M\u00e9xico y Guatemala -","isPartOf":{"@id":"https:\/\/quehacerpolitico.mx\/#website"},"primaryImageOfPage":{"@id":"https:\/\/quehacerpolitico.mx\/?p=7154#primaryimage"},"image":{"@id":"https:\/\/quehacerpolitico.mx\/?p=7154#primaryimage"},"thumbnailUrl":"","datePublished":"2018-10-18T14:25:56+00:00","author":{"@id":"https:\/\/quehacerpolitico.mx\/#\/schema\/person\/496d8ad2d1d3f8036101dca7ee39e585"},"breadcrumb":{"@id":"https:\/\/quehacerpolitico.mx\/?p=7154#breadcrumb"},"inLanguage":"es","potentialAction":[{"@type":"ReadAction","target":["https:\/\/quehacerpolitico.mx\/?p=7154"]}]},{"@type":"ImageObject","inLanguage":"es","@id":"https:\/\/quehacerpolitico.mx\/?p=7154#primaryimage","url":"","contentUrl":""},{"@type":"BreadcrumbList","@id":"https:\/\/quehacerpolitico.mx\/?p=7154#breadcrumb","itemListElement":[{"@type":"ListItem","position":1,"name":"Inicio","item":"https:\/\/quehacerpolitico.mx\/"},{"@type":"ListItem","position":2,"name":"La Caravana Migrante que tiene a Trump tan enojado ya lleg\u00f3 a la frontera de M\u00e9xico y Guatemala"}]},{"@type":"WebSite","@id":"https:\/\/quehacerpolitico.mx\/#website","url":"https:\/\/quehacerpolitico.mx\/","name":"","description":"","potentialAction":[{"@type":"SearchAction","target":{"@type":"EntryPoint","urlTemplate":"https:\/\/quehacerpolitico.mx\/?s={search_term_string}"},"query-input":{"@type":"PropertyValueSpecification","valueRequired":true,"valueName":"search_term_string"}}],"inLanguage":"es"},{"@type":"Person","@id":"https:\/\/quehacerpolitico.mx\/#\/schema\/person\/496d8ad2d1d3f8036101dca7ee39e585","name":"Redacci\u00f3n QP","image":{"@type":"ImageObject","inLanguage":"es","@id":"https:\/\/secure.gravatar.com\/avatar\/c7164ed6fdec453195284ad24a5ae5b6e1eed2b848477fa2a4787ba9adf39a41?s=96&d=mm&r=g","url":"https:\/\/secure.gravatar.com\/avatar\/c7164ed6fdec453195284ad24a5ae5b6e1eed2b848477fa2a4787ba9adf39a41?s=96&d=mm&r=g","contentUrl":"https:\/\/secure.gravatar.com\/avatar\/c7164ed6fdec453195284ad24a5ae5b6e1eed2b848477fa2a4787ba9adf39a41?s=96&d=mm&r=g","caption":"Redacci\u00f3n QP"},"url":"https:\/\/quehacerpolitico.mx\/?author=2"}]}},"featured_image_urls":{"full":"","thumbnail":"","medium":"","medium_large":"","large":"","1536x1536":"","2048x2048":"","covernews-featured":"","covernews-medium":""},"author_info":{"display_name":"Redacci\u00f3n QP","author_link":"https:\/\/quehacerpolitico.mx\/?author=2"},"category_info":"<a href=\"https:\/\/quehacerpolitico.mx\/?cat=2\" rel=\"category\">Noticias<\/a>","tag_info":"Noticias","comment_count":"0","_links":{"self":[{"href":"https:\/\/quehacerpolitico.mx\/index.php?rest_route=\/wp\/v2\/posts\/7154","targetHints":{"allow":["GET"]}}],"collection":[{"href":"https:\/\/quehacerpolitico.mx\/index.php?rest_route=\/wp\/v2\/posts"}],"about":[{"href":"https:\/\/quehacerpolitico.mx\/index.php?rest_route=\/wp\/v2\/types\/post"}],"author":[{"embeddable":true,"href":"https:\/\/quehacerpolitico.mx\/index.php?rest_route=\/wp\/v2\/users\/2"}],"replies":[{"embeddable":true,"href":"https:\/\/quehacerpolitico.mx\/index.php?rest_route=%2Fwp%2Fv2%2Fcomments&post=7154"}],"version-history":[{"count":0,"href":"https:\/\/quehacerpolitico.mx\/index.php?rest_route=\/wp\/v2\/posts\/7154\/revisions"}],"wp:featuredmedia":[{"embeddable":true,"href":"https:\/\/quehacerpolitico.mx\/index.php?rest_route=\/"}],"wp:attachment":[{"href":"https:\/\/quehacerpolitico.mx\/index.php?rest_route=%2Fwp%2Fv2%2Fmedia&parent=7154"}],"wp:term":[{"taxonomy":"category","embeddable":true,"href":"https:\/\/quehacerpolitico.mx\/index.php?rest_route=%2Fwp%2Fv2%2Fcategories&post=7154"},{"taxonomy":"post_tag","embeddable":true,"href":"https:\/\/quehacerpolitico.mx\/index.php?rest_route=%2Fwp%2Fv2%2Ftags&post=7154"}],"curies":[{"name":"wp","href":"https:\/\/api.w.org\/{rel}","templated":true}]}}