{"id":71514,"date":"2021-01-07T02:05:01","date_gmt":"2021-01-07T02:05:01","guid":{"rendered":"https:\/\/quehacerpolitico.mx\/?p=71514"},"modified":"2021-01-07T02:05:01","modified_gmt":"2021-01-07T02:05:01","slug":"ine-aprueba-spot-de-morena-una-desgracia-para-mexico","status":"publish","type":"post","link":"https:\/\/quehacerpolitico.mx\/?p=71514","title":{"rendered":"INE aprueba spot de &#8220;Morena, una desgracia para M\u00e9xico&#8221;"},"content":{"rendered":"<h1 class=\"news-title\">INE aprueba spot de &#8220;Morena, una desgracia para M\u00e9xico&#8221;<br \/>\nPor Redacci\u00f3n QP<\/h1>\n<p>La Comisi\u00f3n de Quejas y Denuncias permitir\u00e1 que el spot &#8220;Barredora&#8221; contin\u00fae bajo el argumento de que este es un spot &#8220;espejo&#8221; del que presento Morena, &#8220;Vacuna Covid&#8221;<\/p>\n<p>La Comisi\u00f3n de Quejas y Denuncias del Instituto Nacional Electoral (INE) desech\u00f3 la solicitud de Morena de bajar el spot &#8220;Barredora&#8221; en el cual el Partido Revolucionario Institucional (PRI) reclama que Morena &#8220;es una desgracia para M\u00e9xico&#8221;.<\/p>\n<p>En un video de 30 segundos que <strong>el PRI comenz\u00f3 a transmitir desde el 3 de enero<\/strong>recuerda que el partido en el poder prometi\u00f3 &#8220;barrer de arriba hacia abajo&#8221; mientras muestra la imagen de una escoba barriendo billetes, medicamentos, juguetes y mazorcas de ma\u00edz, as\u00ed como un casco de pl\u00e1stico y un par de tacones. Al final, <strong>acusa al partido en el poder de ser &#8220;una desgracia para M\u00e9xico<\/strong>&#8220;.<\/p>\n<p>La Comisi\u00f3n de Quejas y Denuncias permitir\u00e1 que el spot &#8220;Barredora&#8221; contin\u00fae bajo el argumento de que este es un spot &#8220;espejo&#8221; del que presento Morena, &#8220;Vacuna Covid&#8221; a trav\u00e9s del cual se relacionan las acciones del gobierno federal con el partido del cual surgi\u00f3, Morena.<\/p>\n<p>En este sentido, consider\u00f3 que <strong>as\u00ed como se permiti\u00f3 mantener un spot que alababa las acciones del gobierno federal, es correspondiente mantener otro anuncio que critica las acciones del gobierno.<\/strong><\/p>\n<p>&#8220;\u00bfSer\u00eda congruente que declaremos las acciones del gobierno pero declaremos la improcedencia que se refiere a acciones malas del gobierno? Si al partido en el gobierno le dejamos los spots donde reivindican las acciones del gobierno, a la oposici\u00f3n le debemos de mantener los spots donde critican las acciones del gobierno&#8221;, dijo el consejero Ciro Murayama.<\/p>\n<p><strong>Por otro lado, el INE orden\u00f3 al PRD bajar el spot en el cual promueve la alianza PAN-PRI-PRD<\/strong> por considerar que est\u00e1 fuera de tiempo por transmitirse en pre-campa\u00f1a y no en campa\u00f1a electoral.<\/p>\n<p>El PRD ha difundido el\u00a0promocional identificado como &#8220;Alianza&#8221;, en el cual se hace un llamado a no votar por Morena para evitar que este partido obtenga la mayor\u00eda en la C\u00e1mara de Diputados; y se pide votar por la alianza.<\/p>\n<p>Para este\u00a0spot\u00a0los integrantes de la Comisi\u00f3n de Quejas y Denuncias del INE consideraron que el promocional constituye propaganda electoral, &#8220;cuya difusi\u00f3n no puede darse en etapa de precampa\u00f1a&#8221;.<\/p>\n<p>&#8220;Esta circunstancia de las coaliciones es un mensaje de propaganda electoral y no puede darse m\u00e1s que en la etapa de las campa\u00f1as. Lo ideal en esta etapa es que los partidos se pronuncien sobre lo que tiene que ver con las precampa\u00f1as que es el proceso interno de selecci\u00f3n de las candidaturas, qu\u00e9 m\u00e9todos est\u00e1n utilizando para ayudar a definir qu\u00e9 personas est\u00e1n siendo registradas como candidatas&#8221;, consider\u00f3 Adriana Favela Herrera, tambi\u00e9n integrante de la Comisi\u00f3n.<\/p>\n<p>Con informaci\u00f3n de SUN<\/p>\n","protected":false},"excerpt":{"rendered":"<p>INE aprueba spot de &#8220;Morena, una desgracia para M\u00e9xico&#8221; Por Redacci\u00f3n QP La Comisi\u00f3n de&#8230;<\/p>\n","protected":false},"author":2,"featured_media":71517,"comment_status":"open","ping_status":"open","sticky":false,"template":"","format":"standard","meta":{"_monsterinsights_skip_tracking":false,"_monsterinsights_sitenote_active":false,"_monsterinsights_sitenote_note":"","_monsterinsights_sitenote_category":0,"footnotes":""},"categories":[2],"tags":[],"class_list":["post-71514","post","type-post","status-publish","format-standard","has-post-thumbnail","hentry","category-noticias"],"yoast_head":"<!-- This site is optimized with the Yoast SEO plugin v27.3 - https:\/\/yoast.com\/product\/yoast-seo-wordpress\/ -->\n<title>INE aprueba spot de &quot;Morena, una desgracia para M\u00e9xico&quot; -<\/title>\n<meta name=\"robots\" content=\"index, follow, max-snippet:-1, max-image-preview:large, max-video-preview:-1\" \/>\n<link rel=\"canonical\" href=\"https:\/\/quehacerpolitico.mx\/?p=71514\" \/>\n<meta property=\"og:locale\" content=\"es_MX\" \/>\n<meta property=\"og:type\" content=\"article\" \/>\n<meta property=\"og:title\" content=\"INE aprueba spot de &quot;Morena, una desgracia para M\u00e9xico&quot; -\" \/>\n<meta property=\"og:description\" content=\"INE aprueba spot de &#8220;Morena, una desgracia para M\u00e9xico&#8221; Por Redacci\u00f3n QP La Comisi\u00f3n de...\" \/>\n<meta property=\"og:url\" content=\"https:\/\/quehacerpolitico.mx\/?p=71514\" \/>\n<meta property=\"article:published_time\" content=\"2021-01-07T02:05:01+00:00\" \/>\n<meta property=\"og:image\" content=\"https:\/\/quehacerpolitico.mx\/wp-content\/uploads\/2021\/01\/E1C0B32C-7BA5-433E-B497-671986796983.jpeg\" \/>\n\t<meta property=\"og:image:width\" content=\"653\" \/>\n\t<meta property=\"og:image:height\" content=\"401\" \/>\n\t<meta property=\"og:image:type\" content=\"image\/jpeg\" \/>\n<meta name=\"author\" content=\"Redacci\u00f3n QP\" \/>\n<meta name=\"twitter:card\" content=\"summary_large_image\" \/>\n<meta name=\"twitter:label1\" content=\"Escrito por\" \/>\n\t<meta name=\"twitter:data1\" content=\"Redacci\u00f3n QP\" \/>\n\t<meta name=\"twitter:label2\" content=\"Tiempo de lectura\" \/>\n\t<meta name=\"twitter:data2\" content=\"2 minutos\" \/>\n<script type=\"application\/ld+json\" class=\"yoast-schema-graph\">{\"@context\":\"https:\\\/\\\/schema.org\",\"@graph\":[{\"@type\":\"Article\",\"@id\":\"https:\\\/\\\/quehacerpolitico.mx\\\/?p=71514#article\",\"isPartOf\":{\"@id\":\"https:\\\/\\\/quehacerpolitico.mx\\\/?p=71514\"},\"author\":{\"name\":\"Redacci\u00f3n QP\",\"@id\":\"https:\\\/\\\/quehacerpolitico.mx\\\/#\\\/schema\\\/person\\\/496d8ad2d1d3f8036101dca7ee39e585\"},\"headline\":\"INE aprueba spot de &#8220;Morena, una desgracia para M\u00e9xico&#8221;\",\"datePublished\":\"2021-01-07T02:05:01+00:00\",\"mainEntityOfPage\":{\"@id\":\"https:\\\/\\\/quehacerpolitico.mx\\\/?p=71514\"},\"wordCount\":503,\"commentCount\":0,\"image\":{\"@id\":\"https:\\\/\\\/quehacerpolitico.mx\\\/?p=71514#primaryimage\"},\"thumbnailUrl\":\"https:\\\/\\\/quehacerpolitico.mx\\\/wp-content\\\/uploads\\\/2021\\\/01\\\/E1C0B32C-7BA5-433E-B497-671986796983.jpeg\",\"articleSection\":[\"Noticias\"],\"inLanguage\":\"es\",\"potentialAction\":[{\"@type\":\"CommentAction\",\"name\":\"Comment\",\"target\":[\"https:\\\/\\\/quehacerpolitico.mx\\\/?p=71514#respond\"]}]},{\"@type\":\"WebPage\",\"@id\":\"https:\\\/\\\/quehacerpolitico.mx\\\/?p=71514\",\"url\":\"https:\\\/\\\/quehacerpolitico.mx\\\/?p=71514\",\"name\":\"INE aprueba spot de \\\"Morena, una desgracia para M\u00e9xico\\\" -\",\"isPartOf\":{\"@id\":\"https:\\\/\\\/quehacerpolitico.mx\\\/#website\"},\"primaryImageOfPage\":{\"@id\":\"https:\\\/\\\/quehacerpolitico.mx\\\/?p=71514#primaryimage\"},\"image\":{\"@id\":\"https:\\\/\\\/quehacerpolitico.mx\\\/?p=71514#primaryimage\"},\"thumbnailUrl\":\"https:\\\/\\\/quehacerpolitico.mx\\\/wp-content\\\/uploads\\\/2021\\\/01\\\/E1C0B32C-7BA5-433E-B497-671986796983.jpeg\",\"datePublished\":\"2021-01-07T02:05:01+00:00\",\"author\":{\"@id\":\"https:\\\/\\\/quehacerpolitico.mx\\\/#\\\/schema\\\/person\\\/496d8ad2d1d3f8036101dca7ee39e585\"},\"breadcrumb\":{\"@id\":\"https:\\\/\\\/quehacerpolitico.mx\\\/?p=71514#breadcrumb\"},\"inLanguage\":\"es\",\"potentialAction\":[{\"@type\":\"ReadAction\",\"target\":[\"https:\\\/\\\/quehacerpolitico.mx\\\/?p=71514\"]}]},{\"@type\":\"ImageObject\",\"inLanguage\":\"es\",\"@id\":\"https:\\\/\\\/quehacerpolitico.mx\\\/?p=71514#primaryimage\",\"url\":\"https:\\\/\\\/quehacerpolitico.mx\\\/wp-content\\\/uploads\\\/2021\\\/01\\\/E1C0B32C-7BA5-433E-B497-671986796983.jpeg\",\"contentUrl\":\"https:\\\/\\\/quehacerpolitico.mx\\\/wp-content\\\/uploads\\\/2021\\\/01\\\/E1C0B32C-7BA5-433E-B497-671986796983.jpeg\",\"width\":653,\"height\":401},{\"@type\":\"BreadcrumbList\",\"@id\":\"https:\\\/\\\/quehacerpolitico.mx\\\/?p=71514#breadcrumb\",\"itemListElement\":[{\"@type\":\"ListItem\",\"position\":1,\"name\":\"Inicio\",\"item\":\"https:\\\/\\\/quehacerpolitico.mx\\\/\"},{\"@type\":\"ListItem\",\"position\":2,\"name\":\"INE aprueba spot de &#8220;Morena, una desgracia para M\u00e9xico&#8221;\"}]},{\"@type\":\"WebSite\",\"@id\":\"https:\\\/\\\/quehacerpolitico.mx\\\/#website\",\"url\":\"https:\\\/\\\/quehacerpolitico.mx\\\/\",\"name\":\"\",\"description\":\"\",\"potentialAction\":[{\"@type\":\"SearchAction\",\"target\":{\"@type\":\"EntryPoint\",\"urlTemplate\":\"https:\\\/\\\/quehacerpolitico.mx\\\/?s={search_term_string}\"},\"query-input\":{\"@type\":\"PropertyValueSpecification\",\"valueRequired\":true,\"valueName\":\"search_term_string\"}}],\"inLanguage\":\"es\"},{\"@type\":\"Person\",\"@id\":\"https:\\\/\\\/quehacerpolitico.mx\\\/#\\\/schema\\\/person\\\/496d8ad2d1d3f8036101dca7ee39e585\",\"name\":\"Redacci\u00f3n QP\",\"image\":{\"@type\":\"ImageObject\",\"inLanguage\":\"es\",\"@id\":\"https:\\\/\\\/secure.gravatar.com\\\/avatar\\\/c7164ed6fdec453195284ad24a5ae5b6e1eed2b848477fa2a4787ba9adf39a41?s=96&d=mm&r=g\",\"url\":\"https:\\\/\\\/secure.gravatar.com\\\/avatar\\\/c7164ed6fdec453195284ad24a5ae5b6e1eed2b848477fa2a4787ba9adf39a41?s=96&d=mm&r=g\",\"contentUrl\":\"https:\\\/\\\/secure.gravatar.com\\\/avatar\\\/c7164ed6fdec453195284ad24a5ae5b6e1eed2b848477fa2a4787ba9adf39a41?s=96&d=mm&r=g\",\"caption\":\"Redacci\u00f3n QP\"},\"url\":\"https:\\\/\\\/quehacerpolitico.mx\\\/?author=2\"}]}<\/script>\n<!-- \/ Yoast SEO plugin. -->","yoast_head_json":{"title":"INE aprueba spot de \"Morena, una desgracia para M\u00e9xico\" -","robots":{"index":"index","follow":"follow","max-snippet":"max-snippet:-1","max-image-preview":"max-image-preview:large","max-video-preview":"max-video-preview:-1"},"canonical":"https:\/\/quehacerpolitico.mx\/?p=71514","og_locale":"es_MX","og_type":"article","og_title":"INE aprueba spot de \"Morena, una desgracia para M\u00e9xico\" -","og_description":"INE aprueba spot de &#8220;Morena, una desgracia para M\u00e9xico&#8221; Por Redacci\u00f3n QP La Comisi\u00f3n de...","og_url":"https:\/\/quehacerpolitico.mx\/?p=71514","article_published_time":"2021-01-07T02:05:01+00:00","og_image":[{"width":653,"height":401,"url":"https:\/\/quehacerpolitico.mx\/wp-content\/uploads\/2021\/01\/E1C0B32C-7BA5-433E-B497-671986796983.jpeg","type":"image\/jpeg"}],"author":"Redacci\u00f3n QP","twitter_card":"summary_large_image","twitter_misc":{"Escrito por":"Redacci\u00f3n QP","Tiempo de lectura":"2 minutos"},"schema":{"@context":"https:\/\/schema.org","@graph":[{"@type":"Article","@id":"https:\/\/quehacerpolitico.mx\/?p=71514#article","isPartOf":{"@id":"https:\/\/quehacerpolitico.mx\/?p=71514"},"author":{"name":"Redacci\u00f3n QP","@id":"https:\/\/quehacerpolitico.mx\/#\/schema\/person\/496d8ad2d1d3f8036101dca7ee39e585"},"headline":"INE aprueba spot de &#8220;Morena, una desgracia para M\u00e9xico&#8221;","datePublished":"2021-01-07T02:05:01+00:00","mainEntityOfPage":{"@id":"https:\/\/quehacerpolitico.mx\/?p=71514"},"wordCount":503,"commentCount":0,"image":{"@id":"https:\/\/quehacerpolitico.mx\/?p=71514#primaryimage"},"thumbnailUrl":"https:\/\/quehacerpolitico.mx\/wp-content\/uploads\/2021\/01\/E1C0B32C-7BA5-433E-B497-671986796983.jpeg","articleSection":["Noticias"],"inLanguage":"es","potentialAction":[{"@type":"CommentAction","name":"Comment","target":["https:\/\/quehacerpolitico.mx\/?p=71514#respond"]}]},{"@type":"WebPage","@id":"https:\/\/quehacerpolitico.mx\/?p=71514","url":"https:\/\/quehacerpolitico.mx\/?p=71514","name":"INE aprueba spot de \"Morena, una desgracia para M\u00e9xico\" -","isPartOf":{"@id":"https:\/\/quehacerpolitico.mx\/#website"},"primaryImageOfPage":{"@id":"https:\/\/quehacerpolitico.mx\/?p=71514#primaryimage"},"image":{"@id":"https:\/\/quehacerpolitico.mx\/?p=71514#primaryimage"},"thumbnailUrl":"https:\/\/quehacerpolitico.mx\/wp-content\/uploads\/2021\/01\/E1C0B32C-7BA5-433E-B497-671986796983.jpeg","datePublished":"2021-01-07T02:05:01+00:00","author":{"@id":"https:\/\/quehacerpolitico.mx\/#\/schema\/person\/496d8ad2d1d3f8036101dca7ee39e585"},"breadcrumb":{"@id":"https:\/\/quehacerpolitico.mx\/?p=71514#breadcrumb"},"inLanguage":"es","potentialAction":[{"@type":"ReadAction","target":["https:\/\/quehacerpolitico.mx\/?p=71514"]}]},{"@type":"ImageObject","inLanguage":"es","@id":"https:\/\/quehacerpolitico.mx\/?p=71514#primaryimage","url":"https:\/\/quehacerpolitico.mx\/wp-content\/uploads\/2021\/01\/E1C0B32C-7BA5-433E-B497-671986796983.jpeg","contentUrl":"https:\/\/quehacerpolitico.mx\/wp-content\/uploads\/2021\/01\/E1C0B32C-7BA5-433E-B497-671986796983.jpeg","width":653,"height":401},{"@type":"BreadcrumbList","@id":"https:\/\/quehacerpolitico.mx\/?p=71514#breadcrumb","itemListElement":[{"@type":"ListItem","position":1,"name":"Inicio","item":"https:\/\/quehacerpolitico.mx\/"},{"@type":"ListItem","position":2,"name":"INE aprueba spot de &#8220;Morena, una desgracia para M\u00e9xico&#8221;"}]},{"@type":"WebSite","@id":"https:\/\/quehacerpolitico.mx\/#website","url":"https:\/\/quehacerpolitico.mx\/","name":"","description":"","potentialAction":[{"@type":"SearchAction","target":{"@type":"EntryPoint","urlTemplate":"https:\/\/quehacerpolitico.mx\/?s={search_term_string}"},"query-input":{"@type":"PropertyValueSpecification","valueRequired":true,"valueName":"search_term_string"}}],"inLanguage":"es"},{"@type":"Person","@id":"https:\/\/quehacerpolitico.mx\/#\/schema\/person\/496d8ad2d1d3f8036101dca7ee39e585","name":"Redacci\u00f3n QP","image":{"@type":"ImageObject","inLanguage":"es","@id":"https:\/\/secure.gravatar.com\/avatar\/c7164ed6fdec453195284ad24a5ae5b6e1eed2b848477fa2a4787ba9adf39a41?s=96&d=mm&r=g","url":"https:\/\/secure.gravatar.com\/avatar\/c7164ed6fdec453195284ad24a5ae5b6e1eed2b848477fa2a4787ba9adf39a41?s=96&d=mm&r=g","contentUrl":"https:\/\/secure.gravatar.com\/avatar\/c7164ed6fdec453195284ad24a5ae5b6e1eed2b848477fa2a4787ba9adf39a41?s=96&d=mm&r=g","caption":"Redacci\u00f3n QP"},"url":"https:\/\/quehacerpolitico.mx\/?author=2"}]}},"featured_image_urls":{"full":["https:\/\/quehacerpolitico.mx\/wp-content\/uploads\/2021\/01\/E1C0B32C-7BA5-433E-B497-671986796983.jpeg",653,401,false],"thumbnail":["https:\/\/quehacerpolitico.mx\/wp-content\/uploads\/2021\/01\/E1C0B32C-7BA5-433E-B497-671986796983-150x150.jpeg",150,150,true],"medium":["https:\/\/quehacerpolitico.mx\/wp-content\/uploads\/2021\/01\/E1C0B32C-7BA5-433E-B497-671986796983-300x184.jpeg",300,184,true],"medium_large":["https:\/\/quehacerpolitico.mx\/wp-content\/uploads\/2021\/01\/E1C0B32C-7BA5-433E-B497-671986796983.jpeg",640,393,false],"large":["https:\/\/quehacerpolitico.mx\/wp-content\/uploads\/2021\/01\/E1C0B32C-7BA5-433E-B497-671986796983.jpeg",640,393,false],"1536x1536":["https:\/\/quehacerpolitico.mx\/wp-content\/uploads\/2021\/01\/E1C0B32C-7BA5-433E-B497-671986796983.jpeg",653,401,false],"2048x2048":["https:\/\/quehacerpolitico.mx\/wp-content\/uploads\/2021\/01\/E1C0B32C-7BA5-433E-B497-671986796983.jpeg",653,401,false],"covernews-featured":["https:\/\/quehacerpolitico.mx\/wp-content\/uploads\/2021\/01\/E1C0B32C-7BA5-433E-B497-671986796983.jpeg",653,401,false],"covernews-medium":["https:\/\/quehacerpolitico.mx\/wp-content\/uploads\/2021\/01\/E1C0B32C-7BA5-433E-B497-671986796983.jpeg",540,332,false]},"author_info":{"display_name":"Redacci\u00f3n QP","author_link":"https:\/\/quehacerpolitico.mx\/?author=2"},"category_info":"<a href=\"https:\/\/quehacerpolitico.mx\/?cat=2\" rel=\"category\">Noticias<\/a>","tag_info":"Noticias","comment_count":"0","_links":{"self":[{"href":"https:\/\/quehacerpolitico.mx\/index.php?rest_route=\/wp\/v2\/posts\/71514","targetHints":{"allow":["GET"]}}],"collection":[{"href":"https:\/\/quehacerpolitico.mx\/index.php?rest_route=\/wp\/v2\/posts"}],"about":[{"href":"https:\/\/quehacerpolitico.mx\/index.php?rest_route=\/wp\/v2\/types\/post"}],"author":[{"embeddable":true,"href":"https:\/\/quehacerpolitico.mx\/index.php?rest_route=\/wp\/v2\/users\/2"}],"replies":[{"embeddable":true,"href":"https:\/\/quehacerpolitico.mx\/index.php?rest_route=%2Fwp%2Fv2%2Fcomments&post=71514"}],"version-history":[{"count":0,"href":"https:\/\/quehacerpolitico.mx\/index.php?rest_route=\/wp\/v2\/posts\/71514\/revisions"}],"wp:featuredmedia":[{"embeddable":true,"href":"https:\/\/quehacerpolitico.mx\/index.php?rest_route=\/wp\/v2\/media\/71517"}],"wp:attachment":[{"href":"https:\/\/quehacerpolitico.mx\/index.php?rest_route=%2Fwp%2Fv2%2Fmedia&parent=71514"}],"wp:term":[{"taxonomy":"category","embeddable":true,"href":"https:\/\/quehacerpolitico.mx\/index.php?rest_route=%2Fwp%2Fv2%2Fcategories&post=71514"},{"taxonomy":"post_tag","embeddable":true,"href":"https:\/\/quehacerpolitico.mx\/index.php?rest_route=%2Fwp%2Fv2%2Ftags&post=71514"}],"curies":[{"name":"wp","href":"https:\/\/api.w.org\/{rel}","templated":true}]}}