{"id":71509,"date":"2021-01-07T01:52:58","date_gmt":"2021-01-07T01:52:58","guid":{"rendered":"https:\/\/quehacerpolitico.mx\/?p=71509"},"modified":"2021-01-07T01:52:58","modified_gmt":"2021-01-07T01:52:58","slug":"aumentan-delitos-contra-menores-de-edad-en-2020","status":"publish","type":"post","link":"https:\/\/quehacerpolitico.mx\/?p=71509","title":{"rendered":"Aumentan delitos contra menores de edad en 2020"},"content":{"rendered":"<h1 class=\"news-title\">Aumentan delitos contra menores de edad en 2020<br \/>\nPor Redacci\u00f3n QP<\/h1>\n<p>Los delitos de pornograf\u00eda infantil, feminicidios de ni\u00f1as, trata y rapto de menores de edad incrementaron debido al confinamiento por el coronavirus<\/p>\n<p>La Red por los Derechos de la Infancia (Redim) inform\u00f3 que, debido a las medidas de confinamiento por\u00a0la pandemia de coronavirus, durante el 2020 hubo un incremento en los delitos de <strong>pornograf\u00eda infantil, feminicidios de ni\u00f1as, trata y rapto de menores de edad.<\/strong><\/p>\n<p>&#8220;El aumento en los niveles de estr\u00e9s, la inseguridad econ\u00f3mica-alimentaria y el confinamiento a causa del COVID-19 han elevado los niveles de violencia en M\u00e9xico, y urge reforzar la protecci\u00f3n de la infancia y adolescencia ante esta situaci\u00f3n&#8221;, se\u00f1al\u00f3 la Redim en un\u00a0informe titulado &#8220;El a\u00f1o de la sindemia y el abandono de la ni\u00f1ez en M\u00e9xico&#8221;.<\/p>\n<p>El colectivo\u00a0indic\u00f3 que entre enero y junio del 2020 hubo un <strong>incremento de 157 por ciento en las denuncias ciudadanas por pornograf\u00eda infantil,<\/strong> en comparaci\u00f3n con el mismo periodo del 2019.<\/p>\n<p>Mientras en el primer semestre del 2019 se reportaron 121 casos de pornograf\u00eda infantil, el a\u00f1o pasado la cifra fue de 312.<\/p>\n<p>En cuanto al <strong>feminicidio de ni\u00f1as<\/strong>, la Redim explic\u00f3 que entre enero y octubre del 2020 hubo 93 incidentes, lo cual es un <strong>aumento de 17.7 por ciento<\/strong> respecto al mismo periodo del 2019.<\/p>\n<p>El Estado de M\u00e9xico es la entidad donde se registr\u00f3 uno de cada seis feminicidios de menores de edad.<\/p>\n<p>Entre enero y octubre del 2020, en comparaci\u00f3n con el mismo lapso del 2019, tambi\u00e9n hubo un incremento de <strong>27.7 por ciento en el delito de trata y 21 por ciento en el de rapto<\/strong> cometido contra menores.<\/p>\n<p>Ante\u00a0este panorama, la Redim urgi\u00f3 a las autoridades dar una respuesta a la situci\u00f3n de vulnerabilidad que viven los menores en medio de la pandemia.<\/p>\n<p>&#8220;Ni\u00f1as, ni\u00f1os y adolescentes se encuentran en una situaci\u00f3n de vulneraci\u00f3n de derechos en medio de esta pandemia, cuya magnitud del problema se ha multiplicado por el confinamiento, y para el que es urgente que el Estado mexicano d\u00e9 una respuesta urgente&#8221;.<\/p>\n<p>En su informe anual el colectivo de organizaciones tambi\u00e9n se\u00f1al\u00f3 que la pandemia por coronavirus\u00a0ha tenido un <strong>impacto negativo en la formaci\u00f3n escolar de los menores, el reclutamiento forzado por parte del crimen organizado y el trabajo infantil.<\/strong><\/p>\n<p>Sobre este \u00faltimo tema, la Redim se\u00f1al\u00f3 que por el aumento de la pobreza en el pa\u00eds, y tomando como referencia los c\u00e1lculos de la Organizaci\u00f3n Internacional del Trabajo (OIT), 2.5 millones de ni\u00f1os, ni\u00f1as y adolescentes se podr\u00edan sumar a la fuerza laboral del pa\u00eds, en la que ya se encuentran 3.27 millones de menores de edad.<\/p>\n<p>Con informaci\u00f3n de SUN<\/p>\n","protected":false},"excerpt":{"rendered":"<p>Aumentan delitos contra menores de edad en 2020 Por Redacci\u00f3n QP Los delitos de pornograf\u00eda&#8230;<\/p>\n","protected":false},"author":2,"featured_media":71512,"comment_status":"open","ping_status":"open","sticky":false,"template":"","format":"standard","meta":{"_monsterinsights_skip_tracking":false,"_monsterinsights_sitenote_active":false,"_monsterinsights_sitenote_note":"","_monsterinsights_sitenote_category":0,"footnotes":""},"categories":[2],"tags":[],"class_list":["post-71509","post","type-post","status-publish","format-standard","has-post-thumbnail","hentry","category-noticias"],"yoast_head":"<!-- This site is optimized with the Yoast SEO plugin v27.3 - https:\/\/yoast.com\/product\/yoast-seo-wordpress\/ -->\n<title>Aumentan delitos contra menores de edad en 2020 -<\/title>\n<meta name=\"robots\" content=\"index, follow, max-snippet:-1, max-image-preview:large, max-video-preview:-1\" \/>\n<link rel=\"canonical\" href=\"https:\/\/quehacerpolitico.mx\/?p=71509\" \/>\n<meta property=\"og:locale\" content=\"es_MX\" \/>\n<meta property=\"og:type\" content=\"article\" \/>\n<meta property=\"og:title\" content=\"Aumentan delitos contra menores de edad en 2020 -\" \/>\n<meta property=\"og:description\" content=\"Aumentan delitos contra menores de edad en 2020 Por Redacci\u00f3n QP Los delitos de pornograf\u00eda...\" \/>\n<meta property=\"og:url\" content=\"https:\/\/quehacerpolitico.mx\/?p=71509\" \/>\n<meta property=\"article:published_time\" content=\"2021-01-07T01:52:58+00:00\" \/>\n<meta property=\"og:image\" content=\"https:\/\/quehacerpolitico.mx\/wp-content\/uploads\/2021\/01\/3FD8B68C-D07B-44DA-91BC-35F9532C6FBB.jpeg\" \/>\n\t<meta property=\"og:image:width\" content=\"739\" \/>\n\t<meta property=\"og:image:height\" content=\"415\" \/>\n\t<meta property=\"og:image:type\" content=\"image\/jpeg\" \/>\n<meta name=\"author\" content=\"Redacci\u00f3n QP\" \/>\n<meta name=\"twitter:card\" content=\"summary_large_image\" \/>\n<meta name=\"twitter:label1\" content=\"Escrito por\" \/>\n\t<meta name=\"twitter:data1\" content=\"Redacci\u00f3n QP\" \/>\n\t<meta name=\"twitter:label2\" content=\"Tiempo de lectura\" \/>\n\t<meta name=\"twitter:data2\" content=\"2 minutos\" \/>\n<script type=\"application\/ld+json\" class=\"yoast-schema-graph\">{\"@context\":\"https:\\\/\\\/schema.org\",\"@graph\":[{\"@type\":\"Article\",\"@id\":\"https:\\\/\\\/quehacerpolitico.mx\\\/?p=71509#article\",\"isPartOf\":{\"@id\":\"https:\\\/\\\/quehacerpolitico.mx\\\/?p=71509\"},\"author\":{\"name\":\"Redacci\u00f3n QP\",\"@id\":\"https:\\\/\\\/quehacerpolitico.mx\\\/#\\\/schema\\\/person\\\/496d8ad2d1d3f8036101dca7ee39e585\"},\"headline\":\"Aumentan delitos contra menores de edad en 2020\",\"datePublished\":\"2021-01-07T01:52:58+00:00\",\"mainEntityOfPage\":{\"@id\":\"https:\\\/\\\/quehacerpolitico.mx\\\/?p=71509\"},\"wordCount\":477,\"commentCount\":0,\"image\":{\"@id\":\"https:\\\/\\\/quehacerpolitico.mx\\\/?p=71509#primaryimage\"},\"thumbnailUrl\":\"https:\\\/\\\/quehacerpolitico.mx\\\/wp-content\\\/uploads\\\/2021\\\/01\\\/3FD8B68C-D07B-44DA-91BC-35F9532C6FBB.jpeg\",\"articleSection\":[\"Noticias\"],\"inLanguage\":\"es\",\"potentialAction\":[{\"@type\":\"CommentAction\",\"name\":\"Comment\",\"target\":[\"https:\\\/\\\/quehacerpolitico.mx\\\/?p=71509#respond\"]}]},{\"@type\":\"WebPage\",\"@id\":\"https:\\\/\\\/quehacerpolitico.mx\\\/?p=71509\",\"url\":\"https:\\\/\\\/quehacerpolitico.mx\\\/?p=71509\",\"name\":\"Aumentan delitos contra menores de edad en 2020 -\",\"isPartOf\":{\"@id\":\"https:\\\/\\\/quehacerpolitico.mx\\\/#website\"},\"primaryImageOfPage\":{\"@id\":\"https:\\\/\\\/quehacerpolitico.mx\\\/?p=71509#primaryimage\"},\"image\":{\"@id\":\"https:\\\/\\\/quehacerpolitico.mx\\\/?p=71509#primaryimage\"},\"thumbnailUrl\":\"https:\\\/\\\/quehacerpolitico.mx\\\/wp-content\\\/uploads\\\/2021\\\/01\\\/3FD8B68C-D07B-44DA-91BC-35F9532C6FBB.jpeg\",\"datePublished\":\"2021-01-07T01:52:58+00:00\",\"author\":{\"@id\":\"https:\\\/\\\/quehacerpolitico.mx\\\/#\\\/schema\\\/person\\\/496d8ad2d1d3f8036101dca7ee39e585\"},\"breadcrumb\":{\"@id\":\"https:\\\/\\\/quehacerpolitico.mx\\\/?p=71509#breadcrumb\"},\"inLanguage\":\"es\",\"potentialAction\":[{\"@type\":\"ReadAction\",\"target\":[\"https:\\\/\\\/quehacerpolitico.mx\\\/?p=71509\"]}]},{\"@type\":\"ImageObject\",\"inLanguage\":\"es\",\"@id\":\"https:\\\/\\\/quehacerpolitico.mx\\\/?p=71509#primaryimage\",\"url\":\"https:\\\/\\\/quehacerpolitico.mx\\\/wp-content\\\/uploads\\\/2021\\\/01\\\/3FD8B68C-D07B-44DA-91BC-35F9532C6FBB.jpeg\",\"contentUrl\":\"https:\\\/\\\/quehacerpolitico.mx\\\/wp-content\\\/uploads\\\/2021\\\/01\\\/3FD8B68C-D07B-44DA-91BC-35F9532C6FBB.jpeg\",\"width\":739,\"height\":415},{\"@type\":\"BreadcrumbList\",\"@id\":\"https:\\\/\\\/quehacerpolitico.mx\\\/?p=71509#breadcrumb\",\"itemListElement\":[{\"@type\":\"ListItem\",\"position\":1,\"name\":\"Inicio\",\"item\":\"https:\\\/\\\/quehacerpolitico.mx\\\/\"},{\"@type\":\"ListItem\",\"position\":2,\"name\":\"Aumentan delitos contra menores de edad en 2020\"}]},{\"@type\":\"WebSite\",\"@id\":\"https:\\\/\\\/quehacerpolitico.mx\\\/#website\",\"url\":\"https:\\\/\\\/quehacerpolitico.mx\\\/\",\"name\":\"\",\"description\":\"\",\"potentialAction\":[{\"@type\":\"SearchAction\",\"target\":{\"@type\":\"EntryPoint\",\"urlTemplate\":\"https:\\\/\\\/quehacerpolitico.mx\\\/?s={search_term_string}\"},\"query-input\":{\"@type\":\"PropertyValueSpecification\",\"valueRequired\":true,\"valueName\":\"search_term_string\"}}],\"inLanguage\":\"es\"},{\"@type\":\"Person\",\"@id\":\"https:\\\/\\\/quehacerpolitico.mx\\\/#\\\/schema\\\/person\\\/496d8ad2d1d3f8036101dca7ee39e585\",\"name\":\"Redacci\u00f3n QP\",\"image\":{\"@type\":\"ImageObject\",\"inLanguage\":\"es\",\"@id\":\"https:\\\/\\\/secure.gravatar.com\\\/avatar\\\/c7164ed6fdec453195284ad24a5ae5b6e1eed2b848477fa2a4787ba9adf39a41?s=96&d=mm&r=g\",\"url\":\"https:\\\/\\\/secure.gravatar.com\\\/avatar\\\/c7164ed6fdec453195284ad24a5ae5b6e1eed2b848477fa2a4787ba9adf39a41?s=96&d=mm&r=g\",\"contentUrl\":\"https:\\\/\\\/secure.gravatar.com\\\/avatar\\\/c7164ed6fdec453195284ad24a5ae5b6e1eed2b848477fa2a4787ba9adf39a41?s=96&d=mm&r=g\",\"caption\":\"Redacci\u00f3n QP\"},\"url\":\"https:\\\/\\\/quehacerpolitico.mx\\\/?author=2\"}]}<\/script>\n<!-- \/ Yoast SEO plugin. -->","yoast_head_json":{"title":"Aumentan delitos contra menores de edad en 2020 -","robots":{"index":"index","follow":"follow","max-snippet":"max-snippet:-1","max-image-preview":"max-image-preview:large","max-video-preview":"max-video-preview:-1"},"canonical":"https:\/\/quehacerpolitico.mx\/?p=71509","og_locale":"es_MX","og_type":"article","og_title":"Aumentan delitos contra menores de edad en 2020 -","og_description":"Aumentan delitos contra menores de edad en 2020 Por Redacci\u00f3n QP Los delitos de pornograf\u00eda...","og_url":"https:\/\/quehacerpolitico.mx\/?p=71509","article_published_time":"2021-01-07T01:52:58+00:00","og_image":[{"width":739,"height":415,"url":"https:\/\/quehacerpolitico.mx\/wp-content\/uploads\/2021\/01\/3FD8B68C-D07B-44DA-91BC-35F9532C6FBB.jpeg","type":"image\/jpeg"}],"author":"Redacci\u00f3n QP","twitter_card":"summary_large_image","twitter_misc":{"Escrito por":"Redacci\u00f3n QP","Tiempo de lectura":"2 minutos"},"schema":{"@context":"https:\/\/schema.org","@graph":[{"@type":"Article","@id":"https:\/\/quehacerpolitico.mx\/?p=71509#article","isPartOf":{"@id":"https:\/\/quehacerpolitico.mx\/?p=71509"},"author":{"name":"Redacci\u00f3n QP","@id":"https:\/\/quehacerpolitico.mx\/#\/schema\/person\/496d8ad2d1d3f8036101dca7ee39e585"},"headline":"Aumentan delitos contra menores de edad en 2020","datePublished":"2021-01-07T01:52:58+00:00","mainEntityOfPage":{"@id":"https:\/\/quehacerpolitico.mx\/?p=71509"},"wordCount":477,"commentCount":0,"image":{"@id":"https:\/\/quehacerpolitico.mx\/?p=71509#primaryimage"},"thumbnailUrl":"https:\/\/quehacerpolitico.mx\/wp-content\/uploads\/2021\/01\/3FD8B68C-D07B-44DA-91BC-35F9532C6FBB.jpeg","articleSection":["Noticias"],"inLanguage":"es","potentialAction":[{"@type":"CommentAction","name":"Comment","target":["https:\/\/quehacerpolitico.mx\/?p=71509#respond"]}]},{"@type":"WebPage","@id":"https:\/\/quehacerpolitico.mx\/?p=71509","url":"https:\/\/quehacerpolitico.mx\/?p=71509","name":"Aumentan delitos contra menores de edad en 2020 -","isPartOf":{"@id":"https:\/\/quehacerpolitico.mx\/#website"},"primaryImageOfPage":{"@id":"https:\/\/quehacerpolitico.mx\/?p=71509#primaryimage"},"image":{"@id":"https:\/\/quehacerpolitico.mx\/?p=71509#primaryimage"},"thumbnailUrl":"https:\/\/quehacerpolitico.mx\/wp-content\/uploads\/2021\/01\/3FD8B68C-D07B-44DA-91BC-35F9532C6FBB.jpeg","datePublished":"2021-01-07T01:52:58+00:00","author":{"@id":"https:\/\/quehacerpolitico.mx\/#\/schema\/person\/496d8ad2d1d3f8036101dca7ee39e585"},"breadcrumb":{"@id":"https:\/\/quehacerpolitico.mx\/?p=71509#breadcrumb"},"inLanguage":"es","potentialAction":[{"@type":"ReadAction","target":["https:\/\/quehacerpolitico.mx\/?p=71509"]}]},{"@type":"ImageObject","inLanguage":"es","@id":"https:\/\/quehacerpolitico.mx\/?p=71509#primaryimage","url":"https:\/\/quehacerpolitico.mx\/wp-content\/uploads\/2021\/01\/3FD8B68C-D07B-44DA-91BC-35F9532C6FBB.jpeg","contentUrl":"https:\/\/quehacerpolitico.mx\/wp-content\/uploads\/2021\/01\/3FD8B68C-D07B-44DA-91BC-35F9532C6FBB.jpeg","width":739,"height":415},{"@type":"BreadcrumbList","@id":"https:\/\/quehacerpolitico.mx\/?p=71509#breadcrumb","itemListElement":[{"@type":"ListItem","position":1,"name":"Inicio","item":"https:\/\/quehacerpolitico.mx\/"},{"@type":"ListItem","position":2,"name":"Aumentan delitos contra menores de edad en 2020"}]},{"@type":"WebSite","@id":"https:\/\/quehacerpolitico.mx\/#website","url":"https:\/\/quehacerpolitico.mx\/","name":"","description":"","potentialAction":[{"@type":"SearchAction","target":{"@type":"EntryPoint","urlTemplate":"https:\/\/quehacerpolitico.mx\/?s={search_term_string}"},"query-input":{"@type":"PropertyValueSpecification","valueRequired":true,"valueName":"search_term_string"}}],"inLanguage":"es"},{"@type":"Person","@id":"https:\/\/quehacerpolitico.mx\/#\/schema\/person\/496d8ad2d1d3f8036101dca7ee39e585","name":"Redacci\u00f3n QP","image":{"@type":"ImageObject","inLanguage":"es","@id":"https:\/\/secure.gravatar.com\/avatar\/c7164ed6fdec453195284ad24a5ae5b6e1eed2b848477fa2a4787ba9adf39a41?s=96&d=mm&r=g","url":"https:\/\/secure.gravatar.com\/avatar\/c7164ed6fdec453195284ad24a5ae5b6e1eed2b848477fa2a4787ba9adf39a41?s=96&d=mm&r=g","contentUrl":"https:\/\/secure.gravatar.com\/avatar\/c7164ed6fdec453195284ad24a5ae5b6e1eed2b848477fa2a4787ba9adf39a41?s=96&d=mm&r=g","caption":"Redacci\u00f3n QP"},"url":"https:\/\/quehacerpolitico.mx\/?author=2"}]}},"featured_image_urls":{"full":["https:\/\/quehacerpolitico.mx\/wp-content\/uploads\/2021\/01\/3FD8B68C-D07B-44DA-91BC-35F9532C6FBB.jpeg",739,415,false],"thumbnail":["https:\/\/quehacerpolitico.mx\/wp-content\/uploads\/2021\/01\/3FD8B68C-D07B-44DA-91BC-35F9532C6FBB-150x150.jpeg",150,150,true],"medium":["https:\/\/quehacerpolitico.mx\/wp-content\/uploads\/2021\/01\/3FD8B68C-D07B-44DA-91BC-35F9532C6FBB-300x168.jpeg",300,168,true],"medium_large":["https:\/\/quehacerpolitico.mx\/wp-content\/uploads\/2021\/01\/3FD8B68C-D07B-44DA-91BC-35F9532C6FBB.jpeg",640,359,false],"large":["https:\/\/quehacerpolitico.mx\/wp-content\/uploads\/2021\/01\/3FD8B68C-D07B-44DA-91BC-35F9532C6FBB.jpeg",640,359,false],"1536x1536":["https:\/\/quehacerpolitico.mx\/wp-content\/uploads\/2021\/01\/3FD8B68C-D07B-44DA-91BC-35F9532C6FBB.jpeg",739,415,false],"2048x2048":["https:\/\/quehacerpolitico.mx\/wp-content\/uploads\/2021\/01\/3FD8B68C-D07B-44DA-91BC-35F9532C6FBB.jpeg",739,415,false],"covernews-featured":["https:\/\/quehacerpolitico.mx\/wp-content\/uploads\/2021\/01\/3FD8B68C-D07B-44DA-91BC-35F9532C6FBB.jpeg",739,415,false],"covernews-medium":["https:\/\/quehacerpolitico.mx\/wp-content\/uploads\/2021\/01\/3FD8B68C-D07B-44DA-91BC-35F9532C6FBB.jpeg",540,303,false]},"author_info":{"display_name":"Redacci\u00f3n QP","author_link":"https:\/\/quehacerpolitico.mx\/?author=2"},"category_info":"<a href=\"https:\/\/quehacerpolitico.mx\/?cat=2\" rel=\"category\">Noticias<\/a>","tag_info":"Noticias","comment_count":"0","_links":{"self":[{"href":"https:\/\/quehacerpolitico.mx\/index.php?rest_route=\/wp\/v2\/posts\/71509","targetHints":{"allow":["GET"]}}],"collection":[{"href":"https:\/\/quehacerpolitico.mx\/index.php?rest_route=\/wp\/v2\/posts"}],"about":[{"href":"https:\/\/quehacerpolitico.mx\/index.php?rest_route=\/wp\/v2\/types\/post"}],"author":[{"embeddable":true,"href":"https:\/\/quehacerpolitico.mx\/index.php?rest_route=\/wp\/v2\/users\/2"}],"replies":[{"embeddable":true,"href":"https:\/\/quehacerpolitico.mx\/index.php?rest_route=%2Fwp%2Fv2%2Fcomments&post=71509"}],"version-history":[{"count":0,"href":"https:\/\/quehacerpolitico.mx\/index.php?rest_route=\/wp\/v2\/posts\/71509\/revisions"}],"wp:featuredmedia":[{"embeddable":true,"href":"https:\/\/quehacerpolitico.mx\/index.php?rest_route=\/wp\/v2\/media\/71512"}],"wp:attachment":[{"href":"https:\/\/quehacerpolitico.mx\/index.php?rest_route=%2Fwp%2Fv2%2Fmedia&parent=71509"}],"wp:term":[{"taxonomy":"category","embeddable":true,"href":"https:\/\/quehacerpolitico.mx\/index.php?rest_route=%2Fwp%2Fv2%2Fcategories&post=71509"},{"taxonomy":"post_tag","embeddable":true,"href":"https:\/\/quehacerpolitico.mx\/index.php?rest_route=%2Fwp%2Fv2%2Ftags&post=71509"}],"curies":[{"name":"wp","href":"https:\/\/api.w.org\/{rel}","templated":true}]}}