{"id":7130,"date":"2018-10-18T02:56:31","date_gmt":"2018-10-18T02:56:31","guid":{"rendered":"http:\/\/quehacerpolitico.mx\/video-impulsara-munoz-ledo-agenda-legislativa-a-favor-de-las-mujeres\/"},"modified":"2018-10-18T02:56:31","modified_gmt":"2018-10-18T02:56:31","slug":"video-impulsara-munoz-ledo-agenda-legislativa-a-favor-de-las-mujeres","status":"publish","type":"post","link":"https:\/\/quehacerpolitico.mx\/?p=7130","title":{"rendered":"[VIDEO] Impulsar\u00e1 Mu\u00f1oz Ledo agenda legislativa a favor de las mujeres"},"content":{"rendered":"<p>El presidente de la <b>Mesa Directiva de la C\u00e1mara de Diputados<\/b>, Porfirio Mu\u00f1oz Ledo, anunci\u00f3 que presentar\u00e1 <b>una iniciativa<\/b> que reforma 9 art\u00edculos constitucionales a favor de los derechos de la <b>poblaci\u00f3n femenina<\/b>.<\/p>\n<p>Precis\u00f3 que dicho acto tiene el objetivo llevar diversas normas que est\u00e1n en la <b>Constituci\u00f3n de la Ciudad de M\u00e9xico<\/b>, a nivel federal, incluyendo el tema del <b>aborto<\/b>.<\/p>\n<p>El morenista se\u00f1al\u00f3 que la reforma contempla obligar a los <b>tres poderes de la Uni\u00f3n <\/b>y a los \u00f3rganos aut\u00f3nomos a lograr la paridad entre sexos.<\/p>\n<p>Lo anterior, porque, dijo, <b>las mujeres han logrado la representaci\u00f3n paritaria<\/b>, pero no el acceso al poder.<\/p>\n<p>Esto incluir\u00eda que los representantes partidistas ante la Junta de Coordinaci\u00f3n Pol\u00edtica (Jucopo) <b>env\u00eden a suplentes mujeres cuando se necesite<\/b> y acciones para que <b>m\u00e1s mujeres lleguen a las Fuerzas Armadas<\/b>y a sus altos mandos.<\/p>\n<h2>Celebra 65 aniversario de voto femenino<\/h2>\n<p>En su cuenta de Twitter precis\u00f3 que en el <b>marco de los 65 a\u00f1os del voto femenino<\/b>, presentar\u00e1 la mencionada iniciativa de <b>reforma constitucional<\/b> a favor de los Derechos de la mujer.<\/p>\n<p>Destac\u00f3 que los<b> temas principales son la paridad de g\u00e9nero <\/b>en la funci\u00f3n p\u00fablica y los <b>derechos reproductivos<\/b>.<\/p>\n<blockquote>\n<p>\u201cHoy, en el acto conmemorativo de los 65 a\u00f1os del voto de la mujer, anunci\u00e9 que presentar\u00e9 una iniciativa de reforma integral Constitucional a favor de sus derechos. Los temas principales son la paridad de g\u00e9nero en la funci\u00f3n p\u00fablica y los derechos reproductivos\u201d, destac\u00f3.<\/p>\n<p>https:\/\/twitter.com\/pmunozledo\/status\/1052619787145236481?s=21<\/p>\n<\/blockquote>\n","protected":false},"excerpt":{"rendered":"<p>[VIDEO] Impulsar\u00e1 Mu\u00f1oz Ledo agenda legislativa a favor de las mujeres<br \/>\nPor Redacci\u00f3n QP<\/p>\n","protected":false},"author":2,"featured_media":7129,"comment_status":"open","ping_status":"open","sticky":false,"template":"","format":"standard","meta":{"_monsterinsights_skip_tracking":false,"_monsterinsights_sitenote_active":false,"_monsterinsights_sitenote_note":"","_monsterinsights_sitenote_category":0,"footnotes":""},"categories":[2],"tags":[],"class_list":["post-7130","post","type-post","status-publish","format-standard","has-post-thumbnail","hentry","category-noticias"],"yoast_head":"<!-- This site is optimized with the Yoast SEO plugin v27.3 - https:\/\/yoast.com\/product\/yoast-seo-wordpress\/ -->\n<title>[VIDEO] Impulsar\u00e1 Mu\u00f1oz Ledo agenda legislativa a favor de las mujeres -<\/title>\n<meta name=\"robots\" content=\"index, follow, max-snippet:-1, max-image-preview:large, max-video-preview:-1\" \/>\n<link rel=\"canonical\" href=\"https:\/\/quehacerpolitico.mx\/?p=7130\" \/>\n<meta property=\"og:locale\" content=\"es_MX\" \/>\n<meta property=\"og:type\" content=\"article\" \/>\n<meta property=\"og:title\" content=\"[VIDEO] Impulsar\u00e1 Mu\u00f1oz Ledo agenda legislativa a favor de las mujeres -\" \/>\n<meta property=\"og:description\" content=\"[VIDEO] Impulsar\u00e1 Mu\u00f1oz Ledo agenda legislativa a favor de las mujeres Por Redacci\u00f3n QP\" \/>\n<meta property=\"og:url\" content=\"https:\/\/quehacerpolitico.mx\/?p=7130\" \/>\n<meta property=\"article:published_time\" content=\"2018-10-18T02:56:31+00:00\" \/>\n<meta name=\"author\" content=\"Redacci\u00f3n QP\" \/>\n<meta name=\"twitter:card\" content=\"summary_large_image\" \/>\n<meta name=\"twitter:label1\" content=\"Escrito por\" \/>\n\t<meta name=\"twitter:data1\" content=\"Redacci\u00f3n QP\" \/>\n\t<meta name=\"twitter:label2\" content=\"Tiempo de lectura\" \/>\n\t<meta name=\"twitter:data2\" content=\"1 minuto\" \/>\n<script type=\"application\/ld+json\" class=\"yoast-schema-graph\">{\"@context\":\"https:\\\/\\\/schema.org\",\"@graph\":[{\"@type\":\"Article\",\"@id\":\"https:\\\/\\\/quehacerpolitico.mx\\\/?p=7130#article\",\"isPartOf\":{\"@id\":\"https:\\\/\\\/quehacerpolitico.mx\\\/?p=7130\"},\"author\":{\"name\":\"Redacci\u00f3n QP\",\"@id\":\"https:\\\/\\\/quehacerpolitico.mx\\\/#\\\/schema\\\/person\\\/496d8ad2d1d3f8036101dca7ee39e585\"},\"headline\":\"[VIDEO] Impulsar\u00e1 Mu\u00f1oz Ledo agenda legislativa a favor de las mujeres\",\"datePublished\":\"2018-10-18T02:56:31+00:00\",\"mainEntityOfPage\":{\"@id\":\"https:\\\/\\\/quehacerpolitico.mx\\\/?p=7130\"},\"wordCount\":278,\"commentCount\":0,\"image\":{\"@id\":\"https:\\\/\\\/quehacerpolitico.mx\\\/?p=7130#primaryimage\"},\"thumbnailUrl\":\"\",\"articleSection\":[\"Noticias\"],\"inLanguage\":\"es\",\"potentialAction\":[{\"@type\":\"CommentAction\",\"name\":\"Comment\",\"target\":[\"https:\\\/\\\/quehacerpolitico.mx\\\/?p=7130#respond\"]}]},{\"@type\":\"WebPage\",\"@id\":\"https:\\\/\\\/quehacerpolitico.mx\\\/?p=7130\",\"url\":\"https:\\\/\\\/quehacerpolitico.mx\\\/?p=7130\",\"name\":\"[VIDEO] Impulsar\u00e1 Mu\u00f1oz Ledo agenda legislativa a favor de las mujeres -\",\"isPartOf\":{\"@id\":\"https:\\\/\\\/quehacerpolitico.mx\\\/#website\"},\"primaryImageOfPage\":{\"@id\":\"https:\\\/\\\/quehacerpolitico.mx\\\/?p=7130#primaryimage\"},\"image\":{\"@id\":\"https:\\\/\\\/quehacerpolitico.mx\\\/?p=7130#primaryimage\"},\"thumbnailUrl\":\"\",\"datePublished\":\"2018-10-18T02:56:31+00:00\",\"author\":{\"@id\":\"https:\\\/\\\/quehacerpolitico.mx\\\/#\\\/schema\\\/person\\\/496d8ad2d1d3f8036101dca7ee39e585\"},\"breadcrumb\":{\"@id\":\"https:\\\/\\\/quehacerpolitico.mx\\\/?p=7130#breadcrumb\"},\"inLanguage\":\"es\",\"potentialAction\":[{\"@type\":\"ReadAction\",\"target\":[\"https:\\\/\\\/quehacerpolitico.mx\\\/?p=7130\"]}]},{\"@type\":\"ImageObject\",\"inLanguage\":\"es\",\"@id\":\"https:\\\/\\\/quehacerpolitico.mx\\\/?p=7130#primaryimage\",\"url\":\"\",\"contentUrl\":\"\"},{\"@type\":\"BreadcrumbList\",\"@id\":\"https:\\\/\\\/quehacerpolitico.mx\\\/?p=7130#breadcrumb\",\"itemListElement\":[{\"@type\":\"ListItem\",\"position\":1,\"name\":\"Inicio\",\"item\":\"https:\\\/\\\/quehacerpolitico.mx\\\/\"},{\"@type\":\"ListItem\",\"position\":2,\"name\":\"[VIDEO] Impulsar\u00e1 Mu\u00f1oz Ledo agenda legislativa a favor de las mujeres\"}]},{\"@type\":\"WebSite\",\"@id\":\"https:\\\/\\\/quehacerpolitico.mx\\\/#website\",\"url\":\"https:\\\/\\\/quehacerpolitico.mx\\\/\",\"name\":\"\",\"description\":\"\",\"potentialAction\":[{\"@type\":\"SearchAction\",\"target\":{\"@type\":\"EntryPoint\",\"urlTemplate\":\"https:\\\/\\\/quehacerpolitico.mx\\\/?s={search_term_string}\"},\"query-input\":{\"@type\":\"PropertyValueSpecification\",\"valueRequired\":true,\"valueName\":\"search_term_string\"}}],\"inLanguage\":\"es\"},{\"@type\":\"Person\",\"@id\":\"https:\\\/\\\/quehacerpolitico.mx\\\/#\\\/schema\\\/person\\\/496d8ad2d1d3f8036101dca7ee39e585\",\"name\":\"Redacci\u00f3n QP\",\"image\":{\"@type\":\"ImageObject\",\"inLanguage\":\"es\",\"@id\":\"https:\\\/\\\/secure.gravatar.com\\\/avatar\\\/c7164ed6fdec453195284ad24a5ae5b6e1eed2b848477fa2a4787ba9adf39a41?s=96&d=mm&r=g\",\"url\":\"https:\\\/\\\/secure.gravatar.com\\\/avatar\\\/c7164ed6fdec453195284ad24a5ae5b6e1eed2b848477fa2a4787ba9adf39a41?s=96&d=mm&r=g\",\"contentUrl\":\"https:\\\/\\\/secure.gravatar.com\\\/avatar\\\/c7164ed6fdec453195284ad24a5ae5b6e1eed2b848477fa2a4787ba9adf39a41?s=96&d=mm&r=g\",\"caption\":\"Redacci\u00f3n QP\"},\"url\":\"https:\\\/\\\/quehacerpolitico.mx\\\/?author=2\"}]}<\/script>\n<!-- \/ Yoast SEO plugin. -->","yoast_head_json":{"title":"[VIDEO] Impulsar\u00e1 Mu\u00f1oz Ledo agenda legislativa a favor de las mujeres -","robots":{"index":"index","follow":"follow","max-snippet":"max-snippet:-1","max-image-preview":"max-image-preview:large","max-video-preview":"max-video-preview:-1"},"canonical":"https:\/\/quehacerpolitico.mx\/?p=7130","og_locale":"es_MX","og_type":"article","og_title":"[VIDEO] Impulsar\u00e1 Mu\u00f1oz Ledo agenda legislativa a favor de las mujeres -","og_description":"[VIDEO] Impulsar\u00e1 Mu\u00f1oz Ledo agenda legislativa a favor de las mujeres Por Redacci\u00f3n QP","og_url":"https:\/\/quehacerpolitico.mx\/?p=7130","article_published_time":"2018-10-18T02:56:31+00:00","author":"Redacci\u00f3n QP","twitter_card":"summary_large_image","twitter_misc":{"Escrito por":"Redacci\u00f3n QP","Tiempo de lectura":"1 minuto"},"schema":{"@context":"https:\/\/schema.org","@graph":[{"@type":"Article","@id":"https:\/\/quehacerpolitico.mx\/?p=7130#article","isPartOf":{"@id":"https:\/\/quehacerpolitico.mx\/?p=7130"},"author":{"name":"Redacci\u00f3n QP","@id":"https:\/\/quehacerpolitico.mx\/#\/schema\/person\/496d8ad2d1d3f8036101dca7ee39e585"},"headline":"[VIDEO] Impulsar\u00e1 Mu\u00f1oz Ledo agenda legislativa a favor de las mujeres","datePublished":"2018-10-18T02:56:31+00:00","mainEntityOfPage":{"@id":"https:\/\/quehacerpolitico.mx\/?p=7130"},"wordCount":278,"commentCount":0,"image":{"@id":"https:\/\/quehacerpolitico.mx\/?p=7130#primaryimage"},"thumbnailUrl":"","articleSection":["Noticias"],"inLanguage":"es","potentialAction":[{"@type":"CommentAction","name":"Comment","target":["https:\/\/quehacerpolitico.mx\/?p=7130#respond"]}]},{"@type":"WebPage","@id":"https:\/\/quehacerpolitico.mx\/?p=7130","url":"https:\/\/quehacerpolitico.mx\/?p=7130","name":"[VIDEO] Impulsar\u00e1 Mu\u00f1oz Ledo agenda legislativa a favor de las mujeres -","isPartOf":{"@id":"https:\/\/quehacerpolitico.mx\/#website"},"primaryImageOfPage":{"@id":"https:\/\/quehacerpolitico.mx\/?p=7130#primaryimage"},"image":{"@id":"https:\/\/quehacerpolitico.mx\/?p=7130#primaryimage"},"thumbnailUrl":"","datePublished":"2018-10-18T02:56:31+00:00","author":{"@id":"https:\/\/quehacerpolitico.mx\/#\/schema\/person\/496d8ad2d1d3f8036101dca7ee39e585"},"breadcrumb":{"@id":"https:\/\/quehacerpolitico.mx\/?p=7130#breadcrumb"},"inLanguage":"es","potentialAction":[{"@type":"ReadAction","target":["https:\/\/quehacerpolitico.mx\/?p=7130"]}]},{"@type":"ImageObject","inLanguage":"es","@id":"https:\/\/quehacerpolitico.mx\/?p=7130#primaryimage","url":"","contentUrl":""},{"@type":"BreadcrumbList","@id":"https:\/\/quehacerpolitico.mx\/?p=7130#breadcrumb","itemListElement":[{"@type":"ListItem","position":1,"name":"Inicio","item":"https:\/\/quehacerpolitico.mx\/"},{"@type":"ListItem","position":2,"name":"[VIDEO] Impulsar\u00e1 Mu\u00f1oz Ledo agenda legislativa a favor de las mujeres"}]},{"@type":"WebSite","@id":"https:\/\/quehacerpolitico.mx\/#website","url":"https:\/\/quehacerpolitico.mx\/","name":"","description":"","potentialAction":[{"@type":"SearchAction","target":{"@type":"EntryPoint","urlTemplate":"https:\/\/quehacerpolitico.mx\/?s={search_term_string}"},"query-input":{"@type":"PropertyValueSpecification","valueRequired":true,"valueName":"search_term_string"}}],"inLanguage":"es"},{"@type":"Person","@id":"https:\/\/quehacerpolitico.mx\/#\/schema\/person\/496d8ad2d1d3f8036101dca7ee39e585","name":"Redacci\u00f3n QP","image":{"@type":"ImageObject","inLanguage":"es","@id":"https:\/\/secure.gravatar.com\/avatar\/c7164ed6fdec453195284ad24a5ae5b6e1eed2b848477fa2a4787ba9adf39a41?s=96&d=mm&r=g","url":"https:\/\/secure.gravatar.com\/avatar\/c7164ed6fdec453195284ad24a5ae5b6e1eed2b848477fa2a4787ba9adf39a41?s=96&d=mm&r=g","contentUrl":"https:\/\/secure.gravatar.com\/avatar\/c7164ed6fdec453195284ad24a5ae5b6e1eed2b848477fa2a4787ba9adf39a41?s=96&d=mm&r=g","caption":"Redacci\u00f3n QP"},"url":"https:\/\/quehacerpolitico.mx\/?author=2"}]}},"featured_image_urls":{"full":"","thumbnail":"","medium":"","medium_large":"","large":"","1536x1536":"","2048x2048":"","covernews-featured":"","covernews-medium":""},"author_info":{"display_name":"Redacci\u00f3n QP","author_link":"https:\/\/quehacerpolitico.mx\/?author=2"},"category_info":"<a href=\"https:\/\/quehacerpolitico.mx\/?cat=2\" rel=\"category\">Noticias<\/a>","tag_info":"Noticias","comment_count":"0","_links":{"self":[{"href":"https:\/\/quehacerpolitico.mx\/index.php?rest_route=\/wp\/v2\/posts\/7130","targetHints":{"allow":["GET"]}}],"collection":[{"href":"https:\/\/quehacerpolitico.mx\/index.php?rest_route=\/wp\/v2\/posts"}],"about":[{"href":"https:\/\/quehacerpolitico.mx\/index.php?rest_route=\/wp\/v2\/types\/post"}],"author":[{"embeddable":true,"href":"https:\/\/quehacerpolitico.mx\/index.php?rest_route=\/wp\/v2\/users\/2"}],"replies":[{"embeddable":true,"href":"https:\/\/quehacerpolitico.mx\/index.php?rest_route=%2Fwp%2Fv2%2Fcomments&post=7130"}],"version-history":[{"count":0,"href":"https:\/\/quehacerpolitico.mx\/index.php?rest_route=\/wp\/v2\/posts\/7130\/revisions"}],"wp:featuredmedia":[{"embeddable":true,"href":"https:\/\/quehacerpolitico.mx\/index.php?rest_route=\/"}],"wp:attachment":[{"href":"https:\/\/quehacerpolitico.mx\/index.php?rest_route=%2Fwp%2Fv2%2Fmedia&parent=7130"}],"wp:term":[{"taxonomy":"category","embeddable":true,"href":"https:\/\/quehacerpolitico.mx\/index.php?rest_route=%2Fwp%2Fv2%2Fcategories&post=7130"},{"taxonomy":"post_tag","embeddable":true,"href":"https:\/\/quehacerpolitico.mx\/index.php?rest_route=%2Fwp%2Fv2%2Ftags&post=7130"}],"curies":[{"name":"wp","href":"https:\/\/api.w.org\/{rel}","templated":true}]}}