{"id":7121,"date":"2018-10-18T01:07:06","date_gmt":"2018-10-18T01:07:06","guid":{"rendered":"http:\/\/quehacerpolitico.mx\/este-sera-el-nuevo-cargo-de-jose-antonio-meade\/"},"modified":"2018-10-18T01:07:06","modified_gmt":"2018-10-18T01:07:06","slug":"este-sera-el-nuevo-cargo-de-jose-antonio-meade","status":"publish","type":"post","link":"https:\/\/quehacerpolitico.mx\/?p=7121","title":{"rendered":"Este ser\u00e1 el nuevo cargo de Jos\u00e9 Antonio Meade"},"content":{"rendered":"<p><strong>Jos\u00e9 Antonio Meade<\/strong>, ex candidato presidencial, fue nombrado <strong>Integrante de la Comisi\u00f3n Global de Adaptaci\u00f3n al cambio clim\u00e1tico por el Gobierno del Reino Unido de Holanda.<\/strong><\/p>\n<p>Quien se denomin\u00f3 como candidato ciudadano, expres\u00f3 su agradecimiento a trav\u00e9s de su cuenta en<em>Twitter.<\/em><\/p>\n<blockquote class=\"twitter-tweet\" data-width=\"550\" data-dnt=\"true\">\n<p lang=\"es\" dir=\"ltr\">Muy buen arranque de la Comisi\u00f3n para la adaptaci\u00f3n frente a las consecuencias del cambio clim\u00e1tico. Aqu\u00ed con Patrick Verkooijen @PVV_GCA que encabeza el <a href=\"https:\/\/twitter.com\/GCAdaptation?ref_src=twsrc%5Etfw\">@GCAdaptation<\/a> y Hoesung Lee quien expuso las conclusi\u00f3nes del reporte elaborado por el <a href=\"https:\/\/twitter.com\/IPCC_CH?ref_src=twsrc%5Etfw\">@IPCC_CH<\/a>. <a href=\"https:\/\/t.co\/gvUFUAwGCC\">pic.twitter.com\/gvUFUAwGCC<\/a><\/p>\n<p>&mdash; Jos\u00e9 Antonio Meade\ud83c\uddf2\ud83c\uddfd (@JoseAMeadeK) <a href=\"https:\/\/twitter.com\/JoseAMeadeK\/status\/1052309643819651073?ref_src=twsrc%5Etfw\">October 16, 2018<\/a><\/p><\/blockquote>\n<p><script async src=\"https:\/\/platform.twitter.com\/widgets.js\" charset=\"utf-8\"><\/script><\/p>\n<p>Asimismo, su esposa <strong>Juana Cuevas,<\/strong> tambi\u00e9n se expres\u00f3 a trav\u00e9s del <strong>microblogging<\/strong>, en donde expres\u00f3 que acompa\u00f1aba a su esposo.<\/p>\n<p>Fue secretario de Energ\u00eda en 2011 y en septiembre de ese a\u00f1o asumi\u00f3 el cargo como<strong> secretario de Hacienda.<\/strong><\/p>\n<p>De 2012 a 2015 ocup\u00f3 el cargo como titular de la <strong>Secretar\u00eda de Relaciones Exteriores.<\/strong><\/p>\n<p>En 2015 fue designado titular de la <strong>Secretar\u00eda de Desarrollo Social<\/strong>, pero en septiembre de 2016 volvi\u00f3 a la <strong>Secretar\u00eda de Hacienda y Cr\u00e9dito P\u00fablico.<\/strong><\/p>\n<p>En noviembre de 2017 se separ\u00f3 de Hacienda para ser candidato presidencial del <strong>PRI.<\/strong> En la elecci\u00f3n del pasado 1 de julio, <strong>Meade<\/strong> qued\u00f3 por debajo de Andr\u00e9s Manuel L\u00f3pez Obrador (Morena) y Ricardo Anaya (PAN).<\/p>\n<p>Meade fue el primer candidato presidencial en expresar que las votaciones no le favorec\u00edan y que s\u00ed lo hac\u00edan con el candidato de Morena.<\/p>\n","protected":false},"excerpt":{"rendered":"<p>Este ser\u00e1 el nuevo cargo de Jos\u00e9 Antonio Meade<br \/>\nPor Redacci\u00f3n QP<\/p>\n","protected":false},"author":2,"featured_media":7120,"comment_status":"open","ping_status":"open","sticky":false,"template":"","format":"standard","meta":{"_monsterinsights_skip_tracking":false,"_monsterinsights_sitenote_active":false,"_monsterinsights_sitenote_note":"","_monsterinsights_sitenote_category":0,"footnotes":""},"categories":[2],"tags":[],"class_list":["post-7121","post","type-post","status-publish","format-standard","has-post-thumbnail","hentry","category-noticias"],"yoast_head":"<!-- This site is optimized with the Yoast SEO plugin v27.3 - https:\/\/yoast.com\/product\/yoast-seo-wordpress\/ -->\n<title>Este ser\u00e1 el nuevo cargo de Jos\u00e9 Antonio Meade -<\/title>\n<meta name=\"robots\" content=\"index, follow, max-snippet:-1, max-image-preview:large, max-video-preview:-1\" \/>\n<link rel=\"canonical\" href=\"https:\/\/quehacerpolitico.mx\/?p=7121\" \/>\n<meta property=\"og:locale\" content=\"es_MX\" \/>\n<meta property=\"og:type\" content=\"article\" \/>\n<meta property=\"og:title\" content=\"Este ser\u00e1 el nuevo cargo de Jos\u00e9 Antonio Meade -\" \/>\n<meta property=\"og:description\" content=\"Este ser\u00e1 el nuevo cargo de Jos\u00e9 Antonio Meade Por Redacci\u00f3n QP\" \/>\n<meta property=\"og:url\" content=\"https:\/\/quehacerpolitico.mx\/?p=7121\" \/>\n<meta property=\"article:published_time\" content=\"2018-10-18T01:07:06+00:00\" \/>\n<meta name=\"author\" content=\"Redacci\u00f3n QP\" \/>\n<meta name=\"twitter:card\" content=\"summary_large_image\" \/>\n<meta name=\"twitter:label1\" content=\"Escrito por\" \/>\n\t<meta name=\"twitter:data1\" content=\"Redacci\u00f3n QP\" \/>\n\t<meta name=\"twitter:label2\" content=\"Tiempo de lectura\" \/>\n\t<meta name=\"twitter:data2\" content=\"1 minuto\" \/>\n<script type=\"application\/ld+json\" class=\"yoast-schema-graph\">{\"@context\":\"https:\\\/\\\/schema.org\",\"@graph\":[{\"@type\":\"Article\",\"@id\":\"https:\\\/\\\/quehacerpolitico.mx\\\/?p=7121#article\",\"isPartOf\":{\"@id\":\"https:\\\/\\\/quehacerpolitico.mx\\\/?p=7121\"},\"author\":{\"name\":\"Redacci\u00f3n QP\",\"@id\":\"https:\\\/\\\/quehacerpolitico.mx\\\/#\\\/schema\\\/person\\\/496d8ad2d1d3f8036101dca7ee39e585\"},\"headline\":\"Este ser\u00e1 el nuevo cargo de Jos\u00e9 Antonio Meade\",\"datePublished\":\"2018-10-18T01:07:06+00:00\",\"mainEntityOfPage\":{\"@id\":\"https:\\\/\\\/quehacerpolitico.mx\\\/?p=7121\"},\"wordCount\":207,\"commentCount\":0,\"image\":{\"@id\":\"https:\\\/\\\/quehacerpolitico.mx\\\/?p=7121#primaryimage\"},\"thumbnailUrl\":\"\",\"articleSection\":[\"Noticias\"],\"inLanguage\":\"es\",\"potentialAction\":[{\"@type\":\"CommentAction\",\"name\":\"Comment\",\"target\":[\"https:\\\/\\\/quehacerpolitico.mx\\\/?p=7121#respond\"]}]},{\"@type\":\"WebPage\",\"@id\":\"https:\\\/\\\/quehacerpolitico.mx\\\/?p=7121\",\"url\":\"https:\\\/\\\/quehacerpolitico.mx\\\/?p=7121\",\"name\":\"Este ser\u00e1 el nuevo cargo de Jos\u00e9 Antonio Meade -\",\"isPartOf\":{\"@id\":\"https:\\\/\\\/quehacerpolitico.mx\\\/#website\"},\"primaryImageOfPage\":{\"@id\":\"https:\\\/\\\/quehacerpolitico.mx\\\/?p=7121#primaryimage\"},\"image\":{\"@id\":\"https:\\\/\\\/quehacerpolitico.mx\\\/?p=7121#primaryimage\"},\"thumbnailUrl\":\"\",\"datePublished\":\"2018-10-18T01:07:06+00:00\",\"author\":{\"@id\":\"https:\\\/\\\/quehacerpolitico.mx\\\/#\\\/schema\\\/person\\\/496d8ad2d1d3f8036101dca7ee39e585\"},\"breadcrumb\":{\"@id\":\"https:\\\/\\\/quehacerpolitico.mx\\\/?p=7121#breadcrumb\"},\"inLanguage\":\"es\",\"potentialAction\":[{\"@type\":\"ReadAction\",\"target\":[\"https:\\\/\\\/quehacerpolitico.mx\\\/?p=7121\"]}]},{\"@type\":\"ImageObject\",\"inLanguage\":\"es\",\"@id\":\"https:\\\/\\\/quehacerpolitico.mx\\\/?p=7121#primaryimage\",\"url\":\"\",\"contentUrl\":\"\"},{\"@type\":\"BreadcrumbList\",\"@id\":\"https:\\\/\\\/quehacerpolitico.mx\\\/?p=7121#breadcrumb\",\"itemListElement\":[{\"@type\":\"ListItem\",\"position\":1,\"name\":\"Inicio\",\"item\":\"https:\\\/\\\/quehacerpolitico.mx\\\/\"},{\"@type\":\"ListItem\",\"position\":2,\"name\":\"Este ser\u00e1 el nuevo cargo de Jos\u00e9 Antonio Meade\"}]},{\"@type\":\"WebSite\",\"@id\":\"https:\\\/\\\/quehacerpolitico.mx\\\/#website\",\"url\":\"https:\\\/\\\/quehacerpolitico.mx\\\/\",\"name\":\"\",\"description\":\"\",\"potentialAction\":[{\"@type\":\"SearchAction\",\"target\":{\"@type\":\"EntryPoint\",\"urlTemplate\":\"https:\\\/\\\/quehacerpolitico.mx\\\/?s={search_term_string}\"},\"query-input\":{\"@type\":\"PropertyValueSpecification\",\"valueRequired\":true,\"valueName\":\"search_term_string\"}}],\"inLanguage\":\"es\"},{\"@type\":\"Person\",\"@id\":\"https:\\\/\\\/quehacerpolitico.mx\\\/#\\\/schema\\\/person\\\/496d8ad2d1d3f8036101dca7ee39e585\",\"name\":\"Redacci\u00f3n QP\",\"image\":{\"@type\":\"ImageObject\",\"inLanguage\":\"es\",\"@id\":\"https:\\\/\\\/secure.gravatar.com\\\/avatar\\\/c7164ed6fdec453195284ad24a5ae5b6e1eed2b848477fa2a4787ba9adf39a41?s=96&d=mm&r=g\",\"url\":\"https:\\\/\\\/secure.gravatar.com\\\/avatar\\\/c7164ed6fdec453195284ad24a5ae5b6e1eed2b848477fa2a4787ba9adf39a41?s=96&d=mm&r=g\",\"contentUrl\":\"https:\\\/\\\/secure.gravatar.com\\\/avatar\\\/c7164ed6fdec453195284ad24a5ae5b6e1eed2b848477fa2a4787ba9adf39a41?s=96&d=mm&r=g\",\"caption\":\"Redacci\u00f3n QP\"},\"url\":\"https:\\\/\\\/quehacerpolitico.mx\\\/?author=2\"}]}<\/script>\n<!-- \/ Yoast SEO plugin. -->","yoast_head_json":{"title":"Este ser\u00e1 el nuevo cargo de Jos\u00e9 Antonio Meade -","robots":{"index":"index","follow":"follow","max-snippet":"max-snippet:-1","max-image-preview":"max-image-preview:large","max-video-preview":"max-video-preview:-1"},"canonical":"https:\/\/quehacerpolitico.mx\/?p=7121","og_locale":"es_MX","og_type":"article","og_title":"Este ser\u00e1 el nuevo cargo de Jos\u00e9 Antonio Meade -","og_description":"Este ser\u00e1 el nuevo cargo de Jos\u00e9 Antonio Meade Por Redacci\u00f3n QP","og_url":"https:\/\/quehacerpolitico.mx\/?p=7121","article_published_time":"2018-10-18T01:07:06+00:00","author":"Redacci\u00f3n QP","twitter_card":"summary_large_image","twitter_misc":{"Escrito por":"Redacci\u00f3n QP","Tiempo de lectura":"1 minuto"},"schema":{"@context":"https:\/\/schema.org","@graph":[{"@type":"Article","@id":"https:\/\/quehacerpolitico.mx\/?p=7121#article","isPartOf":{"@id":"https:\/\/quehacerpolitico.mx\/?p=7121"},"author":{"name":"Redacci\u00f3n QP","@id":"https:\/\/quehacerpolitico.mx\/#\/schema\/person\/496d8ad2d1d3f8036101dca7ee39e585"},"headline":"Este ser\u00e1 el nuevo cargo de Jos\u00e9 Antonio Meade","datePublished":"2018-10-18T01:07:06+00:00","mainEntityOfPage":{"@id":"https:\/\/quehacerpolitico.mx\/?p=7121"},"wordCount":207,"commentCount":0,"image":{"@id":"https:\/\/quehacerpolitico.mx\/?p=7121#primaryimage"},"thumbnailUrl":"","articleSection":["Noticias"],"inLanguage":"es","potentialAction":[{"@type":"CommentAction","name":"Comment","target":["https:\/\/quehacerpolitico.mx\/?p=7121#respond"]}]},{"@type":"WebPage","@id":"https:\/\/quehacerpolitico.mx\/?p=7121","url":"https:\/\/quehacerpolitico.mx\/?p=7121","name":"Este ser\u00e1 el nuevo cargo de Jos\u00e9 Antonio Meade -","isPartOf":{"@id":"https:\/\/quehacerpolitico.mx\/#website"},"primaryImageOfPage":{"@id":"https:\/\/quehacerpolitico.mx\/?p=7121#primaryimage"},"image":{"@id":"https:\/\/quehacerpolitico.mx\/?p=7121#primaryimage"},"thumbnailUrl":"","datePublished":"2018-10-18T01:07:06+00:00","author":{"@id":"https:\/\/quehacerpolitico.mx\/#\/schema\/person\/496d8ad2d1d3f8036101dca7ee39e585"},"breadcrumb":{"@id":"https:\/\/quehacerpolitico.mx\/?p=7121#breadcrumb"},"inLanguage":"es","potentialAction":[{"@type":"ReadAction","target":["https:\/\/quehacerpolitico.mx\/?p=7121"]}]},{"@type":"ImageObject","inLanguage":"es","@id":"https:\/\/quehacerpolitico.mx\/?p=7121#primaryimage","url":"","contentUrl":""},{"@type":"BreadcrumbList","@id":"https:\/\/quehacerpolitico.mx\/?p=7121#breadcrumb","itemListElement":[{"@type":"ListItem","position":1,"name":"Inicio","item":"https:\/\/quehacerpolitico.mx\/"},{"@type":"ListItem","position":2,"name":"Este ser\u00e1 el nuevo cargo de Jos\u00e9 Antonio Meade"}]},{"@type":"WebSite","@id":"https:\/\/quehacerpolitico.mx\/#website","url":"https:\/\/quehacerpolitico.mx\/","name":"","description":"","potentialAction":[{"@type":"SearchAction","target":{"@type":"EntryPoint","urlTemplate":"https:\/\/quehacerpolitico.mx\/?s={search_term_string}"},"query-input":{"@type":"PropertyValueSpecification","valueRequired":true,"valueName":"search_term_string"}}],"inLanguage":"es"},{"@type":"Person","@id":"https:\/\/quehacerpolitico.mx\/#\/schema\/person\/496d8ad2d1d3f8036101dca7ee39e585","name":"Redacci\u00f3n QP","image":{"@type":"ImageObject","inLanguage":"es","@id":"https:\/\/secure.gravatar.com\/avatar\/c7164ed6fdec453195284ad24a5ae5b6e1eed2b848477fa2a4787ba9adf39a41?s=96&d=mm&r=g","url":"https:\/\/secure.gravatar.com\/avatar\/c7164ed6fdec453195284ad24a5ae5b6e1eed2b848477fa2a4787ba9adf39a41?s=96&d=mm&r=g","contentUrl":"https:\/\/secure.gravatar.com\/avatar\/c7164ed6fdec453195284ad24a5ae5b6e1eed2b848477fa2a4787ba9adf39a41?s=96&d=mm&r=g","caption":"Redacci\u00f3n QP"},"url":"https:\/\/quehacerpolitico.mx\/?author=2"}]}},"featured_image_urls":{"full":"","thumbnail":"","medium":"","medium_large":"","large":"","1536x1536":"","2048x2048":"","covernews-featured":"","covernews-medium":""},"author_info":{"display_name":"Redacci\u00f3n QP","author_link":"https:\/\/quehacerpolitico.mx\/?author=2"},"category_info":"<a href=\"https:\/\/quehacerpolitico.mx\/?cat=2\" rel=\"category\">Noticias<\/a>","tag_info":"Noticias","comment_count":"0","_links":{"self":[{"href":"https:\/\/quehacerpolitico.mx\/index.php?rest_route=\/wp\/v2\/posts\/7121","targetHints":{"allow":["GET"]}}],"collection":[{"href":"https:\/\/quehacerpolitico.mx\/index.php?rest_route=\/wp\/v2\/posts"}],"about":[{"href":"https:\/\/quehacerpolitico.mx\/index.php?rest_route=\/wp\/v2\/types\/post"}],"author":[{"embeddable":true,"href":"https:\/\/quehacerpolitico.mx\/index.php?rest_route=\/wp\/v2\/users\/2"}],"replies":[{"embeddable":true,"href":"https:\/\/quehacerpolitico.mx\/index.php?rest_route=%2Fwp%2Fv2%2Fcomments&post=7121"}],"version-history":[{"count":0,"href":"https:\/\/quehacerpolitico.mx\/index.php?rest_route=\/wp\/v2\/posts\/7121\/revisions"}],"wp:featuredmedia":[{"embeddable":true,"href":"https:\/\/quehacerpolitico.mx\/index.php?rest_route=\/"}],"wp:attachment":[{"href":"https:\/\/quehacerpolitico.mx\/index.php?rest_route=%2Fwp%2Fv2%2Fmedia&parent=7121"}],"wp:term":[{"taxonomy":"category","embeddable":true,"href":"https:\/\/quehacerpolitico.mx\/index.php?rest_route=%2Fwp%2Fv2%2Fcategories&post=7121"},{"taxonomy":"post_tag","embeddable":true,"href":"https:\/\/quehacerpolitico.mx\/index.php?rest_route=%2Fwp%2Fv2%2Ftags&post=7121"}],"curies":[{"name":"wp","href":"https:\/\/api.w.org\/{rel}","templated":true}]}}