{"id":7091,"date":"2018-10-17T20:32:46","date_gmt":"2018-10-17T20:32:46","guid":{"rendered":"http:\/\/quehacerpolitico.mx\/ecatepec-es-la-ciudad-de-mexico-donde-los-ciudadanos-96-3-se-sienten-mas-inseguros-dice-inegi\/"},"modified":"2018-10-17T20:32:46","modified_gmt":"2018-10-17T20:32:46","slug":"ecatepec-es-la-ciudad-de-mexico-donde-los-ciudadanos-96-3-se-sienten-mas-inseguros-dice-inegi","status":"publish","type":"post","link":"https:\/\/quehacerpolitico.mx\/?p=7091","title":{"rendered":"Ecatepec es la ciudad de M\u00e9xico donde los ciudadanos (96.3%) se sienten m\u00e1s inseguros, dice INEGI"},"content":{"rendered":"<p>La <strong>percepci\u00f3n de inseguridad<\/strong>entre los mexicanos contin\u00faa siendo alta, pues el <strong>74.9 por ciento<\/strong> siente <strong>temor<\/strong> de vivir en su ciudad. <strong>Ecatepec<\/strong> de Morelos, del Estado de M\u00e9xico, es la ciudad con el m\u00e1s alto porcentaje (96.3) de ciudadanos se siente <strong>inseguro<\/strong>.<\/p>\n<p>De acuerdo con los datos de la Encuesta Nacional de Seguridad P\u00fablica Urbana (ENSU) de septiembre de septiembre de 2018, elaborada por el Instituto Nacional de Estad\u00edstica y Geograf\u00eda (INEGI), detalla que al tercer trimestre de este 2018 un 79.9 por ciento de la poblaci\u00f3n, de 18 a\u00f1os y m\u00e1s, de 65 ciudades del pa\u00eds, consider\u00f3 que vivir en su ciudad es inseguro. Esta cifra representa una disminuci\u00f3n en comparaci\u00f3n a la del trimestre previo, cuando la percepci\u00f3n de inseguridad cerr\u00f3 en 75.9 por ciento; as\u00ed como en la de septiembre de 2017, que fue de 76 por ciento.<\/p>\n<div id=\"attachment_3485535\" class=\"wp-caption alignnone\"><img loading=\"lazy\" decoding=\"async\" class=\"size-full wp-image-3485535\" src=\"http:\/\/www.sinembargo.mx\/wp-content\/uploads\/2018\/10\/percepcionseguridad.jpg\" sizes=\"auto, (max-width: 700px) 100vw, 700px\" srcset=\"http:\/\/www.sinembargo.mx\/wp-content\/uploads\/2018\/10\/percepcionseguridad.jpg 700w, http:\/\/www.sinembargo.mx\/wp-content\/uploads\/2018\/10\/percepcionseguridad-300x153.jpg 300w\" alt=\"\" width=\"700\" height=\"358\" \/><\/p>\n<p class=\"wp-caption-text\">Tabla: INEGI<\/p>\n<\/div>\n<p>Los datos arrojan tambi\u00e9n que las mujeres son quienes contin\u00faan sinti\u00e9ndose m\u00e1s inseguras en sus ciudades, con 79.7 por ciento frente al 69.2 por ciento de hombres.<\/p>\n<p>Las ciudades donde la percepci\u00f3n de inseguridad es menor son: San Pedro Garza Garc\u00eda, San Nicol\u00e1s de los Garza, M\u00e9rida, Saltillo, Durango y Puerto Vallarta, con 21.6, 34.2, 38.1, 39.1, 40 y 41.4 por ciento, respectivamente.<\/p>\n<p>Las ciudades donde sus habitantes se siente m\u00e1s inseguros, con arriba del 90 por ciento de la poblaci\u00f3n, son las siguientes:<\/p>\n<blockquote>\n<p><strong>LAS CIUDADES M\u00c1S INSEGURAS:<\/strong><\/p>\n<p><strong>\u2013Ecatepec de Morelos, Edomex: 96.3 por ciento<\/strong><br \/><strong>\u2013Villahermosa, Tabasco: 94.5 por ciento<\/strong><br \/><strong>\u2013Reynosa, Tamaulipas: 94.3 por ciento<\/strong><br \/><strong>\u2013Canc\u00fan, Quintana Roo: 92.8 por ciento<\/strong><br \/><strong>\u2013Fresnillo, Zacatecas: 90.8 por ciento<\/strong><br \/><strong>\u2013Tapachula, Chiapas: 90.4 por ciento<\/strong><\/p>\n<\/blockquote>\n<p>Ecatepec de Morelos, municipio del Estado de M\u00e9xico, donde recientemente se han dado casos que han conmocionado al pa\u00eds, como el de la pareja de presuntos feminicidas acusados de asesinar a unas 20 mujeres, descuartizarlas e incluso comerse algunas partes; as\u00ed como la desaparici\u00f3n de mujeres y ni\u00f1as, es la ciudad del pa\u00eds con la mayor percepci\u00f3n de inseguridad entre sus ciudadanos con un 96.3 por ciento.<\/p>\n<p>Ecatepec es uno de los municipios en donde m\u00e1s creci\u00f3 la criminalidad en los \u00faltimos 10 a\u00f1os. Los homicidios, los secuestros, el robo, los asaltos y los feminicidios alcanzaron niveles hist\u00f3ricos mientras estuvo en la gubernatura Eruviel \u00c1vila, del Revolucionario Institucional (PRI), un pol\u00edtico que naci\u00f3 all\u00ed y que, en teor\u00eda, all\u00ed sigue radicando. \u00c1vila es en la actualidad Senador de la Rep\u00fablica por el mismo partido del Presidente Enrique Pe\u00f1a Nieto, otro ex Mandatario de esa entidad.<\/p>\n<p>Actualmente, Ecatepec es gobernado por un priista. Indalecio R\u00edos tom\u00f3 posesi\u00f3n de Ecatepec por primera vez en 2011, cuando \u00c1vila, entonces Presidente Municipal, pidi\u00f3 licencia definitiva al cargo para contender por el PRI a la gubernatura del Estado de M\u00e9xico.<\/p>\n<p>R\u00edos Vel\u00e1zquez fung\u00eda como Secretario del Ayuntamiento de Eruviel. Luego de ser elegido como el suplente de su jefe, Indalecio termin\u00f3 la administraci\u00f3n en 2012 para volver a retomarla en 2015, donde resultar\u00eda electo bajo la bandera del PRI.<\/p>\n<p>El PRI, sin embargo, entregar\u00e1 la Alcald\u00eda a Morena, que gan\u00f3 apenas en julio pasado.<\/p>\n<p><strong>\u00bfD\u00d3NDE SE SIENTEN M\u00c1S INSEGUROS?<\/strong><\/p>\n<p>De acuerdo con la ENSU de septiembre de 2018, los mexicanos se sienten m\u00e1s inseguros al entrar a un cajero autom\u00e1tico en la v\u00eda p\u00fablica, con 81.7 por ciento; seguido por el transporte p\u00fablico, con 75.1 por ciento; luego al interior de los bancos, con 69.9 por ciento; y en las calles que habitualmente ocupan, con 67.8 por ciento.<\/p>\n<div id=\"attachment_3485531\" class=\"wp-caption alignnone\"><img loading=\"lazy\" decoding=\"async\" class=\"size-full wp-image-3485531\" src=\"http:\/\/www.sinembargo.mx\/wp-content\/uploads\/2018\/10\/lugaresinseguros.jpg\" sizes=\"auto, (max-width: 700px) 100vw, 700px\" srcset=\"http:\/\/www.sinembargo.mx\/wp-content\/uploads\/2018\/10\/lugaresinseguros.jpg 700w, http:\/\/www.sinembargo.mx\/wp-content\/uploads\/2018\/10\/lugaresinseguros-300x208.jpg 300w\" alt=\"\" width=\"700\" height=\"485\" \/><\/p>\n<p class=\"wp-caption-text\">Tabla: INEGI<\/p>\n<\/div>\n<blockquote>\n<p>\u201cLa sensaci\u00f3n de inseguridad por temor al delito y las expectativas que tiene la poblaci\u00f3n sobre la seguridad p\u00fablica se generan por la influencia de diversos factores, como la atestiguaci\u00f3n de conductas delictivas o antisociales que ocurren en el entorno donde se desenvuelve la poblaci\u00f3n. As\u00ed mismo, el temor al delito puede hacer cambiar las rutinas o h\u00e1bitos de la poblaci\u00f3n, as\u00ed como la percepci\u00f3n que se tiene sobre el desempe\u00f1o de la polic\u00eda\u201d, detalla la encuesta.<\/p>\n<\/blockquote>\n<p>Adem\u00e1s, el 33.2 por ciento de la poblaci\u00f3n consider\u00f3 que en los pr\u00f3ximos 12 meses la situaci\u00f3n de la delincuencia en su ciudad seguir\u00e1 igual de mal y otro 25.1 por ciento dijo que empeorar\u00e1.<\/p>\n<p>Las expectativas sobre las condiciones de inseguridad, que en su total (seguir\u00e1 igual de mal y empeorar\u00e1) suman 58.3 por ciento tuvo una reducci\u00f3n en comparaci\u00f3n del trimestre anterior cuando cerr\u00f3 en 68.3 por ciento, lo que signific\u00f3 una reducci\u00f3n de 8.1 por ciento.<\/p>\n","protected":false},"excerpt":{"rendered":"<p>Ecatepec es la ciudad de M\u00e9xico donde los ciudadanos (96.3%) se sienten m\u00e1s inseguros, dice INEGI<br \/>\nPor Redacci\u00f3n QP<\/p>\n","protected":false},"author":2,"featured_media":7090,"comment_status":"open","ping_status":"open","sticky":false,"template":"","format":"standard","meta":{"_monsterinsights_skip_tracking":false,"_monsterinsights_sitenote_active":false,"_monsterinsights_sitenote_note":"","_monsterinsights_sitenote_category":0,"footnotes":""},"categories":[2],"tags":[],"class_list":["post-7091","post","type-post","status-publish","format-standard","has-post-thumbnail","hentry","category-noticias"],"yoast_head":"<!-- This site is optimized with the Yoast SEO plugin v27.3 - https:\/\/yoast.com\/product\/yoast-seo-wordpress\/ -->\n<title>Ecatepec es la ciudad de M\u00e9xico donde los ciudadanos (96.3%) se sienten m\u00e1s inseguros, dice INEGI -<\/title>\n<meta name=\"robots\" content=\"index, follow, max-snippet:-1, max-image-preview:large, max-video-preview:-1\" \/>\n<link rel=\"canonical\" href=\"https:\/\/quehacerpolitico.mx\/?p=7091\" \/>\n<meta property=\"og:locale\" content=\"es_MX\" \/>\n<meta property=\"og:type\" content=\"article\" \/>\n<meta property=\"og:title\" content=\"Ecatepec es la ciudad de M\u00e9xico donde los ciudadanos (96.3%) se sienten m\u00e1s inseguros, dice INEGI -\" \/>\n<meta property=\"og:description\" content=\"Ecatepec es la ciudad de M\u00e9xico donde los ciudadanos (96.3%) se sienten m\u00e1s inseguros, dice INEGI Por Redacci\u00f3n QP\" \/>\n<meta property=\"og:url\" content=\"https:\/\/quehacerpolitico.mx\/?p=7091\" \/>\n<meta property=\"article:published_time\" content=\"2018-10-17T20:32:46+00:00\" \/>\n<meta name=\"author\" content=\"Redacci\u00f3n QP\" \/>\n<meta name=\"twitter:card\" content=\"summary_large_image\" \/>\n<meta name=\"twitter:label1\" content=\"Escrito por\" \/>\n\t<meta name=\"twitter:data1\" content=\"Redacci\u00f3n QP\" \/>\n\t<meta name=\"twitter:label2\" content=\"Tiempo de lectura\" \/>\n\t<meta name=\"twitter:data2\" content=\"4 minutos\" \/>\n<script type=\"application\/ld+json\" class=\"yoast-schema-graph\">{\"@context\":\"https:\\\/\\\/schema.org\",\"@graph\":[{\"@type\":\"Article\",\"@id\":\"https:\\\/\\\/quehacerpolitico.mx\\\/?p=7091#article\",\"isPartOf\":{\"@id\":\"https:\\\/\\\/quehacerpolitico.mx\\\/?p=7091\"},\"author\":{\"name\":\"Redacci\u00f3n QP\",\"@id\":\"https:\\\/\\\/quehacerpolitico.mx\\\/#\\\/schema\\\/person\\\/496d8ad2d1d3f8036101dca7ee39e585\"},\"headline\":\"Ecatepec es la ciudad de M\u00e9xico donde los ciudadanos (96.3%) se sienten m\u00e1s inseguros, dice INEGI\",\"datePublished\":\"2018-10-17T20:32:46+00:00\",\"mainEntityOfPage\":{\"@id\":\"https:\\\/\\\/quehacerpolitico.mx\\\/?p=7091\"},\"wordCount\":772,\"commentCount\":0,\"image\":{\"@id\":\"https:\\\/\\\/quehacerpolitico.mx\\\/?p=7091#primaryimage\"},\"thumbnailUrl\":\"\",\"articleSection\":[\"Noticias\"],\"inLanguage\":\"es\",\"potentialAction\":[{\"@type\":\"CommentAction\",\"name\":\"Comment\",\"target\":[\"https:\\\/\\\/quehacerpolitico.mx\\\/?p=7091#respond\"]}]},{\"@type\":\"WebPage\",\"@id\":\"https:\\\/\\\/quehacerpolitico.mx\\\/?p=7091\",\"url\":\"https:\\\/\\\/quehacerpolitico.mx\\\/?p=7091\",\"name\":\"Ecatepec es la ciudad de M\u00e9xico donde los ciudadanos (96.3%) se sienten m\u00e1s inseguros, dice INEGI -\",\"isPartOf\":{\"@id\":\"https:\\\/\\\/quehacerpolitico.mx\\\/#website\"},\"primaryImageOfPage\":{\"@id\":\"https:\\\/\\\/quehacerpolitico.mx\\\/?p=7091#primaryimage\"},\"image\":{\"@id\":\"https:\\\/\\\/quehacerpolitico.mx\\\/?p=7091#primaryimage\"},\"thumbnailUrl\":\"\",\"datePublished\":\"2018-10-17T20:32:46+00:00\",\"author\":{\"@id\":\"https:\\\/\\\/quehacerpolitico.mx\\\/#\\\/schema\\\/person\\\/496d8ad2d1d3f8036101dca7ee39e585\"},\"breadcrumb\":{\"@id\":\"https:\\\/\\\/quehacerpolitico.mx\\\/?p=7091#breadcrumb\"},\"inLanguage\":\"es\",\"potentialAction\":[{\"@type\":\"ReadAction\",\"target\":[\"https:\\\/\\\/quehacerpolitico.mx\\\/?p=7091\"]}]},{\"@type\":\"ImageObject\",\"inLanguage\":\"es\",\"@id\":\"https:\\\/\\\/quehacerpolitico.mx\\\/?p=7091#primaryimage\",\"url\":\"\",\"contentUrl\":\"\"},{\"@type\":\"BreadcrumbList\",\"@id\":\"https:\\\/\\\/quehacerpolitico.mx\\\/?p=7091#breadcrumb\",\"itemListElement\":[{\"@type\":\"ListItem\",\"position\":1,\"name\":\"Inicio\",\"item\":\"https:\\\/\\\/quehacerpolitico.mx\\\/\"},{\"@type\":\"ListItem\",\"position\":2,\"name\":\"Ecatepec es la ciudad de M\u00e9xico donde los ciudadanos (96.3%) se sienten m\u00e1s inseguros, dice INEGI\"}]},{\"@type\":\"WebSite\",\"@id\":\"https:\\\/\\\/quehacerpolitico.mx\\\/#website\",\"url\":\"https:\\\/\\\/quehacerpolitico.mx\\\/\",\"name\":\"\",\"description\":\"\",\"potentialAction\":[{\"@type\":\"SearchAction\",\"target\":{\"@type\":\"EntryPoint\",\"urlTemplate\":\"https:\\\/\\\/quehacerpolitico.mx\\\/?s={search_term_string}\"},\"query-input\":{\"@type\":\"PropertyValueSpecification\",\"valueRequired\":true,\"valueName\":\"search_term_string\"}}],\"inLanguage\":\"es\"},{\"@type\":\"Person\",\"@id\":\"https:\\\/\\\/quehacerpolitico.mx\\\/#\\\/schema\\\/person\\\/496d8ad2d1d3f8036101dca7ee39e585\",\"name\":\"Redacci\u00f3n QP\",\"image\":{\"@type\":\"ImageObject\",\"inLanguage\":\"es\",\"@id\":\"https:\\\/\\\/secure.gravatar.com\\\/avatar\\\/c7164ed6fdec453195284ad24a5ae5b6e1eed2b848477fa2a4787ba9adf39a41?s=96&d=mm&r=g\",\"url\":\"https:\\\/\\\/secure.gravatar.com\\\/avatar\\\/c7164ed6fdec453195284ad24a5ae5b6e1eed2b848477fa2a4787ba9adf39a41?s=96&d=mm&r=g\",\"contentUrl\":\"https:\\\/\\\/secure.gravatar.com\\\/avatar\\\/c7164ed6fdec453195284ad24a5ae5b6e1eed2b848477fa2a4787ba9adf39a41?s=96&d=mm&r=g\",\"caption\":\"Redacci\u00f3n QP\"},\"url\":\"https:\\\/\\\/quehacerpolitico.mx\\\/?author=2\"}]}<\/script>\n<!-- \/ Yoast SEO plugin. -->","yoast_head_json":{"title":"Ecatepec es la ciudad de M\u00e9xico donde los ciudadanos (96.3%) se sienten m\u00e1s inseguros, dice INEGI -","robots":{"index":"index","follow":"follow","max-snippet":"max-snippet:-1","max-image-preview":"max-image-preview:large","max-video-preview":"max-video-preview:-1"},"canonical":"https:\/\/quehacerpolitico.mx\/?p=7091","og_locale":"es_MX","og_type":"article","og_title":"Ecatepec es la ciudad de M\u00e9xico donde los ciudadanos (96.3%) se sienten m\u00e1s inseguros, dice INEGI -","og_description":"Ecatepec es la ciudad de M\u00e9xico donde los ciudadanos (96.3%) se sienten m\u00e1s inseguros, dice INEGI Por Redacci\u00f3n QP","og_url":"https:\/\/quehacerpolitico.mx\/?p=7091","article_published_time":"2018-10-17T20:32:46+00:00","author":"Redacci\u00f3n QP","twitter_card":"summary_large_image","twitter_misc":{"Escrito por":"Redacci\u00f3n QP","Tiempo de lectura":"4 minutos"},"schema":{"@context":"https:\/\/schema.org","@graph":[{"@type":"Article","@id":"https:\/\/quehacerpolitico.mx\/?p=7091#article","isPartOf":{"@id":"https:\/\/quehacerpolitico.mx\/?p=7091"},"author":{"name":"Redacci\u00f3n QP","@id":"https:\/\/quehacerpolitico.mx\/#\/schema\/person\/496d8ad2d1d3f8036101dca7ee39e585"},"headline":"Ecatepec es la ciudad de M\u00e9xico donde los ciudadanos (96.3%) se sienten m\u00e1s inseguros, dice INEGI","datePublished":"2018-10-17T20:32:46+00:00","mainEntityOfPage":{"@id":"https:\/\/quehacerpolitico.mx\/?p=7091"},"wordCount":772,"commentCount":0,"image":{"@id":"https:\/\/quehacerpolitico.mx\/?p=7091#primaryimage"},"thumbnailUrl":"","articleSection":["Noticias"],"inLanguage":"es","potentialAction":[{"@type":"CommentAction","name":"Comment","target":["https:\/\/quehacerpolitico.mx\/?p=7091#respond"]}]},{"@type":"WebPage","@id":"https:\/\/quehacerpolitico.mx\/?p=7091","url":"https:\/\/quehacerpolitico.mx\/?p=7091","name":"Ecatepec es la ciudad de M\u00e9xico donde los ciudadanos (96.3%) se sienten m\u00e1s inseguros, dice INEGI -","isPartOf":{"@id":"https:\/\/quehacerpolitico.mx\/#website"},"primaryImageOfPage":{"@id":"https:\/\/quehacerpolitico.mx\/?p=7091#primaryimage"},"image":{"@id":"https:\/\/quehacerpolitico.mx\/?p=7091#primaryimage"},"thumbnailUrl":"","datePublished":"2018-10-17T20:32:46+00:00","author":{"@id":"https:\/\/quehacerpolitico.mx\/#\/schema\/person\/496d8ad2d1d3f8036101dca7ee39e585"},"breadcrumb":{"@id":"https:\/\/quehacerpolitico.mx\/?p=7091#breadcrumb"},"inLanguage":"es","potentialAction":[{"@type":"ReadAction","target":["https:\/\/quehacerpolitico.mx\/?p=7091"]}]},{"@type":"ImageObject","inLanguage":"es","@id":"https:\/\/quehacerpolitico.mx\/?p=7091#primaryimage","url":"","contentUrl":""},{"@type":"BreadcrumbList","@id":"https:\/\/quehacerpolitico.mx\/?p=7091#breadcrumb","itemListElement":[{"@type":"ListItem","position":1,"name":"Inicio","item":"https:\/\/quehacerpolitico.mx\/"},{"@type":"ListItem","position":2,"name":"Ecatepec es la ciudad de M\u00e9xico donde los ciudadanos (96.3%) se sienten m\u00e1s inseguros, dice INEGI"}]},{"@type":"WebSite","@id":"https:\/\/quehacerpolitico.mx\/#website","url":"https:\/\/quehacerpolitico.mx\/","name":"","description":"","potentialAction":[{"@type":"SearchAction","target":{"@type":"EntryPoint","urlTemplate":"https:\/\/quehacerpolitico.mx\/?s={search_term_string}"},"query-input":{"@type":"PropertyValueSpecification","valueRequired":true,"valueName":"search_term_string"}}],"inLanguage":"es"},{"@type":"Person","@id":"https:\/\/quehacerpolitico.mx\/#\/schema\/person\/496d8ad2d1d3f8036101dca7ee39e585","name":"Redacci\u00f3n QP","image":{"@type":"ImageObject","inLanguage":"es","@id":"https:\/\/secure.gravatar.com\/avatar\/c7164ed6fdec453195284ad24a5ae5b6e1eed2b848477fa2a4787ba9adf39a41?s=96&d=mm&r=g","url":"https:\/\/secure.gravatar.com\/avatar\/c7164ed6fdec453195284ad24a5ae5b6e1eed2b848477fa2a4787ba9adf39a41?s=96&d=mm&r=g","contentUrl":"https:\/\/secure.gravatar.com\/avatar\/c7164ed6fdec453195284ad24a5ae5b6e1eed2b848477fa2a4787ba9adf39a41?s=96&d=mm&r=g","caption":"Redacci\u00f3n QP"},"url":"https:\/\/quehacerpolitico.mx\/?author=2"}]}},"featured_image_urls":{"full":"","thumbnail":"","medium":"","medium_large":"","large":"","1536x1536":"","2048x2048":"","covernews-featured":"","covernews-medium":""},"author_info":{"display_name":"Redacci\u00f3n QP","author_link":"https:\/\/quehacerpolitico.mx\/?author=2"},"category_info":"<a href=\"https:\/\/quehacerpolitico.mx\/?cat=2\" rel=\"category\">Noticias<\/a>","tag_info":"Noticias","comment_count":"0","_links":{"self":[{"href":"https:\/\/quehacerpolitico.mx\/index.php?rest_route=\/wp\/v2\/posts\/7091","targetHints":{"allow":["GET"]}}],"collection":[{"href":"https:\/\/quehacerpolitico.mx\/index.php?rest_route=\/wp\/v2\/posts"}],"about":[{"href":"https:\/\/quehacerpolitico.mx\/index.php?rest_route=\/wp\/v2\/types\/post"}],"author":[{"embeddable":true,"href":"https:\/\/quehacerpolitico.mx\/index.php?rest_route=\/wp\/v2\/users\/2"}],"replies":[{"embeddable":true,"href":"https:\/\/quehacerpolitico.mx\/index.php?rest_route=%2Fwp%2Fv2%2Fcomments&post=7091"}],"version-history":[{"count":0,"href":"https:\/\/quehacerpolitico.mx\/index.php?rest_route=\/wp\/v2\/posts\/7091\/revisions"}],"wp:featuredmedia":[{"embeddable":true,"href":"https:\/\/quehacerpolitico.mx\/index.php?rest_route=\/"}],"wp:attachment":[{"href":"https:\/\/quehacerpolitico.mx\/index.php?rest_route=%2Fwp%2Fv2%2Fmedia&parent=7091"}],"wp:term":[{"taxonomy":"category","embeddable":true,"href":"https:\/\/quehacerpolitico.mx\/index.php?rest_route=%2Fwp%2Fv2%2Fcategories&post=7091"},{"taxonomy":"post_tag","embeddable":true,"href":"https:\/\/quehacerpolitico.mx\/index.php?rest_route=%2Fwp%2Fv2%2Ftags&post=7091"}],"curies":[{"name":"wp","href":"https:\/\/api.w.org\/{rel}","templated":true}]}}