{"id":7085,"date":"2018-10-17T20:12:13","date_gmt":"2018-10-17T20:12:13","guid":{"rendered":"http:\/\/quehacerpolitico.mx\/el-secretario-de-estado-de-eu-mike-pompeo-se-reunira-el-viernes-en-la-cdmx-con-pena-videgaray-y-ebrard\/"},"modified":"2018-10-17T20:12:13","modified_gmt":"2018-10-17T20:12:13","slug":"el-secretario-de-estado-de-eu-mike-pompeo-se-reunira-el-viernes-en-la-cdmx-con-pena-videgaray-y-ebrard","status":"publish","type":"post","link":"https:\/\/quehacerpolitico.mx\/?p=7085","title":{"rendered":"El Secretario de Estado de EU, Mike Pompeo, se reunir\u00e1 el viernes en la CdMx con Pe\u00f1a, Videgaray y Ebrard"},"content":{"rendered":"<p>El Secretario de Estado de Estados Unidos,<strong> Mike Pompeo<\/strong>, arribar\u00e1 el pr\u00f3ximo viernes a la <strong>Ciudad de M\u00e9xico<\/strong> para reunirse con el <strong>Presidente Enrique Pe\u00f1a<\/strong>Nieto y para reafirmar el compromiso de cooperaci\u00f3n con el futuro Gobierno de <strong>Andr\u00e9s Manuel L\u00f3pez<\/strong> Obrador.<\/p>\n<p>Pompeo se reunir\u00e1 tambi\u00e9n con el Canciller Luis Videgaray y con el futuro titular de la Secretar\u00eda de Relaciones Exteriores, Marcelo Ebrard.<\/p>\n<p>\u201cEn la Ciudad de M\u00e9xico, el 19 de octubre, el Secretario se reunir\u00e1 con el Presidente Enrique Pe\u00f1a Nieto y con el Secretario de Relaciones Exteriores Luis Videgaray Caso, as\u00ed como con el Secretario de Relaciones Exteriores designado de la nueva administraci\u00f3n Marcelo Luis Ebrard Casaub\u00f3n. El Secretario Pompeo reafirmar\u00e1 el compromiso de Estados Unidos de cooperar con la administraci\u00f3n actual y con la entrante del Presidente electo Andr\u00e9s Manuel L\u00f3pez Obrador en temas econ\u00f3micos, retos compartidos a la seguridad y la reducci\u00f3n de la migraci\u00f3n ilegal\u201d, inform\u00f3 en un comunicado firmado por la vocera de Pompeo, Heather Nauert.<\/p>\n<blockquote class=\"twitter-tweet\" data-width=\"550\" data-dnt=\"true\">\n<p lang=\"es\" dir=\"ltr\">El <a href=\"https:\/\/twitter.com\/SecPompeo?ref_src=twsrc%5Etfw\">@SecPompeo<\/a> viajar\u00e1 a la CDMX el 19 de octubre. Se reunir\u00e1 con Presidente <a href=\"https:\/\/twitter.com\/EPN?ref_src=twsrc%5Etfw\">@EPN<\/a>, Secretario <a href=\"https:\/\/twitter.com\/LVidegaray?ref_src=twsrc%5Etfw\">@LVidegaray<\/a> y con el futuro canciller <a href=\"https:\/\/twitter.com\/m_ebrard?ref_src=twsrc%5Etfw\">@m_ebrard<\/a> designado por la administraci\u00f3n <a href=\"https:\/\/twitter.com\/lopezobrador_?ref_src=twsrc%5Etfw\">@lopezobrador_<\/a>. Reafirmar\u00e1 compromiso de cooperar en econom\u00eda, seguridad y reducci\u00f3n de migraci\u00f3n ilegal. <a href=\"https:\/\/t.co\/gWlFfnppVi\">pic.twitter.com\/gWlFfnppVi<\/a><\/p>\n<p>&mdash; Embajada EU en Mex (@USEmbassyMEX) <a href=\"https:\/\/twitter.com\/USEmbassyMEX\/status\/1052554442854285312?ref_src=twsrc%5Etfw\">October 17, 2018<\/a><\/p><\/blockquote>\n<p><script async src=\"https:\/\/platform.twitter.com\/widgets.js\" charset=\"utf-8\"><\/script><\/p>\n<p>Pompeo visitar\u00e1 el jueves la ciudad de Panam\u00e1, donde se reunir\u00e1 con el Presidente Juan Carlos Varela.<\/p>\n<p>La visita de Pompeo se da mientras una caravana integrada por unos 2 mil migrantes hondure\u00f1os avanza desde el sur con el objetivo de llegar a Estados Unidos.<\/p>\n<p>Mientras la caravana avanz\u00f3 la madrugada de este mi\u00e9rcoles por Guatemala, el Presidente Donald Trump lanz\u00f3 una serie de nuevos mensajes a trav\u00e9s de Twitter diciendo que Washington advirti\u00f3 a los gobiernos de Honduras, Guatemala y El Salvador que su ayuda se suspender\u00e1 si permiten que la gente viaje desde o a trav\u00e9s de sus pa\u00edses para entrar a Estados Unidos sin autorizaci\u00f3n.<\/p>\n<p>\u201cTodo aquel que ingrese ilegalmente a Estados Unidos ser\u00e1 arrestado y detenido antes de ser enviado de regreso a su pa\u00eds\u201d, tuite\u00f3.<\/p>\n<p>A tres semanas de las elecciones de mitad de legislatura en Estados Unidos, la caravana se encaminaba a enojar a Trump. Pero el dirigente no cumpli\u00f3 una amenaza similar de frenar la ayuda a Honduras en abril luego de otra iniciativa similar, que acab\u00f3 diluy\u00e9ndose en M\u00e9xico.<\/p>\n","protected":false},"excerpt":{"rendered":"<p>El Secretario de Estado de EU, Mike Pompeo, se reunir\u00e1 el viernes en la CdMx con Pe\u00f1a, Videgaray y Ebrard<br \/>\nPor Redacci\u00f3n QP<\/p>\n","protected":false},"author":2,"featured_media":7084,"comment_status":"open","ping_status":"open","sticky":false,"template":"","format":"standard","meta":{"_monsterinsights_skip_tracking":false,"_monsterinsights_sitenote_active":false,"_monsterinsights_sitenote_note":"","_monsterinsights_sitenote_category":0,"footnotes":""},"categories":[2],"tags":[],"class_list":["post-7085","post","type-post","status-publish","format-standard","has-post-thumbnail","hentry","category-noticias"],"yoast_head":"<!-- This site is optimized with the Yoast SEO plugin v27.3 - https:\/\/yoast.com\/product\/yoast-seo-wordpress\/ -->\n<title>El Secretario de Estado de EU, Mike Pompeo, se reunir\u00e1 el viernes en la CdMx con Pe\u00f1a, Videgaray y Ebrard -<\/title>\n<meta name=\"robots\" content=\"index, follow, max-snippet:-1, max-image-preview:large, max-video-preview:-1\" \/>\n<link rel=\"canonical\" href=\"https:\/\/quehacerpolitico.mx\/?p=7085\" \/>\n<meta property=\"og:locale\" content=\"es_MX\" \/>\n<meta property=\"og:type\" content=\"article\" \/>\n<meta property=\"og:title\" content=\"El Secretario de Estado de EU, Mike Pompeo, se reunir\u00e1 el viernes en la CdMx con Pe\u00f1a, Videgaray y Ebrard -\" \/>\n<meta property=\"og:description\" content=\"El Secretario de Estado de EU, Mike Pompeo, se reunir\u00e1 el viernes en la CdMx con Pe\u00f1a, Videgaray y Ebrard Por Redacci\u00f3n QP\" \/>\n<meta property=\"og:url\" content=\"https:\/\/quehacerpolitico.mx\/?p=7085\" \/>\n<meta property=\"article:published_time\" content=\"2018-10-17T20:12:13+00:00\" \/>\n<meta name=\"author\" content=\"Redacci\u00f3n QP\" \/>\n<meta name=\"twitter:card\" content=\"summary_large_image\" \/>\n<meta name=\"twitter:label1\" content=\"Escrito por\" \/>\n\t<meta name=\"twitter:data1\" content=\"Redacci\u00f3n QP\" \/>\n\t<meta name=\"twitter:label2\" content=\"Tiempo de lectura\" \/>\n\t<meta name=\"twitter:data2\" content=\"2 minutos\" \/>\n<script type=\"application\/ld+json\" class=\"yoast-schema-graph\">{\"@context\":\"https:\\\/\\\/schema.org\",\"@graph\":[{\"@type\":\"Article\",\"@id\":\"https:\\\/\\\/quehacerpolitico.mx\\\/?p=7085#article\",\"isPartOf\":{\"@id\":\"https:\\\/\\\/quehacerpolitico.mx\\\/?p=7085\"},\"author\":{\"name\":\"Redacci\u00f3n QP\",\"@id\":\"https:\\\/\\\/quehacerpolitico.mx\\\/#\\\/schema\\\/person\\\/496d8ad2d1d3f8036101dca7ee39e585\"},\"headline\":\"El Secretario de Estado de EU, Mike Pompeo, se reunir\u00e1 el viernes en la CdMx con Pe\u00f1a, Videgaray y Ebrard\",\"datePublished\":\"2018-10-17T20:12:13+00:00\",\"mainEntityOfPage\":{\"@id\":\"https:\\\/\\\/quehacerpolitico.mx\\\/?p=7085\"},\"wordCount\":391,\"commentCount\":0,\"image\":{\"@id\":\"https:\\\/\\\/quehacerpolitico.mx\\\/?p=7085#primaryimage\"},\"thumbnailUrl\":\"\",\"articleSection\":[\"Noticias\"],\"inLanguage\":\"es\",\"potentialAction\":[{\"@type\":\"CommentAction\",\"name\":\"Comment\",\"target\":[\"https:\\\/\\\/quehacerpolitico.mx\\\/?p=7085#respond\"]}]},{\"@type\":\"WebPage\",\"@id\":\"https:\\\/\\\/quehacerpolitico.mx\\\/?p=7085\",\"url\":\"https:\\\/\\\/quehacerpolitico.mx\\\/?p=7085\",\"name\":\"El Secretario de Estado de EU, Mike Pompeo, se reunir\u00e1 el viernes en la CdMx con Pe\u00f1a, Videgaray y Ebrard -\",\"isPartOf\":{\"@id\":\"https:\\\/\\\/quehacerpolitico.mx\\\/#website\"},\"primaryImageOfPage\":{\"@id\":\"https:\\\/\\\/quehacerpolitico.mx\\\/?p=7085#primaryimage\"},\"image\":{\"@id\":\"https:\\\/\\\/quehacerpolitico.mx\\\/?p=7085#primaryimage\"},\"thumbnailUrl\":\"\",\"datePublished\":\"2018-10-17T20:12:13+00:00\",\"author\":{\"@id\":\"https:\\\/\\\/quehacerpolitico.mx\\\/#\\\/schema\\\/person\\\/496d8ad2d1d3f8036101dca7ee39e585\"},\"breadcrumb\":{\"@id\":\"https:\\\/\\\/quehacerpolitico.mx\\\/?p=7085#breadcrumb\"},\"inLanguage\":\"es\",\"potentialAction\":[{\"@type\":\"ReadAction\",\"target\":[\"https:\\\/\\\/quehacerpolitico.mx\\\/?p=7085\"]}]},{\"@type\":\"ImageObject\",\"inLanguage\":\"es\",\"@id\":\"https:\\\/\\\/quehacerpolitico.mx\\\/?p=7085#primaryimage\",\"url\":\"\",\"contentUrl\":\"\"},{\"@type\":\"BreadcrumbList\",\"@id\":\"https:\\\/\\\/quehacerpolitico.mx\\\/?p=7085#breadcrumb\",\"itemListElement\":[{\"@type\":\"ListItem\",\"position\":1,\"name\":\"Inicio\",\"item\":\"https:\\\/\\\/quehacerpolitico.mx\\\/\"},{\"@type\":\"ListItem\",\"position\":2,\"name\":\"El Secretario de Estado de EU, Mike Pompeo, se reunir\u00e1 el viernes en la CdMx con Pe\u00f1a, Videgaray y Ebrard\"}]},{\"@type\":\"WebSite\",\"@id\":\"https:\\\/\\\/quehacerpolitico.mx\\\/#website\",\"url\":\"https:\\\/\\\/quehacerpolitico.mx\\\/\",\"name\":\"\",\"description\":\"\",\"potentialAction\":[{\"@type\":\"SearchAction\",\"target\":{\"@type\":\"EntryPoint\",\"urlTemplate\":\"https:\\\/\\\/quehacerpolitico.mx\\\/?s={search_term_string}\"},\"query-input\":{\"@type\":\"PropertyValueSpecification\",\"valueRequired\":true,\"valueName\":\"search_term_string\"}}],\"inLanguage\":\"es\"},{\"@type\":\"Person\",\"@id\":\"https:\\\/\\\/quehacerpolitico.mx\\\/#\\\/schema\\\/person\\\/496d8ad2d1d3f8036101dca7ee39e585\",\"name\":\"Redacci\u00f3n QP\",\"image\":{\"@type\":\"ImageObject\",\"inLanguage\":\"es\",\"@id\":\"https:\\\/\\\/secure.gravatar.com\\\/avatar\\\/c7164ed6fdec453195284ad24a5ae5b6e1eed2b848477fa2a4787ba9adf39a41?s=96&d=mm&r=g\",\"url\":\"https:\\\/\\\/secure.gravatar.com\\\/avatar\\\/c7164ed6fdec453195284ad24a5ae5b6e1eed2b848477fa2a4787ba9adf39a41?s=96&d=mm&r=g\",\"contentUrl\":\"https:\\\/\\\/secure.gravatar.com\\\/avatar\\\/c7164ed6fdec453195284ad24a5ae5b6e1eed2b848477fa2a4787ba9adf39a41?s=96&d=mm&r=g\",\"caption\":\"Redacci\u00f3n QP\"},\"url\":\"https:\\\/\\\/quehacerpolitico.mx\\\/?author=2\"}]}<\/script>\n<!-- \/ Yoast SEO plugin. -->","yoast_head_json":{"title":"El Secretario de Estado de EU, Mike Pompeo, se reunir\u00e1 el viernes en la CdMx con Pe\u00f1a, Videgaray y Ebrard -","robots":{"index":"index","follow":"follow","max-snippet":"max-snippet:-1","max-image-preview":"max-image-preview:large","max-video-preview":"max-video-preview:-1"},"canonical":"https:\/\/quehacerpolitico.mx\/?p=7085","og_locale":"es_MX","og_type":"article","og_title":"El Secretario de Estado de EU, Mike Pompeo, se reunir\u00e1 el viernes en la CdMx con Pe\u00f1a, Videgaray y Ebrard -","og_description":"El Secretario de Estado de EU, Mike Pompeo, se reunir\u00e1 el viernes en la CdMx con Pe\u00f1a, Videgaray y Ebrard Por Redacci\u00f3n QP","og_url":"https:\/\/quehacerpolitico.mx\/?p=7085","article_published_time":"2018-10-17T20:12:13+00:00","author":"Redacci\u00f3n QP","twitter_card":"summary_large_image","twitter_misc":{"Escrito por":"Redacci\u00f3n QP","Tiempo de lectura":"2 minutos"},"schema":{"@context":"https:\/\/schema.org","@graph":[{"@type":"Article","@id":"https:\/\/quehacerpolitico.mx\/?p=7085#article","isPartOf":{"@id":"https:\/\/quehacerpolitico.mx\/?p=7085"},"author":{"name":"Redacci\u00f3n QP","@id":"https:\/\/quehacerpolitico.mx\/#\/schema\/person\/496d8ad2d1d3f8036101dca7ee39e585"},"headline":"El Secretario de Estado de EU, Mike Pompeo, se reunir\u00e1 el viernes en la CdMx con Pe\u00f1a, Videgaray y Ebrard","datePublished":"2018-10-17T20:12:13+00:00","mainEntityOfPage":{"@id":"https:\/\/quehacerpolitico.mx\/?p=7085"},"wordCount":391,"commentCount":0,"image":{"@id":"https:\/\/quehacerpolitico.mx\/?p=7085#primaryimage"},"thumbnailUrl":"","articleSection":["Noticias"],"inLanguage":"es","potentialAction":[{"@type":"CommentAction","name":"Comment","target":["https:\/\/quehacerpolitico.mx\/?p=7085#respond"]}]},{"@type":"WebPage","@id":"https:\/\/quehacerpolitico.mx\/?p=7085","url":"https:\/\/quehacerpolitico.mx\/?p=7085","name":"El Secretario de Estado de EU, Mike Pompeo, se reunir\u00e1 el viernes en la CdMx con Pe\u00f1a, Videgaray y Ebrard -","isPartOf":{"@id":"https:\/\/quehacerpolitico.mx\/#website"},"primaryImageOfPage":{"@id":"https:\/\/quehacerpolitico.mx\/?p=7085#primaryimage"},"image":{"@id":"https:\/\/quehacerpolitico.mx\/?p=7085#primaryimage"},"thumbnailUrl":"","datePublished":"2018-10-17T20:12:13+00:00","author":{"@id":"https:\/\/quehacerpolitico.mx\/#\/schema\/person\/496d8ad2d1d3f8036101dca7ee39e585"},"breadcrumb":{"@id":"https:\/\/quehacerpolitico.mx\/?p=7085#breadcrumb"},"inLanguage":"es","potentialAction":[{"@type":"ReadAction","target":["https:\/\/quehacerpolitico.mx\/?p=7085"]}]},{"@type":"ImageObject","inLanguage":"es","@id":"https:\/\/quehacerpolitico.mx\/?p=7085#primaryimage","url":"","contentUrl":""},{"@type":"BreadcrumbList","@id":"https:\/\/quehacerpolitico.mx\/?p=7085#breadcrumb","itemListElement":[{"@type":"ListItem","position":1,"name":"Inicio","item":"https:\/\/quehacerpolitico.mx\/"},{"@type":"ListItem","position":2,"name":"El Secretario de Estado de EU, Mike Pompeo, se reunir\u00e1 el viernes en la CdMx con Pe\u00f1a, Videgaray y Ebrard"}]},{"@type":"WebSite","@id":"https:\/\/quehacerpolitico.mx\/#website","url":"https:\/\/quehacerpolitico.mx\/","name":"","description":"","potentialAction":[{"@type":"SearchAction","target":{"@type":"EntryPoint","urlTemplate":"https:\/\/quehacerpolitico.mx\/?s={search_term_string}"},"query-input":{"@type":"PropertyValueSpecification","valueRequired":true,"valueName":"search_term_string"}}],"inLanguage":"es"},{"@type":"Person","@id":"https:\/\/quehacerpolitico.mx\/#\/schema\/person\/496d8ad2d1d3f8036101dca7ee39e585","name":"Redacci\u00f3n QP","image":{"@type":"ImageObject","inLanguage":"es","@id":"https:\/\/secure.gravatar.com\/avatar\/c7164ed6fdec453195284ad24a5ae5b6e1eed2b848477fa2a4787ba9adf39a41?s=96&d=mm&r=g","url":"https:\/\/secure.gravatar.com\/avatar\/c7164ed6fdec453195284ad24a5ae5b6e1eed2b848477fa2a4787ba9adf39a41?s=96&d=mm&r=g","contentUrl":"https:\/\/secure.gravatar.com\/avatar\/c7164ed6fdec453195284ad24a5ae5b6e1eed2b848477fa2a4787ba9adf39a41?s=96&d=mm&r=g","caption":"Redacci\u00f3n QP"},"url":"https:\/\/quehacerpolitico.mx\/?author=2"}]}},"featured_image_urls":{"full":"","thumbnail":"","medium":"","medium_large":"","large":"","1536x1536":"","2048x2048":"","covernews-featured":"","covernews-medium":""},"author_info":{"display_name":"Redacci\u00f3n QP","author_link":"https:\/\/quehacerpolitico.mx\/?author=2"},"category_info":"<a href=\"https:\/\/quehacerpolitico.mx\/?cat=2\" rel=\"category\">Noticias<\/a>","tag_info":"Noticias","comment_count":"0","_links":{"self":[{"href":"https:\/\/quehacerpolitico.mx\/index.php?rest_route=\/wp\/v2\/posts\/7085","targetHints":{"allow":["GET"]}}],"collection":[{"href":"https:\/\/quehacerpolitico.mx\/index.php?rest_route=\/wp\/v2\/posts"}],"about":[{"href":"https:\/\/quehacerpolitico.mx\/index.php?rest_route=\/wp\/v2\/types\/post"}],"author":[{"embeddable":true,"href":"https:\/\/quehacerpolitico.mx\/index.php?rest_route=\/wp\/v2\/users\/2"}],"replies":[{"embeddable":true,"href":"https:\/\/quehacerpolitico.mx\/index.php?rest_route=%2Fwp%2Fv2%2Fcomments&post=7085"}],"version-history":[{"count":0,"href":"https:\/\/quehacerpolitico.mx\/index.php?rest_route=\/wp\/v2\/posts\/7085\/revisions"}],"wp:featuredmedia":[{"embeddable":true,"href":"https:\/\/quehacerpolitico.mx\/index.php?rest_route=\/"}],"wp:attachment":[{"href":"https:\/\/quehacerpolitico.mx\/index.php?rest_route=%2Fwp%2Fv2%2Fmedia&parent=7085"}],"wp:term":[{"taxonomy":"category","embeddable":true,"href":"https:\/\/quehacerpolitico.mx\/index.php?rest_route=%2Fwp%2Fv2%2Fcategories&post=7085"},{"taxonomy":"post_tag","embeddable":true,"href":"https:\/\/quehacerpolitico.mx\/index.php?rest_route=%2Fwp%2Fv2%2Ftags&post=7085"}],"curies":[{"name":"wp","href":"https:\/\/api.w.org\/{rel}","templated":true}]}}