{"id":70833,"date":"2020-12-28T04:25:53","date_gmt":"2020-12-28T04:25:53","guid":{"rendered":"https:\/\/quehacerpolitico.mx\/?p=70833"},"modified":"2020-12-28T04:25:53","modified_gmt":"2020-12-28T04:25:53","slug":"muere-acribillado-nacho-uno-de-los-principales-colaboradores-de-el-chapo-guzman","status":"publish","type":"post","link":"https:\/\/quehacerpolitico.mx\/?p=70833","title":{"rendered":"Muere acribillado \u2018Nacho\u2019 uno de los principales colaboradores de \u2018El Chapo\u2019 Guzm\u00e1n"},"content":{"rendered":"<h1>Muere acribillado \u2018Nacho\u2019 uno de los principales colaboradores de \u2018El Chapo\u2019 Guzm\u00e1n<br \/>\nPor Redacci\u00f3n QP<\/h1>\n<p>En el ataque result\u00f3 herido un beb\u00e9 de ocho meses, hija de la mujer que acompa\u00f1aba a Soto<\/p>\n<p>Las autoridades de Seguridad del estado de<strong>Sonora<\/strong> confirmaron este domingo el asesinato de<strong> Ignacio \u2018Nacho\u2019 P\u00e1ez Soto,<\/strong> alias<strong> \u2018C1\u2019 o \u2018T\u00edo<\/strong>\u2018, uno de los principales cabecillas del c\u00e1rtel que lidera <strong>Joaqu\u00edn \u2018El Chapo\u2019 Guzm\u00e1n<\/strong>, despu\u00e9s de ser acribillado el s\u00e1bado.<\/p>\n<p class=\"p1\"><span class=\"s1\">Soto, de 47 a\u00f1os y supuesto jefe de plaza del <strong>C\u00e1rtel de Sinaloa<\/strong> en Caborca, municipio situado en el noroeste de Sonora, fue acribillado cuando se encontraba en un veh\u00edculo a la salida de una tienda de comestibles.<\/span><\/p>\n<p><iframe loading=\"lazy\" title=\"Matan a operador de \u201cEl Chapo\u201d en Caborca\" width=\"640\" height=\"360\" src=\"https:\/\/www.youtube.com\/embed\/lOM6FSpFuR4?feature=oembed\" frameborder=\"0\" allow=\"accelerometer; autoplay; clipboard-write; encrypted-media; gyroscope; picture-in-picture; web-share\" referrerpolicy=\"strict-origin-when-cross-origin\" allowfullscreen><\/iframe><\/p>\n<p class=\"p1\"><span class=\"s1\">En el ataque result\u00f3 herido un beb\u00e9 de ocho meses, hija de la mujer que acompa\u00f1aba a Soto, quien habr\u00eda recibido unos 50 impactos de bala, seg\u00fan apunta la prensa mexicana. \u00a0 \u00a0 \u00a0<\/span><span class=\"s1\">\u00a0 \u00a0\u00a0<\/span><\/p>\n<p class=\"p1\"><span class=\"s1\">El asesinato de Soto, quien hab\u00eda sido detenido en 2014 por posesi\u00f3n de armas, se produjo cuando deber\u00eda haber estado en la c\u00e1rcel cumpliendo una pena de 20 a\u00f1os de prisi\u00f3n que se le impuso en 2016 por un delito contra la salud p\u00fablica en relaci\u00f3n a su responsabilidad en el tr\u00e1fico de drogas a Estados Unidos. \u00a0 \u00a0 \u00a0<\/span><span class=\"s1\">\u00a0 \u00a0<\/span><\/p>\n<p class=\"p1\"><span class=\"s1\">\u2018El Chapo\u2019 Guzm\u00e1n, l\u00edder del <strong>C\u00e1rtel de Sinaloa<\/strong>, est\u00e1 preso en Estados Unidos, donde fue condenado en julio a cadena perpetua por delitos de tr\u00e1fico de drogas y asesinatos. Guzm\u00e1n es uno de los principales s\u00edmbolos del narcotr\u00e1fico en los \u00faltimos a\u00f1os y ha logrado fugarse en <\/span><span class=\"s1\">hasta dos ocasiones de prisi\u00f3n.<\/span><\/p>\n<p>Con informaci\u00f3n de Europa Press<\/p>\n","protected":false},"excerpt":{"rendered":"<p>Muere acribillado \u2018Nacho\u2019 uno de los principales colaboradores de \u2018El Chapo\u2019 Guzm\u00e1n Por Redacci\u00f3n QP&#8230;<\/p>\n","protected":false},"author":2,"featured_media":70834,"comment_status":"open","ping_status":"open","sticky":false,"template":"","format":"standard","meta":{"_monsterinsights_skip_tracking":false,"_monsterinsights_sitenote_active":false,"_monsterinsights_sitenote_note":"","_monsterinsights_sitenote_category":0,"footnotes":""},"categories":[2],"tags":[],"class_list":["post-70833","post","type-post","status-publish","format-standard","has-post-thumbnail","hentry","category-noticias"],"yoast_head":"<!-- This site is optimized with the Yoast SEO plugin v27.3 - https:\/\/yoast.com\/product\/yoast-seo-wordpress\/ -->\n<title>Muere acribillado \u2018Nacho\u2019 uno de los principales colaboradores de \u2018El Chapo\u2019 Guzm\u00e1n -<\/title>\n<meta name=\"robots\" content=\"index, follow, max-snippet:-1, max-image-preview:large, max-video-preview:-1\" \/>\n<link rel=\"canonical\" href=\"https:\/\/quehacerpolitico.mx\/?p=70833\" \/>\n<meta property=\"og:locale\" content=\"es_MX\" \/>\n<meta property=\"og:type\" content=\"article\" \/>\n<meta property=\"og:title\" content=\"Muere acribillado \u2018Nacho\u2019 uno de los principales colaboradores de \u2018El Chapo\u2019 Guzm\u00e1n -\" \/>\n<meta property=\"og:description\" content=\"Muere acribillado \u2018Nacho\u2019 uno de los principales colaboradores de \u2018El Chapo\u2019 Guzm\u00e1n Por Redacci\u00f3n QP...\" \/>\n<meta property=\"og:url\" content=\"https:\/\/quehacerpolitico.mx\/?p=70833\" \/>\n<meta property=\"article:published_time\" content=\"2020-12-28T04:25:53+00:00\" \/>\n<meta property=\"og:image\" content=\"https:\/\/quehacerpolitico.mx\/wp-content\/uploads\/2020\/12\/8697D80E-22B6-4A58-A450-B4A0757C7153.jpeg\" \/>\n\t<meta property=\"og:image:width\" content=\"871\" \/>\n\t<meta property=\"og:image:height\" content=\"662\" \/>\n\t<meta property=\"og:image:type\" content=\"image\/jpeg\" \/>\n<meta name=\"author\" content=\"Redacci\u00f3n QP\" \/>\n<meta name=\"twitter:card\" content=\"summary_large_image\" \/>\n<meta name=\"twitter:label1\" content=\"Escrito por\" \/>\n\t<meta name=\"twitter:data1\" content=\"Redacci\u00f3n QP\" \/>\n\t<meta name=\"twitter:label2\" content=\"Tiempo de lectura\" \/>\n\t<meta name=\"twitter:data2\" content=\"1 minuto\" \/>\n<script type=\"application\/ld+json\" class=\"yoast-schema-graph\">{\"@context\":\"https:\\\/\\\/schema.org\",\"@graph\":[{\"@type\":\"Article\",\"@id\":\"https:\\\/\\\/quehacerpolitico.mx\\\/?p=70833#article\",\"isPartOf\":{\"@id\":\"https:\\\/\\\/quehacerpolitico.mx\\\/?p=70833\"},\"author\":{\"name\":\"Redacci\u00f3n QP\",\"@id\":\"https:\\\/\\\/quehacerpolitico.mx\\\/#\\\/schema\\\/person\\\/496d8ad2d1d3f8036101dca7ee39e585\"},\"headline\":\"Muere acribillado \u2018Nacho\u2019 uno de los principales colaboradores de \u2018El Chapo\u2019 Guzm\u00e1n\",\"datePublished\":\"2020-12-28T04:25:53+00:00\",\"mainEntityOfPage\":{\"@id\":\"https:\\\/\\\/quehacerpolitico.mx\\\/?p=70833\"},\"wordCount\":304,\"commentCount\":0,\"image\":{\"@id\":\"https:\\\/\\\/quehacerpolitico.mx\\\/?p=70833#primaryimage\"},\"thumbnailUrl\":\"https:\\\/\\\/quehacerpolitico.mx\\\/wp-content\\\/uploads\\\/2020\\\/12\\\/8697D80E-22B6-4A58-A450-B4A0757C7153.jpeg\",\"articleSection\":[\"Noticias\"],\"inLanguage\":\"es\",\"potentialAction\":[{\"@type\":\"CommentAction\",\"name\":\"Comment\",\"target\":[\"https:\\\/\\\/quehacerpolitico.mx\\\/?p=70833#respond\"]}]},{\"@type\":\"WebPage\",\"@id\":\"https:\\\/\\\/quehacerpolitico.mx\\\/?p=70833\",\"url\":\"https:\\\/\\\/quehacerpolitico.mx\\\/?p=70833\",\"name\":\"Muere acribillado \u2018Nacho\u2019 uno de los principales colaboradores de \u2018El Chapo\u2019 Guzm\u00e1n -\",\"isPartOf\":{\"@id\":\"https:\\\/\\\/quehacerpolitico.mx\\\/#website\"},\"primaryImageOfPage\":{\"@id\":\"https:\\\/\\\/quehacerpolitico.mx\\\/?p=70833#primaryimage\"},\"image\":{\"@id\":\"https:\\\/\\\/quehacerpolitico.mx\\\/?p=70833#primaryimage\"},\"thumbnailUrl\":\"https:\\\/\\\/quehacerpolitico.mx\\\/wp-content\\\/uploads\\\/2020\\\/12\\\/8697D80E-22B6-4A58-A450-B4A0757C7153.jpeg\",\"datePublished\":\"2020-12-28T04:25:53+00:00\",\"author\":{\"@id\":\"https:\\\/\\\/quehacerpolitico.mx\\\/#\\\/schema\\\/person\\\/496d8ad2d1d3f8036101dca7ee39e585\"},\"breadcrumb\":{\"@id\":\"https:\\\/\\\/quehacerpolitico.mx\\\/?p=70833#breadcrumb\"},\"inLanguage\":\"es\",\"potentialAction\":[{\"@type\":\"ReadAction\",\"target\":[\"https:\\\/\\\/quehacerpolitico.mx\\\/?p=70833\"]}]},{\"@type\":\"ImageObject\",\"inLanguage\":\"es\",\"@id\":\"https:\\\/\\\/quehacerpolitico.mx\\\/?p=70833#primaryimage\",\"url\":\"https:\\\/\\\/quehacerpolitico.mx\\\/wp-content\\\/uploads\\\/2020\\\/12\\\/8697D80E-22B6-4A58-A450-B4A0757C7153.jpeg\",\"contentUrl\":\"https:\\\/\\\/quehacerpolitico.mx\\\/wp-content\\\/uploads\\\/2020\\\/12\\\/8697D80E-22B6-4A58-A450-B4A0757C7153.jpeg\",\"width\":871,\"height\":662},{\"@type\":\"BreadcrumbList\",\"@id\":\"https:\\\/\\\/quehacerpolitico.mx\\\/?p=70833#breadcrumb\",\"itemListElement\":[{\"@type\":\"ListItem\",\"position\":1,\"name\":\"Inicio\",\"item\":\"https:\\\/\\\/quehacerpolitico.mx\\\/\"},{\"@type\":\"ListItem\",\"position\":2,\"name\":\"Muere acribillado \u2018Nacho\u2019 uno de los principales colaboradores de \u2018El Chapo\u2019 Guzm\u00e1n\"}]},{\"@type\":\"WebSite\",\"@id\":\"https:\\\/\\\/quehacerpolitico.mx\\\/#website\",\"url\":\"https:\\\/\\\/quehacerpolitico.mx\\\/\",\"name\":\"\",\"description\":\"\",\"potentialAction\":[{\"@type\":\"SearchAction\",\"target\":{\"@type\":\"EntryPoint\",\"urlTemplate\":\"https:\\\/\\\/quehacerpolitico.mx\\\/?s={search_term_string}\"},\"query-input\":{\"@type\":\"PropertyValueSpecification\",\"valueRequired\":true,\"valueName\":\"search_term_string\"}}],\"inLanguage\":\"es\"},{\"@type\":\"Person\",\"@id\":\"https:\\\/\\\/quehacerpolitico.mx\\\/#\\\/schema\\\/person\\\/496d8ad2d1d3f8036101dca7ee39e585\",\"name\":\"Redacci\u00f3n QP\",\"image\":{\"@type\":\"ImageObject\",\"inLanguage\":\"es\",\"@id\":\"https:\\\/\\\/secure.gravatar.com\\\/avatar\\\/c7164ed6fdec453195284ad24a5ae5b6e1eed2b848477fa2a4787ba9adf39a41?s=96&d=mm&r=g\",\"url\":\"https:\\\/\\\/secure.gravatar.com\\\/avatar\\\/c7164ed6fdec453195284ad24a5ae5b6e1eed2b848477fa2a4787ba9adf39a41?s=96&d=mm&r=g\",\"contentUrl\":\"https:\\\/\\\/secure.gravatar.com\\\/avatar\\\/c7164ed6fdec453195284ad24a5ae5b6e1eed2b848477fa2a4787ba9adf39a41?s=96&d=mm&r=g\",\"caption\":\"Redacci\u00f3n QP\"},\"url\":\"https:\\\/\\\/quehacerpolitico.mx\\\/?author=2\"}]}<\/script>\n<!-- \/ Yoast SEO plugin. -->","yoast_head_json":{"title":"Muere acribillado \u2018Nacho\u2019 uno de los principales colaboradores de \u2018El Chapo\u2019 Guzm\u00e1n -","robots":{"index":"index","follow":"follow","max-snippet":"max-snippet:-1","max-image-preview":"max-image-preview:large","max-video-preview":"max-video-preview:-1"},"canonical":"https:\/\/quehacerpolitico.mx\/?p=70833","og_locale":"es_MX","og_type":"article","og_title":"Muere acribillado \u2018Nacho\u2019 uno de los principales colaboradores de \u2018El Chapo\u2019 Guzm\u00e1n -","og_description":"Muere acribillado \u2018Nacho\u2019 uno de los principales colaboradores de \u2018El Chapo\u2019 Guzm\u00e1n Por Redacci\u00f3n QP...","og_url":"https:\/\/quehacerpolitico.mx\/?p=70833","article_published_time":"2020-12-28T04:25:53+00:00","og_image":[{"width":871,"height":662,"url":"https:\/\/quehacerpolitico.mx\/wp-content\/uploads\/2020\/12\/8697D80E-22B6-4A58-A450-B4A0757C7153.jpeg","type":"image\/jpeg"}],"author":"Redacci\u00f3n QP","twitter_card":"summary_large_image","twitter_misc":{"Escrito por":"Redacci\u00f3n QP","Tiempo de lectura":"1 minuto"},"schema":{"@context":"https:\/\/schema.org","@graph":[{"@type":"Article","@id":"https:\/\/quehacerpolitico.mx\/?p=70833#article","isPartOf":{"@id":"https:\/\/quehacerpolitico.mx\/?p=70833"},"author":{"name":"Redacci\u00f3n QP","@id":"https:\/\/quehacerpolitico.mx\/#\/schema\/person\/496d8ad2d1d3f8036101dca7ee39e585"},"headline":"Muere acribillado \u2018Nacho\u2019 uno de los principales colaboradores de \u2018El Chapo\u2019 Guzm\u00e1n","datePublished":"2020-12-28T04:25:53+00:00","mainEntityOfPage":{"@id":"https:\/\/quehacerpolitico.mx\/?p=70833"},"wordCount":304,"commentCount":0,"image":{"@id":"https:\/\/quehacerpolitico.mx\/?p=70833#primaryimage"},"thumbnailUrl":"https:\/\/quehacerpolitico.mx\/wp-content\/uploads\/2020\/12\/8697D80E-22B6-4A58-A450-B4A0757C7153.jpeg","articleSection":["Noticias"],"inLanguage":"es","potentialAction":[{"@type":"CommentAction","name":"Comment","target":["https:\/\/quehacerpolitico.mx\/?p=70833#respond"]}]},{"@type":"WebPage","@id":"https:\/\/quehacerpolitico.mx\/?p=70833","url":"https:\/\/quehacerpolitico.mx\/?p=70833","name":"Muere acribillado \u2018Nacho\u2019 uno de los principales colaboradores de \u2018El Chapo\u2019 Guzm\u00e1n -","isPartOf":{"@id":"https:\/\/quehacerpolitico.mx\/#website"},"primaryImageOfPage":{"@id":"https:\/\/quehacerpolitico.mx\/?p=70833#primaryimage"},"image":{"@id":"https:\/\/quehacerpolitico.mx\/?p=70833#primaryimage"},"thumbnailUrl":"https:\/\/quehacerpolitico.mx\/wp-content\/uploads\/2020\/12\/8697D80E-22B6-4A58-A450-B4A0757C7153.jpeg","datePublished":"2020-12-28T04:25:53+00:00","author":{"@id":"https:\/\/quehacerpolitico.mx\/#\/schema\/person\/496d8ad2d1d3f8036101dca7ee39e585"},"breadcrumb":{"@id":"https:\/\/quehacerpolitico.mx\/?p=70833#breadcrumb"},"inLanguage":"es","potentialAction":[{"@type":"ReadAction","target":["https:\/\/quehacerpolitico.mx\/?p=70833"]}]},{"@type":"ImageObject","inLanguage":"es","@id":"https:\/\/quehacerpolitico.mx\/?p=70833#primaryimage","url":"https:\/\/quehacerpolitico.mx\/wp-content\/uploads\/2020\/12\/8697D80E-22B6-4A58-A450-B4A0757C7153.jpeg","contentUrl":"https:\/\/quehacerpolitico.mx\/wp-content\/uploads\/2020\/12\/8697D80E-22B6-4A58-A450-B4A0757C7153.jpeg","width":871,"height":662},{"@type":"BreadcrumbList","@id":"https:\/\/quehacerpolitico.mx\/?p=70833#breadcrumb","itemListElement":[{"@type":"ListItem","position":1,"name":"Inicio","item":"https:\/\/quehacerpolitico.mx\/"},{"@type":"ListItem","position":2,"name":"Muere acribillado \u2018Nacho\u2019 uno de los principales colaboradores de \u2018El Chapo\u2019 Guzm\u00e1n"}]},{"@type":"WebSite","@id":"https:\/\/quehacerpolitico.mx\/#website","url":"https:\/\/quehacerpolitico.mx\/","name":"","description":"","potentialAction":[{"@type":"SearchAction","target":{"@type":"EntryPoint","urlTemplate":"https:\/\/quehacerpolitico.mx\/?s={search_term_string}"},"query-input":{"@type":"PropertyValueSpecification","valueRequired":true,"valueName":"search_term_string"}}],"inLanguage":"es"},{"@type":"Person","@id":"https:\/\/quehacerpolitico.mx\/#\/schema\/person\/496d8ad2d1d3f8036101dca7ee39e585","name":"Redacci\u00f3n QP","image":{"@type":"ImageObject","inLanguage":"es","@id":"https:\/\/secure.gravatar.com\/avatar\/c7164ed6fdec453195284ad24a5ae5b6e1eed2b848477fa2a4787ba9adf39a41?s=96&d=mm&r=g","url":"https:\/\/secure.gravatar.com\/avatar\/c7164ed6fdec453195284ad24a5ae5b6e1eed2b848477fa2a4787ba9adf39a41?s=96&d=mm&r=g","contentUrl":"https:\/\/secure.gravatar.com\/avatar\/c7164ed6fdec453195284ad24a5ae5b6e1eed2b848477fa2a4787ba9adf39a41?s=96&d=mm&r=g","caption":"Redacci\u00f3n QP"},"url":"https:\/\/quehacerpolitico.mx\/?author=2"}]}},"featured_image_urls":{"full":["https:\/\/quehacerpolitico.mx\/wp-content\/uploads\/2020\/12\/8697D80E-22B6-4A58-A450-B4A0757C7153.jpeg",871,662,false],"thumbnail":["https:\/\/quehacerpolitico.mx\/wp-content\/uploads\/2020\/12\/8697D80E-22B6-4A58-A450-B4A0757C7153-150x150.jpeg",150,150,true],"medium":["https:\/\/quehacerpolitico.mx\/wp-content\/uploads\/2020\/12\/8697D80E-22B6-4A58-A450-B4A0757C7153-300x228.jpeg",300,228,true],"medium_large":["https:\/\/quehacerpolitico.mx\/wp-content\/uploads\/2020\/12\/8697D80E-22B6-4A58-A450-B4A0757C7153-768x584.jpeg",640,487,true],"large":["https:\/\/quehacerpolitico.mx\/wp-content\/uploads\/2020\/12\/8697D80E-22B6-4A58-A450-B4A0757C7153.jpeg",640,486,false],"1536x1536":["https:\/\/quehacerpolitico.mx\/wp-content\/uploads\/2020\/12\/8697D80E-22B6-4A58-A450-B4A0757C7153.jpeg",871,662,false],"2048x2048":["https:\/\/quehacerpolitico.mx\/wp-content\/uploads\/2020\/12\/8697D80E-22B6-4A58-A450-B4A0757C7153.jpeg",871,662,false],"covernews-featured":["https:\/\/quehacerpolitico.mx\/wp-content\/uploads\/2020\/12\/8697D80E-22B6-4A58-A450-B4A0757C7153.jpeg",871,662,false],"covernews-medium":["https:\/\/quehacerpolitico.mx\/wp-content\/uploads\/2020\/12\/8697D80E-22B6-4A58-A450-B4A0757C7153.jpeg",447,340,false]},"author_info":{"display_name":"Redacci\u00f3n QP","author_link":"https:\/\/quehacerpolitico.mx\/?author=2"},"category_info":"<a href=\"https:\/\/quehacerpolitico.mx\/?cat=2\" rel=\"category\">Noticias<\/a>","tag_info":"Noticias","comment_count":"0","_links":{"self":[{"href":"https:\/\/quehacerpolitico.mx\/index.php?rest_route=\/wp\/v2\/posts\/70833","targetHints":{"allow":["GET"]}}],"collection":[{"href":"https:\/\/quehacerpolitico.mx\/index.php?rest_route=\/wp\/v2\/posts"}],"about":[{"href":"https:\/\/quehacerpolitico.mx\/index.php?rest_route=\/wp\/v2\/types\/post"}],"author":[{"embeddable":true,"href":"https:\/\/quehacerpolitico.mx\/index.php?rest_route=\/wp\/v2\/users\/2"}],"replies":[{"embeddable":true,"href":"https:\/\/quehacerpolitico.mx\/index.php?rest_route=%2Fwp%2Fv2%2Fcomments&post=70833"}],"version-history":[{"count":0,"href":"https:\/\/quehacerpolitico.mx\/index.php?rest_route=\/wp\/v2\/posts\/70833\/revisions"}],"wp:featuredmedia":[{"embeddable":true,"href":"https:\/\/quehacerpolitico.mx\/index.php?rest_route=\/wp\/v2\/media\/70834"}],"wp:attachment":[{"href":"https:\/\/quehacerpolitico.mx\/index.php?rest_route=%2Fwp%2Fv2%2Fmedia&parent=70833"}],"wp:term":[{"taxonomy":"category","embeddable":true,"href":"https:\/\/quehacerpolitico.mx\/index.php?rest_route=%2Fwp%2Fv2%2Fcategories&post=70833"},{"taxonomy":"post_tag","embeddable":true,"href":"https:\/\/quehacerpolitico.mx\/index.php?rest_route=%2Fwp%2Fv2%2Ftags&post=70833"}],"curies":[{"name":"wp","href":"https:\/\/api.w.org\/{rel}","templated":true}]}}