{"id":70830,"date":"2020-12-28T03:59:41","date_gmt":"2020-12-28T03:59:41","guid":{"rendered":"https:\/\/quehacerpolitico.mx\/?p=70830"},"modified":"2020-12-28T03:59:41","modified_gmt":"2020-12-28T03:59:41","slug":"sector-privado-podra-vender-vacuna-contra-covid-19-amlo","status":"publish","type":"post","link":"https:\/\/quehacerpolitico.mx\/?p=70830","title":{"rendered":"Sector privado podr\u00e1 vender vacuna contra COVID-19: AMLO"},"content":{"rendered":"<p>Sector privado podr\u00e1 vender vacuna contra COVID-19: AMLO<\/p>\n<h2>Desde Palacio Nacional, L\u00f3pez Obrador indic\u00f3 que se est\u00e1 evaluando el plan de vacunaci\u00f3n para enfrentar la pandemia del COVID-19<\/h2>\n<p>El presidente <strong>Andr\u00e9s Manuel L\u00f3pez Obrador<\/strong>, anunci\u00f3 que las empresas podr\u00e1n comprar la vacuna contra <strong>COVID-19<\/strong> y venderla M\u00e9xico.<\/p>\n<p>\u201cSe ha dicho que por qu\u00e9 no se permite que se venda en las farmacias. Claro que si hay empresas que quieran comprar la vacuna en el extranjero, nosotros no tenemos ning\u00fan impedimento para que se venda la vacuna, que se compre afuera\u201d, afirm\u00f3.<\/p>\n<p>En un mensaje emitido por redes sociales, el mandatario manifest\u00f3 que lo que busca su Administraci\u00f3n es obtener todas las dosis necesarias \u201cpara que a nadie le falte y sea gratuita\u201d.<\/p>\n<blockquote class=\"twitter-tweet\" data-width=\"550\" data-dnt=\"true\">\n<p lang=\"es\" dir=\"ltr\">Avanzamos en la aplicaci\u00f3n de la vacuna contra el <a href=\"https:\/\/twitter.com\/hashtag\/COVID19?src=hash&amp;ref_src=twsrc%5Etfw\">#COVID19<\/a>. Es la esperanza m\u00e1s cercana para una mejor realidad. <a href=\"https:\/\/t.co\/YJDqd7rBoJ\">pic.twitter.com\/YJDqd7rBoJ<\/a><\/p>\n<p>&mdash; Andr\u00e9s Manuel (@lopezobrador_) <a href=\"https:\/\/twitter.com\/lopezobrador_\/status\/1343375224532832258?ref_src=twsrc%5Etfw\">December 28, 2020<\/a><\/p><\/blockquote>\n<p><script async src=\"https:\/\/platform.twitter.com\/widgets.js\" charset=\"utf-8\"><\/script><\/p>\n<div id=\"slotinread_1\" class=\"intext_ad_txt\" data-google-query-id=\"CMybpvni7-0CFUzrwAodPEoI6A\">Detall\u00f3 que se avanza en la <strong>aplicaci\u00f3n de la vacuna contra el COVID-19 en M\u00e9xico <\/strong>y \u201ces la esperanza m\u00e1s cercana para una mejor realidad\u201d.<\/div>\n<div data-google-query-id=\"CMybpvni7-0CFUzrwAodPEoI6A\">\u201cEs la esperanza m\u00e1s cercana para una mejor realidad\u201d, expres\u00f3 desde sus redes sociales.<\/div>\n<div data-google-query-id=\"CMybpvni7-0CFUzrwAodPEoI6A\">\n<p>Desde Palacio Nacional, indic\u00f3 que se est\u00e1 evaluando el <strong>plan de vacunaci\u00f3n para enfrentar la pandemia del COVID-19<\/strong>.<\/p>\n<p>Dijo que ya llegaron las primeras dosis el 24 de diciembre y pocas de ellas que se aplicaron a nivel experimental.<\/p>\n<p>\u201cAyer (s\u00e1bado) ya 42 mil 900 dosis tanto a la Ciudad de Mpexico como a Monterrey. Hoy (domingo) se siguen aplicando vacunas al personal m\u00e9dico, a los trabajadores de salud que est\u00e1n en hospitales atendiendo enfermos COVID-19 que son el grupo preferente\u201d.<\/p>\n<p>Se\u00f1al\u00f3 que cerca de <strong>mil hospitales<\/strong> est\u00e1n atendiendo a enfermos <strong>COVID-19<\/strong> y todo el personal de estos hospitales (m\u00e9dicos, enfermeras, camilleros, trabajadores de limpieza) son los primeros que se van a vacunar, en total a entre 700 y 750 mil.<\/p>\n<p>\u201cNos va a alcanzar con el acuerdo que tenemos para los primeros meses con Pfizer. A marzo vamos a contar con un mill\u00f3n 400 mil dosis. Como son dos aplicaciones alcanza para 750 mil trabajadores de la salud\u201d, apunt\u00f3.<\/p>\n<p>Dijo que se va a seguir con el acuerdo para adquirir vacunas de la <strong>farmac\u00e9utica china CanSino<\/strong>.<\/p>\n<p>\u201cEsta vacuna (CanSino) es importante porque no requiere bajas temperaturas en refrigeraci\u00f3n como la de Pfizer, adem\u00e1s es una sola aplicaci\u00f3n. Esperamos para enero tener millones de dosis terminando la aplicaci\u00f3n del personal de salud\u201d, adelant\u00f3.<\/p>\n<p>Expuso que si en las zonas donde se va a vacunar los adultos mayores no pueden llegar a donde se est\u00e1 vacunando se ir\u00e1 a sus casas.<\/p>\n<p>Agreg\u00f3 que seguir\u00e1 la vacunaci\u00f3n con <strong>enfermos cr\u00f3nicos<\/strong> de hipertensi\u00f3n, diabetes, obesidad.<\/p>\n<p>\u201cY de ah\u00ed se vacunar\u00e1 a personas de 60 a\u00f1os a 50, y de ah\u00ed a todo el pueblo. Vamos a contemplar la vacunaci\u00f3n a los maestros para que en los estados donde haya sem\u00e1foro verde se reinicien las clases presenciales y todos los maestros est\u00e9n vacunados y protegidos\u201d, enfatiz\u00f3.<\/p>\n<\/div>\n","protected":false},"excerpt":{"rendered":"<p>Sector privado podr\u00e1 vender vacuna contra COVID-19: AMLO Desde Palacio Nacional, L\u00f3pez Obrador indic\u00f3 que&#8230;<\/p>\n","protected":false},"author":2,"featured_media":70831,"comment_status":"open","ping_status":"open","sticky":false,"template":"","format":"standard","meta":{"_monsterinsights_skip_tracking":false,"_monsterinsights_sitenote_active":false,"_monsterinsights_sitenote_note":"","_monsterinsights_sitenote_category":0,"footnotes":""},"categories":[2],"tags":[],"class_list":["post-70830","post","type-post","status-publish","format-standard","has-post-thumbnail","hentry","category-noticias"],"yoast_head":"<!-- This site is optimized with the Yoast SEO plugin v27.3 - https:\/\/yoast.com\/product\/yoast-seo-wordpress\/ -->\n<title>Sector privado podr\u00e1 vender vacuna contra COVID-19: AMLO -<\/title>\n<meta name=\"robots\" content=\"index, follow, max-snippet:-1, max-image-preview:large, max-video-preview:-1\" \/>\n<link rel=\"canonical\" href=\"https:\/\/quehacerpolitico.mx\/?p=70830\" \/>\n<meta property=\"og:locale\" content=\"es_MX\" \/>\n<meta property=\"og:type\" content=\"article\" \/>\n<meta property=\"og:title\" content=\"Sector privado podr\u00e1 vender vacuna contra COVID-19: AMLO -\" \/>\n<meta property=\"og:description\" content=\"Sector privado podr\u00e1 vender vacuna contra COVID-19: AMLO Desde Palacio Nacional, L\u00f3pez Obrador indic\u00f3 que...\" \/>\n<meta property=\"og:url\" content=\"https:\/\/quehacerpolitico.mx\/?p=70830\" \/>\n<meta property=\"article:published_time\" content=\"2020-12-28T03:59:41+00:00\" \/>\n<meta property=\"og:image\" content=\"https:\/\/quehacerpolitico.mx\/wp-content\/uploads\/2020\/12\/68C137E4-F50C-45B7-9334-4EDB2C539A31.jpeg\" \/>\n\t<meta property=\"og:image:width\" content=\"1242\" \/>\n\t<meta property=\"og:image:height\" content=\"671\" \/>\n\t<meta property=\"og:image:type\" content=\"image\/jpeg\" \/>\n<meta name=\"author\" content=\"Redacci\u00f3n QP\" \/>\n<meta name=\"twitter:card\" content=\"summary_large_image\" \/>\n<meta name=\"twitter:label1\" content=\"Escrito por\" \/>\n\t<meta name=\"twitter:data1\" content=\"Redacci\u00f3n QP\" \/>\n\t<meta name=\"twitter:label2\" content=\"Tiempo de lectura\" \/>\n\t<meta name=\"twitter:data2\" content=\"2 minutos\" \/>\n<script type=\"application\/ld+json\" class=\"yoast-schema-graph\">{\"@context\":\"https:\\\/\\\/schema.org\",\"@graph\":[{\"@type\":\"Article\",\"@id\":\"https:\\\/\\\/quehacerpolitico.mx\\\/?p=70830#article\",\"isPartOf\":{\"@id\":\"https:\\\/\\\/quehacerpolitico.mx\\\/?p=70830\"},\"author\":{\"name\":\"Redacci\u00f3n QP\",\"@id\":\"https:\\\/\\\/quehacerpolitico.mx\\\/#\\\/schema\\\/person\\\/496d8ad2d1d3f8036101dca7ee39e585\"},\"headline\":\"Sector privado podr\u00e1 vender vacuna contra COVID-19: AMLO\",\"datePublished\":\"2020-12-28T03:59:41+00:00\",\"mainEntityOfPage\":{\"@id\":\"https:\\\/\\\/quehacerpolitico.mx\\\/?p=70830\"},\"wordCount\":500,\"commentCount\":0,\"image\":{\"@id\":\"https:\\\/\\\/quehacerpolitico.mx\\\/?p=70830#primaryimage\"},\"thumbnailUrl\":\"https:\\\/\\\/quehacerpolitico.mx\\\/wp-content\\\/uploads\\\/2020\\\/12\\\/68C137E4-F50C-45B7-9334-4EDB2C539A31.jpeg\",\"articleSection\":[\"Noticias\"],\"inLanguage\":\"es\",\"potentialAction\":[{\"@type\":\"CommentAction\",\"name\":\"Comment\",\"target\":[\"https:\\\/\\\/quehacerpolitico.mx\\\/?p=70830#respond\"]}]},{\"@type\":\"WebPage\",\"@id\":\"https:\\\/\\\/quehacerpolitico.mx\\\/?p=70830\",\"url\":\"https:\\\/\\\/quehacerpolitico.mx\\\/?p=70830\",\"name\":\"Sector privado podr\u00e1 vender vacuna contra COVID-19: AMLO -\",\"isPartOf\":{\"@id\":\"https:\\\/\\\/quehacerpolitico.mx\\\/#website\"},\"primaryImageOfPage\":{\"@id\":\"https:\\\/\\\/quehacerpolitico.mx\\\/?p=70830#primaryimage\"},\"image\":{\"@id\":\"https:\\\/\\\/quehacerpolitico.mx\\\/?p=70830#primaryimage\"},\"thumbnailUrl\":\"https:\\\/\\\/quehacerpolitico.mx\\\/wp-content\\\/uploads\\\/2020\\\/12\\\/68C137E4-F50C-45B7-9334-4EDB2C539A31.jpeg\",\"datePublished\":\"2020-12-28T03:59:41+00:00\",\"author\":{\"@id\":\"https:\\\/\\\/quehacerpolitico.mx\\\/#\\\/schema\\\/person\\\/496d8ad2d1d3f8036101dca7ee39e585\"},\"breadcrumb\":{\"@id\":\"https:\\\/\\\/quehacerpolitico.mx\\\/?p=70830#breadcrumb\"},\"inLanguage\":\"es\",\"potentialAction\":[{\"@type\":\"ReadAction\",\"target\":[\"https:\\\/\\\/quehacerpolitico.mx\\\/?p=70830\"]}]},{\"@type\":\"ImageObject\",\"inLanguage\":\"es\",\"@id\":\"https:\\\/\\\/quehacerpolitico.mx\\\/?p=70830#primaryimage\",\"url\":\"https:\\\/\\\/quehacerpolitico.mx\\\/wp-content\\\/uploads\\\/2020\\\/12\\\/68C137E4-F50C-45B7-9334-4EDB2C539A31.jpeg\",\"contentUrl\":\"https:\\\/\\\/quehacerpolitico.mx\\\/wp-content\\\/uploads\\\/2020\\\/12\\\/68C137E4-F50C-45B7-9334-4EDB2C539A31.jpeg\",\"width\":1242,\"height\":671},{\"@type\":\"BreadcrumbList\",\"@id\":\"https:\\\/\\\/quehacerpolitico.mx\\\/?p=70830#breadcrumb\",\"itemListElement\":[{\"@type\":\"ListItem\",\"position\":1,\"name\":\"Inicio\",\"item\":\"https:\\\/\\\/quehacerpolitico.mx\\\/\"},{\"@type\":\"ListItem\",\"position\":2,\"name\":\"Sector privado podr\u00e1 vender vacuna contra COVID-19: AMLO\"}]},{\"@type\":\"WebSite\",\"@id\":\"https:\\\/\\\/quehacerpolitico.mx\\\/#website\",\"url\":\"https:\\\/\\\/quehacerpolitico.mx\\\/\",\"name\":\"\",\"description\":\"\",\"potentialAction\":[{\"@type\":\"SearchAction\",\"target\":{\"@type\":\"EntryPoint\",\"urlTemplate\":\"https:\\\/\\\/quehacerpolitico.mx\\\/?s={search_term_string}\"},\"query-input\":{\"@type\":\"PropertyValueSpecification\",\"valueRequired\":true,\"valueName\":\"search_term_string\"}}],\"inLanguage\":\"es\"},{\"@type\":\"Person\",\"@id\":\"https:\\\/\\\/quehacerpolitico.mx\\\/#\\\/schema\\\/person\\\/496d8ad2d1d3f8036101dca7ee39e585\",\"name\":\"Redacci\u00f3n QP\",\"image\":{\"@type\":\"ImageObject\",\"inLanguage\":\"es\",\"@id\":\"https:\\\/\\\/secure.gravatar.com\\\/avatar\\\/c7164ed6fdec453195284ad24a5ae5b6e1eed2b848477fa2a4787ba9adf39a41?s=96&d=mm&r=g\",\"url\":\"https:\\\/\\\/secure.gravatar.com\\\/avatar\\\/c7164ed6fdec453195284ad24a5ae5b6e1eed2b848477fa2a4787ba9adf39a41?s=96&d=mm&r=g\",\"contentUrl\":\"https:\\\/\\\/secure.gravatar.com\\\/avatar\\\/c7164ed6fdec453195284ad24a5ae5b6e1eed2b848477fa2a4787ba9adf39a41?s=96&d=mm&r=g\",\"caption\":\"Redacci\u00f3n QP\"},\"url\":\"https:\\\/\\\/quehacerpolitico.mx\\\/?author=2\"}]}<\/script>\n<!-- \/ Yoast SEO plugin. -->","yoast_head_json":{"title":"Sector privado podr\u00e1 vender vacuna contra COVID-19: AMLO -","robots":{"index":"index","follow":"follow","max-snippet":"max-snippet:-1","max-image-preview":"max-image-preview:large","max-video-preview":"max-video-preview:-1"},"canonical":"https:\/\/quehacerpolitico.mx\/?p=70830","og_locale":"es_MX","og_type":"article","og_title":"Sector privado podr\u00e1 vender vacuna contra COVID-19: AMLO -","og_description":"Sector privado podr\u00e1 vender vacuna contra COVID-19: AMLO Desde Palacio Nacional, L\u00f3pez Obrador indic\u00f3 que...","og_url":"https:\/\/quehacerpolitico.mx\/?p=70830","article_published_time":"2020-12-28T03:59:41+00:00","og_image":[{"width":1242,"height":671,"url":"https:\/\/quehacerpolitico.mx\/wp-content\/uploads\/2020\/12\/68C137E4-F50C-45B7-9334-4EDB2C539A31.jpeg","type":"image\/jpeg"}],"author":"Redacci\u00f3n QP","twitter_card":"summary_large_image","twitter_misc":{"Escrito por":"Redacci\u00f3n QP","Tiempo de lectura":"2 minutos"},"schema":{"@context":"https:\/\/schema.org","@graph":[{"@type":"Article","@id":"https:\/\/quehacerpolitico.mx\/?p=70830#article","isPartOf":{"@id":"https:\/\/quehacerpolitico.mx\/?p=70830"},"author":{"name":"Redacci\u00f3n QP","@id":"https:\/\/quehacerpolitico.mx\/#\/schema\/person\/496d8ad2d1d3f8036101dca7ee39e585"},"headline":"Sector privado podr\u00e1 vender vacuna contra COVID-19: AMLO","datePublished":"2020-12-28T03:59:41+00:00","mainEntityOfPage":{"@id":"https:\/\/quehacerpolitico.mx\/?p=70830"},"wordCount":500,"commentCount":0,"image":{"@id":"https:\/\/quehacerpolitico.mx\/?p=70830#primaryimage"},"thumbnailUrl":"https:\/\/quehacerpolitico.mx\/wp-content\/uploads\/2020\/12\/68C137E4-F50C-45B7-9334-4EDB2C539A31.jpeg","articleSection":["Noticias"],"inLanguage":"es","potentialAction":[{"@type":"CommentAction","name":"Comment","target":["https:\/\/quehacerpolitico.mx\/?p=70830#respond"]}]},{"@type":"WebPage","@id":"https:\/\/quehacerpolitico.mx\/?p=70830","url":"https:\/\/quehacerpolitico.mx\/?p=70830","name":"Sector privado podr\u00e1 vender vacuna contra COVID-19: AMLO -","isPartOf":{"@id":"https:\/\/quehacerpolitico.mx\/#website"},"primaryImageOfPage":{"@id":"https:\/\/quehacerpolitico.mx\/?p=70830#primaryimage"},"image":{"@id":"https:\/\/quehacerpolitico.mx\/?p=70830#primaryimage"},"thumbnailUrl":"https:\/\/quehacerpolitico.mx\/wp-content\/uploads\/2020\/12\/68C137E4-F50C-45B7-9334-4EDB2C539A31.jpeg","datePublished":"2020-12-28T03:59:41+00:00","author":{"@id":"https:\/\/quehacerpolitico.mx\/#\/schema\/person\/496d8ad2d1d3f8036101dca7ee39e585"},"breadcrumb":{"@id":"https:\/\/quehacerpolitico.mx\/?p=70830#breadcrumb"},"inLanguage":"es","potentialAction":[{"@type":"ReadAction","target":["https:\/\/quehacerpolitico.mx\/?p=70830"]}]},{"@type":"ImageObject","inLanguage":"es","@id":"https:\/\/quehacerpolitico.mx\/?p=70830#primaryimage","url":"https:\/\/quehacerpolitico.mx\/wp-content\/uploads\/2020\/12\/68C137E4-F50C-45B7-9334-4EDB2C539A31.jpeg","contentUrl":"https:\/\/quehacerpolitico.mx\/wp-content\/uploads\/2020\/12\/68C137E4-F50C-45B7-9334-4EDB2C539A31.jpeg","width":1242,"height":671},{"@type":"BreadcrumbList","@id":"https:\/\/quehacerpolitico.mx\/?p=70830#breadcrumb","itemListElement":[{"@type":"ListItem","position":1,"name":"Inicio","item":"https:\/\/quehacerpolitico.mx\/"},{"@type":"ListItem","position":2,"name":"Sector privado podr\u00e1 vender vacuna contra COVID-19: AMLO"}]},{"@type":"WebSite","@id":"https:\/\/quehacerpolitico.mx\/#website","url":"https:\/\/quehacerpolitico.mx\/","name":"","description":"","potentialAction":[{"@type":"SearchAction","target":{"@type":"EntryPoint","urlTemplate":"https:\/\/quehacerpolitico.mx\/?s={search_term_string}"},"query-input":{"@type":"PropertyValueSpecification","valueRequired":true,"valueName":"search_term_string"}}],"inLanguage":"es"},{"@type":"Person","@id":"https:\/\/quehacerpolitico.mx\/#\/schema\/person\/496d8ad2d1d3f8036101dca7ee39e585","name":"Redacci\u00f3n QP","image":{"@type":"ImageObject","inLanguage":"es","@id":"https:\/\/secure.gravatar.com\/avatar\/c7164ed6fdec453195284ad24a5ae5b6e1eed2b848477fa2a4787ba9adf39a41?s=96&d=mm&r=g","url":"https:\/\/secure.gravatar.com\/avatar\/c7164ed6fdec453195284ad24a5ae5b6e1eed2b848477fa2a4787ba9adf39a41?s=96&d=mm&r=g","contentUrl":"https:\/\/secure.gravatar.com\/avatar\/c7164ed6fdec453195284ad24a5ae5b6e1eed2b848477fa2a4787ba9adf39a41?s=96&d=mm&r=g","caption":"Redacci\u00f3n QP"},"url":"https:\/\/quehacerpolitico.mx\/?author=2"}]}},"featured_image_urls":{"full":["https:\/\/quehacerpolitico.mx\/wp-content\/uploads\/2020\/12\/68C137E4-F50C-45B7-9334-4EDB2C539A31.jpeg",1242,671,false],"thumbnail":["https:\/\/quehacerpolitico.mx\/wp-content\/uploads\/2020\/12\/68C137E4-F50C-45B7-9334-4EDB2C539A31-150x150.jpeg",150,150,true],"medium":["https:\/\/quehacerpolitico.mx\/wp-content\/uploads\/2020\/12\/68C137E4-F50C-45B7-9334-4EDB2C539A31-300x162.jpeg",300,162,true],"medium_large":["https:\/\/quehacerpolitico.mx\/wp-content\/uploads\/2020\/12\/68C137E4-F50C-45B7-9334-4EDB2C539A31-768x415.jpeg",640,346,true],"large":["https:\/\/quehacerpolitico.mx\/wp-content\/uploads\/2020\/12\/68C137E4-F50C-45B7-9334-4EDB2C539A31-1024x553.jpeg",640,346,true],"1536x1536":["https:\/\/quehacerpolitico.mx\/wp-content\/uploads\/2020\/12\/68C137E4-F50C-45B7-9334-4EDB2C539A31.jpeg",1242,671,false],"2048x2048":["https:\/\/quehacerpolitico.mx\/wp-content\/uploads\/2020\/12\/68C137E4-F50C-45B7-9334-4EDB2C539A31.jpeg",1242,671,false],"covernews-featured":["https:\/\/quehacerpolitico.mx\/wp-content\/uploads\/2020\/12\/68C137E4-F50C-45B7-9334-4EDB2C539A31.jpeg",1024,553,false],"covernews-medium":["https:\/\/quehacerpolitico.mx\/wp-content\/uploads\/2020\/12\/68C137E4-F50C-45B7-9334-4EDB2C539A31.jpeg",540,292,false]},"author_info":{"display_name":"Redacci\u00f3n QP","author_link":"https:\/\/quehacerpolitico.mx\/?author=2"},"category_info":"<a href=\"https:\/\/quehacerpolitico.mx\/?cat=2\" rel=\"category\">Noticias<\/a>","tag_info":"Noticias","comment_count":"0","_links":{"self":[{"href":"https:\/\/quehacerpolitico.mx\/index.php?rest_route=\/wp\/v2\/posts\/70830","targetHints":{"allow":["GET"]}}],"collection":[{"href":"https:\/\/quehacerpolitico.mx\/index.php?rest_route=\/wp\/v2\/posts"}],"about":[{"href":"https:\/\/quehacerpolitico.mx\/index.php?rest_route=\/wp\/v2\/types\/post"}],"author":[{"embeddable":true,"href":"https:\/\/quehacerpolitico.mx\/index.php?rest_route=\/wp\/v2\/users\/2"}],"replies":[{"embeddable":true,"href":"https:\/\/quehacerpolitico.mx\/index.php?rest_route=%2Fwp%2Fv2%2Fcomments&post=70830"}],"version-history":[{"count":0,"href":"https:\/\/quehacerpolitico.mx\/index.php?rest_route=\/wp\/v2\/posts\/70830\/revisions"}],"wp:featuredmedia":[{"embeddable":true,"href":"https:\/\/quehacerpolitico.mx\/index.php?rest_route=\/wp\/v2\/media\/70831"}],"wp:attachment":[{"href":"https:\/\/quehacerpolitico.mx\/index.php?rest_route=%2Fwp%2Fv2%2Fmedia&parent=70830"}],"wp:term":[{"taxonomy":"category","embeddable":true,"href":"https:\/\/quehacerpolitico.mx\/index.php?rest_route=%2Fwp%2Fv2%2Fcategories&post=70830"},{"taxonomy":"post_tag","embeddable":true,"href":"https:\/\/quehacerpolitico.mx\/index.php?rest_route=%2Fwp%2Fv2%2Ftags&post=70830"}],"curies":[{"name":"wp","href":"https:\/\/api.w.org\/{rel}","templated":true}]}}