{"id":7083,"date":"2018-10-17T20:05:44","date_gmt":"2018-10-17T20:05:44","guid":{"rendered":"http:\/\/quehacerpolitico.mx\/rosario-insiste-en-que-la-acusan-no-por-corrupta-sino-por-violencia-de-genero-y-que-no-se-va-del-pais\/"},"modified":"2018-10-17T20:05:44","modified_gmt":"2018-10-17T20:05:44","slug":"rosario-insiste-en-que-la-acusan-no-por-corrupta-sino-por-violencia-de-genero-y-que-no-se-va-del-pais","status":"publish","type":"post","link":"https:\/\/quehacerpolitico.mx\/?p=7083","title":{"rendered":"Rosario insiste en que la acusan no por corrupta, sino por \u201cviolencia de g\u00e9nero\u201d; y que no se va del pa\u00eds"},"content":{"rendered":"<p><strong>Rosario Robles Berlanga<\/strong>, titular de la Secretar\u00eda Desarrollo Agrario, Territorial y Urbano (<strong>Sedatu<\/strong>) asegur\u00f3 que<strong> no abandonar\u00e1 el pa\u00eds<\/strong> pese a los se\u00f1alamientos por <strong>desv\u00edos de recursos<\/strong> que existen en su contra.<\/p>\n<p>En entrevista con <em>Radio F\u00f3rmula<\/em>, la ex titular de la Secretar\u00eda de Desarrollo (<strong>Sedesol<\/strong>) dijo estar consciente sobre el nuevo gobierno que asumir\u00e1 funciones el 1 de diciembre [el cual ser\u00e1 opositor a la actual administraci\u00f3n], y dijo, esto no es pretexto para huir del pa\u00eds pues se encuentra tranquila.<\/p>\n<blockquote>\n<p>\u201cTengo la tranquilidad que te da el que tengas las manos limpias. No tengo m\u00e1s all\u00e1 de mi patrimonio, mi casa, la cuenta donde me depositan mi sueldo\u201d.<\/p>\n<p>La titular de la Sedatu indic\u00f3 que una vez que concluya funciones se tomar\u00e1 unos d\u00edas de vacaciones en el extranjero y despu\u00e9s regresar\u00e1 al pa\u00eds para seguir trabajando.<\/p>\n<p>\u201cVoy a seguir luchando por lo que creo y siempre he luchado, por un estado laico en el que creo profundamente\u201d.<\/p>\n<p>Robles Berlanga expres\u00f3 su deseo porque el Presidente electo, Andr\u00e9s Manuel L\u00f3pez Obrador cumpla con lo prometido y que esa gran expectativa generada por la gente que vot\u00f3 por \u00e9l se vuelva realidad.<\/p>\n<p>\u201cYo no voy a estar en contra de nadie, voy a estar a favor de esta causa com\u00fan que es nuestro pa\u00eds\u201d.<\/p>\n<p>El d\u00eda de ayer, Rosario Robles Berlanga, titular de la compareci\u00f3 ante el Congreso de la Uni\u00f3n como parte de la Glosa de Gobierno del Sexto Informe del Presidente Enrique Pe\u00f1a Nieto.<\/p>\n<div class=\"ad_center ad-in-content\">\u00a0<\/div>\n<p>Los diputados federales, que ahora son en su mayor\u00eda opositores del Gobierno de la Rep\u00fablica, reclamaron a Rosario Robles por los presuntos desv\u00edos en su paso por dos secretar\u00edas de Estado, pero ella dijo que se trata de \u201cviolencia pol\u00edtica de g\u00e9nero\u201d, es decir, que ha sido se\u00f1alada por medios, actores pol\u00edticos y la Auditor\u00eda Superior de la Federaci\u00f3n (ASF) por machismo.<\/p>\n<p>Los legisladores le reclamaron abstenerse de mentirle a la C\u00e1mara de Diputados y que respondiera a las acusaciones que la vinculan con el desv\u00edo de miles de millones de pesos.<\/p>\n<p>El pasado 15 de septiembre, el Presidente electo Andr\u00e9s Manuel L\u00f3pez Obrador asegur\u00f3 que Rosario Robles es un \u201cchivo expiatorio\u201d pues dijo que las acusaciones sobre los desv\u00edos de millones de pesos durante su tiempo en la Sedesol y en la Sedatu, forman parte de un circo.<\/p>\n<p>\u201cNosotros no vamos a perseguir a nadie, no vamos a hacer lo que se hac\u00eda anteriormente, de que hab\u00edan actos espectaculares, de que se agarraba a uno, dos, tres, cuatro, cinco como chivos expiatorios, y luego le segu\u00edan con la misma corrupci\u00f3n\u201d, se\u00f1al\u00f3 L\u00f3pez Obrador.<\/p>\n<p>\u201cNo vamos a perseguir a nadie, no es mi fuerte la venganza, no vamos a la pol\u00edtica de siempre, de, por razones espectacularidad, meter a la c\u00e1rcel a alg\u00fan famoso de la pol\u00edtica o el sector empresarial o del mundo incluso del espect\u00e1culo, nada de eso, no necesitamos eso, pero desde luego hay procesos en curso\u201d, dijo L\u00f3pez Obrador el 13 de septiembre, en medio del esc\u00e1ndalo de una presunta corrupci\u00f3n que involucra a Rosario Robles Berlanga.<\/p>\n<p>De acuerdo con el diario <em>Reforma<\/em>, la Auditor\u00eda Superior de la Federaci\u00f3n (ASF) detect\u00f3 que de mil 900 millones de pesos del erario p\u00fablico asignados por la Sedesol y la Sedatu a empresas durante la gesti\u00f3n de Rosario Robles Berlanga, m\u00e1s de 700 millones fueron transferidos en efectivo a diez domicilios.<\/p>\n<\/blockquote>\n","protected":false},"excerpt":{"rendered":"<p>Rosario insiste en que la acusan no por corrupta, sino por \u201cviolencia de g\u00e9nero\u201d; y que no se va del pa\u00eds<br \/>\nPor Redacci\u00f3n QP<\/p>\n","protected":false},"author":2,"featured_media":7082,"comment_status":"open","ping_status":"open","sticky":false,"template":"","format":"standard","meta":{"_monsterinsights_skip_tracking":false,"_monsterinsights_sitenote_active":false,"_monsterinsights_sitenote_note":"","_monsterinsights_sitenote_category":0,"footnotes":""},"categories":[2],"tags":[],"class_list":["post-7083","post","type-post","status-publish","format-standard","has-post-thumbnail","hentry","category-noticias"],"yoast_head":"<!-- This site is optimized with the Yoast SEO plugin v27.3 - https:\/\/yoast.com\/product\/yoast-seo-wordpress\/ -->\n<title>Rosario insiste en que la acusan no por corrupta, sino por \u201cviolencia de g\u00e9nero\u201d; y que no se va del pa\u00eds -<\/title>\n<meta name=\"robots\" content=\"index, follow, max-snippet:-1, max-image-preview:large, max-video-preview:-1\" \/>\n<link rel=\"canonical\" href=\"https:\/\/quehacerpolitico.mx\/?p=7083\" \/>\n<meta property=\"og:locale\" content=\"es_MX\" \/>\n<meta property=\"og:type\" content=\"article\" \/>\n<meta property=\"og:title\" content=\"Rosario insiste en que la acusan no por corrupta, sino por \u201cviolencia de g\u00e9nero\u201d; y que no se va del pa\u00eds -\" \/>\n<meta property=\"og:description\" content=\"Rosario insiste en que la acusan no por corrupta, sino por \u201cviolencia de g\u00e9nero\u201d; y que no se va del pa\u00eds Por Redacci\u00f3n QP\" \/>\n<meta property=\"og:url\" content=\"https:\/\/quehacerpolitico.mx\/?p=7083\" \/>\n<meta property=\"article:published_time\" content=\"2018-10-17T20:05:44+00:00\" \/>\n<meta name=\"author\" content=\"Redacci\u00f3n QP\" \/>\n<meta name=\"twitter:card\" content=\"summary_large_image\" \/>\n<meta name=\"twitter:label1\" content=\"Escrito por\" \/>\n\t<meta name=\"twitter:data1\" content=\"Redacci\u00f3n QP\" \/>\n\t<meta name=\"twitter:label2\" content=\"Tiempo de lectura\" \/>\n\t<meta name=\"twitter:data2\" content=\"3 minutos\" \/>\n<script type=\"application\/ld+json\" class=\"yoast-schema-graph\">{\"@context\":\"https:\\\/\\\/schema.org\",\"@graph\":[{\"@type\":\"Article\",\"@id\":\"https:\\\/\\\/quehacerpolitico.mx\\\/?p=7083#article\",\"isPartOf\":{\"@id\":\"https:\\\/\\\/quehacerpolitico.mx\\\/?p=7083\"},\"author\":{\"name\":\"Redacci\u00f3n QP\",\"@id\":\"https:\\\/\\\/quehacerpolitico.mx\\\/#\\\/schema\\\/person\\\/496d8ad2d1d3f8036101dca7ee39e585\"},\"headline\":\"Rosario insiste en que la acusan no por corrupta, sino por \u201cviolencia de g\u00e9nero\u201d; y que no se va del pa\u00eds\",\"datePublished\":\"2018-10-17T20:05:44+00:00\",\"mainEntityOfPage\":{\"@id\":\"https:\\\/\\\/quehacerpolitico.mx\\\/?p=7083\"},\"wordCount\":630,\"commentCount\":0,\"image\":{\"@id\":\"https:\\\/\\\/quehacerpolitico.mx\\\/?p=7083#primaryimage\"},\"thumbnailUrl\":\"\",\"articleSection\":[\"Noticias\"],\"inLanguage\":\"es\",\"potentialAction\":[{\"@type\":\"CommentAction\",\"name\":\"Comment\",\"target\":[\"https:\\\/\\\/quehacerpolitico.mx\\\/?p=7083#respond\"]}]},{\"@type\":\"WebPage\",\"@id\":\"https:\\\/\\\/quehacerpolitico.mx\\\/?p=7083\",\"url\":\"https:\\\/\\\/quehacerpolitico.mx\\\/?p=7083\",\"name\":\"Rosario insiste en que la acusan no por corrupta, sino por \u201cviolencia de g\u00e9nero\u201d; y que no se va del pa\u00eds -\",\"isPartOf\":{\"@id\":\"https:\\\/\\\/quehacerpolitico.mx\\\/#website\"},\"primaryImageOfPage\":{\"@id\":\"https:\\\/\\\/quehacerpolitico.mx\\\/?p=7083#primaryimage\"},\"image\":{\"@id\":\"https:\\\/\\\/quehacerpolitico.mx\\\/?p=7083#primaryimage\"},\"thumbnailUrl\":\"\",\"datePublished\":\"2018-10-17T20:05:44+00:00\",\"author\":{\"@id\":\"https:\\\/\\\/quehacerpolitico.mx\\\/#\\\/schema\\\/person\\\/496d8ad2d1d3f8036101dca7ee39e585\"},\"breadcrumb\":{\"@id\":\"https:\\\/\\\/quehacerpolitico.mx\\\/?p=7083#breadcrumb\"},\"inLanguage\":\"es\",\"potentialAction\":[{\"@type\":\"ReadAction\",\"target\":[\"https:\\\/\\\/quehacerpolitico.mx\\\/?p=7083\"]}]},{\"@type\":\"ImageObject\",\"inLanguage\":\"es\",\"@id\":\"https:\\\/\\\/quehacerpolitico.mx\\\/?p=7083#primaryimage\",\"url\":\"\",\"contentUrl\":\"\"},{\"@type\":\"BreadcrumbList\",\"@id\":\"https:\\\/\\\/quehacerpolitico.mx\\\/?p=7083#breadcrumb\",\"itemListElement\":[{\"@type\":\"ListItem\",\"position\":1,\"name\":\"Inicio\",\"item\":\"https:\\\/\\\/quehacerpolitico.mx\\\/\"},{\"@type\":\"ListItem\",\"position\":2,\"name\":\"Rosario insiste en que la acusan no por corrupta, sino por \u201cviolencia de g\u00e9nero\u201d; y que no se va del pa\u00eds\"}]},{\"@type\":\"WebSite\",\"@id\":\"https:\\\/\\\/quehacerpolitico.mx\\\/#website\",\"url\":\"https:\\\/\\\/quehacerpolitico.mx\\\/\",\"name\":\"\",\"description\":\"\",\"potentialAction\":[{\"@type\":\"SearchAction\",\"target\":{\"@type\":\"EntryPoint\",\"urlTemplate\":\"https:\\\/\\\/quehacerpolitico.mx\\\/?s={search_term_string}\"},\"query-input\":{\"@type\":\"PropertyValueSpecification\",\"valueRequired\":true,\"valueName\":\"search_term_string\"}}],\"inLanguage\":\"es\"},{\"@type\":\"Person\",\"@id\":\"https:\\\/\\\/quehacerpolitico.mx\\\/#\\\/schema\\\/person\\\/496d8ad2d1d3f8036101dca7ee39e585\",\"name\":\"Redacci\u00f3n QP\",\"image\":{\"@type\":\"ImageObject\",\"inLanguage\":\"es\",\"@id\":\"https:\\\/\\\/secure.gravatar.com\\\/avatar\\\/c7164ed6fdec453195284ad24a5ae5b6e1eed2b848477fa2a4787ba9adf39a41?s=96&d=mm&r=g\",\"url\":\"https:\\\/\\\/secure.gravatar.com\\\/avatar\\\/c7164ed6fdec453195284ad24a5ae5b6e1eed2b848477fa2a4787ba9adf39a41?s=96&d=mm&r=g\",\"contentUrl\":\"https:\\\/\\\/secure.gravatar.com\\\/avatar\\\/c7164ed6fdec453195284ad24a5ae5b6e1eed2b848477fa2a4787ba9adf39a41?s=96&d=mm&r=g\",\"caption\":\"Redacci\u00f3n QP\"},\"url\":\"https:\\\/\\\/quehacerpolitico.mx\\\/?author=2\"}]}<\/script>\n<!-- \/ Yoast SEO plugin. -->","yoast_head_json":{"title":"Rosario insiste en que la acusan no por corrupta, sino por \u201cviolencia de g\u00e9nero\u201d; y que no se va del pa\u00eds -","robots":{"index":"index","follow":"follow","max-snippet":"max-snippet:-1","max-image-preview":"max-image-preview:large","max-video-preview":"max-video-preview:-1"},"canonical":"https:\/\/quehacerpolitico.mx\/?p=7083","og_locale":"es_MX","og_type":"article","og_title":"Rosario insiste en que la acusan no por corrupta, sino por \u201cviolencia de g\u00e9nero\u201d; y que no se va del pa\u00eds -","og_description":"Rosario insiste en que la acusan no por corrupta, sino por \u201cviolencia de g\u00e9nero\u201d; y que no se va del pa\u00eds Por Redacci\u00f3n QP","og_url":"https:\/\/quehacerpolitico.mx\/?p=7083","article_published_time":"2018-10-17T20:05:44+00:00","author":"Redacci\u00f3n QP","twitter_card":"summary_large_image","twitter_misc":{"Escrito por":"Redacci\u00f3n QP","Tiempo de lectura":"3 minutos"},"schema":{"@context":"https:\/\/schema.org","@graph":[{"@type":"Article","@id":"https:\/\/quehacerpolitico.mx\/?p=7083#article","isPartOf":{"@id":"https:\/\/quehacerpolitico.mx\/?p=7083"},"author":{"name":"Redacci\u00f3n QP","@id":"https:\/\/quehacerpolitico.mx\/#\/schema\/person\/496d8ad2d1d3f8036101dca7ee39e585"},"headline":"Rosario insiste en que la acusan no por corrupta, sino por \u201cviolencia de g\u00e9nero\u201d; y que no se va del pa\u00eds","datePublished":"2018-10-17T20:05:44+00:00","mainEntityOfPage":{"@id":"https:\/\/quehacerpolitico.mx\/?p=7083"},"wordCount":630,"commentCount":0,"image":{"@id":"https:\/\/quehacerpolitico.mx\/?p=7083#primaryimage"},"thumbnailUrl":"","articleSection":["Noticias"],"inLanguage":"es","potentialAction":[{"@type":"CommentAction","name":"Comment","target":["https:\/\/quehacerpolitico.mx\/?p=7083#respond"]}]},{"@type":"WebPage","@id":"https:\/\/quehacerpolitico.mx\/?p=7083","url":"https:\/\/quehacerpolitico.mx\/?p=7083","name":"Rosario insiste en que la acusan no por corrupta, sino por \u201cviolencia de g\u00e9nero\u201d; y que no se va del pa\u00eds -","isPartOf":{"@id":"https:\/\/quehacerpolitico.mx\/#website"},"primaryImageOfPage":{"@id":"https:\/\/quehacerpolitico.mx\/?p=7083#primaryimage"},"image":{"@id":"https:\/\/quehacerpolitico.mx\/?p=7083#primaryimage"},"thumbnailUrl":"","datePublished":"2018-10-17T20:05:44+00:00","author":{"@id":"https:\/\/quehacerpolitico.mx\/#\/schema\/person\/496d8ad2d1d3f8036101dca7ee39e585"},"breadcrumb":{"@id":"https:\/\/quehacerpolitico.mx\/?p=7083#breadcrumb"},"inLanguage":"es","potentialAction":[{"@type":"ReadAction","target":["https:\/\/quehacerpolitico.mx\/?p=7083"]}]},{"@type":"ImageObject","inLanguage":"es","@id":"https:\/\/quehacerpolitico.mx\/?p=7083#primaryimage","url":"","contentUrl":""},{"@type":"BreadcrumbList","@id":"https:\/\/quehacerpolitico.mx\/?p=7083#breadcrumb","itemListElement":[{"@type":"ListItem","position":1,"name":"Inicio","item":"https:\/\/quehacerpolitico.mx\/"},{"@type":"ListItem","position":2,"name":"Rosario insiste en que la acusan no por corrupta, sino por \u201cviolencia de g\u00e9nero\u201d; y que no se va del pa\u00eds"}]},{"@type":"WebSite","@id":"https:\/\/quehacerpolitico.mx\/#website","url":"https:\/\/quehacerpolitico.mx\/","name":"","description":"","potentialAction":[{"@type":"SearchAction","target":{"@type":"EntryPoint","urlTemplate":"https:\/\/quehacerpolitico.mx\/?s={search_term_string}"},"query-input":{"@type":"PropertyValueSpecification","valueRequired":true,"valueName":"search_term_string"}}],"inLanguage":"es"},{"@type":"Person","@id":"https:\/\/quehacerpolitico.mx\/#\/schema\/person\/496d8ad2d1d3f8036101dca7ee39e585","name":"Redacci\u00f3n QP","image":{"@type":"ImageObject","inLanguage":"es","@id":"https:\/\/secure.gravatar.com\/avatar\/c7164ed6fdec453195284ad24a5ae5b6e1eed2b848477fa2a4787ba9adf39a41?s=96&d=mm&r=g","url":"https:\/\/secure.gravatar.com\/avatar\/c7164ed6fdec453195284ad24a5ae5b6e1eed2b848477fa2a4787ba9adf39a41?s=96&d=mm&r=g","contentUrl":"https:\/\/secure.gravatar.com\/avatar\/c7164ed6fdec453195284ad24a5ae5b6e1eed2b848477fa2a4787ba9adf39a41?s=96&d=mm&r=g","caption":"Redacci\u00f3n QP"},"url":"https:\/\/quehacerpolitico.mx\/?author=2"}]}},"featured_image_urls":{"full":"","thumbnail":"","medium":"","medium_large":"","large":"","1536x1536":"","2048x2048":"","covernews-featured":"","covernews-medium":""},"author_info":{"display_name":"Redacci\u00f3n QP","author_link":"https:\/\/quehacerpolitico.mx\/?author=2"},"category_info":"<a href=\"https:\/\/quehacerpolitico.mx\/?cat=2\" rel=\"category\">Noticias<\/a>","tag_info":"Noticias","comment_count":"0","_links":{"self":[{"href":"https:\/\/quehacerpolitico.mx\/index.php?rest_route=\/wp\/v2\/posts\/7083","targetHints":{"allow":["GET"]}}],"collection":[{"href":"https:\/\/quehacerpolitico.mx\/index.php?rest_route=\/wp\/v2\/posts"}],"about":[{"href":"https:\/\/quehacerpolitico.mx\/index.php?rest_route=\/wp\/v2\/types\/post"}],"author":[{"embeddable":true,"href":"https:\/\/quehacerpolitico.mx\/index.php?rest_route=\/wp\/v2\/users\/2"}],"replies":[{"embeddable":true,"href":"https:\/\/quehacerpolitico.mx\/index.php?rest_route=%2Fwp%2Fv2%2Fcomments&post=7083"}],"version-history":[{"count":0,"href":"https:\/\/quehacerpolitico.mx\/index.php?rest_route=\/wp\/v2\/posts\/7083\/revisions"}],"wp:featuredmedia":[{"embeddable":true,"href":"https:\/\/quehacerpolitico.mx\/index.php?rest_route=\/"}],"wp:attachment":[{"href":"https:\/\/quehacerpolitico.mx\/index.php?rest_route=%2Fwp%2Fv2%2Fmedia&parent=7083"}],"wp:term":[{"taxonomy":"category","embeddable":true,"href":"https:\/\/quehacerpolitico.mx\/index.php?rest_route=%2Fwp%2Fv2%2Fcategories&post=7083"},{"taxonomy":"post_tag","embeddable":true,"href":"https:\/\/quehacerpolitico.mx\/index.php?rest_route=%2Fwp%2Fv2%2Ftags&post=7083"}],"curies":[{"name":"wp","href":"https:\/\/api.w.org\/{rel}","templated":true}]}}