{"id":70823,"date":"2020-12-28T03:20:43","date_gmt":"2020-12-28T03:20:43","guid":{"rendered":"https:\/\/quehacerpolitico.mx\/?p=70823"},"modified":"2020-12-28T03:20:43","modified_gmt":"2020-12-28T03:20:43","slug":"sep-revela-primeros-detalles-de-aprende-en-casa-iii","status":"publish","type":"post","link":"https:\/\/quehacerpolitico.mx\/?p=70823","title":{"rendered":"SEP revela primeros detalles de Aprende en Casa III"},"content":{"rendered":"<h1 role=\"heading\">SEP revela primeros detalles de Aprende en Casa III<br \/>\nPor Redacci\u00f3n QP<\/h1>\n<p>Aprende en Casa III tendr\u00e1 el apoyo de la telefon\u00eda m\u00f3vil Alt\u00e1n Redes<\/p>\n<p>Durante la pandemia del <strong>COVID-19<\/strong> uno de los programas que m\u00e1s ha destacado en M\u00e9xico es el de <strong>Aprende en Casa<\/strong>, mismo que a partir de enero de <strong>2021<\/strong> tendr\u00e1 su <strong>tercera edici\u00f3n<\/strong> y del cual se revelaron m\u00e1s detalles en una reuni\u00f3n con representantes del gobierno de Jap\u00f3n.<\/p>\n<p>La coordinadora de Relaciones Internacionales de la SEP, <strong>Jimena Salda\u00f1a,<\/strong> expuso ante autoridades del gobierno japon\u00e9s c\u00f3mo se ha desarrollado el programa Aprende en Casa, esto debido al inter\u00e9s generado de la herramienta a distancia. En la presentaci\u00f3n, la funcionaria tambi\u00e9n revel\u00f3 m\u00e1s aspectos que se aplicar\u00e1n sobre <strong>Aprende en Casa III.\u00a0<\/strong><\/p>\n<p>En su exposici\u00f3n, Salda\u00f1a asegur\u00f3 que <strong>Aprende en Casa III<\/strong> iniciar\u00e1 a partir del mes de enero de 2021 y ser\u00e1 parte del <strong>ciclo escolar 2020-2021,<\/strong>mismo que comenz\u00f3 en el mes de agosto de 2020 y concluir\u00e1 en <strong>julio de 2021.<\/strong><\/p>\n<blockquote class=\"twitter-tweet\" data-width=\"550\" data-dnt=\"true\">\n<p lang=\"es\" dir=\"ltr\">\ud83d\uddde\ufe0f <a href=\"https:\/\/twitter.com\/hashtag\/Bolet%C3%ADn_SEP?src=hash&amp;ref_src=twsrc%5Etfw\">#Bolet\u00edn_SEP<\/a><br \/>La Ing. <a href=\"https:\/\/twitter.com\/jimeaja?ref_src=twsrc%5Etfw\">@jimeaja<\/a>, Coordinadora de Relaciones Internacionales, expuso el desarrollo de <a href=\"https:\/\/twitter.com\/hashtag\/AprendeEnCasa?src=hash&amp;ref_src=twsrc%5Etfw\">#AprendeEnCasa<\/a> a funcionarios de <a href=\"https:\/\/twitter.com\/hashtag\/Jap%C3%B3n?src=hash&amp;ref_src=twsrc%5Etfw\">#Jap\u00f3n<\/a>; pa\u00eds que busca implementar la estrategia televisiva para dar continuidad a las clases ante la pandemia.<br \/>\ud83d\udd17 <a href=\"https:\/\/t.co\/tJcE3fXdNj\">https:\/\/t.co\/tJcE3fXdNj<\/a> <a href=\"https:\/\/t.co\/S0G1VDu2ol\">pic.twitter.com\/S0G1VDu2ol<\/a><\/p>\n<p>&mdash; SEP M\u00e9xico (@SEP_mx) <a href=\"https:\/\/twitter.com\/SEP_mx\/status\/1343310436461019138?ref_src=twsrc%5Etfw\">December 27, 2020<\/a><\/p><\/blockquote>\n<p><script async src=\"https:\/\/platform.twitter.com\/widgets.js\" charset=\"utf-8\"><\/script><\/p>\n<p>As\u00ed como sucedi\u00f3 con las primeras dos ediciones, este nuevo sistema tambi\u00e9n tendr\u00e1 el <strong>apoyo de cadenas nacionales de televisi\u00f3n, tanto p\u00fablicas como privadas<\/strong>, mismas que ayudan a tener horarios diferenciados y una cobertura m\u00e1s amplia.<\/p>\n<p>Uno de los grandes cambios que habr\u00e1 para Aprende en Casa III ser\u00e1 el apoyo de <strong>Alt\u00e1n Redes,<\/strong> una <strong>empresa de telefon\u00eda m\u00f3vil que permitir\u00e1 el acceso gratuito a trav\u00e9s de una tarifa cero<\/strong> y que se define como \u201cel proyecto de telecomunicaciones m\u00e1s transformador de los \u00faltimos a\u00f1os en M\u00e9xico y el mundo\u201d.<\/p>\n<p>Las clases presenciales en M\u00e9xico, ha mencionado la SEP, se reiniciar\u00e1n cuando los estados est\u00e9n en el color verde o amarillo en el sem\u00e1foro epid\u00e9mico y ser\u00e1 de forma voluntaria, por lo que para <strong>Aprende en Casa III se contempla un sistema educativo mixto<\/strong>; es decir combinar asistir a las aulas y tomar clases a distancia, aunque esa decisi\u00f3n recaer\u00e1 en las autoridades estatales.<\/p>\n<p>Sin embargo, Salda\u00f1a tambi\u00e9n asegur\u00f3 que, de ser necesario, la SEP est\u00e1 preparada para mantener las clases a distancia de la misma forma que hasta ahora, con Aprende en Casa I y II.<\/p>\n<h6>Con informaci\u00f3n del <a href=\"https:\/\/www.gob.mx\/sep\/articulos\/boletin-sep-no-332-expone-sep-estrategia-educativa-de-aprende-en-casa-a-representantes-de-japon?state=published\" target=\"_blank\" rel=\"noopener noreferrer\">Gobierno de M\u00e9xico<\/a><\/h6>\n","protected":false},"excerpt":{"rendered":"<p>SEP revela primeros detalles de Aprende en Casa III Por Redacci\u00f3n QP Aprende en Casa&#8230;<\/p>\n","protected":false},"author":2,"featured_media":70824,"comment_status":"open","ping_status":"open","sticky":false,"template":"","format":"standard","meta":{"_monsterinsights_skip_tracking":false,"_monsterinsights_sitenote_active":false,"_monsterinsights_sitenote_note":"","_monsterinsights_sitenote_category":0,"footnotes":""},"categories":[2],"tags":[],"class_list":["post-70823","post","type-post","status-publish","format-standard","has-post-thumbnail","hentry","category-noticias"],"yoast_head":"<!-- This site is optimized with the Yoast SEO plugin v27.3 - https:\/\/yoast.com\/product\/yoast-seo-wordpress\/ -->\n<title>SEP revela primeros detalles de Aprende en Casa III -<\/title>\n<meta name=\"robots\" content=\"index, follow, max-snippet:-1, max-image-preview:large, max-video-preview:-1\" \/>\n<link rel=\"canonical\" href=\"https:\/\/quehacerpolitico.mx\/?p=70823\" \/>\n<meta property=\"og:locale\" content=\"es_MX\" \/>\n<meta property=\"og:type\" content=\"article\" \/>\n<meta property=\"og:title\" content=\"SEP revela primeros detalles de Aprende en Casa III -\" \/>\n<meta property=\"og:description\" content=\"SEP revela primeros detalles de Aprende en Casa III Por Redacci\u00f3n QP Aprende en Casa...\" \/>\n<meta property=\"og:url\" content=\"https:\/\/quehacerpolitico.mx\/?p=70823\" \/>\n<meta property=\"article:published_time\" content=\"2020-12-28T03:20:43+00:00\" \/>\n<meta property=\"og:image\" content=\"https:\/\/quehacerpolitico.mx\/wp-content\/uploads\/2020\/12\/D93BD596-3DD4-4AAE-BD84-E4E9DC04B125.jpeg\" \/>\n\t<meta property=\"og:image:width\" content=\"678\" \/>\n\t<meta property=\"og:image:height\" content=\"452\" \/>\n\t<meta property=\"og:image:type\" content=\"image\/jpeg\" \/>\n<meta name=\"author\" content=\"Redacci\u00f3n QP\" \/>\n<meta name=\"twitter:card\" content=\"summary_large_image\" \/>\n<meta name=\"twitter:label1\" content=\"Escrito por\" \/>\n\t<meta name=\"twitter:data1\" content=\"Redacci\u00f3n QP\" \/>\n\t<meta name=\"twitter:label2\" content=\"Tiempo de lectura\" \/>\n\t<meta name=\"twitter:data2\" content=\"2 minutos\" \/>\n<script type=\"application\/ld+json\" class=\"yoast-schema-graph\">{\"@context\":\"https:\\\/\\\/schema.org\",\"@graph\":[{\"@type\":\"Article\",\"@id\":\"https:\\\/\\\/quehacerpolitico.mx\\\/?p=70823#article\",\"isPartOf\":{\"@id\":\"https:\\\/\\\/quehacerpolitico.mx\\\/?p=70823\"},\"author\":{\"name\":\"Redacci\u00f3n QP\",\"@id\":\"https:\\\/\\\/quehacerpolitico.mx\\\/#\\\/schema\\\/person\\\/496d8ad2d1d3f8036101dca7ee39e585\"},\"headline\":\"SEP revela primeros detalles de Aprende en Casa III\",\"datePublished\":\"2020-12-28T03:20:43+00:00\",\"mainEntityOfPage\":{\"@id\":\"https:\\\/\\\/quehacerpolitico.mx\\\/?p=70823\"},\"wordCount\":414,\"commentCount\":0,\"image\":{\"@id\":\"https:\\\/\\\/quehacerpolitico.mx\\\/?p=70823#primaryimage\"},\"thumbnailUrl\":\"https:\\\/\\\/quehacerpolitico.mx\\\/wp-content\\\/uploads\\\/2020\\\/12\\\/D93BD596-3DD4-4AAE-BD84-E4E9DC04B125.jpeg\",\"articleSection\":[\"Noticias\"],\"inLanguage\":\"es\",\"potentialAction\":[{\"@type\":\"CommentAction\",\"name\":\"Comment\",\"target\":[\"https:\\\/\\\/quehacerpolitico.mx\\\/?p=70823#respond\"]}]},{\"@type\":\"WebPage\",\"@id\":\"https:\\\/\\\/quehacerpolitico.mx\\\/?p=70823\",\"url\":\"https:\\\/\\\/quehacerpolitico.mx\\\/?p=70823\",\"name\":\"SEP revela primeros detalles de Aprende en Casa III -\",\"isPartOf\":{\"@id\":\"https:\\\/\\\/quehacerpolitico.mx\\\/#website\"},\"primaryImageOfPage\":{\"@id\":\"https:\\\/\\\/quehacerpolitico.mx\\\/?p=70823#primaryimage\"},\"image\":{\"@id\":\"https:\\\/\\\/quehacerpolitico.mx\\\/?p=70823#primaryimage\"},\"thumbnailUrl\":\"https:\\\/\\\/quehacerpolitico.mx\\\/wp-content\\\/uploads\\\/2020\\\/12\\\/D93BD596-3DD4-4AAE-BD84-E4E9DC04B125.jpeg\",\"datePublished\":\"2020-12-28T03:20:43+00:00\",\"author\":{\"@id\":\"https:\\\/\\\/quehacerpolitico.mx\\\/#\\\/schema\\\/person\\\/496d8ad2d1d3f8036101dca7ee39e585\"},\"breadcrumb\":{\"@id\":\"https:\\\/\\\/quehacerpolitico.mx\\\/?p=70823#breadcrumb\"},\"inLanguage\":\"es\",\"potentialAction\":[{\"@type\":\"ReadAction\",\"target\":[\"https:\\\/\\\/quehacerpolitico.mx\\\/?p=70823\"]}]},{\"@type\":\"ImageObject\",\"inLanguage\":\"es\",\"@id\":\"https:\\\/\\\/quehacerpolitico.mx\\\/?p=70823#primaryimage\",\"url\":\"https:\\\/\\\/quehacerpolitico.mx\\\/wp-content\\\/uploads\\\/2020\\\/12\\\/D93BD596-3DD4-4AAE-BD84-E4E9DC04B125.jpeg\",\"contentUrl\":\"https:\\\/\\\/quehacerpolitico.mx\\\/wp-content\\\/uploads\\\/2020\\\/12\\\/D93BD596-3DD4-4AAE-BD84-E4E9DC04B125.jpeg\",\"width\":678,\"height\":452},{\"@type\":\"BreadcrumbList\",\"@id\":\"https:\\\/\\\/quehacerpolitico.mx\\\/?p=70823#breadcrumb\",\"itemListElement\":[{\"@type\":\"ListItem\",\"position\":1,\"name\":\"Inicio\",\"item\":\"https:\\\/\\\/quehacerpolitico.mx\\\/\"},{\"@type\":\"ListItem\",\"position\":2,\"name\":\"SEP revela primeros detalles de Aprende en Casa III\"}]},{\"@type\":\"WebSite\",\"@id\":\"https:\\\/\\\/quehacerpolitico.mx\\\/#website\",\"url\":\"https:\\\/\\\/quehacerpolitico.mx\\\/\",\"name\":\"\",\"description\":\"\",\"potentialAction\":[{\"@type\":\"SearchAction\",\"target\":{\"@type\":\"EntryPoint\",\"urlTemplate\":\"https:\\\/\\\/quehacerpolitico.mx\\\/?s={search_term_string}\"},\"query-input\":{\"@type\":\"PropertyValueSpecification\",\"valueRequired\":true,\"valueName\":\"search_term_string\"}}],\"inLanguage\":\"es\"},{\"@type\":\"Person\",\"@id\":\"https:\\\/\\\/quehacerpolitico.mx\\\/#\\\/schema\\\/person\\\/496d8ad2d1d3f8036101dca7ee39e585\",\"name\":\"Redacci\u00f3n QP\",\"image\":{\"@type\":\"ImageObject\",\"inLanguage\":\"es\",\"@id\":\"https:\\\/\\\/secure.gravatar.com\\\/avatar\\\/c7164ed6fdec453195284ad24a5ae5b6e1eed2b848477fa2a4787ba9adf39a41?s=96&d=mm&r=g\",\"url\":\"https:\\\/\\\/secure.gravatar.com\\\/avatar\\\/c7164ed6fdec453195284ad24a5ae5b6e1eed2b848477fa2a4787ba9adf39a41?s=96&d=mm&r=g\",\"contentUrl\":\"https:\\\/\\\/secure.gravatar.com\\\/avatar\\\/c7164ed6fdec453195284ad24a5ae5b6e1eed2b848477fa2a4787ba9adf39a41?s=96&d=mm&r=g\",\"caption\":\"Redacci\u00f3n QP\"},\"url\":\"https:\\\/\\\/quehacerpolitico.mx\\\/?author=2\"}]}<\/script>\n<!-- \/ Yoast SEO plugin. -->","yoast_head_json":{"title":"SEP revela primeros detalles de Aprende en Casa III -","robots":{"index":"index","follow":"follow","max-snippet":"max-snippet:-1","max-image-preview":"max-image-preview:large","max-video-preview":"max-video-preview:-1"},"canonical":"https:\/\/quehacerpolitico.mx\/?p=70823","og_locale":"es_MX","og_type":"article","og_title":"SEP revela primeros detalles de Aprende en Casa III -","og_description":"SEP revela primeros detalles de Aprende en Casa III Por Redacci\u00f3n QP Aprende en Casa...","og_url":"https:\/\/quehacerpolitico.mx\/?p=70823","article_published_time":"2020-12-28T03:20:43+00:00","og_image":[{"width":678,"height":452,"url":"https:\/\/quehacerpolitico.mx\/wp-content\/uploads\/2020\/12\/D93BD596-3DD4-4AAE-BD84-E4E9DC04B125.jpeg","type":"image\/jpeg"}],"author":"Redacci\u00f3n QP","twitter_card":"summary_large_image","twitter_misc":{"Escrito por":"Redacci\u00f3n QP","Tiempo de lectura":"2 minutos"},"schema":{"@context":"https:\/\/schema.org","@graph":[{"@type":"Article","@id":"https:\/\/quehacerpolitico.mx\/?p=70823#article","isPartOf":{"@id":"https:\/\/quehacerpolitico.mx\/?p=70823"},"author":{"name":"Redacci\u00f3n QP","@id":"https:\/\/quehacerpolitico.mx\/#\/schema\/person\/496d8ad2d1d3f8036101dca7ee39e585"},"headline":"SEP revela primeros detalles de Aprende en Casa III","datePublished":"2020-12-28T03:20:43+00:00","mainEntityOfPage":{"@id":"https:\/\/quehacerpolitico.mx\/?p=70823"},"wordCount":414,"commentCount":0,"image":{"@id":"https:\/\/quehacerpolitico.mx\/?p=70823#primaryimage"},"thumbnailUrl":"https:\/\/quehacerpolitico.mx\/wp-content\/uploads\/2020\/12\/D93BD596-3DD4-4AAE-BD84-E4E9DC04B125.jpeg","articleSection":["Noticias"],"inLanguage":"es","potentialAction":[{"@type":"CommentAction","name":"Comment","target":["https:\/\/quehacerpolitico.mx\/?p=70823#respond"]}]},{"@type":"WebPage","@id":"https:\/\/quehacerpolitico.mx\/?p=70823","url":"https:\/\/quehacerpolitico.mx\/?p=70823","name":"SEP revela primeros detalles de Aprende en Casa III -","isPartOf":{"@id":"https:\/\/quehacerpolitico.mx\/#website"},"primaryImageOfPage":{"@id":"https:\/\/quehacerpolitico.mx\/?p=70823#primaryimage"},"image":{"@id":"https:\/\/quehacerpolitico.mx\/?p=70823#primaryimage"},"thumbnailUrl":"https:\/\/quehacerpolitico.mx\/wp-content\/uploads\/2020\/12\/D93BD596-3DD4-4AAE-BD84-E4E9DC04B125.jpeg","datePublished":"2020-12-28T03:20:43+00:00","author":{"@id":"https:\/\/quehacerpolitico.mx\/#\/schema\/person\/496d8ad2d1d3f8036101dca7ee39e585"},"breadcrumb":{"@id":"https:\/\/quehacerpolitico.mx\/?p=70823#breadcrumb"},"inLanguage":"es","potentialAction":[{"@type":"ReadAction","target":["https:\/\/quehacerpolitico.mx\/?p=70823"]}]},{"@type":"ImageObject","inLanguage":"es","@id":"https:\/\/quehacerpolitico.mx\/?p=70823#primaryimage","url":"https:\/\/quehacerpolitico.mx\/wp-content\/uploads\/2020\/12\/D93BD596-3DD4-4AAE-BD84-E4E9DC04B125.jpeg","contentUrl":"https:\/\/quehacerpolitico.mx\/wp-content\/uploads\/2020\/12\/D93BD596-3DD4-4AAE-BD84-E4E9DC04B125.jpeg","width":678,"height":452},{"@type":"BreadcrumbList","@id":"https:\/\/quehacerpolitico.mx\/?p=70823#breadcrumb","itemListElement":[{"@type":"ListItem","position":1,"name":"Inicio","item":"https:\/\/quehacerpolitico.mx\/"},{"@type":"ListItem","position":2,"name":"SEP revela primeros detalles de Aprende en Casa III"}]},{"@type":"WebSite","@id":"https:\/\/quehacerpolitico.mx\/#website","url":"https:\/\/quehacerpolitico.mx\/","name":"","description":"","potentialAction":[{"@type":"SearchAction","target":{"@type":"EntryPoint","urlTemplate":"https:\/\/quehacerpolitico.mx\/?s={search_term_string}"},"query-input":{"@type":"PropertyValueSpecification","valueRequired":true,"valueName":"search_term_string"}}],"inLanguage":"es"},{"@type":"Person","@id":"https:\/\/quehacerpolitico.mx\/#\/schema\/person\/496d8ad2d1d3f8036101dca7ee39e585","name":"Redacci\u00f3n QP","image":{"@type":"ImageObject","inLanguage":"es","@id":"https:\/\/secure.gravatar.com\/avatar\/c7164ed6fdec453195284ad24a5ae5b6e1eed2b848477fa2a4787ba9adf39a41?s=96&d=mm&r=g","url":"https:\/\/secure.gravatar.com\/avatar\/c7164ed6fdec453195284ad24a5ae5b6e1eed2b848477fa2a4787ba9adf39a41?s=96&d=mm&r=g","contentUrl":"https:\/\/secure.gravatar.com\/avatar\/c7164ed6fdec453195284ad24a5ae5b6e1eed2b848477fa2a4787ba9adf39a41?s=96&d=mm&r=g","caption":"Redacci\u00f3n QP"},"url":"https:\/\/quehacerpolitico.mx\/?author=2"}]}},"featured_image_urls":{"full":["https:\/\/quehacerpolitico.mx\/wp-content\/uploads\/2020\/12\/D93BD596-3DD4-4AAE-BD84-E4E9DC04B125.jpeg",678,452,false],"thumbnail":["https:\/\/quehacerpolitico.mx\/wp-content\/uploads\/2020\/12\/D93BD596-3DD4-4AAE-BD84-E4E9DC04B125-150x150.jpeg",150,150,true],"medium":["https:\/\/quehacerpolitico.mx\/wp-content\/uploads\/2020\/12\/D93BD596-3DD4-4AAE-BD84-E4E9DC04B125-300x200.jpeg",300,200,true],"medium_large":["https:\/\/quehacerpolitico.mx\/wp-content\/uploads\/2020\/12\/D93BD596-3DD4-4AAE-BD84-E4E9DC04B125.jpeg",640,427,false],"large":["https:\/\/quehacerpolitico.mx\/wp-content\/uploads\/2020\/12\/D93BD596-3DD4-4AAE-BD84-E4E9DC04B125.jpeg",640,427,false],"1536x1536":["https:\/\/quehacerpolitico.mx\/wp-content\/uploads\/2020\/12\/D93BD596-3DD4-4AAE-BD84-E4E9DC04B125.jpeg",678,452,false],"2048x2048":["https:\/\/quehacerpolitico.mx\/wp-content\/uploads\/2020\/12\/D93BD596-3DD4-4AAE-BD84-E4E9DC04B125.jpeg",678,452,false],"covernews-featured":["https:\/\/quehacerpolitico.mx\/wp-content\/uploads\/2020\/12\/D93BD596-3DD4-4AAE-BD84-E4E9DC04B125.jpeg",678,452,false],"covernews-medium":["https:\/\/quehacerpolitico.mx\/wp-content\/uploads\/2020\/12\/D93BD596-3DD4-4AAE-BD84-E4E9DC04B125.jpeg",510,340,false]},"author_info":{"display_name":"Redacci\u00f3n QP","author_link":"https:\/\/quehacerpolitico.mx\/?author=2"},"category_info":"<a href=\"https:\/\/quehacerpolitico.mx\/?cat=2\" rel=\"category\">Noticias<\/a>","tag_info":"Noticias","comment_count":"0","_links":{"self":[{"href":"https:\/\/quehacerpolitico.mx\/index.php?rest_route=\/wp\/v2\/posts\/70823","targetHints":{"allow":["GET"]}}],"collection":[{"href":"https:\/\/quehacerpolitico.mx\/index.php?rest_route=\/wp\/v2\/posts"}],"about":[{"href":"https:\/\/quehacerpolitico.mx\/index.php?rest_route=\/wp\/v2\/types\/post"}],"author":[{"embeddable":true,"href":"https:\/\/quehacerpolitico.mx\/index.php?rest_route=\/wp\/v2\/users\/2"}],"replies":[{"embeddable":true,"href":"https:\/\/quehacerpolitico.mx\/index.php?rest_route=%2Fwp%2Fv2%2Fcomments&post=70823"}],"version-history":[{"count":0,"href":"https:\/\/quehacerpolitico.mx\/index.php?rest_route=\/wp\/v2\/posts\/70823\/revisions"}],"wp:featuredmedia":[{"embeddable":true,"href":"https:\/\/quehacerpolitico.mx\/index.php?rest_route=\/wp\/v2\/media\/70824"}],"wp:attachment":[{"href":"https:\/\/quehacerpolitico.mx\/index.php?rest_route=%2Fwp%2Fv2%2Fmedia&parent=70823"}],"wp:term":[{"taxonomy":"category","embeddable":true,"href":"https:\/\/quehacerpolitico.mx\/index.php?rest_route=%2Fwp%2Fv2%2Fcategories&post=70823"},{"taxonomy":"post_tag","embeddable":true,"href":"https:\/\/quehacerpolitico.mx\/index.php?rest_route=%2Fwp%2Fv2%2Ftags&post=70823"}],"curies":[{"name":"wp","href":"https:\/\/api.w.org\/{rel}","templated":true}]}}