{"id":70817,"date":"2020-12-28T02:43:13","date_gmt":"2020-12-28T02:43:13","guid":{"rendered":"https:\/\/quehacerpolitico.mx\/?p=70817"},"modified":"2020-12-28T02:43:13","modified_gmt":"2020-12-28T02:43:13","slug":"amlo-usa-vacuna-como-propaganda-afirma-el-pan","status":"publish","type":"post","link":"https:\/\/quehacerpolitico.mx\/?p=70817","title":{"rendered":"AMLO usa vacuna como propaganda, afirma el PAN"},"content":{"rendered":"<h1 class=\"news-title\">AMLO usa vacuna como propaganda, afirma el PAN<br \/>\nPor Redacci\u00f3n QP<\/h1>\n<p>Marko Cort\u00e9s acusa al gobierno de fallas en la\u00a0planeaci\u00f3n para distribuir la vacuna contra el coronavirus<\/p>\n<p>Marko Cort\u00e9s,\u00a0dirigente nacional del PAN,\u00a0acus\u00f3 que el Gobierno de Morena, que encabeza el Presidente\u00a0Andr\u00e9s Manuel L\u00f3pez Obrador (AMLO), <strong>pretende hacer propaganda con la vacuna contra el coronavirus.<\/strong><\/p>\n<p>&#8220;Es <strong>inaudito <\/strong>que mientras existe la oferta suficiente de la vacuna en el mercado internacional, en nuestro pa\u00eds el personal m\u00e9dico y la poblaci\u00f3n m\u00e1s vulnerable siga desprotegida, todo por la falta de capacidad, seriedad y buena planeaci\u00f3n del gobierno&#8221;, afirm\u00f3 en un comunicado.<\/p>\n<p>Agreg\u00f3 que el gobierno\u00a0inici\u00f3 la vacunaci\u00f3n contra el COVID-19\u00a0con un sesgo pol\u00edtico y de propaganda gubernamental, centralizando las decisiones del proceso y sin involucrar a los gobiernos estatales.<\/p>\n<p>&#8220;C\u00f3mo en todos los dem\u00e1s temas, el proceso de vacunaci\u00f3n <strong>inici\u00f3 con mucho ruido y muy pocas nueces<\/strong>, dejando claro con el show que hicieron al arribo y aplicaci\u00f3n de las primeras tres mil dosis de la vacuna, que les interesa m\u00e1s hacer publicidad gubernamental que realmente lograr inmunizar a quienes as\u00ed lo deseen, porque a ese paso y con ese n\u00famero de dosis les tomar\u00eda varios a\u00f1os llegar a todos los mexicanos&#8221;, sostuvo.<\/p>\n<p>&#8220;Advertimos que el gobierno morenista pretende usar el tema con <strong>fines electoreros para tratar de cubrir su desprestigio<\/strong> ante la sociedad por su p\u00e9simo manejo de la pandemia que ha enlutado a m\u00e1s de 120 mil hogares&#8221;.<\/p>\n<p>A\u00f1adi\u00f3 que el primer arribo a M\u00e9xico\u00a0s\u00f3lo fue de tres mil de las 250 mil vacunas anunciadas inicialmente en el &#8220;Plan Rector&#8221;, fallando nuevamente el gobierno morenista en su planeaci\u00f3n.<\/p>\n<p>&#8220;O Pfizer no cumpli\u00f3 lo ofrecido o el gobierno miente otra vez acerca de las metas. Las primeras dosis que llegaron a M\u00e9xico solo sirvieron para 1,500 de los 750 mil m\u00e9dicos y enfermeras. En un segundo embarque llegaron 42,900 dosis con lo que alcanza para poco m\u00e1s de 20 mil personas, por lo que en los hechos el personal m\u00e9dico y los m\u00e1s vulnerables seguir\u00e1n desprotegidos por el gobierno federal&#8221;<\/p>\n<p>Por eso, indic\u00f3 Cort\u00e9s, Acci\u00f3n Nacional exige al Gobierno morenista aplicar la vacuna de manera profesional, con criterios cient\u00edficos, con el fin de que llegue a toda la poblaci\u00f3n a trav\u00e9s del Sistema Nacional de Vacunaci\u00f3n, que incluya a los Sistemas Estatales de salud, sin condicionamientos ni limitaci\u00f3n alguna. Adem\u00e1s, de ser inaceptable que sea el secretario de Relaciones Exteriores quien asuma funciones de la Secretar\u00eda de Salud.<\/p>\n<p>El dirigente nacional del PAN asegur\u00f3 que el pa\u00eds cuenta con un sistema de vacunaci\u00f3n perfectamente establecido, con el personal capacitado para ello y la colaboraci\u00f3n de los gobiernos de los estados, que ha demostrado su eficiencia en todas las jornadas anteriores de vacunaci\u00f3n, por lo que no se justifica la centralizaci\u00f3n del proceso contra el Coronavirus.<\/p>\n<p>&#8220;Le pedimos al Gobierno morenista que<strong>transparente c\u00f3mo ser\u00e1 la distribuci\u00f3n<\/strong> de las vacunas entre la poblaci\u00f3n m\u00e1s vulnerable de los estados. Todav\u00eda estamos a tiempo de evitar m\u00e1s dolor y m\u00e1s muertes. Nuestros gobiernos est\u00e1n preparados y tienen los recursos econ\u00f3micos para comprar y aplicar las vacunas en sus estados. Entre m\u00e1s colaboraci\u00f3n haya, m\u00e1s pronto saldremos de la crisis sanitaria&#8221;, insisti\u00f3.<\/p>\n<p>Cort\u00e9s Mendoza record\u00f3 que no hay ning\u00fan impedimento legal para que los gobiernos de los estados puedan comprar y aplicar vacunas, ya que tambi\u00e9n son autoridad sanitaria, por lo que, es mezquino y criminal el bloqueo que se hace para la adquisici\u00f3n de las entidades federativas. Denunci\u00f3 que &#8220;el proceso de vacunaci\u00f3n del gobierno morenista es lento, ineficiente, claramente pol\u00edtico y se presta a la manipulaci\u00f3n&#8221;.<\/p>\n<p>Por eso, concluy\u00f3, no es v\u00e1lido que el gobierno nos diga que se requiere &#8220;calibrar el operativo de aplicaci\u00f3n&#8221; de la vacuna, pues no es con la llegada del gobierno morenista como se inicia una jornada de vacunaci\u00f3n en M\u00e9xico. &#8220;Lo que otra vez est\u00e1 haciendo L\u00f3pez Obrador es enga\u00f1ar a las y los mexicanos&#8221;.<\/p>\n<p>Con informaci\u00f3n de SUN<\/p>\n","protected":false},"excerpt":{"rendered":"<p>AMLO usa vacuna como propaganda, afirma el PAN Por Redacci\u00f3n QP Marko Cort\u00e9s acusa al&#8230;<\/p>\n","protected":false},"author":2,"featured_media":70818,"comment_status":"open","ping_status":"open","sticky":false,"template":"","format":"standard","meta":{"_monsterinsights_skip_tracking":false,"_monsterinsights_sitenote_active":false,"_monsterinsights_sitenote_note":"","_monsterinsights_sitenote_category":0,"footnotes":""},"categories":[2],"tags":[],"class_list":["post-70817","post","type-post","status-publish","format-standard","has-post-thumbnail","hentry","category-noticias"],"yoast_head":"<!-- This site is optimized with the Yoast SEO plugin v27.3 - https:\/\/yoast.com\/product\/yoast-seo-wordpress\/ -->\n<title>AMLO usa vacuna como propaganda, afirma el PAN -<\/title>\n<meta name=\"robots\" content=\"index, follow, max-snippet:-1, max-image-preview:large, max-video-preview:-1\" \/>\n<link rel=\"canonical\" href=\"https:\/\/quehacerpolitico.mx\/?p=70817\" \/>\n<meta property=\"og:locale\" content=\"es_MX\" \/>\n<meta property=\"og:type\" content=\"article\" \/>\n<meta property=\"og:title\" content=\"AMLO usa vacuna como propaganda, afirma el PAN -\" \/>\n<meta property=\"og:description\" content=\"AMLO usa vacuna como propaganda, afirma el PAN Por Redacci\u00f3n QP Marko Cort\u00e9s acusa al...\" \/>\n<meta property=\"og:url\" content=\"https:\/\/quehacerpolitico.mx\/?p=70817\" \/>\n<meta property=\"article:published_time\" content=\"2020-12-28T02:43:13+00:00\" \/>\n<meta property=\"og:image\" content=\"https:\/\/quehacerpolitico.mx\/wp-content\/uploads\/2020\/12\/E58ADBED-49A9-44C7-908F-1EF60502D129.jpeg\" \/>\n\t<meta property=\"og:image:width\" content=\"480\" \/>\n\t<meta property=\"og:image:height\" content=\"360\" \/>\n\t<meta property=\"og:image:type\" content=\"image\/jpeg\" \/>\n<meta name=\"author\" content=\"Redacci\u00f3n QP\" \/>\n<meta name=\"twitter:card\" content=\"summary_large_image\" \/>\n<meta name=\"twitter:label1\" content=\"Escrito por\" \/>\n\t<meta name=\"twitter:data1\" content=\"Redacci\u00f3n QP\" \/>\n\t<meta name=\"twitter:label2\" content=\"Tiempo de lectura\" \/>\n\t<meta name=\"twitter:data2\" content=\"4 minutos\" \/>\n<script type=\"application\/ld+json\" class=\"yoast-schema-graph\">{\"@context\":\"https:\\\/\\\/schema.org\",\"@graph\":[{\"@type\":\"Article\",\"@id\":\"https:\\\/\\\/quehacerpolitico.mx\\\/?p=70817#article\",\"isPartOf\":{\"@id\":\"https:\\\/\\\/quehacerpolitico.mx\\\/?p=70817\"},\"author\":{\"name\":\"Redacci\u00f3n QP\",\"@id\":\"https:\\\/\\\/quehacerpolitico.mx\\\/#\\\/schema\\\/person\\\/496d8ad2d1d3f8036101dca7ee39e585\"},\"headline\":\"AMLO usa vacuna como propaganda, afirma el PAN\",\"datePublished\":\"2020-12-28T02:43:13+00:00\",\"mainEntityOfPage\":{\"@id\":\"https:\\\/\\\/quehacerpolitico.mx\\\/?p=70817\"},\"wordCount\":732,\"commentCount\":0,\"image\":{\"@id\":\"https:\\\/\\\/quehacerpolitico.mx\\\/?p=70817#primaryimage\"},\"thumbnailUrl\":\"https:\\\/\\\/quehacerpolitico.mx\\\/wp-content\\\/uploads\\\/2020\\\/12\\\/E58ADBED-49A9-44C7-908F-1EF60502D129.jpeg\",\"articleSection\":[\"Noticias\"],\"inLanguage\":\"es\",\"potentialAction\":[{\"@type\":\"CommentAction\",\"name\":\"Comment\",\"target\":[\"https:\\\/\\\/quehacerpolitico.mx\\\/?p=70817#respond\"]}]},{\"@type\":\"WebPage\",\"@id\":\"https:\\\/\\\/quehacerpolitico.mx\\\/?p=70817\",\"url\":\"https:\\\/\\\/quehacerpolitico.mx\\\/?p=70817\",\"name\":\"AMLO usa vacuna como propaganda, afirma el PAN -\",\"isPartOf\":{\"@id\":\"https:\\\/\\\/quehacerpolitico.mx\\\/#website\"},\"primaryImageOfPage\":{\"@id\":\"https:\\\/\\\/quehacerpolitico.mx\\\/?p=70817#primaryimage\"},\"image\":{\"@id\":\"https:\\\/\\\/quehacerpolitico.mx\\\/?p=70817#primaryimage\"},\"thumbnailUrl\":\"https:\\\/\\\/quehacerpolitico.mx\\\/wp-content\\\/uploads\\\/2020\\\/12\\\/E58ADBED-49A9-44C7-908F-1EF60502D129.jpeg\",\"datePublished\":\"2020-12-28T02:43:13+00:00\",\"author\":{\"@id\":\"https:\\\/\\\/quehacerpolitico.mx\\\/#\\\/schema\\\/person\\\/496d8ad2d1d3f8036101dca7ee39e585\"},\"breadcrumb\":{\"@id\":\"https:\\\/\\\/quehacerpolitico.mx\\\/?p=70817#breadcrumb\"},\"inLanguage\":\"es\",\"potentialAction\":[{\"@type\":\"ReadAction\",\"target\":[\"https:\\\/\\\/quehacerpolitico.mx\\\/?p=70817\"]}]},{\"@type\":\"ImageObject\",\"inLanguage\":\"es\",\"@id\":\"https:\\\/\\\/quehacerpolitico.mx\\\/?p=70817#primaryimage\",\"url\":\"https:\\\/\\\/quehacerpolitico.mx\\\/wp-content\\\/uploads\\\/2020\\\/12\\\/E58ADBED-49A9-44C7-908F-1EF60502D129.jpeg\",\"contentUrl\":\"https:\\\/\\\/quehacerpolitico.mx\\\/wp-content\\\/uploads\\\/2020\\\/12\\\/E58ADBED-49A9-44C7-908F-1EF60502D129.jpeg\",\"width\":480,\"height\":360},{\"@type\":\"BreadcrumbList\",\"@id\":\"https:\\\/\\\/quehacerpolitico.mx\\\/?p=70817#breadcrumb\",\"itemListElement\":[{\"@type\":\"ListItem\",\"position\":1,\"name\":\"Inicio\",\"item\":\"https:\\\/\\\/quehacerpolitico.mx\\\/\"},{\"@type\":\"ListItem\",\"position\":2,\"name\":\"AMLO usa vacuna como propaganda, afirma el PAN\"}]},{\"@type\":\"WebSite\",\"@id\":\"https:\\\/\\\/quehacerpolitico.mx\\\/#website\",\"url\":\"https:\\\/\\\/quehacerpolitico.mx\\\/\",\"name\":\"\",\"description\":\"\",\"potentialAction\":[{\"@type\":\"SearchAction\",\"target\":{\"@type\":\"EntryPoint\",\"urlTemplate\":\"https:\\\/\\\/quehacerpolitico.mx\\\/?s={search_term_string}\"},\"query-input\":{\"@type\":\"PropertyValueSpecification\",\"valueRequired\":true,\"valueName\":\"search_term_string\"}}],\"inLanguage\":\"es\"},{\"@type\":\"Person\",\"@id\":\"https:\\\/\\\/quehacerpolitico.mx\\\/#\\\/schema\\\/person\\\/496d8ad2d1d3f8036101dca7ee39e585\",\"name\":\"Redacci\u00f3n QP\",\"image\":{\"@type\":\"ImageObject\",\"inLanguage\":\"es\",\"@id\":\"https:\\\/\\\/secure.gravatar.com\\\/avatar\\\/c7164ed6fdec453195284ad24a5ae5b6e1eed2b848477fa2a4787ba9adf39a41?s=96&d=mm&r=g\",\"url\":\"https:\\\/\\\/secure.gravatar.com\\\/avatar\\\/c7164ed6fdec453195284ad24a5ae5b6e1eed2b848477fa2a4787ba9adf39a41?s=96&d=mm&r=g\",\"contentUrl\":\"https:\\\/\\\/secure.gravatar.com\\\/avatar\\\/c7164ed6fdec453195284ad24a5ae5b6e1eed2b848477fa2a4787ba9adf39a41?s=96&d=mm&r=g\",\"caption\":\"Redacci\u00f3n QP\"},\"url\":\"https:\\\/\\\/quehacerpolitico.mx\\\/?author=2\"}]}<\/script>\n<!-- \/ Yoast SEO plugin. -->","yoast_head_json":{"title":"AMLO usa vacuna como propaganda, afirma el PAN -","robots":{"index":"index","follow":"follow","max-snippet":"max-snippet:-1","max-image-preview":"max-image-preview:large","max-video-preview":"max-video-preview:-1"},"canonical":"https:\/\/quehacerpolitico.mx\/?p=70817","og_locale":"es_MX","og_type":"article","og_title":"AMLO usa vacuna como propaganda, afirma el PAN -","og_description":"AMLO usa vacuna como propaganda, afirma el PAN Por Redacci\u00f3n QP Marko Cort\u00e9s acusa al...","og_url":"https:\/\/quehacerpolitico.mx\/?p=70817","article_published_time":"2020-12-28T02:43:13+00:00","og_image":[{"width":480,"height":360,"url":"https:\/\/quehacerpolitico.mx\/wp-content\/uploads\/2020\/12\/E58ADBED-49A9-44C7-908F-1EF60502D129.jpeg","type":"image\/jpeg"}],"author":"Redacci\u00f3n QP","twitter_card":"summary_large_image","twitter_misc":{"Escrito por":"Redacci\u00f3n QP","Tiempo de lectura":"4 minutos"},"schema":{"@context":"https:\/\/schema.org","@graph":[{"@type":"Article","@id":"https:\/\/quehacerpolitico.mx\/?p=70817#article","isPartOf":{"@id":"https:\/\/quehacerpolitico.mx\/?p=70817"},"author":{"name":"Redacci\u00f3n QP","@id":"https:\/\/quehacerpolitico.mx\/#\/schema\/person\/496d8ad2d1d3f8036101dca7ee39e585"},"headline":"AMLO usa vacuna como propaganda, afirma el PAN","datePublished":"2020-12-28T02:43:13+00:00","mainEntityOfPage":{"@id":"https:\/\/quehacerpolitico.mx\/?p=70817"},"wordCount":732,"commentCount":0,"image":{"@id":"https:\/\/quehacerpolitico.mx\/?p=70817#primaryimage"},"thumbnailUrl":"https:\/\/quehacerpolitico.mx\/wp-content\/uploads\/2020\/12\/E58ADBED-49A9-44C7-908F-1EF60502D129.jpeg","articleSection":["Noticias"],"inLanguage":"es","potentialAction":[{"@type":"CommentAction","name":"Comment","target":["https:\/\/quehacerpolitico.mx\/?p=70817#respond"]}]},{"@type":"WebPage","@id":"https:\/\/quehacerpolitico.mx\/?p=70817","url":"https:\/\/quehacerpolitico.mx\/?p=70817","name":"AMLO usa vacuna como propaganda, afirma el PAN -","isPartOf":{"@id":"https:\/\/quehacerpolitico.mx\/#website"},"primaryImageOfPage":{"@id":"https:\/\/quehacerpolitico.mx\/?p=70817#primaryimage"},"image":{"@id":"https:\/\/quehacerpolitico.mx\/?p=70817#primaryimage"},"thumbnailUrl":"https:\/\/quehacerpolitico.mx\/wp-content\/uploads\/2020\/12\/E58ADBED-49A9-44C7-908F-1EF60502D129.jpeg","datePublished":"2020-12-28T02:43:13+00:00","author":{"@id":"https:\/\/quehacerpolitico.mx\/#\/schema\/person\/496d8ad2d1d3f8036101dca7ee39e585"},"breadcrumb":{"@id":"https:\/\/quehacerpolitico.mx\/?p=70817#breadcrumb"},"inLanguage":"es","potentialAction":[{"@type":"ReadAction","target":["https:\/\/quehacerpolitico.mx\/?p=70817"]}]},{"@type":"ImageObject","inLanguage":"es","@id":"https:\/\/quehacerpolitico.mx\/?p=70817#primaryimage","url":"https:\/\/quehacerpolitico.mx\/wp-content\/uploads\/2020\/12\/E58ADBED-49A9-44C7-908F-1EF60502D129.jpeg","contentUrl":"https:\/\/quehacerpolitico.mx\/wp-content\/uploads\/2020\/12\/E58ADBED-49A9-44C7-908F-1EF60502D129.jpeg","width":480,"height":360},{"@type":"BreadcrumbList","@id":"https:\/\/quehacerpolitico.mx\/?p=70817#breadcrumb","itemListElement":[{"@type":"ListItem","position":1,"name":"Inicio","item":"https:\/\/quehacerpolitico.mx\/"},{"@type":"ListItem","position":2,"name":"AMLO usa vacuna como propaganda, afirma el PAN"}]},{"@type":"WebSite","@id":"https:\/\/quehacerpolitico.mx\/#website","url":"https:\/\/quehacerpolitico.mx\/","name":"","description":"","potentialAction":[{"@type":"SearchAction","target":{"@type":"EntryPoint","urlTemplate":"https:\/\/quehacerpolitico.mx\/?s={search_term_string}"},"query-input":{"@type":"PropertyValueSpecification","valueRequired":true,"valueName":"search_term_string"}}],"inLanguage":"es"},{"@type":"Person","@id":"https:\/\/quehacerpolitico.mx\/#\/schema\/person\/496d8ad2d1d3f8036101dca7ee39e585","name":"Redacci\u00f3n QP","image":{"@type":"ImageObject","inLanguage":"es","@id":"https:\/\/secure.gravatar.com\/avatar\/c7164ed6fdec453195284ad24a5ae5b6e1eed2b848477fa2a4787ba9adf39a41?s=96&d=mm&r=g","url":"https:\/\/secure.gravatar.com\/avatar\/c7164ed6fdec453195284ad24a5ae5b6e1eed2b848477fa2a4787ba9adf39a41?s=96&d=mm&r=g","contentUrl":"https:\/\/secure.gravatar.com\/avatar\/c7164ed6fdec453195284ad24a5ae5b6e1eed2b848477fa2a4787ba9adf39a41?s=96&d=mm&r=g","caption":"Redacci\u00f3n QP"},"url":"https:\/\/quehacerpolitico.mx\/?author=2"}]}},"featured_image_urls":{"full":["https:\/\/quehacerpolitico.mx\/wp-content\/uploads\/2020\/12\/E58ADBED-49A9-44C7-908F-1EF60502D129.jpeg",480,360,false],"thumbnail":["https:\/\/quehacerpolitico.mx\/wp-content\/uploads\/2020\/12\/E58ADBED-49A9-44C7-908F-1EF60502D129-150x150.jpeg",150,150,true],"medium":["https:\/\/quehacerpolitico.mx\/wp-content\/uploads\/2020\/12\/E58ADBED-49A9-44C7-908F-1EF60502D129-300x225.jpeg",300,225,true],"medium_large":["https:\/\/quehacerpolitico.mx\/wp-content\/uploads\/2020\/12\/E58ADBED-49A9-44C7-908F-1EF60502D129.jpeg",480,360,false],"large":["https:\/\/quehacerpolitico.mx\/wp-content\/uploads\/2020\/12\/E58ADBED-49A9-44C7-908F-1EF60502D129.jpeg",480,360,false],"1536x1536":["https:\/\/quehacerpolitico.mx\/wp-content\/uploads\/2020\/12\/E58ADBED-49A9-44C7-908F-1EF60502D129.jpeg",480,360,false],"2048x2048":["https:\/\/quehacerpolitico.mx\/wp-content\/uploads\/2020\/12\/E58ADBED-49A9-44C7-908F-1EF60502D129.jpeg",480,360,false],"covernews-featured":["https:\/\/quehacerpolitico.mx\/wp-content\/uploads\/2020\/12\/E58ADBED-49A9-44C7-908F-1EF60502D129.jpeg",480,360,false],"covernews-medium":["https:\/\/quehacerpolitico.mx\/wp-content\/uploads\/2020\/12\/E58ADBED-49A9-44C7-908F-1EF60502D129.jpeg",453,340,false]},"author_info":{"display_name":"Redacci\u00f3n QP","author_link":"https:\/\/quehacerpolitico.mx\/?author=2"},"category_info":"<a href=\"https:\/\/quehacerpolitico.mx\/?cat=2\" rel=\"category\">Noticias<\/a>","tag_info":"Noticias","comment_count":"0","_links":{"self":[{"href":"https:\/\/quehacerpolitico.mx\/index.php?rest_route=\/wp\/v2\/posts\/70817","targetHints":{"allow":["GET"]}}],"collection":[{"href":"https:\/\/quehacerpolitico.mx\/index.php?rest_route=\/wp\/v2\/posts"}],"about":[{"href":"https:\/\/quehacerpolitico.mx\/index.php?rest_route=\/wp\/v2\/types\/post"}],"author":[{"embeddable":true,"href":"https:\/\/quehacerpolitico.mx\/index.php?rest_route=\/wp\/v2\/users\/2"}],"replies":[{"embeddable":true,"href":"https:\/\/quehacerpolitico.mx\/index.php?rest_route=%2Fwp%2Fv2%2Fcomments&post=70817"}],"version-history":[{"count":0,"href":"https:\/\/quehacerpolitico.mx\/index.php?rest_route=\/wp\/v2\/posts\/70817\/revisions"}],"wp:featuredmedia":[{"embeddable":true,"href":"https:\/\/quehacerpolitico.mx\/index.php?rest_route=\/wp\/v2\/media\/70818"}],"wp:attachment":[{"href":"https:\/\/quehacerpolitico.mx\/index.php?rest_route=%2Fwp%2Fv2%2Fmedia&parent=70817"}],"wp:term":[{"taxonomy":"category","embeddable":true,"href":"https:\/\/quehacerpolitico.mx\/index.php?rest_route=%2Fwp%2Fv2%2Fcategories&post=70817"},{"taxonomy":"post_tag","embeddable":true,"href":"https:\/\/quehacerpolitico.mx\/index.php?rest_route=%2Fwp%2Fv2%2Ftags&post=70817"}],"curies":[{"name":"wp","href":"https:\/\/api.w.org\/{rel}","templated":true}]}}