{"id":70814,"date":"2020-12-28T02:19:46","date_gmt":"2020-12-28T02:19:46","guid":{"rendered":"https:\/\/quehacerpolitico.mx\/?p=70814"},"modified":"2020-12-28T02:19:46","modified_gmt":"2020-12-28T02:19:46","slug":"morena-firma-alianza-electoral-con-agrupacion-politica-nacional","status":"publish","type":"post","link":"https:\/\/quehacerpolitico.mx\/?p=70814","title":{"rendered":"Morena firma alianza electoral con Agrupaci\u00f3n Pol\u00edtica Nacional"},"content":{"rendered":"<h1 class=\"news-title\">Morena firma alianza electoral con Agrupaci\u00f3n Pol\u00edtica Nacional<br \/>\nPor Redacci\u00f3n QP<\/h1>\n<div class=\"news-subtitle\">\n<p>Los partidos participar\u00e1n juntos en elecciones en m\u00e1s de 20 entidades<\/p>\n<\/div>\n<div class=\"social-share-box normal\">\n<p><strong>Morena firm\u00f3 un convenio de participaci\u00f3n electoral <\/strong>en m\u00e1s de 20 entidades federativas, con la <strong>Agrupaci\u00f3n Pol\u00edtica Nacional (APN), Unidos por un mejor pa\u00eds<\/strong>, con miras a las elecciones del 2021.<\/p>\n<p>La firma fue encabezada por el dirigente nacional de Morena, Mario Delgado, y Sergio Osorio Romero, quien encabeza la agrupaci\u00f3n.<\/p>\n<p>En un comunicado, Morena difundi\u00f3 que durante la firma, Delgado se\u00f1al\u00f3 que se tom\u00f3 la decisi\u00f3n de trabajar de manera conjunta dadas las<strong>coincidencias que tienen ambos proyectos pol\u00edticos<\/strong>; por ejemplo, la de lograr la unidad de las izquierdas para terminar por completo con la corrupci\u00f3n que a\u00fan acecha a los mexicanos, adem\u00e1s de consolidar el proyecto de la Cuarta Transformaci\u00f3n.<\/p>\n<p>&#8220;Estamos frente a uno de los procesos electorales m\u00e1s importantes, por ello, en Morena estamos trabajando para lograr la transformaci\u00f3n de la vida p\u00fablica del pa\u00eds, poniendo al pueblo como prioridad y eje central de todas nuestras acciones y decisiones. Con el firme objetivo de erradicar la corrupci\u00f3n y alcanzar la justicia, la igualdad y el bienestar de toda la poblaci\u00f3n&#8221;, dijo.<\/p>\n<p>Mientras que Sergio Osorio Romero indic\u00f3 que la firma de este acuerdo consolida a &#8220;Unidos por un mejor pa\u00eds&#8221; como una agrupaci\u00f3n con vocaci\u00f3n social, ya que lo m\u00e1s importante es avanzar en la construcci\u00f3n duradera de una mayor\u00eda social y legislativa, que logre la transformaci\u00f3n del pa\u00eds desde abajo, desde los calles, las comunidades, los municipios y los estados.<\/p>\n<p>&#8220;Debemos lograr que el Gobierno de Andres Manuel L\u00f3pez Obrador mantenga la mayor\u00eda en la C\u00e1mara de Diputados, ya que ello permitir\u00e1 que las pol\u00edticas sociales y econ\u00f3micas tengan el apoyo suficiente para tratar de revertir el modelo neoliberal que ha permanecido durante m\u00e1s de 30 a\u00f1os en el pa\u00eds&#8221;, declar\u00f3.<\/p>\n<p>Resalt\u00f3 tener el capital pol\u00edtico necesario para contribuir a formar una mayor\u00eda legislativa que contin\u00fae trabajando, sobre todo, por la reivindicaci\u00f3n de la poblaci\u00f3n m\u00e1s pobre, los pueblos originarios, la lucha de las mujeres y por aquellos sectores vulnerables que fueron invisibles durante otros gobiernos.<\/p>\n<p>Con informaci\u00f3n de SUN<\/p>\n<\/div>\n","protected":false},"excerpt":{"rendered":"<p>Morena firma alianza electoral con Agrupaci\u00f3n Pol\u00edtica Nacional Por Redacci\u00f3n QP Los partidos participar\u00e1n juntos&#8230;<\/p>\n","protected":false},"author":2,"featured_media":70815,"comment_status":"open","ping_status":"open","sticky":false,"template":"","format":"standard","meta":{"_monsterinsights_skip_tracking":false,"_monsterinsights_sitenote_active":false,"_monsterinsights_sitenote_note":"","_monsterinsights_sitenote_category":0,"footnotes":""},"categories":[2],"tags":[],"class_list":["post-70814","post","type-post","status-publish","format-standard","has-post-thumbnail","hentry","category-noticias"],"yoast_head":"<!-- This site is optimized with the Yoast SEO plugin v27.3 - https:\/\/yoast.com\/product\/yoast-seo-wordpress\/ -->\n<title>Morena firma alianza electoral con Agrupaci\u00f3n Pol\u00edtica Nacional -<\/title>\n<meta name=\"robots\" content=\"index, follow, max-snippet:-1, max-image-preview:large, max-video-preview:-1\" \/>\n<link rel=\"canonical\" href=\"https:\/\/quehacerpolitico.mx\/?p=70814\" \/>\n<meta property=\"og:locale\" content=\"es_MX\" \/>\n<meta property=\"og:type\" content=\"article\" \/>\n<meta property=\"og:title\" content=\"Morena firma alianza electoral con Agrupaci\u00f3n Pol\u00edtica Nacional -\" \/>\n<meta property=\"og:description\" content=\"Morena firma alianza electoral con Agrupaci\u00f3n Pol\u00edtica Nacional Por Redacci\u00f3n QP Los partidos participar\u00e1n juntos...\" \/>\n<meta property=\"og:url\" content=\"https:\/\/quehacerpolitico.mx\/?p=70814\" \/>\n<meta property=\"article:published_time\" content=\"2020-12-28T02:19:46+00:00\" \/>\n<meta property=\"og:image\" content=\"https:\/\/quehacerpolitico.mx\/wp-content\/uploads\/2020\/12\/4B8A2411-4E5D-4BC2-848A-F701B5C655E7.jpeg\" \/>\n\t<meta property=\"og:image:width\" content=\"951\" \/>\n\t<meta property=\"og:image:height\" content=\"854\" \/>\n\t<meta property=\"og:image:type\" content=\"image\/jpeg\" \/>\n<meta name=\"author\" content=\"Redacci\u00f3n QP\" \/>\n<meta name=\"twitter:card\" content=\"summary_large_image\" \/>\n<meta name=\"twitter:label1\" content=\"Escrito por\" \/>\n\t<meta name=\"twitter:data1\" content=\"Redacci\u00f3n QP\" \/>\n\t<meta name=\"twitter:label2\" content=\"Tiempo de lectura\" \/>\n\t<meta name=\"twitter:data2\" content=\"2 minutos\" \/>\n<script type=\"application\/ld+json\" class=\"yoast-schema-graph\">{\"@context\":\"https:\\\/\\\/schema.org\",\"@graph\":[{\"@type\":\"Article\",\"@id\":\"https:\\\/\\\/quehacerpolitico.mx\\\/?p=70814#article\",\"isPartOf\":{\"@id\":\"https:\\\/\\\/quehacerpolitico.mx\\\/?p=70814\"},\"author\":{\"name\":\"Redacci\u00f3n QP\",\"@id\":\"https:\\\/\\\/quehacerpolitico.mx\\\/#\\\/schema\\\/person\\\/496d8ad2d1d3f8036101dca7ee39e585\"},\"headline\":\"Morena firma alianza electoral con Agrupaci\u00f3n Pol\u00edtica Nacional\",\"datePublished\":\"2020-12-28T02:19:46+00:00\",\"mainEntityOfPage\":{\"@id\":\"https:\\\/\\\/quehacerpolitico.mx\\\/?p=70814\"},\"wordCount\":408,\"commentCount\":0,\"image\":{\"@id\":\"https:\\\/\\\/quehacerpolitico.mx\\\/?p=70814#primaryimage\"},\"thumbnailUrl\":\"https:\\\/\\\/quehacerpolitico.mx\\\/wp-content\\\/uploads\\\/2020\\\/12\\\/4B8A2411-4E5D-4BC2-848A-F701B5C655E7.jpeg\",\"articleSection\":[\"Noticias\"],\"inLanguage\":\"es\",\"potentialAction\":[{\"@type\":\"CommentAction\",\"name\":\"Comment\",\"target\":[\"https:\\\/\\\/quehacerpolitico.mx\\\/?p=70814#respond\"]}]},{\"@type\":\"WebPage\",\"@id\":\"https:\\\/\\\/quehacerpolitico.mx\\\/?p=70814\",\"url\":\"https:\\\/\\\/quehacerpolitico.mx\\\/?p=70814\",\"name\":\"Morena firma alianza electoral con Agrupaci\u00f3n Pol\u00edtica Nacional -\",\"isPartOf\":{\"@id\":\"https:\\\/\\\/quehacerpolitico.mx\\\/#website\"},\"primaryImageOfPage\":{\"@id\":\"https:\\\/\\\/quehacerpolitico.mx\\\/?p=70814#primaryimage\"},\"image\":{\"@id\":\"https:\\\/\\\/quehacerpolitico.mx\\\/?p=70814#primaryimage\"},\"thumbnailUrl\":\"https:\\\/\\\/quehacerpolitico.mx\\\/wp-content\\\/uploads\\\/2020\\\/12\\\/4B8A2411-4E5D-4BC2-848A-F701B5C655E7.jpeg\",\"datePublished\":\"2020-12-28T02:19:46+00:00\",\"author\":{\"@id\":\"https:\\\/\\\/quehacerpolitico.mx\\\/#\\\/schema\\\/person\\\/496d8ad2d1d3f8036101dca7ee39e585\"},\"breadcrumb\":{\"@id\":\"https:\\\/\\\/quehacerpolitico.mx\\\/?p=70814#breadcrumb\"},\"inLanguage\":\"es\",\"potentialAction\":[{\"@type\":\"ReadAction\",\"target\":[\"https:\\\/\\\/quehacerpolitico.mx\\\/?p=70814\"]}]},{\"@type\":\"ImageObject\",\"inLanguage\":\"es\",\"@id\":\"https:\\\/\\\/quehacerpolitico.mx\\\/?p=70814#primaryimage\",\"url\":\"https:\\\/\\\/quehacerpolitico.mx\\\/wp-content\\\/uploads\\\/2020\\\/12\\\/4B8A2411-4E5D-4BC2-848A-F701B5C655E7.jpeg\",\"contentUrl\":\"https:\\\/\\\/quehacerpolitico.mx\\\/wp-content\\\/uploads\\\/2020\\\/12\\\/4B8A2411-4E5D-4BC2-848A-F701B5C655E7.jpeg\",\"width\":951,\"height\":854},{\"@type\":\"BreadcrumbList\",\"@id\":\"https:\\\/\\\/quehacerpolitico.mx\\\/?p=70814#breadcrumb\",\"itemListElement\":[{\"@type\":\"ListItem\",\"position\":1,\"name\":\"Inicio\",\"item\":\"https:\\\/\\\/quehacerpolitico.mx\\\/\"},{\"@type\":\"ListItem\",\"position\":2,\"name\":\"Morena firma alianza electoral con Agrupaci\u00f3n Pol\u00edtica Nacional\"}]},{\"@type\":\"WebSite\",\"@id\":\"https:\\\/\\\/quehacerpolitico.mx\\\/#website\",\"url\":\"https:\\\/\\\/quehacerpolitico.mx\\\/\",\"name\":\"\",\"description\":\"\",\"potentialAction\":[{\"@type\":\"SearchAction\",\"target\":{\"@type\":\"EntryPoint\",\"urlTemplate\":\"https:\\\/\\\/quehacerpolitico.mx\\\/?s={search_term_string}\"},\"query-input\":{\"@type\":\"PropertyValueSpecification\",\"valueRequired\":true,\"valueName\":\"search_term_string\"}}],\"inLanguage\":\"es\"},{\"@type\":\"Person\",\"@id\":\"https:\\\/\\\/quehacerpolitico.mx\\\/#\\\/schema\\\/person\\\/496d8ad2d1d3f8036101dca7ee39e585\",\"name\":\"Redacci\u00f3n QP\",\"image\":{\"@type\":\"ImageObject\",\"inLanguage\":\"es\",\"@id\":\"https:\\\/\\\/secure.gravatar.com\\\/avatar\\\/c7164ed6fdec453195284ad24a5ae5b6e1eed2b848477fa2a4787ba9adf39a41?s=96&d=mm&r=g\",\"url\":\"https:\\\/\\\/secure.gravatar.com\\\/avatar\\\/c7164ed6fdec453195284ad24a5ae5b6e1eed2b848477fa2a4787ba9adf39a41?s=96&d=mm&r=g\",\"contentUrl\":\"https:\\\/\\\/secure.gravatar.com\\\/avatar\\\/c7164ed6fdec453195284ad24a5ae5b6e1eed2b848477fa2a4787ba9adf39a41?s=96&d=mm&r=g\",\"caption\":\"Redacci\u00f3n QP\"},\"url\":\"https:\\\/\\\/quehacerpolitico.mx\\\/?author=2\"}]}<\/script>\n<!-- \/ Yoast SEO plugin. -->","yoast_head_json":{"title":"Morena firma alianza electoral con Agrupaci\u00f3n Pol\u00edtica Nacional -","robots":{"index":"index","follow":"follow","max-snippet":"max-snippet:-1","max-image-preview":"max-image-preview:large","max-video-preview":"max-video-preview:-1"},"canonical":"https:\/\/quehacerpolitico.mx\/?p=70814","og_locale":"es_MX","og_type":"article","og_title":"Morena firma alianza electoral con Agrupaci\u00f3n Pol\u00edtica Nacional -","og_description":"Morena firma alianza electoral con Agrupaci\u00f3n Pol\u00edtica Nacional Por Redacci\u00f3n QP Los partidos participar\u00e1n juntos...","og_url":"https:\/\/quehacerpolitico.mx\/?p=70814","article_published_time":"2020-12-28T02:19:46+00:00","og_image":[{"width":951,"height":854,"url":"https:\/\/quehacerpolitico.mx\/wp-content\/uploads\/2020\/12\/4B8A2411-4E5D-4BC2-848A-F701B5C655E7.jpeg","type":"image\/jpeg"}],"author":"Redacci\u00f3n QP","twitter_card":"summary_large_image","twitter_misc":{"Escrito por":"Redacci\u00f3n QP","Tiempo de lectura":"2 minutos"},"schema":{"@context":"https:\/\/schema.org","@graph":[{"@type":"Article","@id":"https:\/\/quehacerpolitico.mx\/?p=70814#article","isPartOf":{"@id":"https:\/\/quehacerpolitico.mx\/?p=70814"},"author":{"name":"Redacci\u00f3n QP","@id":"https:\/\/quehacerpolitico.mx\/#\/schema\/person\/496d8ad2d1d3f8036101dca7ee39e585"},"headline":"Morena firma alianza electoral con Agrupaci\u00f3n Pol\u00edtica Nacional","datePublished":"2020-12-28T02:19:46+00:00","mainEntityOfPage":{"@id":"https:\/\/quehacerpolitico.mx\/?p=70814"},"wordCount":408,"commentCount":0,"image":{"@id":"https:\/\/quehacerpolitico.mx\/?p=70814#primaryimage"},"thumbnailUrl":"https:\/\/quehacerpolitico.mx\/wp-content\/uploads\/2020\/12\/4B8A2411-4E5D-4BC2-848A-F701B5C655E7.jpeg","articleSection":["Noticias"],"inLanguage":"es","potentialAction":[{"@type":"CommentAction","name":"Comment","target":["https:\/\/quehacerpolitico.mx\/?p=70814#respond"]}]},{"@type":"WebPage","@id":"https:\/\/quehacerpolitico.mx\/?p=70814","url":"https:\/\/quehacerpolitico.mx\/?p=70814","name":"Morena firma alianza electoral con Agrupaci\u00f3n Pol\u00edtica Nacional -","isPartOf":{"@id":"https:\/\/quehacerpolitico.mx\/#website"},"primaryImageOfPage":{"@id":"https:\/\/quehacerpolitico.mx\/?p=70814#primaryimage"},"image":{"@id":"https:\/\/quehacerpolitico.mx\/?p=70814#primaryimage"},"thumbnailUrl":"https:\/\/quehacerpolitico.mx\/wp-content\/uploads\/2020\/12\/4B8A2411-4E5D-4BC2-848A-F701B5C655E7.jpeg","datePublished":"2020-12-28T02:19:46+00:00","author":{"@id":"https:\/\/quehacerpolitico.mx\/#\/schema\/person\/496d8ad2d1d3f8036101dca7ee39e585"},"breadcrumb":{"@id":"https:\/\/quehacerpolitico.mx\/?p=70814#breadcrumb"},"inLanguage":"es","potentialAction":[{"@type":"ReadAction","target":["https:\/\/quehacerpolitico.mx\/?p=70814"]}]},{"@type":"ImageObject","inLanguage":"es","@id":"https:\/\/quehacerpolitico.mx\/?p=70814#primaryimage","url":"https:\/\/quehacerpolitico.mx\/wp-content\/uploads\/2020\/12\/4B8A2411-4E5D-4BC2-848A-F701B5C655E7.jpeg","contentUrl":"https:\/\/quehacerpolitico.mx\/wp-content\/uploads\/2020\/12\/4B8A2411-4E5D-4BC2-848A-F701B5C655E7.jpeg","width":951,"height":854},{"@type":"BreadcrumbList","@id":"https:\/\/quehacerpolitico.mx\/?p=70814#breadcrumb","itemListElement":[{"@type":"ListItem","position":1,"name":"Inicio","item":"https:\/\/quehacerpolitico.mx\/"},{"@type":"ListItem","position":2,"name":"Morena firma alianza electoral con Agrupaci\u00f3n Pol\u00edtica Nacional"}]},{"@type":"WebSite","@id":"https:\/\/quehacerpolitico.mx\/#website","url":"https:\/\/quehacerpolitico.mx\/","name":"","description":"","potentialAction":[{"@type":"SearchAction","target":{"@type":"EntryPoint","urlTemplate":"https:\/\/quehacerpolitico.mx\/?s={search_term_string}"},"query-input":{"@type":"PropertyValueSpecification","valueRequired":true,"valueName":"search_term_string"}}],"inLanguage":"es"},{"@type":"Person","@id":"https:\/\/quehacerpolitico.mx\/#\/schema\/person\/496d8ad2d1d3f8036101dca7ee39e585","name":"Redacci\u00f3n QP","image":{"@type":"ImageObject","inLanguage":"es","@id":"https:\/\/secure.gravatar.com\/avatar\/c7164ed6fdec453195284ad24a5ae5b6e1eed2b848477fa2a4787ba9adf39a41?s=96&d=mm&r=g","url":"https:\/\/secure.gravatar.com\/avatar\/c7164ed6fdec453195284ad24a5ae5b6e1eed2b848477fa2a4787ba9adf39a41?s=96&d=mm&r=g","contentUrl":"https:\/\/secure.gravatar.com\/avatar\/c7164ed6fdec453195284ad24a5ae5b6e1eed2b848477fa2a4787ba9adf39a41?s=96&d=mm&r=g","caption":"Redacci\u00f3n QP"},"url":"https:\/\/quehacerpolitico.mx\/?author=2"}]}},"featured_image_urls":{"full":["https:\/\/quehacerpolitico.mx\/wp-content\/uploads\/2020\/12\/4B8A2411-4E5D-4BC2-848A-F701B5C655E7.jpeg",951,854,false],"thumbnail":["https:\/\/quehacerpolitico.mx\/wp-content\/uploads\/2020\/12\/4B8A2411-4E5D-4BC2-848A-F701B5C655E7-150x150.jpeg",150,150,true],"medium":["https:\/\/quehacerpolitico.mx\/wp-content\/uploads\/2020\/12\/4B8A2411-4E5D-4BC2-848A-F701B5C655E7-300x269.jpeg",300,269,true],"medium_large":["https:\/\/quehacerpolitico.mx\/wp-content\/uploads\/2020\/12\/4B8A2411-4E5D-4BC2-848A-F701B5C655E7-768x690.jpeg",640,575,true],"large":["https:\/\/quehacerpolitico.mx\/wp-content\/uploads\/2020\/12\/4B8A2411-4E5D-4BC2-848A-F701B5C655E7.jpeg",640,575,false],"1536x1536":["https:\/\/quehacerpolitico.mx\/wp-content\/uploads\/2020\/12\/4B8A2411-4E5D-4BC2-848A-F701B5C655E7.jpeg",951,854,false],"2048x2048":["https:\/\/quehacerpolitico.mx\/wp-content\/uploads\/2020\/12\/4B8A2411-4E5D-4BC2-848A-F701B5C655E7.jpeg",951,854,false],"covernews-featured":["https:\/\/quehacerpolitico.mx\/wp-content\/uploads\/2020\/12\/4B8A2411-4E5D-4BC2-848A-F701B5C655E7.jpeg",951,854,false],"covernews-medium":["https:\/\/quehacerpolitico.mx\/wp-content\/uploads\/2020\/12\/4B8A2411-4E5D-4BC2-848A-F701B5C655E7.jpeg",379,340,false]},"author_info":{"display_name":"Redacci\u00f3n QP","author_link":"https:\/\/quehacerpolitico.mx\/?author=2"},"category_info":"<a href=\"https:\/\/quehacerpolitico.mx\/?cat=2\" rel=\"category\">Noticias<\/a>","tag_info":"Noticias","comment_count":"0","_links":{"self":[{"href":"https:\/\/quehacerpolitico.mx\/index.php?rest_route=\/wp\/v2\/posts\/70814","targetHints":{"allow":["GET"]}}],"collection":[{"href":"https:\/\/quehacerpolitico.mx\/index.php?rest_route=\/wp\/v2\/posts"}],"about":[{"href":"https:\/\/quehacerpolitico.mx\/index.php?rest_route=\/wp\/v2\/types\/post"}],"author":[{"embeddable":true,"href":"https:\/\/quehacerpolitico.mx\/index.php?rest_route=\/wp\/v2\/users\/2"}],"replies":[{"embeddable":true,"href":"https:\/\/quehacerpolitico.mx\/index.php?rest_route=%2Fwp%2Fv2%2Fcomments&post=70814"}],"version-history":[{"count":0,"href":"https:\/\/quehacerpolitico.mx\/index.php?rest_route=\/wp\/v2\/posts\/70814\/revisions"}],"wp:featuredmedia":[{"embeddable":true,"href":"https:\/\/quehacerpolitico.mx\/index.php?rest_route=\/wp\/v2\/media\/70815"}],"wp:attachment":[{"href":"https:\/\/quehacerpolitico.mx\/index.php?rest_route=%2Fwp%2Fv2%2Fmedia&parent=70814"}],"wp:term":[{"taxonomy":"category","embeddable":true,"href":"https:\/\/quehacerpolitico.mx\/index.php?rest_route=%2Fwp%2Fv2%2Fcategories&post=70814"},{"taxonomy":"post_tag","embeddable":true,"href":"https:\/\/quehacerpolitico.mx\/index.php?rest_route=%2Fwp%2Fv2%2Ftags&post=70814"}],"curies":[{"name":"wp","href":"https:\/\/api.w.org\/{rel}","templated":true}]}}